{"id":2026521,"date":"2026-07-03T16:16:24","date_gmt":"2026-07-03T13:16:24","guid":{"rendered":"https:\/\/analyse.optim.biz\/?p=2026521"},"modified":"2026-07-03T16:16:24","modified_gmt":"2026-07-03T13:16:24","slug":"atentatul-din-monaco-la-ordinul-sbu-principalul-suspect-este-o-femeie-ucraineana-cu-resedinta-in-germania","status":"publish","type":"post","link":"https:\/\/analyse.optim.biz\/?p=2026521","title":{"rendered":"Atentatul din Monaco la ordinul SBU: Principalul suspect este o femeie ucrainean\u0103 cu re\u0219edin\u021ba \u00een Germania"},"content":{"rendered":"<p>[analyse_image type=&#8221;featured&#8221; src=&#8221;https:\/\/ortodoxinfo.ro\/wp-content\/uploads\/2026\/07\/atentatul-din-monaco-la-ordinul-sbu-principalul-suspect-este-o-femeie-ucraineana-cu-resedinta-in-ger.jpeghttps:\/\/ortodoxinfo.ro\/wp-content\/uploads\/2026\/07\/atentatul-din-monaco-la-ordinul-sbu-principalul-suspect-este-o-femeie-ucraineana-cu-resedinta-in-ger.jpeg&#8221;]<\/p>\n<article id=\"post-245159\" class=\"post-245159 post type-post status-publish format-standard has-post-thumbnail category-ucraina\">\n<header class=\"single-header\">\n<aside class=\"breadcrumb-wrap breadcrumb-yoast s-breadcrumb\">\n<div class=\"breadcrumb-inner\"><span><span><a href=\"https:\/\/ortodoxinfo.ro\/\">Prima pagin\u0103<\/a><\/span> \u00bb <span><a href=\"https:\/\/ortodoxinfo.ro\/blog\/\">Blog<\/a><\/span> \u00bb <span class=\"breadcrumb_last\" aria-current=\"page\">Atentatul din Monaco la ordinul SBU: Principalul suspect este o femeie ucrainean\u0103 cu re\u0219edin\u021ba \u00een Germania<\/span><\/span><\/div>\n<\/aside>\n<h1 class=\"s-title fw-headline\">Atentatul din Monaco la ordinul SBU: Principalul suspect este o femeie ucrainean\u0103 cu re\u0219edin\u021ba \u00een Germania<\/h1>\n<div class=\"single-meta meta-s-default yes-0\">\n<div class=\"smeta-in\"><a class=\"meta-el meta-avatar\" href=\"https:\/\/ortodoxinfo.ro\/author\/redactor\/\"><img loading=\"lazy\" decoding=\"async\" alt=\"OrtodoxINFO\" src=\"https:\/\/secure.gravatar.com\/avatar\/21010332354a182ce4de6016685c5586f21c51866d0ec5bc8ef383240b3c3e02?s=120&amp;r=g\" class=\"avatar avatar-120 photo\" height=\"120\" width=\"120\"><\/a><\/p>\n<div class=\"smeta-sec\">\n<div class=\"p-meta\">\n<div class=\"meta-inner is-meta\"><span class=\"meta-el meta-date\"><time datetime=\"2026-07-03T18:52:27+03:00\">3 iulie 2026<\/time><\/span><span class=\"meta-el meta-category meta-bold\"><a class=\"meta-separate category-15871\" href=\"https:\/\/ortodoxinfo.ro\/category\/anti-sistem\/al-iii-lea-razboi-mondial\/ucraina\/\">Ucraina<\/a><\/span><span class=\"meta-el meta-view\">7.3k vizualiz\u0103ri\t\t<\/span><span class=\"meta-el meta-comment mobile-last-meta tablet-last-meta\"><a href=\"https:\/\/ortodoxinfo.ro\/2026\/07\/03\/atentatul-din-monaco-la-ordinul-sbu-principalul-suspect-este-o-femeie-ucraineana-cu-resedinta-in-germania\/#respond\">Comentarii<\/a><\/span><\/div>\n<\/div>\n<\/div>\n<\/div>\n<div class=\"smeta-extra\">\n<div class=\"t-shared-sec tooltips-n has-read-meta is-color\">\n<div class=\"t-shared-header is-meta\"><span class=\"share-label\">Share<\/span><\/div>\n<\/div>\n<div class=\"single-right-meta single-time-read is-meta\"><span class=\"meta-el meta-read\">5 Min Read<\/span><\/div>\n<\/div>\n<\/div>\n<\/header>\n<div class=\"grid-container\">\n<div class=\"s-ct\">\n<div class=\"s-feat-outer\">\n<div class=\"s-feat\">\n<div class=\"featured-lightbox-trigger\" data-source=\"https:\/\/ortodoxinfo.ro\/wp-content\/uploads\/2026\/07\/atentatul-din-monaco-la-ordinul-sbu-principalul-suspect-este-o-femeie-ucraineana-cu-resedinta-in-ger.jpeg\" data-caption data-attribution><img fetchpriority=\"high\" decoding=\"async\" width=\"860\" height=\"452\" src=\"https:\/\/ortodoxinfo.ro\/wp-content\/uploads\/2026\/07\/atentatul-din-monaco-la-ordinul-sbu-principalul-suspect-este-o-femeie-ucraineana-cu-resedinta-in-ger-860x452.jpeg\" class=\"attachment-foxiz_crop_o1 size-foxiz_crop_o1 wp-post-image\" alt loading=\"eager\"><\/div>\n<\/div>\n<\/div>\n<div class=\"s-ct-wrap has-lsl\">\n<div class=\"s-ct-inner\">\n<div class=\"l-shared-sec-outer show-mobile\">\n<div class=\"l-shared-sec\">\n<div class=\"l-shared-header meta-text\"><span class=\"share-label\">SHARE<\/span><\/div>\n<\/div>\n<\/div>\n<div class=\"e-ct-outer\">\n<div class=\"entry-top\">\n<div id=\"custom_html-3\" class=\"widget_text widget entry-widget clearfix widget_custom_html\">\n<div class=\"textwidget custom-html-widget\">\n<div><small><br \/>\n    OrtodoxINFO este supus unui sabotaj sistematic din partea reprezentan\u021bilor Google Rom\u00e2nia, at\u00e2t la afi\u0219\u0103ri c\u00e2t \u0219i \u00een rezultatele de c\u0103utare.<br \/>\n        Astfel c\u0103 veniturile din publicitate au sc\u0103zut de p\u00e2n\u0103 la <strong>10 ori<\/strong>. Situa\u021bia este similar\u0103 \u0219i pe Facebook.<\/p>\n<p>        V\u0103 invit\u0103m s\u0103 accesa\u021bi direct site-ul \u0219i s\u0103 v\u0103 abona\u021bi la notific\u0103ri.<\/p>\n<p>    Dac\u0103 dori\u021bi s\u0103 ne sus\u021bine\u021bi \u00een aceast\u0103 perioad\u0103 dificil\u0103, orice <a href=\"https:\/\/ortodoxinfo.ro\/donatii\/\">dona\u021bie<\/a> este binevenit\u0103.<br \/>\n    Dumnezeu s\u0103 v\u0103 r\u0103spl\u0103teasc\u0103!<br \/>\n<\/small><\/div>\n<\/div>\n<\/div>\n<\/div>\n<div class=\"entry-content rbct clearfix is-highlight-shares\">\n<p data-path-to-node=\"0\"><strong>Anchetatorii din Monaco au identificat principalul suspect \u00een cazul exploziei care a vizat locuin\u021ba oligarhului Vadim Ermolaev: este vorba despre o femeie de aproximativ treizeci de ani, de na\u021bionalitate ucrainean\u0103, care are re\u0219edin\u021ba \u00een Germania. Potrivit informa\u021biilor publicate de <a href=\"https:\/\/www.lefigaro.fr\/nice\/attentat-de-monaco-le-principal-suspect-serait-en-realite-une-femme-ont-decouvert-les-enqueteurs-20260702\" target=\"_blank\" rel=\"noopener\"><i data-index-in-node=\"284\" data-path-to-node=\"2\">Le Figaro<\/i><\/a>, aceasta ar fi amplasat un colet-capcan\u0103 de dimensiuni mici cu scopul de a transmite un mesaj de avertisment. Atacul, suspectat a fi pilotat de serviciile de securitate ucrainene (SBU), s-a soldat cu r\u0103nirea grav\u0103 a trei membri ai familiei oligarhului, so\u021bia acestuia suferind o amputa\u021bie de picioare. Pe numele suspectei, care a fugit ini\u021bial spre Fran\u021ba, a fost emis un mandat de arestare \u0219i o notificare ro\u0219ie Interpol.<\/strong><\/p>\n<p data-path-to-node=\"3\">Au trecut aproape patru zile de la explozia produs\u0103 \u00een Principatul Monaco, ce l-a vizat, cel mai probabil, pe oligarhul ucrainean Vadim Ermolaev. \u00cen timp ce so\u021bia acestuia\u00a0se afl\u0103 \u00eenc\u0103 \u00eentre via\u021b\u0103 \u0219i moarte, anchetatorii \u00eencearc\u0103 s\u0103 refac\u0103 firul atacului. Pe imaginile surprinse de camerele de supraveghere video din Principat se profileaz\u0103 un suspect purt\u00e2nd o p\u0103l\u0103rie neagr\u0103 groas\u0103, o vest\u0103 tot neagr\u0103 peste pantaloni albi \u0219i adida\u0219i de aceea\u0219i culoare.<\/p>\n<p data-path-to-node=\"4\">Potrivit mai multor surse concordante, ar fi vorba despre o femeie de aproximativ treizeci de ani, posibil ucrainean\u0103 \u0219i cu re\u0219edin\u021ba \u00een Germania. Un martor care a avut o interac\u021biune cu ea i-a pus pe anchetatori pe pist\u0103. La r\u00e2ndul s\u0103u, Parchetul General din Principat indic\u0103 faptul c\u0103 a fost identificat un suspect, \u201ecare va face obiectul unei notific\u0103ri ro\u0219ii Interpol chiar din aceast\u0103 sear\u0103\u201d. De asemenea, a fost emis un mandat de arestare.<\/p>\n<p data-path-to-node=\"5\">Procurorul general din Monaco, St\u00e9phane Thibault, va sus\u021bine o conferin\u021b\u0103 de pres\u0103 vineri, la ora 11:30. El a salutat \u201ecalitatea muncii\u201d for\u021belor de poli\u021bie din Monaco \u0219i \u201eo cooperare penal\u0103 interna\u021bional\u0103 eficient\u0103, at\u00e2t poli\u021bieneasc\u0103, c\u00e2t \u0219i judiciar\u0103\u201d, care au permis \u201eidentificarea \u00eentr-un timp deosebit de scurt a persoanei suspectate de a fi autorul faptelor\u201d. A fost deschis\u0103 o anchet\u0103 judiciar\u0103 pentru tentativ\u0103 de asasinat \u0219i alte c\u00e2teva capete de acuzare, cazul fiind \u00eencredin\u021bat unui num\u0103r de trei judec\u0103tori de instruc\u021bie.<\/p>\n<p data-path-to-node=\"6\">C\u0103utat\u0103 activ \u0219i identificat\u0103, suspecta s-a \u00eendreptat ini\u021bial c\u0103tre comuna \u00eenvecinat\u0103 francez\u0103 Beausoleil (Alpes-Maritimes), dar este posibil s\u0103 fi fugit c\u0103tre o \u021bar\u0103 de frontier\u0103. Mai multe surse concordante afirm\u0103 c\u0103 suspecta ar fi efectuat mai multe recunoa\u0219teri \u00een zilele sau chiar orele premerg\u0103toare exploziei. Persoana ar fi fost v\u0103zut\u0103 d\u00e2nd t\u00e2rcoale \u00een apropierea cl\u0103dirii cu c\u00e2teva ore \u00eenainte de fapte.<\/p>\n<p data-path-to-node=\"8\">Luni sear\u0103, \u00een jurul orei 21:00, aceasta s-ar fi apropiat \u00een ultimul moment de oligarh, dup\u0103 ce a a\u0219teptat mult timp pe o banc\u0103 aflat\u0103 \u00een fa\u021ba locuin\u021bei bogatului ucrainean, \u00een cl\u0103direa reziden\u021bial\u0103 de pe strada R\u00e9v\u00e9rend-P\u00e8re-Louis-Frolla. \u00cen acel moment, coletul-capcan\u0103 a explodat, r\u0103nind grav cei trei membri ai aceleia\u0219i familii. Potrivit aceleia\u0219i surse, minorul ar fi \u201eun miracolat\u201d; mama familiei, a c\u0103rei via\u021b\u0103 este \u00een continuare \u00een pericol \u00een aceast\u0103 zi de joi, a fost operat\u0103 ast\u0103zi, suferind o amputare a ambelor picioare.<\/p>\n<p data-path-to-node=\"9\"><b data-index-in-node=\"0\" data-path-to-node=\"9\">\u201eScopul nu era s\u0103-l ucid\u0103\u201d<\/b><\/p>\n<p data-path-to-node=\"10\">Potrivit informa\u021biilor, bomba ar fi fost \u201ede dimensiuni mici\u201d. Deoarece inten\u021bia din spatele acestui act nu ar fi fost eliminarea lui Vadim Ermolaev, ci mai degrab\u0103 s\u0103-l \u201eavertizeze\u201d, s\u0103-i \u201etransmit\u0103 un mesaj\u201d: \u201ete putem ajunge chiar \u0219i \u00een Monaco\u201d, indic\u0103 o surs\u0103.<\/p>\n<p data-path-to-node=\"11\">Explozia s-ar fi declan\u0219at la c\u00e2\u021biva centimetri de familie. Conform informa\u021biilor presei, femeia, care ar fi c\u0103lcat chiar l\u00e2ng\u0103 colet, \u0219i-ar fi pierdut un picior \u0219i ambele labe ale picioarelor. Fiul \u00een v\u00e2rst\u0103 de 13 ani, cu arsuri pe \u00eentregul corp, ar fi fost proiectat la aproximativ dou\u0103zeci de metri distan\u021b\u0103.<\/p>\n<div class=\"inline-single-ad ad_single_3_index alignfull\">\n<div class=\"ad-wrap ad-script-wrap\">\n<div class=\"ad-script non-adsense edge-padding\">\n<div>\n\u203c\ufe0f\u203c\ufe0f NU recunoa\u0219tem ca pre\u0219edinte al Rom\u00e2niei pe marioneta retard\u0103 Nicu\u0219or Dan! Rom\u00e2ni, boicota\u021bi aceast\u0103 f\u0103c\u0103tur\u0103, care ne face \u021bara de r\u00e2s! NU rom\u00e2nii l-au votat pe Nicusoro\u0219 &#8211; cu unele excep\u021bii de persoane infantile, manipulabile \u0219i chiar idioate &#8211; ci l-au ajutat Maia Soro\u0219, Emanuel Macrou \u0219i tr\u0103d\u0103torii de la B.E.C. \u0219i CCR!<br \/>\n La \u00eenchisoare cu cei care au fraudat alegerile!\n<\/div>\n<\/div>\n<\/div>\n<\/div>\n<p data-path-to-node=\"12\">\u00cen ceea ce prive\u0219te coordonarea acestei ac\u021biuni, mai multe surse concordante asigur\u0103 Le Figaro c\u0103 pista ucrainean\u0103 este \u00een continuare favorizat\u0103, \u00een special cea a unui act orchestrat de SBU, serviciile de informa\u021bii ucrainene. Rezident \u00een Monaco din 2021, bogatul om de afaceri Vadim Ermolaev se distan\u021base de \u021bara sa natal\u0103, schimb\u00e2ndu-\u0219i na\u021bionalitatea ucrainean\u0103 cu un pa\u0219aport cipriot \u00een 2019, \u00eenainte de a fi vizat, \u00eenc\u0103 din decembrie 2023, de sanc\u021biuni personale decise de Kiev.<\/p>\n<\/div>\n<\/div>\n<\/div>\n<div class=\"e-shared-sec entry-sec\">\n<div class=\"e-shared-header h4\"><span>Distribuie<\/span><\/div>\n<div class=\"rbbsl tooltips-n effect-fadeout is-bg\"><a class=\"share-action share-trigger icon-facebook\" aria-label=\"Share on Facebook\" href=\"https:\/\/www.facebook.com\/sharer.php?u=https%3A%2F%2Fortodoxinfo.ro%2F2026%2F07%2F03%2Fatentatul-din-monaco-la-ordinul-sbu-principalul-suspect-este-o-femeie-ucraineana-cu-resedinta-in-germania%2F\" data-title=\"Facebook\" rel=\"nofollow\"><span>Facebook<\/span><\/a><a class=\"share-action share-trigger icon-twitter\" aria-label=\"Share on X\" href=\"https:\/\/twitter.com\/intent\/tweet?text=Atentatul+din+Monaco+la+ordinul+SBU%3A+Principalul+suspect+este+o+femeie+ucrainean%C4%83+cu+re%C8%99edin%C8%9Ba+%C3%AEn+Germania&amp;url=https%3A%2F%2Fortodoxinfo.ro%2F2026%2F07%2F03%2Fatentatul-din-monaco-la-ordinul-sbu-principalul-suspect-este-o-femeie-ucraineana-cu-resedinta-in-germania%2F&amp;via=ortodoxinforo\" data-title=\"X\" rel=\"nofollow\"><span>X<\/span><\/a><a class=\"share-action icon-whatsapp is-web\" aria-label=\"Share on Whatsapp\" href=\"https:\/\/web.whatsapp.com\/send?text=Atentatul+din+Monaco+la+ordinul+SBU%3A+Principalul+suspect+este+o+femeie+ucrainean%C4%83+cu+re%C8%99edin%C8%9Ba+%C3%AEn+Germania%20%E2%98%9E%20https%3A%2F%2Fortodoxinfo.ro%2F2026%2F07%2F03%2Fatentatul-din-monaco-la-ordinul-sbu-principalul-suspect-este-o-femeie-ucraineana-cu-resedinta-in-germania%2F\" target=\"_blank\" data-title=\"WhatsApp\" rel=\"nofollow\"><span>Whatsapp<\/span><\/a><a class=\"share-action icon-whatsapp is-mobile\" aria-label=\"Share on Whatsapp\" href=\"\/\/send?text=Atentatul+din+Monaco+la+ordinul+SBU%3A+Principalul+suspect+este+o+femeie+ucrainean%C4%83+cu+re%C8%99edin%C8%9Ba+%C3%AEn+Germania%20%E2%98%9E%20https%3A%2F%2Fortodoxinfo.ro%2F2026%2F07%2F03%2Fatentatul-din-monaco-la-ordinul-sbu-principalul-suspect-este-o-femeie-ucraineana-cu-resedinta-in-germania%2F\" target=\"_blank\" data-title=\"WhatsApp\" rel=\"nofollow\"><span>Whatsapp<\/span><\/a><a class=\"share-action share-trigger icon-telegram\" aria-label=\"Share on Telegram\" href=\"https:\/\/t.me\/share\/?url=https%3A%2F%2Fortodoxinfo.ro%2F2026%2F07%2F03%2Fatentatul-din-monaco-la-ordinul-sbu-principalul-suspect-este-o-femeie-ucraineana-cu-resedinta-in-germania%2F&amp;text=Atentatul+din+Monaco+la+ordinul+SBU%3A+Principalul+suspect+este+o+femeie+ucrainean%C4%83+cu+re%C8%99edin%C8%9Ba+%C3%AEn+Germania\" data-title=\"Telegram\" rel=\"nofollow\"><span>Telegram<\/span><\/a><a class=\"share-action icon-copy copy-trigger\" aria-label=\"Copy Link\" href=\"https:\/\/ortodoxinfo.ro\/2026\/07\/03\/atentatul-din-monaco-la-ordinul-sbu-principalul-suspect-este-o-femeie-ucraineana-cu-resedinta-in-germania\/\" data-copied=\"Copied!\" data-link=\"https:\/\/ortodoxinfo.ro\/2026\/07\/03\/atentatul-din-monaco-la-ordinul-sbu-principalul-suspect-este-o-femeie-ucraineana-cu-resedinta-in-germania\/\" rel=\"nofollow\" data-copy=\"Copy Link\"><span>Copy Link<\/span><\/a><a class=\"share-action icon-print\" aria-label=\"Print\" rel=\"nofollow\" data-title=\"Print\"><span>Print<\/span><\/a><\/div>\n<\/div>\n<\/div>\n<div id=\"tabs\" class=\"dntplgn_form_wrapper\"><span><\/p>\n<h2>\u0218tirile sunt sub cenzur\u0103! Sprijini\u021bi OrtodoxINFO!<\/h2>\n<p>Guvernul nu dore\u0219te aflarea adev\u0103rului despre lovitura de stat \u0219i \u00eengenuncherea Rom\u00e2niei. \u00cencerc\u0103m s\u0103 men\u021binem viu acest site \u0219i s\u0103 v\u0103 punem la dispozi\u021bie informa\u021bii care s\u0103 fac\u0103 lumin\u0103 \u00een cea mai mare provocare pe care o tr\u0103im. Jurnalismul independent al portalului OrtodoxINFO func\u021bioneaz\u0103 strict cu ajutorul cititorilor.<br \/>\nNe pute\u021bi sprijini printr-o <b><a href=\"https:\/\/ortodoxinfo.ro\/donatii\/\">dona\u021bie bancar\u0103<\/a> sau prin PayPal, complet\u00e2nd formularul de mai jos.<\/b><\/span><\/p>\n<ul>\n<li><a href=\"https:\/\/ortodoxinfo.ro\/2026\/07\/03\/atentatul-din-monaco-la-ordinul-sbu-principalul-suspect-este-o-femeie-ucraineana-cu-resedinta-in-germania\/#tabs-1\">Dona\u021bie lunar\u0103<\/a><\/li>\n<li><a href=\"https:\/\/ortodoxinfo.ro\/2026\/07\/03\/atentatul-din-monaco-la-ordinul-sbu-principalul-suspect-este-o-femeie-ucraineana-cu-resedinta-in-germania\/#tabs-2\">Doar acum<\/a><\/li>\n<\/ul>\n<div id=\"tabs-1\"><img loading=\"lazy\" decoding=\"async\" alt border=\"0\" src=\"https:\/\/www.paypalobjects.com\/en_US\/i\/scr\/pixel.gif\" width=\"1\" height=\"1\"><\/div>\n<div id=\"tabs-2\">\n<p>\t\t     \u20ac<\/p>\n<p>\t\t    <img loading=\"lazy\" decoding=\"async\" alt border=\"0\" src=\"https:\/\/www.paypalobjects.com\/en_US\/i\/scr\/pixel.gif\" width=\"1\" height=\"1\"><\/div>\n<p>Mul\u021bumim celor care ne-au ajutat p\u00e2n\u0103 acum!\n\t<\/p><\/div>\n<div class=\"comment-box-wrap entry-sec\">\n<div class=\"comment-box-header\"><span class=\"h3\">Las\u0103 un comentariu<\/span><\/div>\n<div class=\"comment-holder no-comment\">\n<div id=\"comments\" class=\"comments-area\">\n<div id=\"respond\" class=\"comment-respond\">\n<h3 id=\"reply-title\" class=\"comment-reply-title\">Las\u0103 un r\u0103spuns <small><a rel=\"nofollow\" id=\"cancel-comment-reply-link\" href=\"https:\/\/ortodoxinfo.ro\/2026\/07\/03\/atentatul-din-monaco-la-ordinul-sbu-principalul-suspect-este-o-femeie-ucraineana-cu-resedinta-in-germania\/#respond\">Anuleaz\u0103 r\u0103spunsul<\/a><\/small><\/h3>\n<p class=\"comment-notes\"><span id=\"email-notes\">Adresa ta de email nu va fi publicat\u0103.<\/span><span class=\"required-field-message\">C\u00e2mpurile obligatorii sunt marcate cu <span class=\"required\">*<\/span><\/span><\/p>\n<\/div>\n<\/div>\n<\/div>\n<\/div>\n<\/div>\n<div class=\"sidebar-wrap single-sidebar\">\n<div class=\"sidebar-inner clearfix\">\n<div id=\"widget-post-2\" class=\"widget rb-section w-sidebar clearfix widget-post\">\n<div class=\"block-h widget-heading heading-layout-1\">\n<div class=\"heading-inner\">\n<h4 class=\"heading-title\"><span>Articole recente<\/span><\/h4>\n<\/div>\n<\/div>\n<div class=\"widget-p-listing\">\n<div class=\"p-wrap p-small p-list-small-2\" data-pid=\"245382\">\n<div class=\"feat-holder\">\n<div class=\"p-featured ratio-v1\"><a class=\"p-flink\" href=\"https:\/\/ortodoxinfo.ro\/2026\/07\/04\/ce-oltenia-in-alerta-maxima-se-desfiinteaza-mii-de-locuri-de-munca\/\" title=\"CE Oltenia \u00een alert\u0103 maxim\u0103. Se desfiin\u021beaz\u0103 mii de locuri de munc\u0103\"><img decoding=\"async\" width=\"150\" height=\"150\" src=\"https:\/\/ortodoxinfo.ro\/wp-content\/uploads\/2026\/07\/shutterstock_1614327598-scaled-150x150.jpg\" class=\"featured-img wp-post-image\" alt loading=\"lazy\"><\/a><\/div>\n<\/div>\n<div class=\"p-content\">\n<h5 class=\"entry-title\"><a class=\"p-url\" href=\"https:\/\/ortodoxinfo.ro\/2026\/07\/04\/ce-oltenia-in-alerta-maxima-se-desfiinteaza-mii-de-locuri-de-munca\/\" rel=\"bookmark\">CE Oltenia \u00een alert\u0103 maxim\u0103. Se desfiin\u021beaz\u0103 mii de locuri de munc\u0103<\/a><\/h5>\n<div class=\"p-meta\">\n<div class=\"meta-inner is-meta\"><span class=\"meta-el meta-date\"><time datetime=\"2026-07-04T10:30:00+03:00\">4 iulie 2026<\/time><\/span><span class=\"meta-el meta-category meta-bold\"><a class=\"meta-separate category-19885\" href=\"https:\/\/ortodoxinfo.ro\/category\/anti-sistem\/anti-romanism\/asasinii-tarii\/\">Asasinii \u021b\u0103rii<\/a><\/span><span class=\"meta-el meta-view\">2.4k vizualiz\u0103ri\t\t<\/span><\/div>\n<\/div>\n<\/div>\n<\/div>\n<div class=\"p-wrap p-small p-list-small-2\" data-pid=\"245283\">\n<div class=\"feat-holder\">\n<div class=\"p-featured ratio-v1\"><a class=\"p-flink\" href=\"https:\/\/ortodoxinfo.ro\/2026\/07\/04\/provocarea-lui-george-simion-pentru-mucea-dan-ti-a-sponsorizat-sacha-dragic-campania\/\" title=\"Provocarea lui George Simion pentru Mucea Dan: \u201d\u021ai-a sponsorizat Sacha Dragic campania?\u201d\"><img decoding=\"async\" width=\"150\" height=\"150\" src=\"https:\/\/ortodoxinfo.ro\/wp-content\/uploads\/2026\/07\/CasinoSupply-319669-craps-dice-chips-image-b1.webp-150x150.webp\" class=\"featured-img wp-post-image\" alt loading=\"lazy\"><\/a><\/div>\n<\/div>\n<div class=\"p-content\">\n<h5 class=\"entry-title\"><a class=\"p-url\" href=\"https:\/\/ortodoxinfo.ro\/2026\/07\/04\/provocarea-lui-george-simion-pentru-mucea-dan-ti-a-sponsorizat-sacha-dragic-campania\/\" rel=\"bookmark\">Provocarea lui George Simion pentru Mucea Dan: \u201d\u021ai-a sponsorizat Sacha Dragic campania?\u201d<\/a><\/h5>\n<div class=\"p-meta\">\n<div class=\"meta-inner is-meta\"><span class=\"meta-el meta-date\"><time datetime=\"2026-07-04T10:32:41+03:00\">4 iulie 2026<\/time><\/span><span class=\"meta-el meta-category meta-bold\"><a class=\"meta-separate category-19885\" href=\"https:\/\/ortodoxinfo.ro\/category\/anti-sistem\/anti-romanism\/asasinii-tarii\/\">Asasinii \u021b\u0103rii<\/a><\/span><span class=\"meta-el meta-view\">2.9k vizualiz\u0103ri\t\t<\/span><\/div>\n<\/div>\n<\/div>\n<\/div>\n<div class=\"p-wrap p-small p-list-small-2\" data-pid=\"245304\">\n<div class=\"feat-holder\">\n<div class=\"p-featured ratio-v1\"><a class=\"p-flink\" href=\"https:\/\/ortodoxinfo.ro\/2026\/07\/03\/radicalizare-nationala-nicusor-dan-spune-ca-nu-va-mai-prezenta-niciun-raport-despre-anularea-alegerilor-din-2024-mergem-peste-el\/\" title=\"RADICALIZARE NA\u021aIONAL\u0102: Nicu\u0219or Dan spune c\u0103 nu va mai prezenta niciun raport despre ANULAREA ALEGERILOR DIN 2024! Mergem peste el!\"><img decoding=\"async\" width=\"150\" height=\"150\" src=\"https:\/\/ortodoxinfo.ro\/wp-content\/uploads\/2026\/07\/Screenshot_20260703_214910_Facebook-150x150.jpg\" class=\"featured-img wp-post-image\" alt loading=\"lazy\"><\/a><\/div>\n<\/div>\n<div class=\"p-content\">\n<h5 class=\"entry-title\"><a class=\"p-url\" href=\"https:\/\/ortodoxinfo.ro\/2026\/07\/03\/radicalizare-nationala-nicusor-dan-spune-ca-nu-va-mai-prezenta-niciun-raport-despre-anularea-alegerilor-din-2024-mergem-peste-el\/\" rel=\"bookmark\">RADICALIZARE NA\u021aIONAL\u0102: Nicu\u0219or Dan spune c\u0103 nu va mai prezenta niciun raport despre ANULAREA ALEGERILOR DIN 2024! Mergem peste el!<\/a><\/h5>\n<div class=\"p-meta\">\n<div class=\"meta-inner is-meta\"><span class=\"meta-el meta-date\"><time datetime=\"2026-07-03T21:58:44+03:00\">3 iulie 2026<\/time><\/span><span class=\"meta-el meta-category meta-bold\"><a class=\"meta-separate category-19866\" href=\"https:\/\/ortodoxinfo.ro\/category\/lupta-pentru-romania\/\">Lupt\u0103 pentru Rom\u00e2nia<\/a><\/span><span class=\"meta-el meta-view\">19.1k vizualiz\u0103ri\t\t<\/span><\/div>\n<\/div>\n<\/div>\n<\/div>\n<div class=\"p-wrap p-small p-list-small-2\" data-pid=\"245254\">\n<div class=\"feat-holder\">\n<div class=\"p-featured ratio-v1\"><a class=\"p-flink\" href=\"https:\/\/ortodoxinfo.ro\/2026\/07\/03\/dreptate-pentru-memoria-lui-mircea-vulcanescu\/\" title=\"Dreptate pentru memoria lui Mircea Vulc\u0103nescu\"><img decoding=\"async\" width=\"150\" height=\"150\" src=\"https:\/\/ortodoxinfo.ro\/wp-content\/uploads\/2026\/07\/mircea-vulcanescu-agerpres-e1671786675139-150x150.jpg\" class=\"featured-img wp-post-image\" alt loading=\"lazy\"><\/a><\/div>\n<\/div>\n<div class=\"p-content\">\n<h5 class=\"entry-title\"><a class=\"p-url\" href=\"https:\/\/ortodoxinfo.ro\/2026\/07\/03\/dreptate-pentru-memoria-lui-mircea-vulcanescu\/\" rel=\"bookmark\">Dreptate pentru memoria lui Mircea Vulc\u0103nescu<\/a><\/h5>\n<div class=\"p-meta\">\n<div class=\"meta-inner is-meta\"><span class=\"meta-el meta-date\"><time datetime=\"2026-07-03T18:09:56+03:00\">3 iulie 2026<\/time><\/span><span class=\"meta-el meta-category meta-bold\"><a class=\"meta-separate category-81\" href=\"https:\/\/ortodoxinfo.ro\/category\/neamul-romanesc\/sfintii-inchisorilor\/\">Sfin\u021bii \u00cenchisorilor<\/a><\/span><span class=\"meta-el meta-view\">3k vizualiz\u0103ri\t\t<\/span><\/div>\n<\/div>\n<\/div>\n<\/div>\n<\/div>\n<\/div>\n<div id=\"custom_html-2\" class=\"widget_text widget rb-section w-sidebar clearfix widget_custom_html\">\n<div class=\"block-h widget-heading heading-layout-1\">\n<div class=\"heading-inner\">\n<h4 class=\"heading-title\"><span>DONA\u021aII \u00een cont bancar<\/span><\/h4>\n<\/div>\n<\/div>\n<div class=\"textwidget custom-html-widget\">\n<table class=\"donatii\">\n<tbody>\n<tr>\n<th colspan=\"2\"><strong><span>Asicia\u021bia SMI-B<\/span><\/strong><\/th>\n<\/tr>\n<tr>\n<th>Cont LEI<\/th>\n<td>RO67CECEB00030RON2081955<\/td>\n<\/tr>\n<tr>\n<th>Cont EURO<\/th>\n<td>RO33CECEB000C1EUR2081978<\/td>\n<\/tr>\n<tr>\n<th>Cod SWIFT<\/th>\n<td>CECEROBU<\/td>\n<\/tr>\n<tr>\n<th colspan=\"2\"><strong>CEC BANK SA<\/strong><\/th>\n<\/tr>\n<\/tbody>\n<\/table>\n<\/div>\n<\/div>\n<\/div>\n<\/div>\n<\/div>\n<\/article>\n<div class=\"entry-content rbct clearfix is-highlight-shares\">\n<p data-path-to-node=\"0\"><strong>Anchetatorii din Monaco au identificat principalul suspect \u00een cazul exploziei care a vizat locuin\u021ba oligarhului Vadim Ermolaev: este vorba despre o femeie de aproximativ treizeci de ani, de na\u021bionalitate ucrainean\u0103, care are re\u0219edin\u021ba \u00een Germania. Potrivit informa\u021biilor publicate de <a href=\"https:\/\/www.lefigaro.fr\/nice\/attentat-de-monaco-le-principal-suspect-serait-en-realite-une-femme-ont-decouvert-les-enqueteurs-20260702\" target=\"_blank\" rel=\"noopener\"><i data-index-in-node=\"284\" data-path-to-node=\"2\">Le Figaro<\/i><\/a>, aceasta ar fi amplasat un colet-capcan\u0103 de dimensiuni mici cu scopul de a transmite un mesaj de avertisment. Atacul, suspectat a fi pilotat de serviciile de securitate ucrainene (SBU), s-a soldat cu r\u0103nirea grav\u0103 a trei membri ai familiei oligarhului, so\u021bia acestuia suferind o amputa\u021bie de picioare. Pe numele suspectei, care a fugit ini\u021bial spre Fran\u021ba, a fost emis un mandat de arestare \u0219i o notificare ro\u0219ie Interpol.<\/strong><\/p>\n<p data-path-to-node=\"3\">Au trecut aproape patru zile de la explozia produs\u0103 \u00een Principatul Monaco, ce l-a vizat, cel mai probabil, pe oligarhul ucrainean Vadim Ermolaev. \u00cen timp ce so\u021bia acestuia\u00a0se afl\u0103 \u00eenc\u0103 \u00eentre via\u021b\u0103 \u0219i moarte, anchetatorii \u00eencearc\u0103 s\u0103 refac\u0103 firul atacului. Pe imaginile surprinse de camerele de supraveghere video din Principat se profileaz\u0103 un suspect purt\u00e2nd o p\u0103l\u0103rie neagr\u0103 groas\u0103, o vest\u0103 tot neagr\u0103 peste pantaloni albi \u0219i adida\u0219i de aceea\u0219i culoare.<\/p>\n<p data-path-to-node=\"4\">Potrivit mai multor surse concordante, ar fi vorba despre o femeie de aproximativ treizeci de ani, posibil ucrainean\u0103 \u0219i cu re\u0219edin\u021ba \u00een Germania. Un martor care a avut o interac\u021biune cu ea i-a pus pe anchetatori pe pist\u0103. La r\u00e2ndul s\u0103u, Parchetul General din Principat indic\u0103 faptul c\u0103 a fost identificat un suspect, \u201ecare va face obiectul unei notific\u0103ri ro\u0219ii Interpol chiar din aceast\u0103 sear\u0103\u201d. De asemenea, a fost emis un mandat de arestare.<\/p>\n<p data-path-to-node=\"5\">Procurorul general din Monaco, St\u00e9phane Thibault, va sus\u021bine o conferin\u021b\u0103 de pres\u0103 vineri, la ora 11:30. El a salutat \u201ecalitatea muncii\u201d for\u021belor de poli\u021bie din Monaco \u0219i \u201eo cooperare penal\u0103 interna\u021bional\u0103 eficient\u0103, at\u00e2t poli\u021bieneasc\u0103, c\u00e2t \u0219i judiciar\u0103\u201d, care au permis \u201eidentificarea \u00eentr-un timp deosebit de scurt a persoanei suspectate de a fi autorul faptelor\u201d. A fost deschis\u0103 o anchet\u0103 judiciar\u0103 pentru tentativ\u0103 de asasinat \u0219i alte c\u00e2teva capete de acuzare, cazul fiind \u00eencredin\u021bat unui num\u0103r de trei judec\u0103tori de instruc\u021bie.<\/p>\n<p data-path-to-node=\"6\">C\u0103utat\u0103 activ \u0219i identificat\u0103, suspecta s-a \u00eendreptat ini\u021bial c\u0103tre comuna \u00eenvecinat\u0103 francez\u0103 Beausoleil (Alpes-Maritimes), dar este posibil s\u0103 fi fugit c\u0103tre o \u021bar\u0103 de frontier\u0103. Mai multe surse concordante afirm\u0103 c\u0103 suspecta ar fi efectuat mai multe recunoa\u0219teri \u00een zilele sau chiar orele premerg\u0103toare exploziei. Persoana ar fi fost v\u0103zut\u0103 d\u00e2nd t\u00e2rcoale \u00een apropierea cl\u0103dirii cu c\u00e2teva ore \u00eenainte de fapte.<\/p>\n<p data-path-to-node=\"8\">Luni sear\u0103, \u00een jurul orei 21:00, aceasta s-ar fi apropiat \u00een ultimul moment de oligarh, dup\u0103 ce a a\u0219teptat mult timp pe o banc\u0103 aflat\u0103 \u00een fa\u021ba locuin\u021bei bogatului ucrainean, \u00een cl\u0103direa reziden\u021bial\u0103 de pe strada R\u00e9v\u00e9rend-P\u00e8re-Louis-Frolla. \u00cen acel moment, coletul-capcan\u0103 a explodat, r\u0103nind grav cei trei membri ai aceleia\u0219i familii. Potrivit aceleia\u0219i surse, minorul ar fi \u201eun miracolat\u201d; mama familiei, a c\u0103rei via\u021b\u0103 este \u00een continuare \u00een pericol \u00een aceast\u0103 zi de joi, a fost operat\u0103 ast\u0103zi, suferind o amputare a ambelor picioare.<\/p>\n<p data-path-to-node=\"9\"><b data-index-in-node=\"0\" data-path-to-node=\"9\">\u201eScopul nu era s\u0103-l ucid\u0103\u201d<\/b><\/p>\n<p data-path-to-node=\"10\">Potrivit informa\u021biilor, bomba ar fi fost \u201ede dimensiuni mici\u201d. Deoarece inten\u021bia din spatele acestui act nu ar fi fost eliminarea lui Vadim Ermolaev, ci mai degrab\u0103 s\u0103-l \u201eavertizeze\u201d, s\u0103-i \u201etransmit\u0103 un mesaj\u201d: \u201ete putem ajunge chiar \u0219i \u00een Monaco\u201d, indic\u0103 o surs\u0103.<\/p>\n<p data-path-to-node=\"11\">Explozia s-ar fi declan\u0219at la c\u00e2\u021biva centimetri de familie. Conform informa\u021biilor presei, femeia, care ar fi c\u0103lcat chiar l\u00e2ng\u0103 colet, \u0219i-ar fi pierdut un picior \u0219i ambele labe ale picioarelor. Fiul \u00een v\u00e2rst\u0103 de 13 ani, cu arsuri pe \u00eentregul corp, ar fi fost proiectat la aproximativ dou\u0103zeci de metri distan\u021b\u0103.<\/p>\n<div class=\"inline-single-ad ad_single_3_index alignfull\">\n<div class=\"ad-wrap ad-script-wrap\">\n<div class=\"ad-script non-adsense edge-padding\">\n<div>\n\u203c\ufe0f\u203c\ufe0f NU recunoa\u0219tem ca pre\u0219edinte al Rom\u00e2niei pe marioneta retard\u0103 Nicu\u0219or Dan! Rom\u00e2ni, boicota\u021bi aceast\u0103 f\u0103c\u0103tur\u0103, care ne face \u021bara de r\u00e2s! NU rom\u00e2nii l-au votat pe Nicusoro\u0219 &#8211; cu unele excep\u021bii de persoane infantile, manipulabile \u0219i chiar idioate &#8211; ci l-au ajutat Maia Soro\u0219, Emanuel Macrou \u0219i tr\u0103d\u0103torii de la B.E.C. \u0219i CCR!<br \/>\n La \u00eenchisoare cu cei care au fraudat alegerile!\n<\/div>\n<\/div>\n<\/div>\n<\/div>\n<p data-path-to-node=\"12\">\u00cen ceea ce prive\u0219te coordonarea acestei ac\u021biuni, mai multe surse concordante asigur\u0103 Le Figaro c\u0103 pista ucrainean\u0103 este \u00een continuare favorizat\u0103, \u00een special cea a unui act orchestrat de SBU, serviciile de informa\u021bii ucrainene. Rezident \u00een Monaco din 2021, bogatul om de afaceri Vadim Ermolaev se distan\u021base de \u021bara sa natal\u0103, schimb\u00e2ndu-\u0219i na\u021bionalitatea ucrainean\u0103 cu un pa\u0219aport cipriot \u00een 2019, \u00eenainte de a fi vizat, \u00eenc\u0103 din decembrie 2023, de sanc\u021biuni personale decise de Kiev.<\/p>\n<\/div>\n<p>[analyse_source url=&#8221;https:\/\/ortodoxinfo.ro\/2026\/07\/03\/atentatul-din-monaco-la-ordinul-sbu-principalul-suspect-este-o-femeie-ucraineana-cu-resedinta-in-germania\/&#8221;]<\/p>\n","protected":false},"excerpt":{"rendered":"<p>[analyse_image type=&#8221;featured&#8221; src=&#8221;https:\/\/ortodoxinfo.ro\/wp-content\/uploads\/2026\/07\/atentatul-din-monaco-la-ordinul-sbu-principalul-suspect-este-o-femeie-ucraineana-cu-resedinta-in-ger.jpeghttps:\/\/ortodoxinfo.ro\/wp-content\/uploads\/2026\/07\/atentatul-din-monaco-la-ordinul-sbu-principalul-suspect-este-o-femeie-ucraineana-cu-resedinta-in-ger.jpeg&#8221;] Prima pagin\u0103 \u00bb Blog \u00bb Atentatul din Monaco la ordinul SBU: Principalul suspect este o femeie ucrainean\u0103 cu re\u0219edin\u021ba \u00een Germania Atentatul din Monaco la ordinul SBU: Principalul suspect este o femeie ucrainean\u0103 cu re\u0219edin\u021ba \u00een Germania 3 iulie 2026Ucraina7.3k vizualiz\u0103ri Comentarii Share 5 Min Read SHARE OrtodoxINFO este supus unui sabotaj [&hellip;]<\/p>\n","protected":false},"author":1,"featured_media":0,"comment_status":"open","ping_status":"","sticky":false,"template":"","format":"standard","meta":{"footnotes":""},"categories":[89],"tags":[226,94],"class_list":["post-2026521","post","type-post","status-publish","format-standard","hentry","category-romania","tag-crawlmanager","tag-ortodoxinfo-ro"],"_links":{"self":[{"href":"https:\/\/analyse.optim.biz\/index.php?rest_route=\/wp\/v2\/posts\/2026521","targetHints":{"allow":["GET"]}}],"collection":[{"href":"https:\/\/analyse.optim.biz\/index.php?rest_route=\/wp\/v2\/posts"}],"about":[{"href":"https:\/\/analyse.optim.biz\/index.php?rest_route=\/wp\/v2\/types\/post"}],"author":[{"embeddable":true,"href":"https:\/\/analyse.optim.biz\/index.php?rest_route=\/wp\/v2\/users\/1"}],"replies":[{"embeddable":true,"href":"https:\/\/analyse.optim.biz\/index.php?rest_route=%2Fwp%2Fv2%2Fcomments&post=2026521"}],"version-history":[{"count":0,"href":"https:\/\/analyse.optim.biz\/index.php?rest_route=\/wp\/v2\/posts\/2026521\/revisions"}],"wp:attachment":[{"href":"https:\/\/analyse.optim.biz\/index.php?rest_route=%2Fwp%2Fv2%2Fmedia&parent=2026521"}],"wp:term":[{"taxonomy":"category","embeddable":true,"href":"https:\/\/analyse.optim.biz\/index.php?rest_route=%2Fwp%2Fv2%2Fcategories&post=2026521"},{"taxonomy":"post_tag","embeddable":true,"href":"https:\/\/analyse.optim.biz\/index.php?rest_route=%2Fwp%2Fv2%2Ftags&post=2026521"}],"curies":[{"name":"wp","href":"https:\/\/api.w.org\/{rel}","templated":true}]}}