{"id":2026167,"date":"2026-07-02T06:00:04","date_gmt":"2026-07-02T03:00:04","guid":{"rendered":"https:\/\/analyse.optim.biz\/?p=2026167"},"modified":"2026-07-02T06:00:04","modified_gmt":"2026-07-02T03:00:04","slug":"primarul-stefan-ilie-nu-renunta-la-piatra-cubica-de-pe-strada-gloriei-constructorul-vrea-sa-puna-pavele","status":"publish","type":"post","link":"https:\/\/analyse.optim.biz\/?p=2026167","title":{"rendered":"Primarul \u015etefan Ilie nu renun\u0163\u0103 la piatra cubic\u0103 de pe strada Gloriei. Constructorul vrea s\u0103 pun\u0103 pavele,"},"content":{"rendered":"<p>[analyse_image type=&#8221;featured&#8221; src=&#8221;https:\/\/ziaruldelta.ro\/wp-content\/uploads\/2026\/07\/Primarul.jpg&#8221;]<\/p>\n<article id=\"post-37281\" class=\"module single-post-module post-37281 post type-post status-publish format-standard has-post-thumbnail hentry category-stirea-zilei et-has-post-format-content et_post_format-et-post-format-standard\">\n<div class=\"post-header\">\n<h1 class=\"entry-title\">Primarul \u015etefan Ilie nu renun\u0163\u0103 la piatra cubic\u0103 de pe strada Gloriei. Constructorul vrea s\u0103 pun\u0103 pavele, dar risc\u0103 rezilierea contractului<\/h1>\n<div class=\"post-meta vcard\">\n<p>Posted by <a href=\"https:\/\/ziaruldelta.ro\/author\/claudia-ionescu\/\" class=\"url fn\" title=\"Posts by Claudia Ionescu\" rel=\"author\">Claudia Ionescu<\/a> | <span class=\"updated\">Jul 2, 2026<\/span> | <a href=\"https:\/\/ziaruldelta.ro\/category\/stirea-zilei\/\" rel=\"tag\">Stirea Zilei<\/a> | <\/p>\n<\/div>\n<\/div>\n<div class=\"post-thumbnail header\"><img decoding=\"async\" src=\"https:\/\/ziaruldelta.ro\/wp-content\/uploads\/2026\/07\/Primarul.jpg\" alt=\"Primarul \u015etefan Ilie nu renun\u0163\u0103 la piatra cubic\u0103 de pe strada Gloriei. Constructorul vrea s\u0103 pun\u0103 pavele, dar risc\u0103 rezilierea contractului\"><\/div>\n<div class=\"post-wrap\">\n<div class=\"post-content entry-content\">\n<p>Primarul \u015etefan Ilie nu renun\u0163\u0103 la piatra cubic\u0103 de pe strada Gloriei, \u00een ciuda solicit\u0103rii\u00a0 \u00eenaintate de S.C. Kronstarr Bau Company S.R.L, c\u00e2\u015ftig\u0103toarea licita\u0163iei, care a propus municipalit\u0103\u0163ii s\u0103 monteze pavele, invoc\u00e2nd situa\u0163ia financiar\u0103 dificil\u0103. Mai mult, constructorul a anun\u0163at c\u0103 ar putea renun\u0163a la lucrare.<\/p>\n<blockquote>\n<p><img loading=\"lazy\" decoding=\"async\" class=\" wp-image-35235 alignleft\" src=\"https:\/\/ziaruldelta.ro\/wp-content\/uploads\/2026\/02\/Stefan-Ilie.jpg\" alt width=\"325\" height=\"299\">\u201eAceast\u0103 societate, c\u00e2nd a ajuns la aceast\u0103 strad\u0103, ne-a \u00eentrebat prima dat\u0103 dac\u0103 ar putea s\u0103 monteze &lt;&lt;biscui\u0163i&gt;&gt;, adic\u0103 pavele, cum sunt cele de pe trotuare, \u00een locul pietrei cubice. Noi am refuzat acest lucru \u015fi le-am zis s\u0103 se uite la documentele licita\u0163iei. Acolo, \u00een avizul Direc\u0163iei Jude\u0163ene pentru Cultur\u0103, spune foarte clar &lt;&lt;piatr\u0103 cubic\u0103&gt;&gt;. Ne-au spus c\u0103 aceasta cost\u0103 foarte mult, iar noi le-am spus c\u0103 nu ne intereseaz\u0103, fiindc\u0103 au licitat \u015fi trebuiau s\u0103-\u015fi asume aceste lucruri. Atunci au \u00eenceput s\u0103 invoce c\u0103 sunt \u00eentr-o situa\u0163ie financiar\u0103 deosebit de grea \u015fi c\u0103 se g\u00e2ndesc s\u0103 renun\u0163e la proiect. Le-am spus c\u0103, dac\u0103 renun\u0163\u0103 la realizarea acestei str\u0103zi, a\u015fa cum scrie \u00een documenta\u0163ia de atribuire, asta nu \u00eenseamn\u0103 c\u0103 vor fi scuti\u0163i de daunele pe care noi o s\u0103 le cerem\u201d, ne-a declarat \u015etefan Ilie.<\/p>\n<\/blockquote>\n<p>\u00cen prezent, autorit\u0103\u0163ile locale iau \u00een calcul rezilierea contractului cu Kronstarr Bau Company.<\/p>\n<blockquote>\n<p>\u201eNegociem de o perioad\u0103 de timp pentru a parcurge toate procedurile privind ori realizarea str\u0103zii de c\u0103tre ei, ori rezilierea contractului. La ultima discu\u0163ie pe care am avut-o cu ei, ne-au dat de \u00een\u0163eles c\u0103 o s\u0103 porneasc\u0103 lucr\u0103rile, doar c\u0103 nu mai putem fi siguri, av\u00e2nd \u00een vedere c\u0103 de c\u00e2teva luni evit\u0103, invoc\u00e2nd c\u0103 a fost iarn\u0103, a plouat \u015fi alte motive, iar atunci noi am preg\u0103tit \u00eentreaga documenta\u0163ie pentru rezilierea contractului. Vom a\u015ftepta \u00een cursul zilelor urm\u0103toare pentru a le \u00eenm\u00e2na dup\u0103 caz, ori rezilierea, ori continuarea lucr\u0103rilor a\u015fa cum este \u00een documenta\u0163ia tehnic\u0103. Dac\u0103 vom ajunge la reziliere, atunci, din diferen\u0163ele de sume, pe care nu le-am pl\u0103tit pentru asta, vom contracta o alt\u0103 societate pentru a putea duce mai departe strada Gloriei, a\u015fa cum a fost prev\u0103zut\u0103 ea la \u00eenceput\u201d, a precizat \u015etefan Ilie.<\/p>\n<\/blockquote>\n<p>Edilul spune c\u0103 \u00ee\u015fi dore\u015fte s\u0103 p\u0103streze piatra cubic\u0103 pe strada Gloriei pentru a pune \u00een valoare aceast\u0103 zon\u0103 istoric\u0103 \u015fi pentru a creea o leg\u0103tur\u0103 de promenad\u0103 \u00eentre Faleza \u201eIvan Patzaichin\u201d \u015fi Monumentul Independen\u0163ei.<\/p>\n<blockquote>\n<p>\u201eStrada face parte dintr-un proiect mai amplu, cu mai multe str\u0103zi din zona respectiv\u0103, marea majoritate fiind asfaltate. \u00cenc\u0103 de la \u00eenceputul proiect\u0103rii acestei str\u0103zi am specificat prin avizul Direc\u0163iei Jude\u0163ene pentru Cultur\u0103 c\u0103 strada va fi cu piatr\u0103 cubic\u0103, din mai multe considerente. Dorim s\u0103 p\u0103str\u0103m o parte a istoriei ora\u015fului, s\u0103 facem o leg\u0103tur\u0103 de promenad\u0103 \u00eentre Faleza &lt;&lt;Ivan Patzaichin&gt;&gt; \u015fi Monumentul Independen\u0163ei \u015fi s\u0103 punem \u00een valoare aceast\u0103 zon\u0103 istoric\u0103. Vom pune piatr\u0103 cubic\u0103 pe carosabil \u015fi vom refolosi piatra ro\u015fiatic\u0103 de pe trotuar. La trotuar se refolose\u015fte piatra, a\u015fa cum a fost \u015fi pe Mahmudiei, \u015fi se remonteaz\u0103 \u00eentr-o form\u0103 mult mai accesibil\u0103, \u00eendreptat\u0103. Pe carosabil, acolo unde vor circula ma\u015finile, sau pietonii, dup\u0103 caz, se pune o alt\u0103 piatr\u0103 cubic\u0103, iar aceasta s\u0103 fie adecvat\u0103 traficului auto, dar \u015fi dup\u0103 caz, a mersului pe jos. Piatra, care \u00eenc\u0103 mai este pe anumite str\u0103zi ale ora\u015fului, nu a fost proiectat\u0103, acum zeci de ani \u00een urm\u0103, pentru traficul auto, ci pentru tipul de trafic care era atunci. \u015etim cu to\u0163ii c\u0103 sunt localit\u0103\u0163i\u00a0 cu tradi\u0163ie, care au str\u0103zi cu piatr\u0103 cubic\u0103, dar piatra aceasta cubic\u0103, unde circul\u0103 ma\u015finile, este foarte bine montat\u0103, f\u0103r\u0103 spa\u0163ii \u00eentre ele, fasonat\u0103, \u00een a\u015fa fel \u00eenc\u00e2t s\u0103 fie u\u015for accesibile autovehiculelor \u015fi s\u0103 nu provoace un disconfort de zgomot, mai ales pentru riverani, pentru cei care stau pe strada respectiv\u0103\u201d, a explicat edilul.<\/p>\n<\/blockquote>\n<p>Primarul spune c\u0103 prin crearea unei zone pietonale pe strada Gloriei, comunit\u0103\u0163ile care locuiesc \u00een zon\u0103 \u00ee\u015fi vor putea pune \u00een valoare tradi\u0163iile pe care le au, dar \u015fi m\u00e2nca-rea, prin amplasarea de terase.<\/p>\n<blockquote>\n<p>\u201e\u015etiu c\u0103 o parte din oamenii de-acolo \u015fi-ar dori s\u0103 fie asfalt, numai c\u0103 sunt convins c\u0103 o piatr\u0103 cubic\u0103 pus\u0103 modern, a\u015fa cum se pune \u00een toate municipiile, mai ales \u00een municipiile re\u015fedin\u0163\u0103 de jude\u0163 cu valoare istoric\u0103, va fi pl\u0103cut\u0103 de cet\u0103\u0163eni dup\u0103 ce va fi montat\u0103, mai ales celor vecini de-acolo, care \u00ee\u015fi vor pune \u00een valoare foarte multe lucruri. De exemplu, pe strada Gloriei este o foarte important\u0103 comunitate lipoveneasc\u0103. Dac\u0103 o vom face, de exemplu, \u015fi ca zon\u0103 de promenad\u0103 dinspre falez\u0103 spre monument \u00een weekend, l\u0103s\u0103m un sens pentru autovehicule, atunci cet\u0103\u0163enii \u00ee\u015fi vor putea pune \u00een valoare tradi\u0163iile pe care le au. \u015ei nu doar lipovenii, ci \u015fi alte etnii, \u00een a\u015fa fel \u00eenc\u00e2t atunci c\u00e2nd pleci de pe falez\u0103 \u015fi te duci s\u0103 vezi monumentul, s\u0103 po\u0163i sta la o teras\u0103, s\u0103 po\u0163i vedea bisericile lipovene\u015fti, care sunt deosebit de frumoase. Putem avea o zon\u0103 de promenad\u0103 mai mare pentru ora\u015ful nostru, iar asta ne dorim s\u0103 facem\u201d, a precizat primarul.<\/p>\n<\/blockquote>\n<p>De asemenea, \u015etefan Ilie a amintit c\u0103, de-a lungul timpului, au fost unele probleme \u015fi cu al\u0163i constructori.<\/p>\n<blockquote>\n<p>\u201eCu orice constructor noi am mai avut probleme, fiindc\u0103 fiecare \u00eencearc\u0103 s\u0103 ob\u0163in\u0103 mai mult. \u00centotdeauna va exista o negociere perpetu\u0103 \u00eentre beneficiar \u015fi executantul lucr\u0103rilor. Au mai fost cazuri \u00een care cet\u0103\u0163enii au reclamat dup\u0103 c\u0103 se str\u00e2nge apa dup\u0103 ce au asfaltat \u015fi le-am spus s\u0103 intervin\u0103. \u00cen general am avut o colaborare bun\u0103, nu pot s\u0103 spun c\u0103 am avut o colaborare rea. Nu am niciun fel de dubii c\u0103 nu vom rezolva, chiar dac\u0103 acest lucru \u00eenseamn\u0103 \u015fi un disconfort pentru cet\u0103\u0163eni. Nu avem p\u00e2rghii legale pentru a preveni aceast\u0103 situa\u0163ie \u00eenainte de licita\u0163ie. Am avut \u015fi la repara\u0163ia unor \u015fcoli ni\u015fte situa\u0163ii asem\u0103n\u0103toare. La Liceul Teoretic &lt;&lt;Grigore Moisil&gt;&gt;, societatea respectiv\u0103 a intrat \u00eentr-o procedur\u0103 financiar\u0103 grea \u00een timpul execu\u0163iei lucr\u0103rilor. A trebuit s\u0103 fac toate eforturile pentru a nu rata aceast\u0103 investi\u0163ie, fiindc\u0103 probabil c\u0103 nici ast\u0103zi copiii nu s-ar fi mutat \u00eenapoi \u00een \u015fcoala lor. Neput\u00e2nd preveni astfel de lucruri, este foarte important s\u0103 g\u0103sim solu\u0163ii\u201d, a spus \u015etefan Ilie.<\/p>\n<\/blockquote>\n<p>Lucr\u0103rile aferente str\u0103zii Gloriei fac parte din obiectivul de investi\u0163ii \u201eReabilitare \u015fi modernizare str\u0103zi Municipiul Tulcea, Zona Est \u2013 Etapa 1\u2033. Investi\u0163ia se coreleaz\u0103 cu alte dou\u0103 proiecte majore derulate \u00een municipiu: \u201eLucr\u0103ri edilitare str\u0103zi Municipiul Tulcea Zona Est\u201d \u015fi \u201e\u00cembun\u0103t\u0103\u0163irea capacit\u0103\u0163ii de preluare a apelor meteorice din Municipiul Tulcea\u201d. Acestea vizeaz\u0103 modernizarea \u015fi extinderea re\u0163elelor de ap\u0103 \u015fi de canalizare menajer\u0103, precum \u015fi a sistemului de colectare a apelor pluviale.<\/p>\n<p>Astfel, pe l\u00e2ng\u0103 reabilitarea sistemului rutier, proiectul are scopul de a se realiza lucr\u0103rile tehnico-edilitare necesare, \u00een vederea reducerii riscului de acumul\u0103ri mari de ap\u0103 \u015fi a disfunc\u0163ionalit\u0103\u0163ilor ap\u0103rute \u00een infrastructura subteran\u0103.<\/p>\n<p>Etapa 1 a proiectului vizeaz\u0103 reabilitarea \u015fi modernizarea a 15 str\u0103zi (17 tronsoane) din Zona Est a municipiului Tulcea, \u00eensum\u00e2nd o lungime de 8.188 de metri.<\/p>\n<p>Lista str\u0103zilor incluse \u00een proiect: 24 Ianuarie, Cuza Vod\u0103 (tronson Mihail Kog\u0103lniceanu \u2013 M\u0103r\u0103\u015fe\u015fti), Armean\u0103, Concordiei (Tr. 1 \u015fi Tr. 2), Gloriei, Avram Iancu, S\u0103lciilor, Mihai Viteazu (Tr. 1 \u015fi Tr. 2), Rahovei, Traian Vuia, Nicolae B\u0103lcescu, George Georgescu, Plugarilor, Prim\u0103verii \u015fi Prislav (tronson Nicolae B\u0103lcescu \u2013 sens giratoriu Orizontului).<\/p>\n<p>\u00cen prezent, au r\u0103mas de reabilitat str\u0103zile Gloriei \u015fi Mihai Viteazu. Pe strada Mihai Viteazu, lucr\u0103rile au fost \u00eent\u00e2rziate din cauza faptului c\u0103 societatea Aquaserv S.A. a intrat \u00eentr-o imposibilitatea de gestionare a fondurilor europene. Acum urmeaz\u0103 ca Societatea S.C. Kronstarr Bau Company S.R.L s\u0103 continue lucr\u0103rile pe aceast\u0103 strad\u0103.<\/p>\n<\/div>\n<\/div>\n<div class=\"post-footer\">\n<div class=\"social-icons ed-social-share-icons\">\n<p class=\"share-title\">Share:<\/p>\n<\/div>\n<div class=\"rating-stars\">\n<p id=\"rate-title\" class=\"rate-title\">Rate:<\/p>\n<\/div>\n<\/div>\n<\/article>\n<div class=\"post-content entry-content\">\n<p>Primarul \u015etefan Ilie nu renun\u0163\u0103 la piatra cubic\u0103 de pe strada Gloriei, \u00een ciuda solicit\u0103rii\u00a0 \u00eenaintate de S.C. Kronstarr Bau Company S.R.L, c\u00e2\u015ftig\u0103toarea licita\u0163iei, care a propus municipalit\u0103\u0163ii s\u0103 monteze pavele, invoc\u00e2nd situa\u0163ia financiar\u0103 dificil\u0103. Mai mult, constructorul a anun\u0163at c\u0103 ar putea renun\u0163a la lucrare.<\/p>\n<blockquote>\n<p><img loading=\"lazy\" decoding=\"async\" class=\" wp-image-35235 alignleft\" src=\"https:\/\/ziaruldelta.ro\/wp-content\/uploads\/2026\/02\/Stefan-Ilie.jpg\" alt width=\"325\" height=\"299\">\u201eAceast\u0103 societate, c\u00e2nd a ajuns la aceast\u0103 strad\u0103, ne-a \u00eentrebat prima dat\u0103 dac\u0103 ar putea s\u0103 monteze &lt;&lt;biscui\u0163i&gt;&gt;, adic\u0103 pavele, cum sunt cele de pe trotuare, \u00een locul pietrei cubice. Noi am refuzat acest lucru \u015fi le-am zis s\u0103 se uite la documentele licita\u0163iei. Acolo, \u00een avizul Direc\u0163iei Jude\u0163ene pentru Cultur\u0103, spune foarte clar &lt;&lt;piatr\u0103 cubic\u0103&gt;&gt;. Ne-au spus c\u0103 aceasta cost\u0103 foarte mult, iar noi le-am spus c\u0103 nu ne intereseaz\u0103, fiindc\u0103 au licitat \u015fi trebuiau s\u0103-\u015fi asume aceste lucruri. Atunci au \u00eenceput s\u0103 invoce c\u0103 sunt \u00eentr-o situa\u0163ie financiar\u0103 deosebit de grea \u015fi c\u0103 se g\u00e2ndesc s\u0103 renun\u0163e la proiect. Le-am spus c\u0103, dac\u0103 renun\u0163\u0103 la realizarea acestei str\u0103zi, a\u015fa cum scrie \u00een documenta\u0163ia de atribuire, asta nu \u00eenseamn\u0103 c\u0103 vor fi scuti\u0163i de daunele pe care noi o s\u0103 le cerem\u201d, ne-a declarat \u015etefan Ilie.<\/p>\n<\/blockquote>\n<p>\u00cen prezent, autorit\u0103\u0163ile locale iau \u00een calcul rezilierea contractului cu Kronstarr Bau Company.<\/p>\n<blockquote>\n<p>\u201eNegociem de o perioad\u0103 de timp pentru a parcurge toate procedurile privind ori realizarea str\u0103zii de c\u0103tre ei, ori rezilierea contractului. La ultima discu\u0163ie pe care am avut-o cu ei, ne-au dat de \u00een\u0163eles c\u0103 o s\u0103 porneasc\u0103 lucr\u0103rile, doar c\u0103 nu mai putem fi siguri, av\u00e2nd \u00een vedere c\u0103 de c\u00e2teva luni evit\u0103, invoc\u00e2nd c\u0103 a fost iarn\u0103, a plouat \u015fi alte motive, iar atunci noi am preg\u0103tit \u00eentreaga documenta\u0163ie pentru rezilierea contractului. Vom a\u015ftepta \u00een cursul zilelor urm\u0103toare pentru a le \u00eenm\u00e2na dup\u0103 caz, ori rezilierea, ori continuarea lucr\u0103rilor a\u015fa cum este \u00een documenta\u0163ia tehnic\u0103. Dac\u0103 vom ajunge la reziliere, atunci, din diferen\u0163ele de sume, pe care nu le-am pl\u0103tit pentru asta, vom contracta o alt\u0103 societate pentru a putea duce mai departe strada Gloriei, a\u015fa cum a fost prev\u0103zut\u0103 ea la \u00eenceput\u201d, a precizat \u015etefan Ilie.<\/p>\n<\/blockquote>\n<p>Edilul spune c\u0103 \u00ee\u015fi dore\u015fte s\u0103 p\u0103streze piatra cubic\u0103 pe strada Gloriei pentru a pune \u00een valoare aceast\u0103 zon\u0103 istoric\u0103 \u015fi pentru a creea o leg\u0103tur\u0103 de promenad\u0103 \u00eentre Faleza \u201eIvan Patzaichin\u201d \u015fi Monumentul Independen\u0163ei.<\/p>\n<blockquote>\n<p>\u201eStrada face parte dintr-un proiect mai amplu, cu mai multe str\u0103zi din zona respectiv\u0103, marea majoritate fiind asfaltate. \u00cenc\u0103 de la \u00eenceputul proiect\u0103rii acestei str\u0103zi am specificat prin avizul Direc\u0163iei Jude\u0163ene pentru Cultur\u0103 c\u0103 strada va fi cu piatr\u0103 cubic\u0103, din mai multe considerente. Dorim s\u0103 p\u0103str\u0103m o parte a istoriei ora\u015fului, s\u0103 facem o leg\u0103tur\u0103 de promenad\u0103 \u00eentre Faleza &lt;&lt;Ivan Patzaichin&gt;&gt; \u015fi Monumentul Independen\u0163ei \u015fi s\u0103 punem \u00een valoare aceast\u0103 zon\u0103 istoric\u0103. Vom pune piatr\u0103 cubic\u0103 pe carosabil \u015fi vom refolosi piatra ro\u015fiatic\u0103 de pe trotuar. La trotuar se refolose\u015fte piatra, a\u015fa cum a fost \u015fi pe Mahmudiei, \u015fi se remonteaz\u0103 \u00eentr-o form\u0103 mult mai accesibil\u0103, \u00eendreptat\u0103. Pe carosabil, acolo unde vor circula ma\u015finile, sau pietonii, dup\u0103 caz, se pune o alt\u0103 piatr\u0103 cubic\u0103, iar aceasta s\u0103 fie adecvat\u0103 traficului auto, dar \u015fi dup\u0103 caz, a mersului pe jos. Piatra, care \u00eenc\u0103 mai este pe anumite str\u0103zi ale ora\u015fului, nu a fost proiectat\u0103, acum zeci de ani \u00een urm\u0103, pentru traficul auto, ci pentru tipul de trafic care era atunci. \u015etim cu to\u0163ii c\u0103 sunt localit\u0103\u0163i\u00a0 cu tradi\u0163ie, care au str\u0103zi cu piatr\u0103 cubic\u0103, dar piatra aceasta cubic\u0103, unde circul\u0103 ma\u015finile, este foarte bine montat\u0103, f\u0103r\u0103 spa\u0163ii \u00eentre ele, fasonat\u0103, \u00een a\u015fa fel \u00eenc\u00e2t s\u0103 fie u\u015for accesibile autovehiculelor \u015fi s\u0103 nu provoace un disconfort de zgomot, mai ales pentru riverani, pentru cei care stau pe strada respectiv\u0103\u201d, a explicat edilul.<\/p>\n<\/blockquote>\n<p>Primarul spune c\u0103 prin crearea unei zone pietonale pe strada Gloriei, comunit\u0103\u0163ile care locuiesc \u00een zon\u0103 \u00ee\u015fi vor putea pune \u00een valoare tradi\u0163iile pe care le au, dar \u015fi m\u00e2nca-rea, prin amplasarea de terase.<\/p>\n<blockquote>\n<p>\u201e\u015etiu c\u0103 o parte din oamenii de-acolo \u015fi-ar dori s\u0103 fie asfalt, numai c\u0103 sunt convins c\u0103 o piatr\u0103 cubic\u0103 pus\u0103 modern, a\u015fa cum se pune \u00een toate municipiile, mai ales \u00een municipiile re\u015fedin\u0163\u0103 de jude\u0163 cu valoare istoric\u0103, va fi pl\u0103cut\u0103 de cet\u0103\u0163eni dup\u0103 ce va fi montat\u0103, mai ales celor vecini de-acolo, care \u00ee\u015fi vor pune \u00een valoare foarte multe lucruri. De exemplu, pe strada Gloriei este o foarte important\u0103 comunitate lipoveneasc\u0103. Dac\u0103 o vom face, de exemplu, \u015fi ca zon\u0103 de promenad\u0103 dinspre falez\u0103 spre monument \u00een weekend, l\u0103s\u0103m un sens pentru autovehicule, atunci cet\u0103\u0163enii \u00ee\u015fi vor putea pune \u00een valoare tradi\u0163iile pe care le au. \u015ei nu doar lipovenii, ci \u015fi alte etnii, \u00een a\u015fa fel \u00eenc\u00e2t atunci c\u00e2nd pleci de pe falez\u0103 \u015fi te duci s\u0103 vezi monumentul, s\u0103 po\u0163i sta la o teras\u0103, s\u0103 po\u0163i vedea bisericile lipovene\u015fti, care sunt deosebit de frumoase. Putem avea o zon\u0103 de promenad\u0103 mai mare pentru ora\u015ful nostru, iar asta ne dorim s\u0103 facem\u201d, a precizat primarul.<\/p>\n<\/blockquote>\n<p>De asemenea, \u015etefan Ilie a amintit c\u0103, de-a lungul timpului, au fost unele probleme \u015fi cu al\u0163i constructori.<\/p>\n<blockquote>\n<p>\u201eCu orice constructor noi am mai avut probleme, fiindc\u0103 fiecare \u00eencearc\u0103 s\u0103 ob\u0163in\u0103 mai mult. \u00centotdeauna va exista o negociere perpetu\u0103 \u00eentre beneficiar \u015fi executantul lucr\u0103rilor. Au mai fost cazuri \u00een care cet\u0103\u0163enii au reclamat dup\u0103 c\u0103 se str\u00e2nge apa dup\u0103 ce au asfaltat \u015fi le-am spus s\u0103 intervin\u0103. \u00cen general am avut o colaborare bun\u0103, nu pot s\u0103 spun c\u0103 am avut o colaborare rea. Nu am niciun fel de dubii c\u0103 nu vom rezolva, chiar dac\u0103 acest lucru \u00eenseamn\u0103 \u015fi un disconfort pentru cet\u0103\u0163eni. Nu avem p\u00e2rghii legale pentru a preveni aceast\u0103 situa\u0163ie \u00eenainte de licita\u0163ie. Am avut \u015fi la repara\u0163ia unor \u015fcoli ni\u015fte situa\u0163ii asem\u0103n\u0103toare. La Liceul Teoretic &lt;&lt;Grigore Moisil&gt;&gt;, societatea respectiv\u0103 a intrat \u00eentr-o procedur\u0103 financiar\u0103 grea \u00een timpul execu\u0163iei lucr\u0103rilor. A trebuit s\u0103 fac toate eforturile pentru a nu rata aceast\u0103 investi\u0163ie, fiindc\u0103 probabil c\u0103 nici ast\u0103zi copiii nu s-ar fi mutat \u00eenapoi \u00een \u015fcoala lor. Neput\u00e2nd preveni astfel de lucruri, este foarte important s\u0103 g\u0103sim solu\u0163ii\u201d, a spus \u015etefan Ilie.<\/p>\n<\/blockquote>\n<p>Lucr\u0103rile aferente str\u0103zii Gloriei fac parte din obiectivul de investi\u0163ii \u201eReabilitare \u015fi modernizare str\u0103zi Municipiul Tulcea, Zona Est \u2013 Etapa 1\u2033. Investi\u0163ia se coreleaz\u0103 cu alte dou\u0103 proiecte majore derulate \u00een municipiu: \u201eLucr\u0103ri edilitare str\u0103zi Municipiul Tulcea Zona Est\u201d \u015fi \u201e\u00cembun\u0103t\u0103\u0163irea capacit\u0103\u0163ii de preluare a apelor meteorice din Municipiul Tulcea\u201d. Acestea vizeaz\u0103 modernizarea \u015fi extinderea re\u0163elelor de ap\u0103 \u015fi de canalizare menajer\u0103, precum \u015fi a sistemului de colectare a apelor pluviale.<\/p>\n<p>Astfel, pe l\u00e2ng\u0103 reabilitarea sistemului rutier, proiectul are scopul de a se realiza lucr\u0103rile tehnico-edilitare necesare, \u00een vederea reducerii riscului de acumul\u0103ri mari de ap\u0103 \u015fi a disfunc\u0163ionalit\u0103\u0163ilor ap\u0103rute \u00een infrastructura subteran\u0103.<\/p>\n<p>Etapa 1 a proiectului vizeaz\u0103 reabilitarea \u015fi modernizarea a 15 str\u0103zi (17 tronsoane) din Zona Est a municipiului Tulcea, \u00eensum\u00e2nd o lungime de 8.188 de metri.<\/p>\n<p>Lista str\u0103zilor incluse \u00een proiect: 24 Ianuarie, Cuza Vod\u0103 (tronson Mihail Kog\u0103lniceanu \u2013 M\u0103r\u0103\u015fe\u015fti), Armean\u0103, Concordiei (Tr. 1 \u015fi Tr. 2), Gloriei, Avram Iancu, S\u0103lciilor, Mihai Viteazu (Tr. 1 \u015fi Tr. 2), Rahovei, Traian Vuia, Nicolae B\u0103lcescu, George Georgescu, Plugarilor, Prim\u0103verii \u015fi Prislav (tronson Nicolae B\u0103lcescu \u2013 sens giratoriu Orizontului).<\/p>\n<p>\u00cen prezent, au r\u0103mas de reabilitat str\u0103zile Gloriei \u015fi Mihai Viteazu. Pe strada Mihai Viteazu, lucr\u0103rile au fost \u00eent\u00e2rziate din cauza faptului c\u0103 societatea Aquaserv S.A. a intrat \u00eentr-o imposibilitatea de gestionare a fondurilor europene. Acum urmeaz\u0103 ca Societatea S.C. Kronstarr Bau Company S.R.L s\u0103 continue lucr\u0103rile pe aceast\u0103 strad\u0103.<\/p>\n<\/div>\n<div class=\"post-content entry-content\">\n<p>Primarul \u015etefan Ilie nu renun\u0163\u0103 la piatra cubic\u0103 de pe strada Gloriei, \u00een ciuda solicit\u0103rii\u00a0 \u00eenaintate de S.C. Kronstarr Bau Company S.R.L, c\u00e2\u015ftig\u0103toarea licita\u0163iei, care a propus municipalit\u0103\u0163ii s\u0103 monteze pavele, invoc\u00e2nd situa\u0163ia financiar\u0103 dificil\u0103. Mai mult, constructorul a anun\u0163at c\u0103 ar putea renun\u0163a la lucrare.<\/p>\n<blockquote>\n<p><img loading=\"lazy\" decoding=\"async\" class=\" wp-image-35235 alignleft\" src=\"https:\/\/ziaruldelta.ro\/wp-content\/uploads\/2026\/02\/Stefan-Ilie.jpg\" alt width=\"325\" height=\"299\">\u201eAceast\u0103 societate, c\u00e2nd a ajuns la aceast\u0103 strad\u0103, ne-a \u00eentrebat prima dat\u0103 dac\u0103 ar putea s\u0103 monteze &lt;&lt;biscui\u0163i&gt;&gt;, adic\u0103 pavele, cum sunt cele de pe trotuare, \u00een locul pietrei cubice. Noi am refuzat acest lucru \u015fi le-am zis s\u0103 se uite la documentele licita\u0163iei. Acolo, \u00een avizul Direc\u0163iei Jude\u0163ene pentru Cultur\u0103, spune foarte clar &lt;&lt;piatr\u0103 cubic\u0103&gt;&gt;. Ne-au spus c\u0103 aceasta cost\u0103 foarte mult, iar noi le-am spus c\u0103 nu ne intereseaz\u0103, fiindc\u0103 au licitat \u015fi trebuiau s\u0103-\u015fi asume aceste lucruri. Atunci au \u00eenceput s\u0103 invoce c\u0103 sunt \u00eentr-o situa\u0163ie financiar\u0103 deosebit de grea \u015fi c\u0103 se g\u00e2ndesc s\u0103 renun\u0163e la proiect. Le-am spus c\u0103, dac\u0103 renun\u0163\u0103 la realizarea acestei str\u0103zi, a\u015fa cum scrie \u00een documenta\u0163ia de atribuire, asta nu \u00eenseamn\u0103 c\u0103 vor fi scuti\u0163i de daunele pe care noi o s\u0103 le cerem\u201d, ne-a declarat \u015etefan Ilie.<\/p>\n<\/blockquote>\n<p>\u00cen prezent, autorit\u0103\u0163ile locale iau \u00een calcul rezilierea contractului cu Kronstarr Bau Company.<\/p>\n<blockquote>\n<p>\u201eNegociem de o perioad\u0103 de timp pentru a parcurge toate procedurile privind ori realizarea str\u0103zii de c\u0103tre ei, ori rezilierea contractului. La ultima discu\u0163ie pe care am avut-o cu ei, ne-au dat de \u00een\u0163eles c\u0103 o s\u0103 porneasc\u0103 lucr\u0103rile, doar c\u0103 nu mai putem fi siguri, av\u00e2nd \u00een vedere c\u0103 de c\u00e2teva luni evit\u0103, invoc\u00e2nd c\u0103 a fost iarn\u0103, a plouat \u015fi alte motive, iar atunci noi am preg\u0103tit \u00eentreaga documenta\u0163ie pentru rezilierea contractului. Vom a\u015ftepta \u00een cursul zilelor urm\u0103toare pentru a le \u00eenm\u00e2na dup\u0103 caz, ori rezilierea, ori continuarea lucr\u0103rilor a\u015fa cum este \u00een documenta\u0163ia tehnic\u0103. Dac\u0103 vom ajunge la reziliere, atunci, din diferen\u0163ele de sume, pe care nu le-am pl\u0103tit pentru asta, vom contracta o alt\u0103 societate pentru a putea duce mai departe strada Gloriei, a\u015fa cum a fost prev\u0103zut\u0103 ea la \u00eenceput\u201d, a precizat \u015etefan Ilie.<\/p>\n<\/blockquote>\n<p>Edilul spune c\u0103 \u00ee\u015fi dore\u015fte s\u0103 p\u0103streze piatra cubic\u0103 pe strada Gloriei pentru a pune \u00een valoare aceast\u0103 zon\u0103 istoric\u0103 \u015fi pentru a creea o leg\u0103tur\u0103 de promenad\u0103 \u00eentre Faleza \u201eIvan Patzaichin\u201d \u015fi Monumentul Independen\u0163ei.<\/p>\n<blockquote>\n<p>\u201eStrada face parte dintr-un proiect mai amplu, cu mai multe str\u0103zi din zona respectiv\u0103, marea majoritate fiind asfaltate. \u00cenc\u0103 de la \u00eenceputul proiect\u0103rii acestei str\u0103zi am specificat prin avizul Direc\u0163iei Jude\u0163ene pentru Cultur\u0103 c\u0103 strada va fi cu piatr\u0103 cubic\u0103, din mai multe considerente. Dorim s\u0103 p\u0103str\u0103m o parte a istoriei ora\u015fului, s\u0103 facem o leg\u0103tur\u0103 de promenad\u0103 \u00eentre Faleza &lt;&lt;Ivan Patzaichin&gt;&gt; \u015fi Monumentul Independen\u0163ei \u015fi s\u0103 punem \u00een valoare aceast\u0103 zon\u0103 istoric\u0103. Vom pune piatr\u0103 cubic\u0103 pe carosabil \u015fi vom refolosi piatra ro\u015fiatic\u0103 de pe trotuar. La trotuar se refolose\u015fte piatra, a\u015fa cum a fost \u015fi pe Mahmudiei, \u015fi se remonteaz\u0103 \u00eentr-o form\u0103 mult mai accesibil\u0103, \u00eendreptat\u0103. Pe carosabil, acolo unde vor circula ma\u015finile, sau pietonii, dup\u0103 caz, se pune o alt\u0103 piatr\u0103 cubic\u0103, iar aceasta s\u0103 fie adecvat\u0103 traficului auto, dar \u015fi dup\u0103 caz, a mersului pe jos. Piatra, care \u00eenc\u0103 mai este pe anumite str\u0103zi ale ora\u015fului, nu a fost proiectat\u0103, acum zeci de ani \u00een urm\u0103, pentru traficul auto, ci pentru tipul de trafic care era atunci. \u015etim cu to\u0163ii c\u0103 sunt localit\u0103\u0163i\u00a0 cu tradi\u0163ie, care au str\u0103zi cu piatr\u0103 cubic\u0103, dar piatra aceasta cubic\u0103, unde circul\u0103 ma\u015finile, este foarte bine montat\u0103, f\u0103r\u0103 spa\u0163ii \u00eentre ele, fasonat\u0103, \u00een a\u015fa fel \u00eenc\u00e2t s\u0103 fie u\u015for accesibile autovehiculelor \u015fi s\u0103 nu provoace un disconfort de zgomot, mai ales pentru riverani, pentru cei care stau pe strada respectiv\u0103\u201d, a explicat edilul.<\/p>\n<\/blockquote>\n<p>Primarul spune c\u0103 prin crearea unei zone pietonale pe strada Gloriei, comunit\u0103\u0163ile care locuiesc \u00een zon\u0103 \u00ee\u015fi vor putea pune \u00een valoare tradi\u0163iile pe care le au, dar \u015fi m\u00e2nca-rea, prin amplasarea de terase.<\/p>\n<blockquote>\n<p>\u201e\u015etiu c\u0103 o parte din oamenii de-acolo \u015fi-ar dori s\u0103 fie asfalt, numai c\u0103 sunt convins c\u0103 o piatr\u0103 cubic\u0103 pus\u0103 modern, a\u015fa cum se pune \u00een toate municipiile, mai ales \u00een municipiile re\u015fedin\u0163\u0103 de jude\u0163 cu valoare istoric\u0103, va fi pl\u0103cut\u0103 de cet\u0103\u0163eni dup\u0103 ce va fi montat\u0103, mai ales celor vecini de-acolo, care \u00ee\u015fi vor pune \u00een valoare foarte multe lucruri. De exemplu, pe strada Gloriei este o foarte important\u0103 comunitate lipoveneasc\u0103. Dac\u0103 o vom face, de exemplu, \u015fi ca zon\u0103 de promenad\u0103 dinspre falez\u0103 spre monument \u00een weekend, l\u0103s\u0103m un sens pentru autovehicule, atunci cet\u0103\u0163enii \u00ee\u015fi vor putea pune \u00een valoare tradi\u0163iile pe care le au. \u015ei nu doar lipovenii, ci \u015fi alte etnii, \u00een a\u015fa fel \u00eenc\u00e2t atunci c\u00e2nd pleci de pe falez\u0103 \u015fi te duci s\u0103 vezi monumentul, s\u0103 po\u0163i sta la o teras\u0103, s\u0103 po\u0163i vedea bisericile lipovene\u015fti, care sunt deosebit de frumoase. Putem avea o zon\u0103 de promenad\u0103 mai mare pentru ora\u015ful nostru, iar asta ne dorim s\u0103 facem\u201d, a precizat primarul.<\/p>\n<\/blockquote>\n<p>De asemenea, \u015etefan Ilie a amintit c\u0103, de-a lungul timpului, au fost unele probleme \u015fi cu al\u0163i constructori.<\/p>\n<blockquote>\n<p>\u201eCu orice constructor noi am mai avut probleme, fiindc\u0103 fiecare \u00eencearc\u0103 s\u0103 ob\u0163in\u0103 mai mult. \u00centotdeauna va exista o negociere perpetu\u0103 \u00eentre beneficiar \u015fi executantul lucr\u0103rilor. Au mai fost cazuri \u00een care cet\u0103\u0163enii au reclamat dup\u0103 c\u0103 se str\u00e2nge apa dup\u0103 ce au asfaltat \u015fi le-am spus s\u0103 intervin\u0103. \u00cen general am avut o colaborare bun\u0103, nu pot s\u0103 spun c\u0103 am avut o colaborare rea. Nu am niciun fel de dubii c\u0103 nu vom rezolva, chiar dac\u0103 acest lucru \u00eenseamn\u0103 \u015fi un disconfort pentru cet\u0103\u0163eni. Nu avem p\u00e2rghii legale pentru a preveni aceast\u0103 situa\u0163ie \u00eenainte de licita\u0163ie. Am avut \u015fi la repara\u0163ia unor \u015fcoli ni\u015fte situa\u0163ii asem\u0103n\u0103toare. La Liceul Teoretic &lt;&lt;Grigore Moisil&gt;&gt;, societatea respectiv\u0103 a intrat \u00eentr-o procedur\u0103 financiar\u0103 grea \u00een timpul execu\u0163iei lucr\u0103rilor. A trebuit s\u0103 fac toate eforturile pentru a nu rata aceast\u0103 investi\u0163ie, fiindc\u0103 probabil c\u0103 nici ast\u0103zi copiii nu s-ar fi mutat \u00eenapoi \u00een \u015fcoala lor. Neput\u00e2nd preveni astfel de lucruri, este foarte important s\u0103 g\u0103sim solu\u0163ii\u201d, a spus \u015etefan Ilie.<\/p>\n<\/blockquote>\n<p>Lucr\u0103rile aferente str\u0103zii Gloriei fac parte din obiectivul de investi\u0163ii \u201eReabilitare \u015fi modernizare str\u0103zi Municipiul Tulcea, Zona Est \u2013 Etapa 1\u2033. Investi\u0163ia se coreleaz\u0103 cu alte dou\u0103 proiecte majore derulate \u00een municipiu: \u201eLucr\u0103ri edilitare str\u0103zi Municipiul Tulcea Zona Est\u201d \u015fi \u201e\u00cembun\u0103t\u0103\u0163irea capacit\u0103\u0163ii de preluare a apelor meteorice din Municipiul Tulcea\u201d. Acestea vizeaz\u0103 modernizarea \u015fi extinderea re\u0163elelor de ap\u0103 \u015fi de canalizare menajer\u0103, precum \u015fi a sistemului de colectare a apelor pluviale.<\/p>\n<p>Astfel, pe l\u00e2ng\u0103 reabilitarea sistemului rutier, proiectul are scopul de a se realiza lucr\u0103rile tehnico-edilitare necesare, \u00een vederea reducerii riscului de acumul\u0103ri mari de ap\u0103 \u015fi a disfunc\u0163ionalit\u0103\u0163ilor ap\u0103rute \u00een infrastructura subteran\u0103.<\/p>\n<p>Etapa 1 a proiectului vizeaz\u0103 reabilitarea \u015fi modernizarea a 15 str\u0103zi (17 tronsoane) din Zona Est a municipiului Tulcea, \u00eensum\u00e2nd o lungime de 8.188 de metri.<\/p>\n<p>Lista str\u0103zilor incluse \u00een proiect: 24 Ianuarie, Cuza Vod\u0103 (tronson Mihail Kog\u0103lniceanu \u2013 M\u0103r\u0103\u015fe\u015fti), Armean\u0103, Concordiei (Tr. 1 \u015fi Tr. 2), Gloriei, Avram Iancu, S\u0103lciilor, Mihai Viteazu (Tr. 1 \u015fi Tr. 2), Rahovei, Traian Vuia, Nicolae B\u0103lcescu, George Georgescu, Plugarilor, Prim\u0103verii \u015fi Prislav (tronson Nicolae B\u0103lcescu \u2013 sens giratoriu Orizontului).<\/p>\n<p>\u00cen prezent, au r\u0103mas de reabilitat str\u0103zile Gloriei \u015fi Mihai Viteazu. Pe strada Mihai Viteazu, lucr\u0103rile au fost \u00eent\u00e2rziate din cauza faptului c\u0103 societatea Aquaserv S.A. a intrat \u00eentr-o imposibilitatea de gestionare a fondurilor europene. Acum urmeaz\u0103 ca Societatea S.C. Kronstarr Bau Company S.R.L s\u0103 continue lucr\u0103rile pe aceast\u0103 strad\u0103.<\/p>\n<\/div>\n<p>[analyse_source url=&#8221;https:\/\/ziaruldelta.ro\/2026\/07\/02\/primarul-stefan-ilie-nu-renunta-la-piatra-cubica-de-pe-strada-gloriei-constructorul-vrea-sa-puna-pavele-dar-risca-rezilierea-contractului\/&#8221;]<\/p>\n","protected":false},"excerpt":{"rendered":"<p>[analyse_image type=&#8221;featured&#8221; src=&#8221;https:\/\/ziaruldelta.ro\/wp-content\/uploads\/2026\/07\/Primarul.jpg&#8221;] Primarul \u015etefan Ilie nu renun\u0163\u0103 la piatra cubic\u0103 de pe strada Gloriei. Constructorul vrea s\u0103 pun\u0103 pavele, dar risc\u0103 rezilierea contractului Posted by Claudia Ionescu | Jul 2, 2026 | Stirea Zilei | Primarul \u015etefan Ilie nu renun\u0163\u0103 la piatra cubic\u0103 de pe strada Gloriei, \u00een ciuda solicit\u0103rii\u00a0 \u00eenaintate de S.C. Kronstarr [&hellip;]<\/p>\n","protected":false},"author":1,"featured_media":0,"comment_status":"open","ping_status":"","sticky":false,"template":"","format":"standard","meta":{"footnotes":""},"categories":[89],"tags":[226,206],"class_list":["post-2026167","post","type-post","status-publish","format-standard","hentry","category-romania","tag-crawlmanager","tag-ziaruldelta-ro"],"_links":{"self":[{"href":"https:\/\/analyse.optim.biz\/index.php?rest_route=\/wp\/v2\/posts\/2026167","targetHints":{"allow":["GET"]}}],"collection":[{"href":"https:\/\/analyse.optim.biz\/index.php?rest_route=\/wp\/v2\/posts"}],"about":[{"href":"https:\/\/analyse.optim.biz\/index.php?rest_route=\/wp\/v2\/types\/post"}],"author":[{"embeddable":true,"href":"https:\/\/analyse.optim.biz\/index.php?rest_route=\/wp\/v2\/users\/1"}],"replies":[{"embeddable":true,"href":"https:\/\/analyse.optim.biz\/index.php?rest_route=%2Fwp%2Fv2%2Fcomments&post=2026167"}],"version-history":[{"count":0,"href":"https:\/\/analyse.optim.biz\/index.php?rest_route=\/wp\/v2\/posts\/2026167\/revisions"}],"wp:attachment":[{"href":"https:\/\/analyse.optim.biz\/index.php?rest_route=%2Fwp%2Fv2%2Fmedia&parent=2026167"}],"wp:term":[{"taxonomy":"category","embeddable":true,"href":"https:\/\/analyse.optim.biz\/index.php?rest_route=%2Fwp%2Fv2%2Fcategories&post=2026167"},{"taxonomy":"post_tag","embeddable":true,"href":"https:\/\/analyse.optim.biz\/index.php?rest_route=%2Fwp%2Fv2%2Ftags&post=2026167"}],"curies":[{"name":"wp","href":"https:\/\/api.w.org\/{rel}","templated":true}]}}