{"id":2026165,"date":"2026-07-02T06:00:02","date_gmt":"2026-07-02T03:00:02","guid":{"rendered":"https:\/\/analyse.optim.biz\/?p=2026165"},"modified":"2026-07-02T06:00:02","modified_gmt":"2026-07-02T03:00:02","slug":"nunta-cu-scandal-11-persoane-trimise-in-judecata-dupa-atacul-violent-din-isaccea-sase-inculpati-sunt-in","status":"publish","type":"post","link":"https:\/\/analyse.optim.biz\/?p=2026165","title":{"rendered":"Nunt\u0103 cu scandal: 11 persoane, trimise \u00een judecat\u0103 dup\u0103 atacul violent din Isaccea. \u015ease inculpa\u0163i sunt \u00een"},"content":{"rendered":"<p>[analyse_image type=&#8221;featured&#8221; src=&#8221;https:\/\/ziaruldelta.ro\/wp-content\/uploads\/2026\/06\/barbat-din-sulina.jpg&#8221;]<\/p>\n<article id=\"post-37268\" class=\"module single-post-module post-37268 post type-post status-publish format-standard has-post-thumbnail hentry category-actualitate et-has-post-format-content et_post_format-et-post-format-standard\">\n<div class=\"post-header\">\n<h1 class=\"entry-title\">Nunt\u0103 cu scandal: 11 persoane, trimise \u00een judecat\u0103 dup\u0103 atacul violent din Isaccea. \u015ease inculpa\u0163i sunt \u00een arest preventiv<\/h1>\n<div class=\"post-meta vcard\">\n<p>Posted by <a href=\"https:\/\/ziaruldelta.ro\/author\/claudia-ionescu\/\" class=\"url fn\" title=\"Posts by Claudia Ionescu\" rel=\"author\">Claudia Ionescu<\/a> | <span class=\"updated\">Jul 2, 2026<\/span> | <a href=\"https:\/\/ziaruldelta.ro\/category\/actualitate\/\" rel=\"tag\">Actualitate<\/a> | <\/p>\n<\/div>\n<\/div>\n<div class=\"post-thumbnail header\"><img decoding=\"async\" src=\"https:\/\/ziaruldelta.ro\/wp-content\/uploads\/2026\/06\/barbat-din-sulina.jpg\" alt=\"Nunt\u0103 cu scandal: 11 persoane, trimise \u00een judecat\u0103 dup\u0103 atacul violent din Isaccea. \u015ease inculpa\u0163i sunt \u00een arest preventiv\"><\/div>\n<div class=\"post-wrap\">\n<div class=\"post-content entry-content\">\n<p>Procurorii Parchetului de pe l\u00e2ng\u0103 Tribunalul Tulcea au finalizat cercet\u0103rile \u00een dosarul privind conflictul violent petrecut \u00een luna aprilie \u00een ora\u015ful Isaccea \u015fi au dispus trimiterea \u00een judecat\u0103 a 11 inculpa\u0163i. Potrivit unui comunicat de pres\u0103 transmis, ieri, de Parchetul de pe l\u00e2ng\u0103 Tribunalul Tulcea, \u015fase dintre inculpa\u0163i sunt cerceta\u0163i \u00een stare de arest preventiv pentru s\u0103v\u00e2r\u015firea infrac\u0163iunilor de tentativ\u0103 la omor, violare de domiciliu, distrugere \u015fi tulburarea ordinii \u015fi lini\u015ftii publice, iar al\u0163i cinci inculpa\u0163i au fost trimi\u015fi \u00een judecat\u0103 sub control judiciar pentru violare de domiciliu, distrugere \u015fi tulburarea ordinii \u015fi lini\u015ftii publice.<\/p>\n<p>Anchetatorii au stabilit c\u0103 incidentul s-a petrecut \u00een 24 aprilie 2026, dup\u0103 un conflict izbucnit la o nunt\u0103 organizat\u0103 \u00een Isaccea \u00eentre fra\u0163ii A.A. \u015fi A.D. \u015fi inculpatul I.D. \u00cen urma alterca\u0163iei, acesta din urm\u0103 a cerut sprijinul membrilor familiei sale. Potrivit procurorilor, cei 11 inculpa\u0163i, al\u0103turi de alte persoane, s-au deplasat din municipiul Tulcea la locuin\u0163a persoanelor v\u0103t\u0103mate din Isaccea, \u00eenarma\u0163i cu b\u00e2te, bare \u015fi \u0163evi metalice. Ace\u015ftia ar fi p\u0103truns f\u0103r\u0103 drept \u00een curtea imobilului, unde au distrus geamuri, u\u015fi \u015fi un autoturism Audi A8, iar doi dintre ei au intrat \u00een locuin\u0163\u0103 pentru a-i c\u0103uta pe proprietari.<\/p>\n<p>\u00cen cursul urm\u0103ririi penale, efectuate de un procuror din cadrul Parchetului de pe l\u00e2ng\u0103 Tribunalul Tulcea, cu sprijinul organelor de poli\u0163ie judiciar\u0103 din cadrul Serviciului de Investiga\u0163ii Criminale al IPJ Tulcea, fa\u0163\u0103 de \u015fase inculpa\u0163i a fost dispus\u0103 m\u0103sura arestului preventiv pentru 30 de zile, m\u0103sur\u0103 prelungit\u0103 ulterior de judec\u0103torul de drepturi \u015fi libert\u0103\u0163i din cadrul Tribunalului Tulcea. Pentru ceilal\u0163i cinci inculpa\u0163i, procurorul de caz a dispus m\u0103sura controlului judiciar. Dosarul a fost \u00eenaintat Tribunalului Tulcea, instan\u0163\u0103 competent\u0103 s\u0103 judece cauza.<\/p>\n<p>Citi\u0163i continuarea \u00een edi\u0163ia tip\u0103rit\u0103 a ziarului Delta.<\/p>\n<\/div>\n<\/div>\n<div class=\"post-footer\">\n<div class=\"social-icons ed-social-share-icons\">\n<p class=\"share-title\">Share:<\/p>\n<\/div>\n<div class=\"rating-stars\">\n<p id=\"rate-title\" class=\"rate-title\">Rate:<\/p>\n<\/div>\n<\/div>\n<\/article>\n<div class=\"post-content entry-content\">\n<p>Procurorii Parchetului de pe l\u00e2ng\u0103 Tribunalul Tulcea au finalizat cercet\u0103rile \u00een dosarul privind conflictul violent petrecut \u00een luna aprilie \u00een ora\u015ful Isaccea \u015fi au dispus trimiterea \u00een judecat\u0103 a 11 inculpa\u0163i. Potrivit unui comunicat de pres\u0103 transmis, ieri, de Parchetul de pe l\u00e2ng\u0103 Tribunalul Tulcea, \u015fase dintre inculpa\u0163i sunt cerceta\u0163i \u00een stare de arest preventiv pentru s\u0103v\u00e2r\u015firea infrac\u0163iunilor de tentativ\u0103 la omor, violare de domiciliu, distrugere \u015fi tulburarea ordinii \u015fi lini\u015ftii publice, iar al\u0163i cinci inculpa\u0163i au fost trimi\u015fi \u00een judecat\u0103 sub control judiciar pentru violare de domiciliu, distrugere \u015fi tulburarea ordinii \u015fi lini\u015ftii publice.<\/p>\n<p>Anchetatorii au stabilit c\u0103 incidentul s-a petrecut \u00een 24 aprilie 2026, dup\u0103 un conflict izbucnit la o nunt\u0103 organizat\u0103 \u00een Isaccea \u00eentre fra\u0163ii A.A. \u015fi A.D. \u015fi inculpatul I.D. \u00cen urma alterca\u0163iei, acesta din urm\u0103 a cerut sprijinul membrilor familiei sale. Potrivit procurorilor, cei 11 inculpa\u0163i, al\u0103turi de alte persoane, s-au deplasat din municipiul Tulcea la locuin\u0163a persoanelor v\u0103t\u0103mate din Isaccea, \u00eenarma\u0163i cu b\u00e2te, bare \u015fi \u0163evi metalice. Ace\u015ftia ar fi p\u0103truns f\u0103r\u0103 drept \u00een curtea imobilului, unde au distrus geamuri, u\u015fi \u015fi un autoturism Audi A8, iar doi dintre ei au intrat \u00een locuin\u0163\u0103 pentru a-i c\u0103uta pe proprietari.<\/p>\n<p>\u00cen cursul urm\u0103ririi penale, efectuate de un procuror din cadrul Parchetului de pe l\u00e2ng\u0103 Tribunalul Tulcea, cu sprijinul organelor de poli\u0163ie judiciar\u0103 din cadrul Serviciului de Investiga\u0163ii Criminale al IPJ Tulcea, fa\u0163\u0103 de \u015fase inculpa\u0163i a fost dispus\u0103 m\u0103sura arestului preventiv pentru 30 de zile, m\u0103sur\u0103 prelungit\u0103 ulterior de judec\u0103torul de drepturi \u015fi libert\u0103\u0163i din cadrul Tribunalului Tulcea. Pentru ceilal\u0163i cinci inculpa\u0163i, procurorul de caz a dispus m\u0103sura controlului judiciar. Dosarul a fost \u00eenaintat Tribunalului Tulcea, instan\u0163\u0103 competent\u0103 s\u0103 judece cauza.<\/p>\n<p>Citi\u0163i continuarea \u00een edi\u0163ia tip\u0103rit\u0103 a ziarului Delta.<\/p>\n<\/div>\n<div class=\"post-content entry-content\">\n<p>Procurorii Parchetului de pe l\u00e2ng\u0103 Tribunalul Tulcea au finalizat cercet\u0103rile \u00een dosarul privind conflictul violent petrecut \u00een luna aprilie \u00een ora\u015ful Isaccea \u015fi au dispus trimiterea \u00een judecat\u0103 a 11 inculpa\u0163i. Potrivit unui comunicat de pres\u0103 transmis, ieri, de Parchetul de pe l\u00e2ng\u0103 Tribunalul Tulcea, \u015fase dintre inculpa\u0163i sunt cerceta\u0163i \u00een stare de arest preventiv pentru s\u0103v\u00e2r\u015firea infrac\u0163iunilor de tentativ\u0103 la omor, violare de domiciliu, distrugere \u015fi tulburarea ordinii \u015fi lini\u015ftii publice, iar al\u0163i cinci inculpa\u0163i au fost trimi\u015fi \u00een judecat\u0103 sub control judiciar pentru violare de domiciliu, distrugere \u015fi tulburarea ordinii \u015fi lini\u015ftii publice.<\/p>\n<p>Anchetatorii au stabilit c\u0103 incidentul s-a petrecut \u00een 24 aprilie 2026, dup\u0103 un conflict izbucnit la o nunt\u0103 organizat\u0103 \u00een Isaccea \u00eentre fra\u0163ii A.A. \u015fi A.D. \u015fi inculpatul I.D. \u00cen urma alterca\u0163iei, acesta din urm\u0103 a cerut sprijinul membrilor familiei sale. Potrivit procurorilor, cei 11 inculpa\u0163i, al\u0103turi de alte persoane, s-au deplasat din municipiul Tulcea la locuin\u0163a persoanelor v\u0103t\u0103mate din Isaccea, \u00eenarma\u0163i cu b\u00e2te, bare \u015fi \u0163evi metalice. Ace\u015ftia ar fi p\u0103truns f\u0103r\u0103 drept \u00een curtea imobilului, unde au distrus geamuri, u\u015fi \u015fi un autoturism Audi A8, iar doi dintre ei au intrat \u00een locuin\u0163\u0103 pentru a-i c\u0103uta pe proprietari.<\/p>\n<p>\u00cen cursul urm\u0103ririi penale, efectuate de un procuror din cadrul Parchetului de pe l\u00e2ng\u0103 Tribunalul Tulcea, cu sprijinul organelor de poli\u0163ie judiciar\u0103 din cadrul Serviciului de Investiga\u0163ii Criminale al IPJ Tulcea, fa\u0163\u0103 de \u015fase inculpa\u0163i a fost dispus\u0103 m\u0103sura arestului preventiv pentru 30 de zile, m\u0103sur\u0103 prelungit\u0103 ulterior de judec\u0103torul de drepturi \u015fi libert\u0103\u0163i din cadrul Tribunalului Tulcea. Pentru ceilal\u0163i cinci inculpa\u0163i, procurorul de caz a dispus m\u0103sura controlului judiciar. Dosarul a fost \u00eenaintat Tribunalului Tulcea, instan\u0163\u0103 competent\u0103 s\u0103 judece cauza.<\/p>\n<p>Citi\u0163i continuarea \u00een edi\u0163ia tip\u0103rit\u0103 a ziarului Delta.<\/p>\n<\/div>\n<p>[analyse_source url=&#8221;https:\/\/ziaruldelta.ro\/2026\/07\/02\/nunta-cu-scandal-11-persoane-trimise-in-judecata-dupa-atacul-violent-din-isaccea-sase-inculpati-sunt-in-arest-preventiv\/&#8221;]<\/p>\n","protected":false},"excerpt":{"rendered":"<p>[analyse_image type=&#8221;featured&#8221; src=&#8221;https:\/\/ziaruldelta.ro\/wp-content\/uploads\/2026\/06\/barbat-din-sulina.jpg&#8221;] Nunt\u0103 cu scandal: 11 persoane, trimise \u00een judecat\u0103 dup\u0103 atacul violent din Isaccea. \u015ease inculpa\u0163i sunt \u00een arest preventiv Posted by Claudia Ionescu | Jul 2, 2026 | Actualitate | Procurorii Parchetului de pe l\u00e2ng\u0103 Tribunalul Tulcea au finalizat cercet\u0103rile \u00een dosarul privind conflictul violent petrecut \u00een luna aprilie \u00een ora\u015ful Isaccea [&hellip;]<\/p>\n","protected":false},"author":1,"featured_media":0,"comment_status":"open","ping_status":"","sticky":false,"template":"","format":"standard","meta":{"footnotes":""},"categories":[89],"tags":[226,206],"class_list":["post-2026165","post","type-post","status-publish","format-standard","hentry","category-romania","tag-crawlmanager","tag-ziaruldelta-ro"],"_links":{"self":[{"href":"https:\/\/analyse.optim.biz\/index.php?rest_route=\/wp\/v2\/posts\/2026165","targetHints":{"allow":["GET"]}}],"collection":[{"href":"https:\/\/analyse.optim.biz\/index.php?rest_route=\/wp\/v2\/posts"}],"about":[{"href":"https:\/\/analyse.optim.biz\/index.php?rest_route=\/wp\/v2\/types\/post"}],"author":[{"embeddable":true,"href":"https:\/\/analyse.optim.biz\/index.php?rest_route=\/wp\/v2\/users\/1"}],"replies":[{"embeddable":true,"href":"https:\/\/analyse.optim.biz\/index.php?rest_route=%2Fwp%2Fv2%2Fcomments&post=2026165"}],"version-history":[{"count":0,"href":"https:\/\/analyse.optim.biz\/index.php?rest_route=\/wp\/v2\/posts\/2026165\/revisions"}],"wp:attachment":[{"href":"https:\/\/analyse.optim.biz\/index.php?rest_route=%2Fwp%2Fv2%2Fmedia&parent=2026165"}],"wp:term":[{"taxonomy":"category","embeddable":true,"href":"https:\/\/analyse.optim.biz\/index.php?rest_route=%2Fwp%2Fv2%2Fcategories&post=2026165"},{"taxonomy":"post_tag","embeddable":true,"href":"https:\/\/analyse.optim.biz\/index.php?rest_route=%2Fwp%2Fv2%2Ftags&post=2026165"}],"curies":[{"name":"wp","href":"https:\/\/api.w.org\/{rel}","templated":true}]}}