{"id":2025535,"date":"2026-07-03T16:17:42","date_gmt":"2026-07-03T13:17:42","guid":{"rendered":"https:\/\/analyse.optim.biz\/?p=2025535"},"modified":"2026-07-03T16:17:42","modified_gmt":"2026-07-03T13:17:42","slug":"individ-ridicat-de-politisti-de-pe-aeroportul-suceava-dupa-ce-a-inselat-o-femeie-stiri-suceava","status":"publish","type":"post","link":"https:\/\/analyse.optim.biz\/?p=2025535","title":{"rendered":"Individ ridicat de poli\u021bi\u0219ti de pe Aeroportul Suceava dup\u0103 ce a \u00een\u0219elat o femeie &#8211; Stiri Suceava"},"content":{"rendered":"<p>[analyse_image type=&#8221;featured&#8221; src=&#8221;https:\/\/www.informatiata.ro\/wp-content\/uploads\/2023\/03\/Aeroport-Suceava-1.png&#8221;]<\/p>\n<div class=\"td-post-content tagdiv-type\">\n<div class=\"td-post-featured-image\"><a href=\"https:\/\/www.informatiata.ro\/wp-content\/uploads\/2023\/03\/Aeroport-Suceava-1.png\" data-caption><img loading=\"lazy\" decoding=\"async\" width=\"650\" height=\"406\" class=\"entry-thumb td-modal-image\" src=\"https:\/\/www.informatiata.ro\/wp-content\/uploads\/2023\/03\/Aeroport-Suceava-1.png\" alt title=\"Aeroport Suceava 1\"><img loading=\"lazy\" decoding=\"async\" width=\"650\" height=\"406\" class=\"entry-thumb td-modal-image\" src=\"https:\/\/www.informatiata.ro\/wp-content\/uploads\/2023\/03\/Aeroport-Suceava-1.png\" alt title=\"Aeroport Suceava 1\"><\/a><\/div>\n<p>Individ ridicat de poli\u021bi\u0219ti de pe Aeroportul Suceava dup\u0103 ce a \u00een\u0219elat o femeie. <\/p>\n<p>Poli\u021bi\u0219tii suceveni continu\u0103 cercet\u0103rile \u00eentr-un dosar penal privind s\u0103v\u00e2r\u0219irea infrac\u021biunii de \u00een\u0219el\u0103ciune, dup\u0103 o sesizare ini\u021biat\u0103 \u00een data de 20 iunie.<\/p>\n<div class=\"td-a-rec td-a-rec-id-content_inlineright  tdi_7 td_block_template_1\"><img loading=\"lazy\" decoding=\"async\" class=\"aligncenter size-full wp-image-65495\" src=\"https:\/\/www.informatiata.ro\/wp-content\/uploads\/2026\/06\/SAVCOM-29.06-05.07.gif\" alt width=\"299\" height=\"250\"><img loading=\"lazy\" decoding=\"async\" class=\"aligncenter size-full wp-image-65495\" src=\"https:\/\/www.informatiata.ro\/wp-content\/uploads\/2026\/06\/SAVCOM-29.06-05.07.gif\" alt width=\"299\" height=\"250\"><img loading=\"lazy\" decoding=\"async\" class=\"aligncenter size-full wp-image-65494\" src=\"https:\/\/www.informatiata.ro\/wp-content\/uploads\/2026\/06\/FACOS-29.06-05.07.gif\" alt width=\"300\" height=\"250\"><img loading=\"lazy\" decoding=\"async\" class=\"aligncenter size-full wp-image-65494\" src=\"https:\/\/www.informatiata.ro\/wp-content\/uploads\/2026\/06\/FACOS-29.06-05.07.gif\" alt width=\"300\" height=\"250\"><\/div>\n<p>Ancheta a fost demarat\u0103 dup\u0103 ce un b\u0103rbat a reclamat faptul c\u0103 fiica sa ar fi fost indus\u0103 \u00een eroare \u00een leg\u0103tur\u0103 cu remiterea sumei de 4.000 de lire sterline, bani destina\u021bi unor lucr\u0103ri la o locuin\u021b\u0103 din comuna \u0218cheia.<\/p>\n<p>Din verific\u0103rile efectuate de poli\u021bi\u0219ti a reie\u0219it c\u0103, \u00een cursul lunii mai, o femeie aflat\u0103 \u00een Marea Britanie ar fi fost determinat\u0103 s\u0103 trimit\u0103 suma men\u021bionat\u0103 prin intermediul unui b\u0103rbat care s-a prezentat drept transportator interna\u021bional de persoane \u0219i colete. Acesta ar fi preluat banii, \u00eens\u0103 nu i-ar mai fi remis destinatarului din Rom\u00e2nia, invoc\u00e2nd ulterior diverse motive \u0219i am\u00e2n\u0103ri succesive.<\/p>\n<p>Ulterior, \u00een lipsa primirii banilor, au fost f\u0103cute mai multe apeluri \u0219i schimburi de mesaje \u00eentre persoanele implicate, \u00eens\u0103 situa\u021bia nu a fost solu\u021bionat\u0103, fiind continuate promisiunile f\u0103r\u0103 acoperire.<\/p>\n<p>\u00cen cauz\u0103 a fost deschis dosar penal pentru \u00een\u0219el\u0103ciune, iar ulterior s-a dispus \u00eenceperea urm\u0103ririi penale in rem. <\/p>\n<p>La data de 01 iulie, prin ordonan\u021b\u0103, s-a dispus efectuarea urm\u0103ririi penale fa\u021b\u0103 de un b\u0103rbat \u00een v\u00e2rst\u0103 de 41 de ani, domiciliat \u00een municipiul Suceava, m\u0103sur\u0103 confirmat\u0103 de procuror la data de 02 iulie.<\/p>\n<p>Din cercet\u0103ri a rezultat c\u0103 persoana vizat\u0103 ar fi indus \u00een eroare femeia din str\u0103in\u0103tate prin atribuirea \u00een mod nereal a calit\u0103\u021bii de transportator interna\u021bional, determin\u00e2nd-o s\u0103 \u00eei \u00eencredin\u021beze suma de 4.000 de lire, bani pe care \u0219i i-ar fi \u00eensu\u0219it f\u0103r\u0103 a-i remite destinatarului.<\/p>\n<p>Totodat\u0103, verific\u0103rile au indicat c\u0103 b\u0103rbatul are antecedente penale \u0219i se afl\u0103 \u00een stare de recidiv\u0103, fiind anterior condamnat definitiv pentru o infrac\u021biune la regimul rutier. De asemenea, acesta este cercetat \u0219i \u00een alte cauze privind fapte contra patrimoniului.<\/p>\n<p>\u00cen diminea\u021ba zilei de 02 iulie, \u00een jurul orei 05.00, poli\u021bi\u0219tii Biroului de Investiga\u021bii Criminale au pus \u00een aplicare un mandat de aducere, identific\u00e2nd persoana vizat\u0103 \u00een incinta Aeroportului \u201e\u0218tefan cel Mare\u201d Suceava, \u00een timp ce efectua formalit\u0103\u021bi pentru un zbor pe ruta Suceava\u2013Londra Luton.<\/p>\n<p>B\u0103rbatul a fost condus la sediul Poli\u021biei municipiului Suceava, audiat \u00een calitate de suspect, iar ulterior re\u021binut pentru 24 de ore. Acesta a fost introdus \u00een Centrul de Re\u021binere \u0219i Arestare Preventiv\u0103 din cadrul IPJ Suceava.<\/p>\n<p>Cercet\u0103rile sunt continuate sub coordonarea Parchetului de pe l\u00e2ng\u0103 Judec\u0103toria Suceava, urm\u00e2nd a fi analizate \u0219i procedurile necesare pentru continuarea demersurilor judiciare \u00een condi\u021biile legii.<\/p>\n<\/div>\n<p>[analyse_source url=&#8221;https:\/\/www.informatiata.ro\/ridicat-de-politisti-de-pe-aeroport-suceava\/&#8221;]<\/p>\n","protected":false},"excerpt":{"rendered":"<p>[analyse_image type=&#8221;featured&#8221; src=&#8221;https:\/\/www.informatiata.ro\/wp-content\/uploads\/2023\/03\/Aeroport-Suceava-1.png&#8221;] Individ ridicat de poli\u021bi\u0219ti de pe Aeroportul Suceava dup\u0103 ce a \u00een\u0219elat o femeie. Poli\u021bi\u0219tii suceveni continu\u0103 cercet\u0103rile \u00eentr-un dosar penal privind s\u0103v\u00e2r\u0219irea infrac\u021biunii de \u00een\u0219el\u0103ciune, dup\u0103 o sesizare ini\u021biat\u0103 \u00een data de 20 iunie. Ancheta a fost demarat\u0103 dup\u0103 ce un b\u0103rbat a reclamat faptul c\u0103 fiica sa ar fi fost [&hellip;]<\/p>\n","protected":false},"author":1,"featured_media":0,"comment_status":"open","ping_status":"","sticky":false,"template":"","format":"standard","meta":{"footnotes":""},"categories":[89],"tags":[226,167],"class_list":["post-2025535","post","type-post","status-publish","format-standard","hentry","category-romania","tag-crawlmanager","tag-informatiata-ro"],"_links":{"self":[{"href":"https:\/\/analyse.optim.biz\/index.php?rest_route=\/wp\/v2\/posts\/2025535","targetHints":{"allow":["GET"]}}],"collection":[{"href":"https:\/\/analyse.optim.biz\/index.php?rest_route=\/wp\/v2\/posts"}],"about":[{"href":"https:\/\/analyse.optim.biz\/index.php?rest_route=\/wp\/v2\/types\/post"}],"author":[{"embeddable":true,"href":"https:\/\/analyse.optim.biz\/index.php?rest_route=\/wp\/v2\/users\/1"}],"replies":[{"embeddable":true,"href":"https:\/\/analyse.optim.biz\/index.php?rest_route=%2Fwp%2Fv2%2Fcomments&post=2025535"}],"version-history":[{"count":0,"href":"https:\/\/analyse.optim.biz\/index.php?rest_route=\/wp\/v2\/posts\/2025535\/revisions"}],"wp:attachment":[{"href":"https:\/\/analyse.optim.biz\/index.php?rest_route=%2Fwp%2Fv2%2Fmedia&parent=2025535"}],"wp:term":[{"taxonomy":"category","embeddable":true,"href":"https:\/\/analyse.optim.biz\/index.php?rest_route=%2Fwp%2Fv2%2Fcategories&post=2025535"},{"taxonomy":"post_tag","embeddable":true,"href":"https:\/\/analyse.optim.biz\/index.php?rest_route=%2Fwp%2Fv2%2Ftags&post=2025535"}],"curies":[{"name":"wp","href":"https:\/\/api.w.org\/{rel}","templated":true}]}}