{"id":2025276,"date":"2026-07-02T06:00:07","date_gmt":"2026-07-02T03:00:07","guid":{"rendered":"https:\/\/analyse.optim.biz\/?p=2025276"},"modified":"2026-07-02T06:00:07","modified_gmt":"2026-07-02T03:00:07","slug":"senatorul-stefan-bortun-s-a-afiliat-grupului-pnl-din-senat-cred-ca-solutia-este-liberalismul-performanta","status":"publish","type":"post","link":"https:\/\/analyse.optim.biz\/?p=2025276","title":{"rendered":"Senatorul \u015etefan Bor\u0163un s-a afiliat grupului PNL din Senat: \u201eCred c\u0103 solu\u0163ia este liberalismul, performan\u0163a"},"content":{"rendered":"<p>[analyse_image type=&#8221;featured&#8221; src=&#8221;https:\/\/ziaruldelta.ro\/wp-content\/uploads\/2026\/07\/Senatorul-Stefan-Bortun.jpg&#8221;]<\/p>\n<article id=\"post-37271\" class=\"module single-post-module post-37271 post type-post status-publish format-standard has-post-thumbnail hentry category-politica-administratie et-has-post-format-content et_post_format-et-post-format-standard\">\n<div class=\"post-header\">\n<h1 class=\"entry-title\">Senatorul \u015etefan Bor\u0163un s-a afiliat grupului PNL din Senat: \u201eCred c\u0103 solu\u0163ia este liberalismul, performan\u0163a \u015fi meritocra\u0163ia\u201d<\/h1>\n<div class=\"post-meta vcard\">\n<p>Posted by <a href=\"https:\/\/ziaruldelta.ro\/author\/nicoleta-urmuz\/\" class=\"url fn\" title=\"Posts by Nicoleta URMUZ\" rel=\"author\">Nicoleta URMUZ<\/a> | <span class=\"updated\">Jul 2, 2026<\/span> | <a href=\"https:\/\/ziaruldelta.ro\/category\/politica-administratie\/\" rel=\"tag\">Politica &#8211; Administratie<\/a> | <\/p>\n<\/div>\n<\/div>\n<div class=\"post-thumbnail header\"><img decoding=\"async\" src=\"https:\/\/ziaruldelta.ro\/wp-content\/uploads\/2026\/07\/Senatorul-Stefan-Bortun.jpg\" alt=\"Senatorul \u015etefan Bor\u0163un s-a afiliat grupului PNL din Senat: \u201eCred c\u0103 solu\u0163ia este liberalismul, performan\u0163a \u015fi meritocra\u0163ia\u201d\"><\/div>\n<div class=\"post-wrap\">\n<div class=\"post-content entry-content\">\n<p>Senatorul\u00a0 de Tulcea \u015etefan Bor\u0163un, ales \u00een Parlament pe listele Partidului Oamenilor Tineri (POT), s-a afiliat, luni, grupului parlamentar al PNL din Senat. Decizia, spune acesta, a fost una personal\u0103 \u015fi a venit dup\u0103 Congresul liberalilor, \u00een urma c\u0103ruia Ilie Bolojan a fost reconfirmat \u00een func\u0163ia de pre\u015fedinte al partidului. Dup\u0103 plecarea din POT, \u00een septembrie 2025, senatorul \u015etefan Bor\u0163un a activat \u00een grupul\u00a0 parlamentar PACE-\u00cent\u00e2i Rom\u00e2nia \u015fi s-a al\u0103turat partidului UNIT, un partid nou creat.<\/p>\n<p>\u00centr-o declara\u0163ie acordat\u0103 Ziarului <strong>\u201eDelta\u201d<\/strong>, Bor\u0163un a precizat c\u0103 nu a fost contactat de reprezentan\u0163ii PNL, ci el a fost cel care a ini\u0163iat discu\u0163iile privind afilierea la grupul parlamentar.<\/p>\n<blockquote>\n<p>\u201eAceast\u0103 decizie am luat-o dup\u0103 &lt;&lt;cur\u0103\u0163area&gt;&gt; Partidului Na\u0163ional Liberal, dup\u0103 congres. Am plecat din POT din cauza derapajului pe care l-a f\u0103cut pre\u015fedinta partidului. M-am afiliat grupului PACE \u2013 \u00cent\u00e2i Rom\u00e2nia pentru a avea &lt;&lt;avantaje&gt;&gt; \u015fi a \u00eenainta lucrurile. Am \u00eencercat \u00een acest timp s\u0103 rezolv problemele oamenilor din Delt\u0103, s\u0103-i aduc la Ministerul Agriculturii, s\u0103 fie auzi\u0163i. Din p\u0103cate, din opozi\u0163ie au fost doar promisiuni \u015fi nu s-au putut rezolva aceste probleme. Eu nu am votat mo\u0163iunea. Am \u00eentrebat care este proiectul de \u0163ar\u0103, ce urmeaz\u0103, ce vor face cei care ini\u0163iaz\u0103 mo\u0163iunea \u015fi nu am primit niciun r\u0103spuns. De asemenea, nu am votat nici Guvernul Ve\u015ftea. Astfel, am fost la grupul senatorial al PNL \u015fi mi-am exprimat dorin\u0163a de a face parte din grupul lor parlamentar\u201d, ne-a declarat senatorul de Tulcea, \u015etefan Bor\u0163un.<\/p>\n<\/blockquote>\n<p>Senatorul a afirmat c\u0103 a p\u0103r\u0103sit grupul PACE din cauza \u201ederapajului\u201d forma\u0163iunii \u015fi spune c\u0103 s-a delimitat de declara\u0163iile pe care le consider\u0103 \u201eextremism pe fa\u0163\u0103\u201d.<\/p>\n<blockquote>\n<p>\u201eDup\u0103 Congresul Partidului Na\u0163ional Liberal, am mers cu un alt coleg din grupul PACE, partid ale c\u0103rui declara\u0163ii erau extremism pe fa\u0163\u0103, s\u0103 discut\u0103m cu grupul senatorial al PNL. Eu, momentan, sunt membru al partidului UNIT, care s-a \u00eenfiin\u0163at din cei cinci deputa\u0163i \u015fi un senator, \u00een anul 2025, c\u00e2nd am plecat din POT cu to\u0163ii. A r\u0103mas ca d\u00e2n\u015fii s\u0103 discute \u00een grupul parlamentar dac\u0103 accept\u0103 solicitarea mea. Vineri am avut discu\u0163ii cu ace\u015ftia \u015fi mi-au comunicat c\u0103 au luat leg\u0103tura cu Filiala PNL Tulcea, prin care au cerut un feedback. Au primit un feedback pozitiv \u015fi astfel m-am afiliat grupului PNL la Senat, luni\u201d, a men\u0163ionat senatorul de Tulcea.<\/p>\n<\/blockquote>\n<p>Acesta a explicat \u015fi motivele pentru care consider\u0103 c\u0103 PNL reprezint\u0103 direc\u0163ia politic\u0103 potrivit\u0103 pentru el, afirm\u00e2nd c\u0103 principiile liberale au stat la baza activit\u0103\u0163ii sale \u00eenc\u0103 de la \u00eenfiin\u0163area filialei POT din M\u0103cin. De asemenea, acesta \u015fi-a motivat alegerea prin dorin\u0163a de a sus\u0163ine reformele statului rom\u00e2n, afirm\u00e2nd c\u0103 experien\u0163a sa de 36 de ani \u00een mediul privat i-a ar\u0103tat ce \u00eenseamn\u0103 o reform\u0103 autentic\u0103.<\/p>\n<blockquote>\n<p>\u201eC\u00e2nd am \u00eenfiin\u0163at filiala M\u0103cin POT cu doamna Anamaria Gavril\u0103, am urmat principiile liberale. M-am g\u00e2ndit c\u0103 e venit\u0103 din str\u0103in\u0103tate \u015fi are experien\u0163\u0103 \u00een privat. Eu am muncit timp de 36 de ani \u00eentr-o companie privat\u0103 \u015fi observ \u00een PNL o reform\u0103 real\u0103 a statului. \u015etiu ce \u00eenseamn\u0103 o reform\u0103, pentru c\u0103 am sim\u0163it-o pe pielea mea \u00een privat, timp de 20 de ani. \u015ei \u00een ziua de azi reforma se practic\u0103 \u00een privat, \u00een continuare. Nu po\u0163i s\u0103 rezi\u015fti pe pia\u0163\u0103 f\u0103r\u0103 s\u0103 faci reforme periodic. Cred c\u0103 asta e solu\u0163ia: liberalism, performan\u0163\u0103, meritocra\u0163ie. Acestea sunt principiile dup\u0103 care m\u0103 ghidez\u201d, a spus \u015etefan Bor\u0163un.<\/p>\n<\/blockquote>\n<p>\u00cen noua configura\u0163ie, grupul PNL are 25 de senatori, iar grupul PACE a mai r\u0103mas cu 8 membri.<\/p>\n<\/div>\n<\/div>\n<div class=\"post-footer\">\n<div class=\"social-icons ed-social-share-icons\">\n<p class=\"share-title\">Share:<\/p>\n<\/div>\n<div class=\"rating-stars\">\n<p id=\"rate-title\" class=\"rate-title\">Rate:<\/p>\n<\/div>\n<\/div>\n<\/article>\n<div class=\"post-content entry-content\">\n<p>Senatorul\u00a0 de Tulcea \u015etefan Bor\u0163un, ales \u00een Parlament pe listele Partidului Oamenilor Tineri (POT), s-a afiliat, luni, grupului parlamentar al PNL din Senat. Decizia, spune acesta, a fost una personal\u0103 \u015fi a venit dup\u0103 Congresul liberalilor, \u00een urma c\u0103ruia Ilie Bolojan a fost reconfirmat \u00een func\u0163ia de pre\u015fedinte al partidului. Dup\u0103 plecarea din POT, \u00een septembrie 2025, senatorul \u015etefan Bor\u0163un a activat \u00een grupul\u00a0 parlamentar PACE-\u00cent\u00e2i Rom\u00e2nia \u015fi s-a al\u0103turat partidului UNIT, un partid nou creat.<\/p>\n<p>\u00centr-o declara\u0163ie acordat\u0103 Ziarului <strong>\u201eDelta\u201d<\/strong>, Bor\u0163un a precizat c\u0103 nu a fost contactat de reprezentan\u0163ii PNL, ci el a fost cel care a ini\u0163iat discu\u0163iile privind afilierea la grupul parlamentar.<\/p>\n<blockquote>\n<p>\u201eAceast\u0103 decizie am luat-o dup\u0103 &lt;&lt;cur\u0103\u0163area&gt;&gt; Partidului Na\u0163ional Liberal, dup\u0103 congres. Am plecat din POT din cauza derapajului pe care l-a f\u0103cut pre\u015fedinta partidului. M-am afiliat grupului PACE \u2013 \u00cent\u00e2i Rom\u00e2nia pentru a avea &lt;&lt;avantaje&gt;&gt; \u015fi a \u00eenainta lucrurile. Am \u00eencercat \u00een acest timp s\u0103 rezolv problemele oamenilor din Delt\u0103, s\u0103-i aduc la Ministerul Agriculturii, s\u0103 fie auzi\u0163i. Din p\u0103cate, din opozi\u0163ie au fost doar promisiuni \u015fi nu s-au putut rezolva aceste probleme. Eu nu am votat mo\u0163iunea. Am \u00eentrebat care este proiectul de \u0163ar\u0103, ce urmeaz\u0103, ce vor face cei care ini\u0163iaz\u0103 mo\u0163iunea \u015fi nu am primit niciun r\u0103spuns. De asemenea, nu am votat nici Guvernul Ve\u015ftea. Astfel, am fost la grupul senatorial al PNL \u015fi mi-am exprimat dorin\u0163a de a face parte din grupul lor parlamentar\u201d, ne-a declarat senatorul de Tulcea, \u015etefan Bor\u0163un.<\/p>\n<\/blockquote>\n<p>Senatorul a afirmat c\u0103 a p\u0103r\u0103sit grupul PACE din cauza \u201ederapajului\u201d forma\u0163iunii \u015fi spune c\u0103 s-a delimitat de declara\u0163iile pe care le consider\u0103 \u201eextremism pe fa\u0163\u0103\u201d.<\/p>\n<blockquote>\n<p>\u201eDup\u0103 Congresul Partidului Na\u0163ional Liberal, am mers cu un alt coleg din grupul PACE, partid ale c\u0103rui declara\u0163ii erau extremism pe fa\u0163\u0103, s\u0103 discut\u0103m cu grupul senatorial al PNL. Eu, momentan, sunt membru al partidului UNIT, care s-a \u00eenfiin\u0163at din cei cinci deputa\u0163i \u015fi un senator, \u00een anul 2025, c\u00e2nd am plecat din POT cu to\u0163ii. A r\u0103mas ca d\u00e2n\u015fii s\u0103 discute \u00een grupul parlamentar dac\u0103 accept\u0103 solicitarea mea. Vineri am avut discu\u0163ii cu ace\u015ftia \u015fi mi-au comunicat c\u0103 au luat leg\u0103tura cu Filiala PNL Tulcea, prin care au cerut un feedback. Au primit un feedback pozitiv \u015fi astfel m-am afiliat grupului PNL la Senat, luni\u201d, a men\u0163ionat senatorul de Tulcea.<\/p>\n<\/blockquote>\n<p>Acesta a explicat \u015fi motivele pentru care consider\u0103 c\u0103 PNL reprezint\u0103 direc\u0163ia politic\u0103 potrivit\u0103 pentru el, afirm\u00e2nd c\u0103 principiile liberale au stat la baza activit\u0103\u0163ii sale \u00eenc\u0103 de la \u00eenfiin\u0163area filialei POT din M\u0103cin. De asemenea, acesta \u015fi-a motivat alegerea prin dorin\u0163a de a sus\u0163ine reformele statului rom\u00e2n, afirm\u00e2nd c\u0103 experien\u0163a sa de 36 de ani \u00een mediul privat i-a ar\u0103tat ce \u00eenseamn\u0103 o reform\u0103 autentic\u0103.<\/p>\n<blockquote>\n<p>\u201eC\u00e2nd am \u00eenfiin\u0163at filiala M\u0103cin POT cu doamna Anamaria Gavril\u0103, am urmat principiile liberale. M-am g\u00e2ndit c\u0103 e venit\u0103 din str\u0103in\u0103tate \u015fi are experien\u0163\u0103 \u00een privat. Eu am muncit timp de 36 de ani \u00eentr-o companie privat\u0103 \u015fi observ \u00een PNL o reform\u0103 real\u0103 a statului. \u015etiu ce \u00eenseamn\u0103 o reform\u0103, pentru c\u0103 am sim\u0163it-o pe pielea mea \u00een privat, timp de 20 de ani. \u015ei \u00een ziua de azi reforma se practic\u0103 \u00een privat, \u00een continuare. Nu po\u0163i s\u0103 rezi\u015fti pe pia\u0163\u0103 f\u0103r\u0103 s\u0103 faci reforme periodic. Cred c\u0103 asta e solu\u0163ia: liberalism, performan\u0163\u0103, meritocra\u0163ie. Acestea sunt principiile dup\u0103 care m\u0103 ghidez\u201d, a spus \u015etefan Bor\u0163un.<\/p>\n<\/blockquote>\n<p>\u00cen noua configura\u0163ie, grupul PNL are 25 de senatori, iar grupul PACE a mai r\u0103mas cu 8 membri.<\/p>\n<\/div>\n<div class=\"post-content entry-content\">\n<p>Senatorul\u00a0 de Tulcea \u015etefan Bor\u0163un, ales \u00een Parlament pe listele Partidului Oamenilor Tineri (POT), s-a afiliat, luni, grupului parlamentar al PNL din Senat. Decizia, spune acesta, a fost una personal\u0103 \u015fi a venit dup\u0103 Congresul liberalilor, \u00een urma c\u0103ruia Ilie Bolojan a fost reconfirmat \u00een func\u0163ia de pre\u015fedinte al partidului. Dup\u0103 plecarea din POT, \u00een septembrie 2025, senatorul \u015etefan Bor\u0163un a activat \u00een grupul\u00a0 parlamentar PACE-\u00cent\u00e2i Rom\u00e2nia \u015fi s-a al\u0103turat partidului UNIT, un partid nou creat.<\/p>\n<p>\u00centr-o declara\u0163ie acordat\u0103 Ziarului <strong>\u201eDelta\u201d<\/strong>, Bor\u0163un a precizat c\u0103 nu a fost contactat de reprezentan\u0163ii PNL, ci el a fost cel care a ini\u0163iat discu\u0163iile privind afilierea la grupul parlamentar.<\/p>\n<blockquote>\n<p>\u201eAceast\u0103 decizie am luat-o dup\u0103 &lt;&lt;cur\u0103\u0163area&gt;&gt; Partidului Na\u0163ional Liberal, dup\u0103 congres. Am plecat din POT din cauza derapajului pe care l-a f\u0103cut pre\u015fedinta partidului. M-am afiliat grupului PACE \u2013 \u00cent\u00e2i Rom\u00e2nia pentru a avea &lt;&lt;avantaje&gt;&gt; \u015fi a \u00eenainta lucrurile. Am \u00eencercat \u00een acest timp s\u0103 rezolv problemele oamenilor din Delt\u0103, s\u0103-i aduc la Ministerul Agriculturii, s\u0103 fie auzi\u0163i. Din p\u0103cate, din opozi\u0163ie au fost doar promisiuni \u015fi nu s-au putut rezolva aceste probleme. Eu nu am votat mo\u0163iunea. Am \u00eentrebat care este proiectul de \u0163ar\u0103, ce urmeaz\u0103, ce vor face cei care ini\u0163iaz\u0103 mo\u0163iunea \u015fi nu am primit niciun r\u0103spuns. De asemenea, nu am votat nici Guvernul Ve\u015ftea. Astfel, am fost la grupul senatorial al PNL \u015fi mi-am exprimat dorin\u0163a de a face parte din grupul lor parlamentar\u201d, ne-a declarat senatorul de Tulcea, \u015etefan Bor\u0163un.<\/p>\n<\/blockquote>\n<p>Senatorul a afirmat c\u0103 a p\u0103r\u0103sit grupul PACE din cauza \u201ederapajului\u201d forma\u0163iunii \u015fi spune c\u0103 s-a delimitat de declara\u0163iile pe care le consider\u0103 \u201eextremism pe fa\u0163\u0103\u201d.<\/p>\n<blockquote>\n<p>\u201eDup\u0103 Congresul Partidului Na\u0163ional Liberal, am mers cu un alt coleg din grupul PACE, partid ale c\u0103rui declara\u0163ii erau extremism pe fa\u0163\u0103, s\u0103 discut\u0103m cu grupul senatorial al PNL. Eu, momentan, sunt membru al partidului UNIT, care s-a \u00eenfiin\u0163at din cei cinci deputa\u0163i \u015fi un senator, \u00een anul 2025, c\u00e2nd am plecat din POT cu to\u0163ii. A r\u0103mas ca d\u00e2n\u015fii s\u0103 discute \u00een grupul parlamentar dac\u0103 accept\u0103 solicitarea mea. Vineri am avut discu\u0163ii cu ace\u015ftia \u015fi mi-au comunicat c\u0103 au luat leg\u0103tura cu Filiala PNL Tulcea, prin care au cerut un feedback. Au primit un feedback pozitiv \u015fi astfel m-am afiliat grupului PNL la Senat, luni\u201d, a men\u0163ionat senatorul de Tulcea.<\/p>\n<\/blockquote>\n<p>Acesta a explicat \u015fi motivele pentru care consider\u0103 c\u0103 PNL reprezint\u0103 direc\u0163ia politic\u0103 potrivit\u0103 pentru el, afirm\u00e2nd c\u0103 principiile liberale au stat la baza activit\u0103\u0163ii sale \u00eenc\u0103 de la \u00eenfiin\u0163area filialei POT din M\u0103cin. De asemenea, acesta \u015fi-a motivat alegerea prin dorin\u0163a de a sus\u0163ine reformele statului rom\u00e2n, afirm\u00e2nd c\u0103 experien\u0163a sa de 36 de ani \u00een mediul privat i-a ar\u0103tat ce \u00eenseamn\u0103 o reform\u0103 autentic\u0103.<\/p>\n<blockquote>\n<p>\u201eC\u00e2nd am \u00eenfiin\u0163at filiala M\u0103cin POT cu doamna Anamaria Gavril\u0103, am urmat principiile liberale. M-am g\u00e2ndit c\u0103 e venit\u0103 din str\u0103in\u0103tate \u015fi are experien\u0163\u0103 \u00een privat. Eu am muncit timp de 36 de ani \u00eentr-o companie privat\u0103 \u015fi observ \u00een PNL o reform\u0103 real\u0103 a statului. \u015etiu ce \u00eenseamn\u0103 o reform\u0103, pentru c\u0103 am sim\u0163it-o pe pielea mea \u00een privat, timp de 20 de ani. \u015ei \u00een ziua de azi reforma se practic\u0103 \u00een privat, \u00een continuare. Nu po\u0163i s\u0103 rezi\u015fti pe pia\u0163\u0103 f\u0103r\u0103 s\u0103 faci reforme periodic. Cred c\u0103 asta e solu\u0163ia: liberalism, performan\u0163\u0103, meritocra\u0163ie. Acestea sunt principiile dup\u0103 care m\u0103 ghidez\u201d, a spus \u015etefan Bor\u0163un.<\/p>\n<\/blockquote>\n<p>\u00cen noua configura\u0163ie, grupul PNL are 25 de senatori, iar grupul PACE a mai r\u0103mas cu 8 membri.<\/p>\n<\/div>\n<p>[analyse_source url=&#8221;https:\/\/ziaruldelta.ro\/2026\/07\/02\/senatorul-stefan-bortun-s-a-afiliat-grupului-pnl-din-senat-cred-ca-solutia-este-liberalismul-performanta-si-meritocratia\/&#8221;]<\/p>\n","protected":false},"excerpt":{"rendered":"<p>[analyse_image type=&#8221;featured&#8221; src=&#8221;https:\/\/ziaruldelta.ro\/wp-content\/uploads\/2026\/07\/Senatorul-Stefan-Bortun.jpg&#8221;] Senatorul \u015etefan Bor\u0163un s-a afiliat grupului PNL din Senat: \u201eCred c\u0103 solu\u0163ia este liberalismul, performan\u0163a \u015fi meritocra\u0163ia\u201d Posted by Nicoleta URMUZ | Jul 2, 2026 | Politica &#8211; Administratie | Senatorul\u00a0 de Tulcea \u015etefan Bor\u0163un, ales \u00een Parlament pe listele Partidului Oamenilor Tineri (POT), s-a afiliat, luni, grupului parlamentar al PNL din [&hellip;]<\/p>\n","protected":false},"author":1,"featured_media":0,"comment_status":"open","ping_status":"","sticky":false,"template":"","format":"standard","meta":{"footnotes":""},"categories":[89],"tags":[226,206],"class_list":["post-2025276","post","type-post","status-publish","format-standard","hentry","category-romania","tag-crawlmanager","tag-ziaruldelta-ro"],"_links":{"self":[{"href":"https:\/\/analyse.optim.biz\/index.php?rest_route=\/wp\/v2\/posts\/2025276","targetHints":{"allow":["GET"]}}],"collection":[{"href":"https:\/\/analyse.optim.biz\/index.php?rest_route=\/wp\/v2\/posts"}],"about":[{"href":"https:\/\/analyse.optim.biz\/index.php?rest_route=\/wp\/v2\/types\/post"}],"author":[{"embeddable":true,"href":"https:\/\/analyse.optim.biz\/index.php?rest_route=\/wp\/v2\/users\/1"}],"replies":[{"embeddable":true,"href":"https:\/\/analyse.optim.biz\/index.php?rest_route=%2Fwp%2Fv2%2Fcomments&post=2025276"}],"version-history":[{"count":0,"href":"https:\/\/analyse.optim.biz\/index.php?rest_route=\/wp\/v2\/posts\/2025276\/revisions"}],"wp:attachment":[{"href":"https:\/\/analyse.optim.biz\/index.php?rest_route=%2Fwp%2Fv2%2Fmedia&parent=2025276"}],"wp:term":[{"taxonomy":"category","embeddable":true,"href":"https:\/\/analyse.optim.biz\/index.php?rest_route=%2Fwp%2Fv2%2Fcategories&post=2025276"},{"taxonomy":"post_tag","embeddable":true,"href":"https:\/\/analyse.optim.biz\/index.php?rest_route=%2Fwp%2Fv2%2Ftags&post=2025276"}],"curies":[{"name":"wp","href":"https:\/\/api.w.org\/{rel}","templated":true}]}}