{"id":2024306,"date":"2026-07-01T12:06:47","date_gmt":"2026-07-01T09:06:47","guid":{"rendered":"https:\/\/analyse.optim.biz\/?p=2024306"},"modified":"2026-07-01T12:06:47","modified_gmt":"2026-07-01T09:06:47","slug":"minora-din-teleorman-in-stare-de-ebrietate-cazuta-de-la-inaltime-ziarul-liber-in-teleorman","status":"publish","type":"post","link":"https:\/\/analyse.optim.biz\/?p=2024306","title":{"rendered":"Minor\u0103 din Teleorman, \u00een stare de ebrietate, c\u0103zut\u0103 de la \u00een\u0103l\u021bime &#8211; Ziarul Liber in Teleorman"},"content":{"rendered":"<p>[analyse_image type=&#8221;featured&#8221; src=&#8221;https:\/\/liberinteleorman.ro\/wp-content\/uploads\/2024\/01\/politia-nu-treceti-accident.jpg&#8221;]<\/p>\n<div class=\"entry-content single56__content single56__post_content single56__body_area\">\n<p>\u00cen urma informa\u021biilor ap\u0103rute \u00een spa\u021biul public, cu privire la cercet\u0103rile ce privesc o minor\u0103 de 16 ani, c\u0103zut\u0103 de la etajul I al unui imobil din Coste\u0219ti, Compartimentul Rela\u021bii Publice din cadrul Inspectoratului de Poli\u021bie Jude\u021bean Arge\u0219 este abilitat s\u0103 transmit\u0103 urm\u0103toarele:<\/p>\n<p>\u00cen noaptea de 27 spre 28 iunie, \u00een jurul orei 04:00, poli\u021bi\u0219tii din cadrul Poli\u021biei Ora\u0219ului Coste\u0219ti au fost sesiza\u021bi cu privire la faptul c\u0103 o t\u00e2n\u0103r\u0103, de 16 ani din Teleorman, ar fi c\u0103zut de la etajul 1 al unui bloc de locuin\u021be din Coste\u0219ti.<\/p>\n<p>Din primele verific\u0103ri efectuate a reie\u0219it faptul c\u0103 aceasta s-ar fi aflat \u00een locuin\u021b\u0103, al\u0103turi de alte 2 femei \u0219i un b\u0103rbat \u0219i ar fi fost \u00een stare de ebrietate.<\/p>\n<p>Minora a fost preluat\u0103 de un echipaj medical \u0219i transportat\u0103 la o unitate medical\u0103 din Pite\u0219ti \u0219i, ulterior, la o unitate medical\u0103 din Bucure\u0219ti, \u00een vederea acord\u0103rii de \u00eengrijiri medicale de specialitate.<\/p>\n<p>Pentru asigurarea cadrului legal necesar verific\u0103rilor, \u00een cauz\u0103 a fost \u00eentocmit dosar penal sub aspectul s\u0103v\u00e2r\u0219irii infrac\u021biunii de v\u0103t\u0103mare corporal\u0103 din culp\u0103, \u00een care cercet\u0103rile se desf\u0103\u0219oar\u0103 sub supravegherea Parchetului de pe l\u00e2ng\u0103 Judec\u0103toria Coste\u0219ti, pentru stabilirea tuturor \u00eemprejur\u0103rilor \u00een care evenimentul a avut loc \u0219i luarea m\u0103surilor legale care se impun.<\/p>\n<p>De asemena, cu privire la situa\u021bie au fost informa\u021bi reprezentan\u021bii DGASPC.<\/p>\n<p>Totodat\u0103, au fost contacta\u021bi poli\u021bi\u0219tii din cadrul IPJ Teleorman, care l-au identificat \u0219i informat pe tat\u0103l minorei cu privire la aspectele sus-men\u021bionate.<\/p>\n<\/div>\n<p>[analyse_source url=&#8221;https:\/\/liberinteleorman.ro\/minora-din-teleorman-in-stare-de-ebrietate-cazuta-de-la-inaltime\/&#8221;]<\/p>\n","protected":false},"excerpt":{"rendered":"<p>[analyse_image type=&#8221;featured&#8221; src=&#8221;https:\/\/liberinteleorman.ro\/wp-content\/uploads\/2024\/01\/politia-nu-treceti-accident.jpg&#8221;] \u00cen urma informa\u021biilor ap\u0103rute \u00een spa\u021biul public, cu privire la cercet\u0103rile ce privesc o minor\u0103 de 16 ani, c\u0103zut\u0103 de la etajul I al unui imobil din Coste\u0219ti, Compartimentul Rela\u021bii Publice din cadrul Inspectoratului de Poli\u021bie Jude\u021bean Arge\u0219 este abilitat s\u0103 transmit\u0103 urm\u0103toarele: \u00cen noaptea de 27 spre 28 iunie, \u00een jurul [&hellip;]<\/p>\n","protected":false},"author":1,"featured_media":0,"comment_status":"open","ping_status":"","sticky":false,"template":"","format":"standard","meta":{"footnotes":""},"categories":[89],"tags":[226,181],"class_list":["post-2024306","post","type-post","status-publish","format-standard","hentry","category-romania","tag-crawlmanager","tag-liberinteleorman-ro"],"_links":{"self":[{"href":"https:\/\/analyse.optim.biz\/index.php?rest_route=\/wp\/v2\/posts\/2024306","targetHints":{"allow":["GET"]}}],"collection":[{"href":"https:\/\/analyse.optim.biz\/index.php?rest_route=\/wp\/v2\/posts"}],"about":[{"href":"https:\/\/analyse.optim.biz\/index.php?rest_route=\/wp\/v2\/types\/post"}],"author":[{"embeddable":true,"href":"https:\/\/analyse.optim.biz\/index.php?rest_route=\/wp\/v2\/users\/1"}],"replies":[{"embeddable":true,"href":"https:\/\/analyse.optim.biz\/index.php?rest_route=%2Fwp%2Fv2%2Fcomments&post=2024306"}],"version-history":[{"count":0,"href":"https:\/\/analyse.optim.biz\/index.php?rest_route=\/wp\/v2\/posts\/2024306\/revisions"}],"wp:attachment":[{"href":"https:\/\/analyse.optim.biz\/index.php?rest_route=%2Fwp%2Fv2%2Fmedia&parent=2024306"}],"wp:term":[{"taxonomy":"category","embeddable":true,"href":"https:\/\/analyse.optim.biz\/index.php?rest_route=%2Fwp%2Fv2%2Fcategories&post=2024306"},{"taxonomy":"post_tag","embeddable":true,"href":"https:\/\/analyse.optim.biz\/index.php?rest_route=%2Fwp%2Fv2%2Ftags&post=2024306"}],"curies":[{"name":"wp","href":"https:\/\/api.w.org\/{rel}","templated":true}]}}