{"id":2023362,"date":"2026-07-02T00:00:00","date_gmt":"2026-07-01T21:00:00","guid":{"rendered":"https:\/\/analyse.optim.biz\/?p=2023362"},"modified":"2026-07-02T00:00:00","modified_gmt":"2026-07-01T21:00:00","slug":"a-plecat-dintre-noi-mihai-nicolae-fost-primar-si-cetatean-de-onoare-al-municipiului-tulcea","status":"publish","type":"post","link":"https:\/\/analyse.optim.biz\/?p=2023362","title":{"rendered":"A plecat dintre noi Mihai Nicolae, fost primar \u0219i Cet\u0103\u021bean de Onoare al municipiului Tulcea"},"content":{"rendered":"<p>[analyse_image type=&#8221;featured&#8221; src=&#8221;https:\/\/ziaruldetulcea.ro\/wp-content\/uploads\/2026\/07\/Nicolae-Mihai-si-Victor-Iancu-1-1-640&#215;300.jpg&#8221;]<\/p>\n<div class=\"post\">\n<p><img loading=\"lazy\" decoding=\"async\" class=\"alignleft size-full wp-image-43769\" src=\"https:\/\/ziaruldetulcea.ro\/wp-content\/uploads\/2026\/07\/Nicolae-Mihai-si-Victor-Iancu-1-1-scaled.jpg\" alt width=\"2421\" height=\"2560\"><\/p>\n<p>\u00a0<\/p>\n<p>\u00a0<\/p>\n<p>\u00a0<\/p>\n<p>Cu adanca durere familia anunta trecerea in nefiinta a celui care a fost Mihai Nicolae, sot, tata, bunic.<\/p>\n<p>Trupul neinsufletit va fi depus vineri 03.07.2026 la Catedrala Episcopala Sf Ierarh Nicolae.<\/p>\n<p>Inmormantarea va avea loc sambata, 04.07.2026.<\/p>\n<p>Dumnezeu sa l odihneasca !<\/p>\n<p>Comunitatea tulcean\u0103 este mai s\u0103rac\u0103 prin trecerea la cele ve\u0219nice a lui <strong>Mihai Nicolae<\/strong>, fost primar al municipiului Tulcea, om al administra\u021biei publice \u0219i Cet\u0103\u021bean de Onoare al municipiului.<\/p>\n<p>Timp de peste cinci decenii, Mihai Nicolae \u0219i-a dedicat activitatea serviciului public, fiind unul dintre cei mai respecta\u021bi oameni ai administra\u021biei tulcene. \u00cen cei aproximativ zece ani \u00een care a condus Prim\u0103ria municipiului Tulcea, a contribuit la dezvoltarea ora\u0219ului \u0219i la consolidarea unei administra\u021bii orientate c\u0103tre cet\u0103\u021beni. Dup\u0103 \u00eencheierea mandatului de primar, \u0219i-a continuat activitatea \u00een slujba comunit\u0103\u021bii ca \u0219ef de cabinet parlamentar \u0219i, ulterior, consilier al pre\u0219edintelui Consiliului Jude\u021bean Tulcea.<\/p>\n<p>\u00cen semn de recunoa\u0219tere pentru \u00eentreaga sa activitate \u0219i pentru contribu\u021bia adus\u0103 dezvolt\u0103rii municipiului, Consiliul Local Tulcea i-a conferit, \u00een anul 2017, titlul de <strong>Cet\u0103\u021bean de Onoare al municipiului Tulcea<\/strong>. Cu acel prilej, cei care au lucrat al\u0103turi de el l-au descris drept un profesionist des\u0103v\u00e2r\u0219it, un mentor \u0219i un om de o aleas\u0103 \u021binut\u0103 moral\u0103, apreciat pentru echilibrul, modestia \u0219i respectul pe care le-a ar\u0103tat permanent celor din jur.<\/p>\n<p>Cei care l-au cunoscut \u00eel vor p\u0103stra \u00een amintire ca pe un lider discret, un om al dialogului \u0219i al responsabilit\u0103\u021bii, care a pus \u00eentotdeauna interesul comunit\u0103\u021bii \u00eenaintea interesului personal. Devotamentul, profesionalismul \u0219i demnitatea cu care \u0219i-a exercitat func\u021biile publice au l\u0103sat o amprent\u0103 durabil\u0103 asupra municipiului Tulcea \u0219i asupra genera\u021biilor de administratori care i-au urmat.<\/p>\n<p>Transmitem sincere condolean\u021be familiei \u00eendoliate \u0219i tuturor celor care i-au fost apropia\u021bi.<\/p>\n<p>Dumnezeu s\u0103-l odihneasc\u0103 \u00een pace, iar amintirea sa s\u0103 r\u0103m\u00e2n\u0103 vie \u00een inimile tuturor celor care l-au cunoscut \u0219i pre\u021buit.<\/p>\n<p>\u00a0<\/p>\n<\/div>\n<p>[analyse_source url=&#8221;https:\/\/ziaruldetulcea.ro\/a-plecat-dintre-noi-mihai-nicolae-fost-primar-si-cetatean-de-onoare-al-municipiului-tulcea\/&#8221;]<\/p>\n","protected":false},"excerpt":{"rendered":"<p>[analyse_image type=&#8221;featured&#8221; src=&#8221;https:\/\/ziaruldetulcea.ro\/wp-content\/uploads\/2026\/07\/Nicolae-Mihai-si-Victor-Iancu-1-1-640&#215;300.jpg&#8221;] \u00a0 \u00a0 \u00a0 Cu adanca durere familia anunta trecerea in nefiinta a celui care a fost Mihai Nicolae, sot, tata, bunic. Trupul neinsufletit va fi depus vineri 03.07.2026 la Catedrala Episcopala Sf Ierarh Nicolae. Inmormantarea va avea loc sambata, 04.07.2026. Dumnezeu sa l odihneasca ! Comunitatea tulcean\u0103 este mai s\u0103rac\u0103 prin trecerea [&hellip;]<\/p>\n","protected":false},"author":1,"featured_media":0,"comment_status":"open","ping_status":"","sticky":false,"template":"","format":"standard","meta":{"footnotes":""},"categories":[89],"tags":[226,205],"class_list":["post-2023362","post","type-post","status-publish","format-standard","hentry","category-romania","tag-crawlmanager","tag-ziaruldetulcea-ro"],"_links":{"self":[{"href":"https:\/\/analyse.optim.biz\/index.php?rest_route=\/wp\/v2\/posts\/2023362","targetHints":{"allow":["GET"]}}],"collection":[{"href":"https:\/\/analyse.optim.biz\/index.php?rest_route=\/wp\/v2\/posts"}],"about":[{"href":"https:\/\/analyse.optim.biz\/index.php?rest_route=\/wp\/v2\/types\/post"}],"author":[{"embeddable":true,"href":"https:\/\/analyse.optim.biz\/index.php?rest_route=\/wp\/v2\/users\/1"}],"replies":[{"embeddable":true,"href":"https:\/\/analyse.optim.biz\/index.php?rest_route=%2Fwp%2Fv2%2Fcomments&post=2023362"}],"version-history":[{"count":0,"href":"https:\/\/analyse.optim.biz\/index.php?rest_route=\/wp\/v2\/posts\/2023362\/revisions"}],"wp:attachment":[{"href":"https:\/\/analyse.optim.biz\/index.php?rest_route=%2Fwp%2Fv2%2Fmedia&parent=2023362"}],"wp:term":[{"taxonomy":"category","embeddable":true,"href":"https:\/\/analyse.optim.biz\/index.php?rest_route=%2Fwp%2Fv2%2Fcategories&post=2023362"},{"taxonomy":"post_tag","embeddable":true,"href":"https:\/\/analyse.optim.biz\/index.php?rest_route=%2Fwp%2Fv2%2Ftags&post=2023362"}],"curies":[{"name":"wp","href":"https:\/\/api.w.org\/{rel}","templated":true}]}}