{"id":2023189,"date":"2026-07-02T13:57:18","date_gmt":"2026-07-02T10:57:18","guid":{"rendered":"https:\/\/analyse.optim.biz\/?p=2023189"},"modified":"2026-07-02T13:57:18","modified_gmt":"2026-07-02T10:57:18","slug":"p-campionii-de-la-modelism-vin-la-cupa-buzaului","status":"publish","type":"post","link":"https:\/\/analyse.optim.biz\/?p=2023189","title":{"rendered":"(P) Campionii de la modelism vin la Cupa Buz\u0103ului"},"content":{"rendered":"<p>[analyse_image type=&#8221;featured&#8221; src=&#8221;https:\/\/buzaulinreportaje.ro\/wp-content\/uploads\/2026\/07\/Afis-Modelism-scaled.jpghttps:\/\/buzaulinreportaje.ro\/wp-content\/uploads\/2026\/07\/Afis-Modelism-scaled.jpg&#8221;]<\/p>\n<div class=\"entry-content herald-entry-content\">\n<p class=\"wp-block-paragraph\"><strong>COMUNICAT,<\/strong><\/p>\n<p class=\"wp-block-paragraph\"><strong>Prim\u0103ria Municipiului Buz\u0103u<\/strong> \u0219i <strong>Sport Club Municipal Gloria Buz\u0103u<\/strong> organizeaz\u0103 \u00een data <strong>25 iulie 2026<\/strong> prima edi\u021bie a concursului dedicat modelismului sub denumirea \u201d<strong>CUPA BUZ\u0102ULUI<\/strong>\u201d.<\/p>\n<p class=\"wp-block-paragraph\">Competi\u021bia se va desf\u0103\u0219ura pe Stadionul de Atletism de pe Calea Eroilor din municipiul Buz\u0103u.<\/p>\n<p class=\"wp-block-paragraph\">V\u0103 a\u0219tept\u0103m!<strong>PRIM\u0102RIA MUNICIPIULUI BUZ\u0102U<\/strong><\/p>\n<figure class=\"wp-block-image size-large\"><img loading=\"lazy\" decoding=\"async\" width=\"724\" height=\"1024\" src=\"https:\/\/buzaulinreportaje.ro\/wp-content\/uploads\/2026\/07\/Afis-Modelism-724x1024.jpg\" alt class=\"wp-image-28614\"><\/figure>\n<div class=\"herald-share-content\">\n<div class=\"meks_ess layout-5-1 transparent no-labels solid\"><a href=\"https:\/\/buzaulinreportaje.ro\/p-campionii-de-la-modelism-vin-la-cupa-buzaului\/\" class=\"meks_ess-item socicon-facebook\" data-url=\"http:\/\/www.facebook.com\/sharer\/sharer.php?u=https%3A%2F%2Fbuzaulinreportaje.ro%2Fp-campionii-de-la-modelism-vin-la-cupa-buzaului%2F&amp;t=%28P%29%20Campionii%20de%20la%20modelism%20vin%20la%20Cupa%20Buz%C4%83ului\"><span>Facebook<\/span><\/a><a href=\"https:\/\/api.whatsapp.com\/send?text=%28P%29%20Campionii%20de%20la%20modelism%20vin%20la%20Cupa%20Buz%C4%83ului%20https%3A%2F%2Fbuzaulinreportaje.ro%2Fp-campionii-de-la-modelism-vin-la-cupa-buzaului%2F\" class=\"meks_ess-item socicon-whatsapp prevent-share-popup\"><span>WhatsApp<\/span><\/a><a href=\"https:\/\/buzaulinreportaje.ro\/p-campionii-de-la-modelism-vin-la-cupa-buzaului\/\" class=\"meks_ess-item socicon-twitter\" data-url=\"http:\/\/twitter.com\/intent\/tweet?url=https%3A%2F%2Fbuzaulinreportaje.ro%2Fp-campionii-de-la-modelism-vin-la-cupa-buzaului%2F&amp;text=%28P%29%20Campionii%20de%20la%20modelism%20vin%20la%20Cupa%20Buz%C4%83ului\"><span>X<\/span><\/a><\/div>\n<\/div>\n<\/div>\n<p>[analyse_source url=&#8221;https:\/\/buzaulinreportaje.ro\/p-campionii-de-la-modelism-vin-la-cupa-buzaului\/&#8221;]<\/p>\n","protected":false},"excerpt":{"rendered":"<p>[analyse_image type=&#8221;featured&#8221; src=&#8221;https:\/\/buzaulinreportaje.ro\/wp-content\/uploads\/2026\/07\/Afis-Modelism-scaled.jpghttps:\/\/buzaulinreportaje.ro\/wp-content\/uploads\/2026\/07\/Afis-Modelism-scaled.jpg&#8221;] COMUNICAT, Prim\u0103ria Municipiului Buz\u0103u \u0219i Sport Club Municipal Gloria Buz\u0103u organizeaz\u0103 \u00een data 25 iulie 2026 prima edi\u021bie a concursului dedicat modelismului sub denumirea \u201dCUPA BUZ\u0102ULUI\u201d. Competi\u021bia se va desf\u0103\u0219ura pe Stadionul de Atletism de pe Calea Eroilor din municipiul Buz\u0103u. V\u0103 a\u0219tept\u0103m!PRIM\u0102RIA MUNICIPIULUI BUZ\u0102U FacebookWhatsAppX [analyse_source url=&#8221;https:\/\/buzaulinreportaje.ro\/p-campionii-de-la-modelism-vin-la-cupa-buzaului\/&#8221;]<\/p>\n","protected":false},"author":1,"featured_media":0,"comment_status":"open","ping_status":"","sticky":false,"template":"","format":"standard","meta":{"footnotes":""},"categories":[2],"tags":[59,226],"class_list":["post-2023189","post","type-post","status-publish","format-standard","hentry","category-politics","tag-buzaulinreportaje-ro","tag-crawlmanager"],"_links":{"self":[{"href":"https:\/\/analyse.optim.biz\/index.php?rest_route=\/wp\/v2\/posts\/2023189","targetHints":{"allow":["GET"]}}],"collection":[{"href":"https:\/\/analyse.optim.biz\/index.php?rest_route=\/wp\/v2\/posts"}],"about":[{"href":"https:\/\/analyse.optim.biz\/index.php?rest_route=\/wp\/v2\/types\/post"}],"author":[{"embeddable":true,"href":"https:\/\/analyse.optim.biz\/index.php?rest_route=\/wp\/v2\/users\/1"}],"replies":[{"embeddable":true,"href":"https:\/\/analyse.optim.biz\/index.php?rest_route=%2Fwp%2Fv2%2Fcomments&post=2023189"}],"version-history":[{"count":0,"href":"https:\/\/analyse.optim.biz\/index.php?rest_route=\/wp\/v2\/posts\/2023189\/revisions"}],"wp:attachment":[{"href":"https:\/\/analyse.optim.biz\/index.php?rest_route=%2Fwp%2Fv2%2Fmedia&parent=2023189"}],"wp:term":[{"taxonomy":"category","embeddable":true,"href":"https:\/\/analyse.optim.biz\/index.php?rest_route=%2Fwp%2Fv2%2Fcategories&post=2023189"},{"taxonomy":"post_tag","embeddable":true,"href":"https:\/\/analyse.optim.biz\/index.php?rest_route=%2Fwp%2Fv2%2Ftags&post=2023189"}],"curies":[{"name":"wp","href":"https:\/\/api.w.org\/{rel}","templated":true}]}}