{"id":2023186,"date":"2026-07-02T13:54:23","date_gmt":"2026-07-02T10:54:23","guid":{"rendered":"https:\/\/analyse.optim.biz\/?p=2023186"},"modified":"2026-07-02T13:54:23","modified_gmt":"2026-07-02T10:54:23","slug":"p-dona-si-maxifarma-fac-paravan-pentru-buzoieni-pe-timpul-caniculei","status":"publish","type":"post","link":"https:\/\/analyse.optim.biz\/?p=2023186","title":{"rendered":"(P) DONA \u0219i Maxifarma fac paravan pentru buzoieni, pe timpul caniculei"},"content":{"rendered":"<p>[analyse_image type=&#8221;featured&#8221; src=&#8221;https:\/\/buzaulinreportaje.ro\/wp-content\/uploads\/2026\/07\/canicula.jpeghttps:\/\/buzaulinreportaje.ro\/wp-content\/uploads\/2026\/07\/canicula.jpeg&#8221;]<\/p>\n<div class=\"entry-content herald-entry-content\">\n<p class=\"wp-block-paragraph\"><strong>COMUNICAT,<\/strong><\/p>\n<p class=\"wp-block-paragraph\">Prim\u0103ria Municipiului Buz\u0103u aduce la cuno\u0219tin\u021ba buzoienilor c\u0103 farmaciile <strong>Dona \u0219i Maxifarma<\/strong> sunt al\u0103turi de comunitate \u00een perioada canicular\u0103 \u0219i asigur\u0103 spa\u021bii r\u0103coroase pentru protec\u021bia de efectele temperaturilor ridicate, oferind \u0219i posibilitate de hidratare.<\/p>\n<p class=\"wp-block-paragraph\">Se recomand\u0103 evitarea expunerii prelungite la soare, purtarea de haine din fibre naturale, de culori deschise, folosirea p\u0103l\u0103riilor de soare \u0219i un consum de lichide \u00eentre 2- 4 litri\/zi .<\/p>\n<p class=\"wp-block-paragraph\">Ave\u021bi grij\u0103 de dumneavoastr\u0103!<\/p>\n<p class=\"wp-block-paragraph\"><strong>PRIM\u0102RIA MUNICIPIULUI BUZ\u0102U<\/strong><\/p>\n<div class=\"herald-share-content\">\n<div class=\"meks_ess layout-5-1 transparent no-labels solid\"><a href=\"https:\/\/buzaulinreportaje.ro\/p-dona-si-maxifarma-fac-paravan-pentru-buzoieni-pe-timpul-caniculei\/\" class=\"meks_ess-item socicon-facebook\" data-url=\"http:\/\/www.facebook.com\/sharer\/sharer.php?u=https%3A%2F%2Fbuzaulinreportaje.ro%2Fp-dona-si-maxifarma-fac-paravan-pentru-buzoieni-pe-timpul-caniculei%2F&amp;t=%28P%29%20DONA%20%C8%99i%20Maxifarma%20fac%20paravan%20pentru%20buzoieni%2C%20pe%20timpul%20caniculei\"><span>Facebook<\/span><\/a><a href=\"https:\/\/api.whatsapp.com\/send?text=%28P%29%20DONA%20%C8%99i%20Maxifarma%20fac%20paravan%20pentru%20buzoieni%2C%20pe%20timpul%20caniculei%20https%3A%2F%2Fbuzaulinreportaje.ro%2Fp-dona-si-maxifarma-fac-paravan-pentru-buzoieni-pe-timpul-caniculei%2F\" class=\"meks_ess-item socicon-whatsapp prevent-share-popup\"><span>WhatsApp<\/span><\/a><a href=\"https:\/\/buzaulinreportaje.ro\/p-dona-si-maxifarma-fac-paravan-pentru-buzoieni-pe-timpul-caniculei\/\" class=\"meks_ess-item socicon-twitter\" data-url=\"http:\/\/twitter.com\/intent\/tweet?url=https%3A%2F%2Fbuzaulinreportaje.ro%2Fp-dona-si-maxifarma-fac-paravan-pentru-buzoieni-pe-timpul-caniculei%2F&amp;text=%28P%29%20DONA%20%C8%99i%20Maxifarma%20fac%20paravan%20pentru%20buzoieni%2C%20pe%20timpul%20caniculei\"><span>X<\/span><\/a><\/div>\n<\/div>\n<\/div>\n<p>[analyse_source url=&#8221;https:\/\/buzaulinreportaje.ro\/p-dona-si-maxifarma-fac-paravan-pentru-buzoieni-pe-timpul-caniculei\/&#8221;]<\/p>\n","protected":false},"excerpt":{"rendered":"<p>[analyse_image type=&#8221;featured&#8221; src=&#8221;https:\/\/buzaulinreportaje.ro\/wp-content\/uploads\/2026\/07\/canicula.jpeghttps:\/\/buzaulinreportaje.ro\/wp-content\/uploads\/2026\/07\/canicula.jpeg&#8221;] COMUNICAT, Prim\u0103ria Municipiului Buz\u0103u aduce la cuno\u0219tin\u021ba buzoienilor c\u0103 farmaciile Dona \u0219i Maxifarma sunt al\u0103turi de comunitate \u00een perioada canicular\u0103 \u0219i asigur\u0103 spa\u021bii r\u0103coroase pentru protec\u021bia de efectele temperaturilor ridicate, oferind \u0219i posibilitate de hidratare. Se recomand\u0103 evitarea expunerii prelungite la soare, purtarea de haine din fibre naturale, de culori deschise, folosirea [&hellip;]<\/p>\n","protected":false},"author":1,"featured_media":0,"comment_status":"open","ping_status":"","sticky":false,"template":"","format":"standard","meta":{"footnotes":""},"categories":[2],"tags":[59,226],"class_list":["post-2023186","post","type-post","status-publish","format-standard","hentry","category-politics","tag-buzaulinreportaje-ro","tag-crawlmanager"],"_links":{"self":[{"href":"https:\/\/analyse.optim.biz\/index.php?rest_route=\/wp\/v2\/posts\/2023186","targetHints":{"allow":["GET"]}}],"collection":[{"href":"https:\/\/analyse.optim.biz\/index.php?rest_route=\/wp\/v2\/posts"}],"about":[{"href":"https:\/\/analyse.optim.biz\/index.php?rest_route=\/wp\/v2\/types\/post"}],"author":[{"embeddable":true,"href":"https:\/\/analyse.optim.biz\/index.php?rest_route=\/wp\/v2\/users\/1"}],"replies":[{"embeddable":true,"href":"https:\/\/analyse.optim.biz\/index.php?rest_route=%2Fwp%2Fv2%2Fcomments&post=2023186"}],"version-history":[{"count":0,"href":"https:\/\/analyse.optim.biz\/index.php?rest_route=\/wp\/v2\/posts\/2023186\/revisions"}],"wp:attachment":[{"href":"https:\/\/analyse.optim.biz\/index.php?rest_route=%2Fwp%2Fv2%2Fmedia&parent=2023186"}],"wp:term":[{"taxonomy":"category","embeddable":true,"href":"https:\/\/analyse.optim.biz\/index.php?rest_route=%2Fwp%2Fv2%2Fcategories&post=2023186"},{"taxonomy":"post_tag","embeddable":true,"href":"https:\/\/analyse.optim.biz\/index.php?rest_route=%2Fwp%2Fv2%2Ftags&post=2023186"}],"curies":[{"name":"wp","href":"https:\/\/api.w.org\/{rel}","templated":true}]}}