{"id":2022955,"date":"2026-07-02T10:24:58","date_gmt":"2026-07-02T07:24:58","guid":{"rendered":"https:\/\/analyse.optim.biz\/?p=2022955"},"modified":"2026-07-02T10:24:58","modified_gmt":"2026-07-02T07:24:58","slug":"liviu-vasilica-76-de-ani-de-la-nastere-artistul-care-a-facut-din-folclorul-teleormanean-o-mostenire-pentru","status":"publish","type":"post","link":"https:\/\/analyse.optim.biz\/?p=2022955","title":{"rendered":"Liviu Vasilic\u0103, 76 de ani de la na\u0219tere. Artistul care a f\u0103cut din folclorul teleorm\u0103nean o mo\u0219tenire pentru"},"content":{"rendered":"<p>[analyse_image type=&#8221;featured&#8221; src=&#8221;https:\/\/liberinteleorman.ro\/wp-content\/uploads\/2014\/10\/Liviu-Vasilica.jpg&#8221;]<\/p>\n<div class=\"entry-content single56__content single56__post_content single56__body_area\">\n<p>Pe 2 iulie se \u00eemplinesc 76 de ani de la na\u0219terea lui Liviu Vasilic\u0103, una dintre cele mai importante personalit\u0103\u021bi ale folclorului rom\u00e2nesc \u0219i un simbol al tradi\u021biilor autentice din Teleorman. De\u0219i s-a stins din via\u021b\u0103 \u00een urm\u0103 cu mai bine de dou\u0103 decenii, mo\u0219tenirea sa cultural\u0103 continu\u0103 s\u0103 inspire \u0219i s\u0103 fie dus\u0103 mai departe de cei care iubesc \u0219i respect\u0103 c\u00e2ntecul popular rom\u00e2nesc. <\/p>\n<p>N\u0103scut la 2 iulie 1950, \u00een comuna Plosca, Liviu Vasilic\u0103 a crescut \u00eentr-un univers \u00een care c\u00e2ntecul \u0219i portul popular f\u0103ceau parte din via\u021ba de zi cu zi. \u00cenc\u0103 din copil\u0103rie a fost atras de tradi\u021biile locului, iar mai t\u00e2rziu avea s\u0103 devin\u0103 unul dintre cei mai importan\u021bi promotori ai identit\u0103\u021bii culturale teleorm\u0103nene. <\/p>\n<p>Dincolo de cariera artistic\u0103, Liviu Vasilic\u0103 a fost medic pediatru, profesie pe care a \u00eembinat-o cu pasiunea pentru folclor. \u00cen anii studen\u021biei \u0219i-a \u00eenceput activitatea artistic\u0103, remarc\u00e2ndu-se prin autenticitatea repertoriului \u0219i prin stilul s\u0103u aparte de interpretare, inspirat din vechile c\u00e2ntece ale rapsozilor din sudul \u021b\u0103rii.<\/p>\n<p>Artistul a fost un adev\u0103rat p\u0103str\u0103tor al tradi\u021biilor populare. A cules c\u00e2ntece din satele teleorm\u0103nene, a promovat portul popular autentic \u0219i a contribuit la salvarea unor elemente vestimentare care riscau s\u0103 fie uitate. Printre acestea se num\u0103r\u0103 ipingeaua, o pies\u0103 reprezentativ\u0103 a costumului popular din zon\u0103, readus\u0103 \u00een aten\u021bia publicului prin apari\u021biile \u0219i spectacolele sale.<\/p>\n<p>\u00cen 1987 a pus bazele Grupului \u201eTeleormanul\u201d, forma\u021bie care a devenit sinonim\u0103 cu numele s\u0103u, a promovat, \u00een \u00eentreaga \u021bar\u0103, valorile autentice ale folclorului teleorm\u0103nean \u0219i care continu\u0103 prin implicarea \u0219i d\u0103ruirea fiului s\u0103u \u2013 Florin Vasilic\u0103. Dup\u0103 1990, a contribuit la rena\u0219terea Ansamblului de C\u00e2ntece \u0219i Dansuri \u201eBurnasul\u201d, readuc\u00e2nd \u00een fa\u021ba publicului obiceiuri tradi\u021bionale precum Dr\u0103gaica, L\u0103z\u0103relul sau Gurbanul.<\/p>\n<p>Pasiunea sa pentru patrimoniul popular s-a reflectat \u0219i \u00een impresionanta colec\u021bie de costume tradi\u021bionale pe care a adunat-o de-a lungul vie\u021bii. Multe dintre aceste piese sunt p\u0103strate ast\u0103zi \u00een patrimoniul Ansamblului \u201eBurnasul\u201d, ca m\u0103rturie a eforturilor sale de a conserva identitatea cultural\u0103 a Teleormanului. <\/p>\n<p>Liviu Vasilic\u0103 s-a stins din via\u021b\u0103 la 19 octombrie 2004, la doar 54 de ani, \u00eens\u0103 c\u00e2ntecele sale \u0219i dragostea pentru tradi\u021biile rom\u00e2ne\u0219ti continu\u0103 s\u0103 tr\u0103iasc\u0103 prin genera\u021biile care \u00eei ascult\u0103 muzica \u0219i \u00eei urmeaz\u0103 exemplul. La 76 de ani de la na\u0219tere, numele s\u0103u r\u0103m\u00e2ne un reper al autenticit\u0103\u021bii \u0219i al respectului pentru valorile populare rom\u00e2ne\u0219ti.<\/p>\n<p><a href=\"https:\/\/liberinteleorman.ro\/20-de-ani-fara-liviu-vasilica\/\">20 de ani f\u0103r\u0103 Liviu Vasilic\u0103<\/a><\/p>\n<p><a href=\"https:\/\/liberinteleorman.ro\/liviu-vasilica-dincolo-de-timp-75-de-ani-de-la-nastere-o-viata-de-rezonanta-folclorica\/\">Liviu Vasilic\u0103 \u2013 dincolo de timp: 75 de ani de la na\u0219tere, o via\u021b\u0103 de rezonan\u021b\u0103 folcloric\u0103<\/a><\/p>\n<p><a href=\"https:\/\/liberinteleorman.ro\/teleormaneni-de-onoare-liviu-vasilica-ar-fi-implinit-74-de-ani\/\">Teleorm\u0103neni de onoare: Liviu Vasilic\u0103 ar fi \u00eemplinit 74 de ani<\/a><\/p>\n<p><a href=\"https:\/\/liberinteleorman.ro\/s-au-implinit-19-ani-de-la-trecerea-in-nefiinta-a-lui-liviu-vasilica\/\">S-au \u00eemplinit 19 ani de la trecerea \u00een nefiin\u0163\u0103 a lui Liviu Vasilic\u0103<\/a><\/p>\n<\/div>\n<p>[analyse_source url=&#8221;https:\/\/liberinteleorman.ro\/liviu-vasilica-76-de-ani-de-la-nastere-artistul-care-a-facut-din-folclorul-teleormanean-o-mostenire-pentru-generatii\/&#8221;]<\/p>\n","protected":false},"excerpt":{"rendered":"<p>[analyse_image type=&#8221;featured&#8221; src=&#8221;https:\/\/liberinteleorman.ro\/wp-content\/uploads\/2014\/10\/Liviu-Vasilica.jpg&#8221;] Pe 2 iulie se \u00eemplinesc 76 de ani de la na\u0219terea lui Liviu Vasilic\u0103, una dintre cele mai importante personalit\u0103\u021bi ale folclorului rom\u00e2nesc \u0219i un simbol al tradi\u021biilor autentice din Teleorman. De\u0219i s-a stins din via\u021b\u0103 \u00een urm\u0103 cu mai bine de dou\u0103 decenii, mo\u0219tenirea sa cultural\u0103 continu\u0103 s\u0103 inspire \u0219i s\u0103 [&hellip;]<\/p>\n","protected":false},"author":1,"featured_media":0,"comment_status":"open","ping_status":"","sticky":false,"template":"","format":"standard","meta":{"footnotes":""},"categories":[89],"tags":[226,181],"class_list":["post-2022955","post","type-post","status-publish","format-standard","hentry","category-romania","tag-crawlmanager","tag-liberinteleorman-ro"],"_links":{"self":[{"href":"https:\/\/analyse.optim.biz\/index.php?rest_route=\/wp\/v2\/posts\/2022955","targetHints":{"allow":["GET"]}}],"collection":[{"href":"https:\/\/analyse.optim.biz\/index.php?rest_route=\/wp\/v2\/posts"}],"about":[{"href":"https:\/\/analyse.optim.biz\/index.php?rest_route=\/wp\/v2\/types\/post"}],"author":[{"embeddable":true,"href":"https:\/\/analyse.optim.biz\/index.php?rest_route=\/wp\/v2\/users\/1"}],"replies":[{"embeddable":true,"href":"https:\/\/analyse.optim.biz\/index.php?rest_route=%2Fwp%2Fv2%2Fcomments&post=2022955"}],"version-history":[{"count":0,"href":"https:\/\/analyse.optim.biz\/index.php?rest_route=\/wp\/v2\/posts\/2022955\/revisions"}],"wp:attachment":[{"href":"https:\/\/analyse.optim.biz\/index.php?rest_route=%2Fwp%2Fv2%2Fmedia&parent=2022955"}],"wp:term":[{"taxonomy":"category","embeddable":true,"href":"https:\/\/analyse.optim.biz\/index.php?rest_route=%2Fwp%2Fv2%2Fcategories&post=2022955"},{"taxonomy":"post_tag","embeddable":true,"href":"https:\/\/analyse.optim.biz\/index.php?rest_route=%2Fwp%2Fv2%2Ftags&post=2022955"}],"curies":[{"name":"wp","href":"https:\/\/api.w.org\/{rel}","templated":true}]}}