{"id":2022948,"date":"2026-07-02T09:48:14","date_gmt":"2026-07-02T06:48:14","guid":{"rendered":"https:\/\/analyse.optim.biz\/?p=2022948"},"modified":"2026-07-02T09:48:14","modified_gmt":"2026-07-02T06:48:14","slug":"un-barbat-din-rosiori-si-a-amenintat-sotia-si-a-incuiat-o-in-casa-ziarul-liber-in-teleorman","status":"publish","type":"post","link":"https:\/\/analyse.optim.biz\/?p=2022948","title":{"rendered":"Un b\u0103rbat din Ro\u0219iori \u0219i-a amenin\u021bat so\u021bia \u0219i a \u00eencuiat-o \u00een cas\u0103 &#8211; Ziarul Liber in Teleorman"},"content":{"rendered":"<p>[analyse_image type=&#8221;featured&#8221; src=&#8221;https:\/\/liberinteleorman.ro\/wp-content\/uploads\/2026\/07\/cats.jpg&#8221;]<\/p>\n<div class=\"entry-content single56__content single56__post_content single56__body_area\">\n<p>Poli\u021bi\u0219tii din cadrul Poli\u021biei municipiului Ro\u0219iori de Vede efectueaz\u0103 cercet\u0103ri fa\u021b\u0103 un b\u0103rbat, sub aspectul s\u0103v\u00e2r\u0219irii infrac\u021biunilor de lipsire de libertate \u00een mod ilegal \u0219i amenin\u021bare.<\/p>\n<p>\u00cen fapt, la data de 1 iulie a.c., \u00een jurul orei 20:50, \u00een timp ce se aflau la domiciliul din municipiul Ro\u0219iori de Vede, pe fondul unui conflict spontan, un b\u0103rbat ar fi \u00eencuiat u\u0219a de acces \u0219i nu i-ar fi permis so\u021biei sale s\u0103 p\u0103r\u0103seasc\u0103 locuin\u021ba. De asemenea, acesta ar fi amenin\u021bat-o pe femeie.<\/p>\n<p>Persoana v\u0103t\u0103mat\u0103 s-a opus emiterii unui ordin de protec\u021bie provizoriu.<\/p>\n<p>\u00cen urma administr\u0103rii probatoriului, a fost dispus\u0103 m\u0103sura re\u021binerii fa\u021b\u0103 de b\u0103rbat.<\/p>\n<p>Cercet\u0103rile sunt continuate, sub coordonarea procurorului din cadrul Parchetului de pe l\u00e2ng\u0103 Judec\u0103toria Ro\u0219iori de Vede.<\/p>\n<\/div>\n<p>[analyse_source url=&#8221;https:\/\/liberinteleorman.ro\/un-barbat-si-a-amenintat-sotia-si-a-incuiat-o-in-casa\/&#8221;]<\/p>\n","protected":false},"excerpt":{"rendered":"<p>[analyse_image type=&#8221;featured&#8221; src=&#8221;https:\/\/liberinteleorman.ro\/wp-content\/uploads\/2026\/07\/cats.jpg&#8221;] Poli\u021bi\u0219tii din cadrul Poli\u021biei municipiului Ro\u0219iori de Vede efectueaz\u0103 cercet\u0103ri fa\u021b\u0103 un b\u0103rbat, sub aspectul s\u0103v\u00e2r\u0219irii infrac\u021biunilor de lipsire de libertate \u00een mod ilegal \u0219i amenin\u021bare. \u00cen fapt, la data de 1 iulie a.c., \u00een jurul orei 20:50, \u00een timp ce se aflau la domiciliul din municipiul Ro\u0219iori de Vede, pe fondul [&hellip;]<\/p>\n","protected":false},"author":1,"featured_media":0,"comment_status":"open","ping_status":"","sticky":false,"template":"","format":"standard","meta":{"footnotes":""},"categories":[89],"tags":[226,181],"class_list":["post-2022948","post","type-post","status-publish","format-standard","hentry","category-romania","tag-crawlmanager","tag-liberinteleorman-ro"],"_links":{"self":[{"href":"https:\/\/analyse.optim.biz\/index.php?rest_route=\/wp\/v2\/posts\/2022948","targetHints":{"allow":["GET"]}}],"collection":[{"href":"https:\/\/analyse.optim.biz\/index.php?rest_route=\/wp\/v2\/posts"}],"about":[{"href":"https:\/\/analyse.optim.biz\/index.php?rest_route=\/wp\/v2\/types\/post"}],"author":[{"embeddable":true,"href":"https:\/\/analyse.optim.biz\/index.php?rest_route=\/wp\/v2\/users\/1"}],"replies":[{"embeddable":true,"href":"https:\/\/analyse.optim.biz\/index.php?rest_route=%2Fwp%2Fv2%2Fcomments&post=2022948"}],"version-history":[{"count":0,"href":"https:\/\/analyse.optim.biz\/index.php?rest_route=\/wp\/v2\/posts\/2022948\/revisions"}],"wp:attachment":[{"href":"https:\/\/analyse.optim.biz\/index.php?rest_route=%2Fwp%2Fv2%2Fmedia&parent=2022948"}],"wp:term":[{"taxonomy":"category","embeddable":true,"href":"https:\/\/analyse.optim.biz\/index.php?rest_route=%2Fwp%2Fv2%2Fcategories&post=2022948"},{"taxonomy":"post_tag","embeddable":true,"href":"https:\/\/analyse.optim.biz\/index.php?rest_route=%2Fwp%2Fv2%2Ftags&post=2022948"}],"curies":[{"name":"wp","href":"https:\/\/api.w.org\/{rel}","templated":true}]}}