{"id":2022828,"date":"2026-07-02T00:00:00","date_gmt":"2026-07-01T21:00:00","guid":{"rendered":"https:\/\/analyse.optim.biz\/?p=2022828"},"modified":"2026-07-02T00:00:00","modified_gmt":"2026-07-01T21:00:00","slug":"la-porsche-917-fete-ses-55-ans-entre-le-mans-et-la-provence","status":"publish","type":"post","link":"https:\/\/analyse.optim.biz\/?p=2022828","title":{"rendered":"La Porsche 917 f\u00eate ses 55 ans entre Le Mans et la Provence"},"content":{"rendered":"<div id=\"brxe-lipmib\" class=\"brxe-post-content\">\n<p><strong>Cet \u00e9t\u00e9, la Porsche 917 s\u2019offre un hommage \u00e0\u00a0la hauteur de son statut de l\u00e9gende. Entre les stands du Mans et un \u00e9crin d\u2019art contemporain en Provence, l\u2019\u00e9v\u00e9nement Global 917 Reunion propose de red\u00e9couvrir l\u2019une des voitures de course les plus mythiques du XXe si\u00e8cle.<\/strong><\/p>\n<h2>La Porsche 917 \u00e0\u00a0l\u2019honneur<\/h2>\n<p>Dans le monde du sport automobile, il y\u00a0a les pilotes de l\u00e9gendes, les circuits de l\u00e9gende et il y\u00a0a surtout les voitures de l\u00e9gende. Parmi elle, la Porsche 917. V\u00e9ritable ic\u00f4ne de l\u2019endurance et accessoirement star du cin\u00e9ma dans le film Le Mans aux c\u00f4t\u00e9s d\u2019un certains <a href=\"https:\/\/www.flat6mag.com\/actualite\/la-porsche-917-du-film-le-mans-une-legende-proposee-aux-encheres\/\">Steve McQueen<\/a>, la <a href=\"https:\/\/www.flat6mag.com\/actualite\/porsche-va-presenter-un-concept-hommage-a-la-917\/\">Porsche 917<\/a> continue de nous fasciner m\u00eame plus de 50 ans apr\u00e8s ses d\u00e9buts.<\/p>\n<p>Et c\u2019est pr\u00e9cis\u00e9ment cette fascination que l\u2019\u00e9v\u00e9nement Global 917 Reunion entend c\u00e9l\u00e9brer cet \u00e9t\u00e9, \u00e0\u00a0travers un \u00e9v\u00e9nement en deux parties aussi compl\u00e9mentaires qu\u2019ambitieuses. Organis\u00e9 par Arthur Mathieu, v\u00e9ritable amoureux des Porsche Classics, Global 917 Reunion d\u00e9butera tout d\u2019abord sur le circuit des 24 Heures du Mans lors du Mans Classic, les 3\u00a0et 4\u00a0juillet prochains. Pour l\u2019occasion, plusieurs exemplaires de Porsche 917 prendront la piste \u00e0\u00a0travers deux sessions de roulages. Une belle occasion d\u2019admirer ces Porsche sur le terrain de jeu pour lequel elles ont \u00e9t\u00e9 con\u00e7ues\u00a0!<\/p>\n<p>Les billets pour ces sessions sont r\u00e9servables directement sur le site de Le Mans Classic.<\/p>\n<p><img loading=\"lazy\" decoding=\"async\" class=\"alignnone  wp-image-62669\" src=\"https:\/\/www.flat6mag.com\/wp-content\/uploads\/2026\/07\/porsche-917-300x169.jpeg\" alt=\"porsche 917\" width=\"1060\" height=\"597\"><\/p>\n<h2>La Porsche 917 comme \u0153uvre d\u2019art<\/h2>\n<p>Changement de d\u00e9cor et direction la Provence du 10 juillet au 10 ao\u00fbt pour l\u2019exposition Global 917 Reunion\u00a0! Les Porsche 917 se retrouveront au sein du ravissant atelier Mathieu Lustrerie o\u00f9 elles seront pr\u00e9sent\u00e9es sous un angle bien diff\u00e9rent. Exit la ferveur et le bruit du Mans Classic, ici le th\u00e8me est celui du design et de l\u2019art.<br \/>\nL\u2019exposition sera ouverte tous les jours de 16h \u00e0\u00a021h au sein de la lustrerie Mathieu \u00e0\u00a0l\u2019adresse suivante\u00a0: 432 Route de Croagnes \u00e0\u00a0Gargas (84400) et offrira au public l\u2019opportunit\u00e9 rare de contempler les 917 non plus comme des machines de course, mais bien comme des \u0153uvres d\u2019ing\u00e9nierie \u00e0\u00a0part enti\u00e8re. Une mani\u00e8re de poser un regard neuf sur des lignes iconiques, et de comprendre ce qui a\u00a0fait de la Porsche 917, un objet de devenu culte.<\/p>\n<p>Concernant les billets de l\u2019exposition, ils seront disponibles uniquement sur place.<\/p>\n<p><img loading=\"lazy\" decoding=\"async\" class=\"alignnone  wp-image-62671\" src=\"https:\/\/www.flat6mag.com\/wp-content\/uploads\/2026\/07\/porsche-917-kh-300x225.avif\" alt=\"porsche 917 kh\" width=\"1093\" height=\"820\"><\/p>\n<h2>Un hommage \u00e0\u00a0Hans Herrmann<\/h2>\n<p>Au-del\u00e0 de la c\u00e9l\u00e9bration d\u2019un mod\u00e8le, Arthur Mathieu \u00e0\u00a0travers Global 917 Reunion tient \u00e0\u00a0rendre hommage aux pilotes qui ont fa\u00e7onn\u00e9 l\u2019histoire de la 917, et en particulier \u00e0\u00a0<a href=\"https:\/\/www.flat6mag.com\/actualite\/hans-herrmann-1928-2026-la-disparition-dun-pilote-de-legende\/\">Hans Herrmann<\/a>, dont le nom reste indissociable des exploits de la voiture. Cette dimension humaine rappelle d\u2019ailleurs que derri\u00e8re chaque record et chaque victoire, il y\u00a0a des hommes qui ont pris des risques pour repousser les limites de leur sport.<\/p>\n<p>Nous serons pr\u00e9sents au Mans Classic ainsi qu\u2019\u00e0 l\u2019exposition Global 917 Reunion organis\u00e9 par Arthur Mathieu pour faire vivre le mythe de la Porsche 917 de l\u2019int\u00e9rieur, sur nos r\u00e9seaux sociaux. Restez connect\u00e9s\u00a0!<\/p>\n<p><img loading=\"lazy\" decoding=\"async\" class=\"alignnone  wp-image-62668\" src=\"https:\/\/www.flat6mag.com\/wp-content\/uploads\/2026\/07\/porsche-917-hans-herrmann-300x169.jpg\" alt=\"porsche 917 hans herrmann\" width=\"1115\" height=\"628\"><\/p>\n<div align=\"center\"><button style=\"background-color: transparent;border: 3px solid #000;border-radius: 0.6em;color: #000;cursor: pointer;align-self: center;line-height: 1;margin: 20px;padding: 1.2em 2.8em;text-decoration: none;text-align: center;font-weight: bold\"><a href=\"https:\/\/www.flat6mag.com\/pages\/abonnements.html\">Soyez les premiers \u00e0 tout savoir sur la Porsche et abonnez-vous \u00e0 Flat 6 Magazine\u00a0!<\/a><\/button><\/div>\n<div align=\"center\">Cr\u00e9dit photo\u00a0: Porsche AG<\/div>\n<\/div>\n","protected":false},"excerpt":{"rendered":"<p>Cet \u00e9t\u00e9, la Porsche 917 s\u2019offre un hommage \u00e0\u00a0la hauteur de son statut de l\u00e9gende. Entre les stands du Mans et un \u00e9crin d\u2019art contemporain en Provence, l\u2019\u00e9v\u00e9nement Global 917 Reunion propose de red\u00e9couvrir l\u2019une des voitures de course les plus mythiques du XXe si\u00e8cle. La Porsche 917 \u00e0\u00a0l\u2019honneur Dans le monde du sport automobile, [&hellip;]<\/p>\n","protected":false},"author":1,"featured_media":0,"comment_status":"open","ping_status":"","sticky":false,"template":"","format":"standard","meta":{"footnotes":""},"categories":[1],"tags":[226,273],"class_list":["post-2022828","post","type-post","status-publish","format-standard","hentry","category-uncategorized","tag-crawlmanager","tag-flat6mag-com"],"_links":{"self":[{"href":"https:\/\/analyse.optim.biz\/index.php?rest_route=\/wp\/v2\/posts\/2022828","targetHints":{"allow":["GET"]}}],"collection":[{"href":"https:\/\/analyse.optim.biz\/index.php?rest_route=\/wp\/v2\/posts"}],"about":[{"href":"https:\/\/analyse.optim.biz\/index.php?rest_route=\/wp\/v2\/types\/post"}],"author":[{"embeddable":true,"href":"https:\/\/analyse.optim.biz\/index.php?rest_route=\/wp\/v2\/users\/1"}],"replies":[{"embeddable":true,"href":"https:\/\/analyse.optim.biz\/index.php?rest_route=%2Fwp%2Fv2%2Fcomments&post=2022828"}],"version-history":[{"count":0,"href":"https:\/\/analyse.optim.biz\/index.php?rest_route=\/wp\/v2\/posts\/2022828\/revisions"}],"wp:attachment":[{"href":"https:\/\/analyse.optim.biz\/index.php?rest_route=%2Fwp%2Fv2%2Fmedia&parent=2022828"}],"wp:term":[{"taxonomy":"category","embeddable":true,"href":"https:\/\/analyse.optim.biz\/index.php?rest_route=%2Fwp%2Fv2%2Fcategories&post=2022828"},{"taxonomy":"post_tag","embeddable":true,"href":"https:\/\/analyse.optim.biz\/index.php?rest_route=%2Fwp%2Fv2%2Ftags&post=2022828"}],"curies":[{"name":"wp","href":"https:\/\/api.w.org\/{rel}","templated":true}]}}