{"id":2022797,"date":"2026-07-02T06:20:39","date_gmt":"2026-07-02T03:20:39","guid":{"rendered":"https:\/\/analyse.optim.biz\/?p=2022797"},"modified":"2026-07-02T06:20:39","modified_gmt":"2026-07-02T03:20:39","slug":"stefan-ilie-primar-tulcea-depinde-foarte-mult-ce-ne-dorim-pentru-orasul-nostru-ce-ii-cerem-si-mai-ales-ce-ii-oferim-astazi-strada-eternitatii","status":"publish","type":"post","link":"https:\/\/analyse.optim.biz\/?p=2022797","title":{"rendered":"\u0218tefan Ilie, primar Tulcea: \u201eDepinde foarte mult ce ne dorim pentru ora\u0219ul nostru, ce \u00eei cerem \u0219i mai ales ce \u00eei oferim. Ast\u0103zi, Strada Eternit\u0103\u021bii\u201d"},"content":{"rendered":"<p>[analyse_image type=&#8221;featured&#8221; src=&#8221;https:\/\/dobrogeanews.b-cdn.net\/wp-content\/uploads\/2026\/07\/strada-eternitatii1.jpg&#8221;]<\/p>\n<div id=\"post-71653\" class=\"entry single-default post-71653 post type-post status-publish format-standard has-post-thumbnail hentry category-info\">\n<div>\n<div class=\"ss-follow-wrapper ss-clearfix ss-regular-buttons ss-columns-1 ss-default-style\">\n<div class=\"ss-follow-column\" data-ss-sf-network-id=\"&quot;facebook&quot;\"><a href=\"https:\/\/www.facebook.com\/dobrogeanews\" class=\"ss-follow-network ss-facebook-color\" rel=\"nofollow noopener\" aria-label=\"facebook\" target=\"_blank\"><span class=\"ss-follow-network-label\">Urm\u0103re\u015fte-ne \u015fi pe Facebook!<\/span><span class=\"ss-follow-network-count\"><span class=\"ss-follow-network-count-number\">57K<\/span><span class=\"ss-follow-network-count-label\">Followers<\/span><\/span><\/a><\/div>\n<\/div>\n<\/div>\n<p>Despre str\u0103zile aflate \u00een diferite stadii de execu\u021bie s-a vorbit \u0219i \u00een dung\u0103. Majoritatea tulcenilor apreciaz\u0103 faptul c\u0103 aceste str\u0103zi, care, de-a lungul timpului (40-50) de ani au fost peticite f\u0103r\u0103 ca nimeni s\u0103 nu aib\u0103 curajul de a \u00eencepe lucr\u0103ri temeinice, din subteran p\u00e2n\u0103 la suprafa\u021b\u0103, lucr\u0103ri menite s\u0103 dureze, executate cu bani europeni, \u00een mare parte nerambursabili, se vor finaliza.<\/p>\n<figure class=\"wp-block-image size-full is-resized\">\n<source type=\"image\/webp\" data-lazy-srcset=\"https:\/\/dobrogeanews.b-cdn.net\/wp-content\/uploads\/2026\/07\/strada-eternitatii1.jpg.webp 2560w, https:\/\/dobrogeanews.b-cdn.net\/wp-content\/uploads\/2026\/07\/strada-eternitatii1-300x246.jpg.webp 300w, https:\/\/dobrogeanews.b-cdn.net\/wp-content\/uploads\/2026\/07\/strada-eternitatii1-1024x840.jpg.webp 1024w, https:\/\/dobrogeanews.b-cdn.net\/wp-content\/uploads\/2026\/07\/strada-eternitatii1-768x630.jpg.webp 768w, https:\/\/dobrogeanews.b-cdn.net\/wp-content\/uploads\/2026\/07\/strada-eternitatii1-1536x1260.jpg.webp 1536w, https:\/\/dobrogeanews.b-cdn.net\/wp-content\/uploads\/2026\/07\/strada-eternitatii1-2048x1680.jpg.webp 2048w\" sizes=\"(max-width: 640px) 100vw, 640px\" \/><br \/>\n<img loading=\"lazy\" decoding=\"async\" src=\"https:\/\/dobrogeanews.b-cdn.net\/wp-content\/uploads\/2026\/07\/strada-eternitatii1.jpg\" alt=\"Strada Eternit\u0103\u021bii din municipiul Tulcea reabilitat\u0103 \u00een totalitate\" width=\"640\" height=\"525\"><\/figure>\n<p>A\u0219a dup\u0103 cum se \u0219tie, \u00eentotdeauna sunt nemul\u021bumi\u021bii de serviciu, mereu aceia\u0219i, mereu atotcunosc\u0103tori, care tun\u0103 \u0219i fulger\u0103, denigreaz\u0103 \u0219i minimalizeaz\u0103 orice efort care se face pentru acest ora\u0219 \u00een\u021bepenit (prea) mul\u021bi ani \u00een neputin\u021b\u0103.<\/p>\n<p>\u0218tefan Ilie, primarul Municipiului Tulcea a \u0219tiut c\u0103 nu va fi u\u0219or (niciodat\u0103 nu este!) dar a acceptat provocarea de a schimba totul, de a construi str\u0103zile din ora\u0219 \u00een mod structural, de jos \u00een sus, de la conductele de ap\u0103 \u0219i canalizare, ruginite \u0219i peticite p\u00e2n\u0103 la l\u0103rgirea, at\u00e2t c\u00e2t se mai poate a str\u0103zilor, \u00eengroparea cablurilor, scoaterea pietrei \u0219i asfaltarea (dup\u0103 ce toate aceste lucr\u0103ri sunt executate). \u0218i toate acestea cu proiecte pentru finan\u021b\u0103ri nerambursabile care pun condi\u021bii.<\/p>\n<figure class=\"wp-block-image size-full is-resized\">\n<source type=\"image\/webp\" data-lazy-srcset=\"https:\/\/dobrogeanews.b-cdn.net\/wp-content\/uploads\/2025\/11\/Stefan-Ilie-primar-Tulcea-Mesaj-Ziua-Dobrogei.jpg.webp 2560w, https:\/\/dobrogeanews.b-cdn.net\/wp-content\/uploads\/2025\/11\/Stefan-Ilie-primar-Tulcea-Mesaj-Ziua-Dobrogei-300x246.jpg.webp 300w, https:\/\/dobrogeanews.b-cdn.net\/wp-content\/uploads\/2025\/11\/Stefan-Ilie-primar-Tulcea-Mesaj-Ziua-Dobrogei-1024x840.jpg.webp 1024w, https:\/\/dobrogeanews.b-cdn.net\/wp-content\/uploads\/2025\/11\/Stefan-Ilie-primar-Tulcea-Mesaj-Ziua-Dobrogei-768x630.jpg.webp 768w, https:\/\/dobrogeanews.b-cdn.net\/wp-content\/uploads\/2025\/11\/Stefan-Ilie-primar-Tulcea-Mesaj-Ziua-Dobrogei-1536x1260.jpg.webp 1536w, https:\/\/dobrogeanews.b-cdn.net\/wp-content\/uploads\/2025\/11\/Stefan-Ilie-primar-Tulcea-Mesaj-Ziua-Dobrogei-2048x1680.jpg.webp 2048w\" sizes=\"(max-width: 640px) 100vw, 640px\" \/><br \/>\n<img loading=\"lazy\" decoding=\"async\" src=\"https:\/\/dobrogeanews.b-cdn.net\/wp-content\/uploads\/2025\/11\/Stefan-Ilie-primar-Tulcea-Mesaj-Ziua-Dobrogei.jpg\" alt=\"\u015etefan Ilie Primarul Municipiului Tulcea Mesaj de Ziua Dobrogei\" width=\"640\" height=\"525\"><\/figure>\n<p>\u0218tefan Ilie, primarul Municipiului Tulcea, ne vorbe\u0219te ast\u0103zi despre strada Eternit\u0103\u021bii din municipiu \u0219i poate c\u0103 face lumin\u0103 \u0219i pentru cei c\u00e2\u021biva anima\u021bi de frustr\u0103ri personale \u0219i afla\u021bi \u00een r\u0103zboi continuu cu municipalitatea (de\u0219i m\u0103 \u00eendoiesc):<\/p>\n<p>\u201eStrada Eternit\u0103\u021bii, la fel ca strada Mahmudiei, face parte dintr-o investi\u021bie cu finan\u021bare nerambursabil\u0103. Ca s\u0103 primim ace\u0219ti bani (pe care nu \u00eei d\u0103m \u00eenapoi), c\u00e2teva condi\u021bii au fost obligatorii, iar una dintre ele a fost \u0219i marcarea unor piste de biciclete.<\/p>\n<p>Ni se pare acum c\u0103 pre\u021bul scoaterii pietrei cubice, care nu era pentru circula\u021bia autovehiculelor, care provoca daune \u0219i disconfort ma\u0219inilor \u0219i locuitorilor zonei, este prea mare pentru c\u0103 s-au trasat piste pentru biciclete? C\u0103 nu mai avem unde parca una, dou\u0103 sau chiar trei ma\u0219ini pe care le avem, direct sub fereastr\u0103?<\/p>\n<p>Faptul c\u0103 am scos st\u00e2lpii mari de curent \u0219i am eliminat p\u0103ienjeni\u0219ul de cabluri, c\u0103 avem azi un spa\u021biu mult mai aerisit \u0219i trotuare circulabile pentru pietoni, o strad\u0103 modernizat\u0103, nu mai conteaz\u0103 acum?<\/p>\n<p>Am sus\u021binut licita\u021bii pentru parc\u0103rile din zon\u0103 de mai multe ori, deoarece nu erau multe \u00eenscrieri, unii prefer\u00e2nd s\u0103 parcheze direct pe strad\u0103, c\u0103 era gratis, c\u0103 era mai aproape \u0219i c\u0103 nu trebuia s\u0103 mergi p\u00e2n\u0103 la ma\u0219in\u0103 c\u00e2\u021biva zeci de metri.<\/p>\n<p>Vom mai organiza \u0219i alte licita\u021bii. Dar trebuie s\u0103 \u0219tim c\u0103 e foarte important, dac\u0103 ne dorim un ora\u0219 prietenos, s\u0103 accept\u0103m \u0219i condi\u021bii care s\u0103 diminueze poluarea aerului, zgomotul \u0219i care s\u0103 ne schimbe via\u021ba \u00een bine, care s\u0103 ne protejeze s\u0103n\u0103tatea.<\/p>\n<p>Cred c\u0103 \u0219tim cu to\u021bii cum ar\u0103ta strada \u00eenainte. \u0218i da, strada a primit toate avizele, inclusiv cele rutiere. (Asta ca s\u0103 r\u0103spund unor persoane ce pun \u00eentreb\u0103ri sau acuz\u0103)<\/p>\n<p>\u0218i da, trebuie s\u0103 respect\u0103m regulile de circula\u021bie.<\/p>\n<p>Depinde foarte mult ce ne dorim pentru ora\u0219ul nostru, ce \u00eei cerem \u0219i mai ales ce \u00eei oferim. Ce facem fiecare dintre noi pentru Tulcea\u2026?!\u201d a  spus \u0218tefan Ilie din dorin\u021ba de a explica cu onestitate de ce\/cum sunt realizate anumite investi\u021bii cu bani europeni, nerambursabili, pentru care exist\u0103 \u00eentotdeauna reguli.<\/p>\n<div class=\"monsterinsights-inline-popular-posts monsterinsights-inline-popular-posts-charlie monsterinsights-popular-posts-styled\">\n<div class=\"monsterinsights-inline-popular-posts-text\"><span class=\"monsterinsights-inline-popular-posts-label\">Vezi \u0219i:<\/span><\/p>\n<div class=\"monsterinsights-inline-popular-posts-post\"><a class=\"monsterinsights-inline-popular-posts-title\" href=\"https:\/\/www.dobrogeanews.ro\/dupa-aprobarea-bugetului-2026-la-babadag-se-deschid-alte-santiere-de-investitii\/\">Dup\u0103 aprobarea bugetului 2026, la Babadag se deschid alte \u0219antiere de investi\u021bii<\/a><\/div>\n<div class=\"monsterinsights-inline-popular-posts-post\"><a class=\"monsterinsights-inline-popular-posts-title\" href=\"https:\/\/www.dobrogeanews.ro\/a-fost-emis-avizul-pentru-centura-municipiului-tulcea-drumuri-de-legatura-cu-conexiune-la-drumul-expres-constanta-tulcea-braila\/\">A fost emis Avizul pentru Centura Municipiului Tulcea \u2013 \u201eDrumuri de leg\u0103tur\u0103 cu conexiune la Drumul Expres Constan\u021ba-Tulcea-Br\u0103ila\u201d<\/a><\/div>\n<div class=\"monsterinsights-inline-popular-posts-post\"><a class=\"monsterinsights-inline-popular-posts-title\" href=\"https:\/\/www.dobrogeanews.ro\/santierul-naval-vard-shipyards-tulcea-nkt-eleonora-prima-nava-din-lume-de-pozare-a-cablurilor-care-functioneaza-cu-e-metanol-la-standardele-moderne-de-mediu\/\">\u0218antierul Naval Vard Shipyards Tulcea: NKT Eleonora, prima nav\u0103 din lume (de pozare a cablurilor) care func\u021bioneaz\u0103 cu e-metanol, la standardele moderne de mediu<\/a><\/div>\n<\/div>\n<\/div>\n<p class=\"has-text-align-center has-white-color has-text-color has-background\"><span><a href=\"https:\/\/news.google.com\/publications\/CAAqBwgKMIu5pgsw88O-Aw?ceid=RO:ro&amp;oc=3\">Urm\u0103ri\u0163i \u015etirile Dobrogeanews \u015fi pe Google News<\/a><\/span><\/p>\n<\/div>\n<div id=\"post-71653\" class=\"entry single-default post-71653 post type-post status-publish format-standard has-post-thumbnail hentry category-info\">\n<div>\n<div class=\"ss-follow-wrapper ss-clearfix ss-regular-buttons ss-columns-1 ss-default-style\">\n<div class=\"ss-follow-column\" data-ss-sf-network-id=\"&quot;facebook&quot;\"><a href=\"https:\/\/www.facebook.com\/dobrogeanews\" class=\"ss-follow-network ss-facebook-color\" rel=\"nofollow noopener\" aria-label=\"facebook\" target=\"_blank\"><span class=\"ss-follow-network-label\">Urm\u0103re\u015fte-ne \u015fi pe Facebook!<\/span><span class=\"ss-follow-network-count\"><span class=\"ss-follow-network-count-number\">57K<\/span><span class=\"ss-follow-network-count-label\">Followers<\/span><\/span><\/a><\/div>\n<\/div>\n<\/div>\n<p>Despre str\u0103zile aflate \u00een diferite stadii de execu\u021bie s-a vorbit \u0219i \u00een dung\u0103. Majoritatea tulcenilor apreciaz\u0103 faptul c\u0103 aceste str\u0103zi, care, de-a lungul timpului (40-50) de ani au fost peticite f\u0103r\u0103 ca nimeni s\u0103 nu aib\u0103 curajul de a \u00eencepe lucr\u0103ri temeinice, din subteran p\u00e2n\u0103 la suprafa\u021b\u0103, lucr\u0103ri menite s\u0103 dureze, executate cu bani europeni, \u00een mare parte nerambursabili, se vor finaliza.<\/p>\n<figure class=\"wp-block-image size-full is-resized\">\n<source type=\"image\/webp\" data-lazy-srcset=\"https:\/\/dobrogeanews.b-cdn.net\/wp-content\/uploads\/2026\/07\/strada-eternitatii1.jpg.webp 2560w, https:\/\/dobrogeanews.b-cdn.net\/wp-content\/uploads\/2026\/07\/strada-eternitatii1-300x246.jpg.webp 300w, https:\/\/dobrogeanews.b-cdn.net\/wp-content\/uploads\/2026\/07\/strada-eternitatii1-1024x840.jpg.webp 1024w, https:\/\/dobrogeanews.b-cdn.net\/wp-content\/uploads\/2026\/07\/strada-eternitatii1-768x630.jpg.webp 768w, https:\/\/dobrogeanews.b-cdn.net\/wp-content\/uploads\/2026\/07\/strada-eternitatii1-1536x1260.jpg.webp 1536w, https:\/\/dobrogeanews.b-cdn.net\/wp-content\/uploads\/2026\/07\/strada-eternitatii1-2048x1680.jpg.webp 2048w\" sizes=\"(max-width: 640px) 100vw, 640px\" \/><br \/>\n<img loading=\"lazy\" decoding=\"async\" src=\"https:\/\/dobrogeanews.b-cdn.net\/wp-content\/uploads\/2026\/07\/strada-eternitatii1.jpg\" alt=\"Strada Eternit\u0103\u021bii din municipiul Tulcea reabilitat\u0103 \u00een totalitate\" width=\"640\" height=\"525\"><\/figure>\n<p>A\u0219a dup\u0103 cum se \u0219tie, \u00eentotdeauna sunt nemul\u021bumi\u021bii de serviciu, mereu aceia\u0219i, mereu atotcunosc\u0103tori, care tun\u0103 \u0219i fulger\u0103, denigreaz\u0103 \u0219i minimalizeaz\u0103 orice efort care se face pentru acest ora\u0219 \u00een\u021bepenit (prea) mul\u021bi ani \u00een neputin\u021b\u0103.<\/p>\n<p>\u0218tefan Ilie, primarul Municipiului Tulcea a \u0219tiut c\u0103 nu va fi u\u0219or (niciodat\u0103 nu este!) dar a acceptat provocarea de a schimba totul, de a construi str\u0103zile din ora\u0219 \u00een mod structural, de jos \u00een sus, de la conductele de ap\u0103 \u0219i canalizare, ruginite \u0219i peticite p\u00e2n\u0103 la l\u0103rgirea, at\u00e2t c\u00e2t se mai poate a str\u0103zilor, \u00eengroparea cablurilor, scoaterea pietrei \u0219i asfaltarea (dup\u0103 ce toate aceste lucr\u0103ri sunt executate). \u0218i toate acestea cu proiecte pentru finan\u021b\u0103ri nerambursabile care pun condi\u021bii.<\/p>\n<figure class=\"wp-block-image size-full is-resized\">\n<source type=\"image\/webp\" data-lazy-srcset=\"https:\/\/dobrogeanews.b-cdn.net\/wp-content\/uploads\/2025\/11\/Stefan-Ilie-primar-Tulcea-Mesaj-Ziua-Dobrogei.jpg.webp 2560w, https:\/\/dobrogeanews.b-cdn.net\/wp-content\/uploads\/2025\/11\/Stefan-Ilie-primar-Tulcea-Mesaj-Ziua-Dobrogei-300x246.jpg.webp 300w, https:\/\/dobrogeanews.b-cdn.net\/wp-content\/uploads\/2025\/11\/Stefan-Ilie-primar-Tulcea-Mesaj-Ziua-Dobrogei-1024x840.jpg.webp 1024w, https:\/\/dobrogeanews.b-cdn.net\/wp-content\/uploads\/2025\/11\/Stefan-Ilie-primar-Tulcea-Mesaj-Ziua-Dobrogei-768x630.jpg.webp 768w, https:\/\/dobrogeanews.b-cdn.net\/wp-content\/uploads\/2025\/11\/Stefan-Ilie-primar-Tulcea-Mesaj-Ziua-Dobrogei-1536x1260.jpg.webp 1536w, https:\/\/dobrogeanews.b-cdn.net\/wp-content\/uploads\/2025\/11\/Stefan-Ilie-primar-Tulcea-Mesaj-Ziua-Dobrogei-2048x1680.jpg.webp 2048w\" sizes=\"(max-width: 640px) 100vw, 640px\" \/><br \/>\n<img loading=\"lazy\" decoding=\"async\" src=\"https:\/\/dobrogeanews.b-cdn.net\/wp-content\/uploads\/2025\/11\/Stefan-Ilie-primar-Tulcea-Mesaj-Ziua-Dobrogei.jpg\" alt=\"\u015etefan Ilie Primarul Municipiului Tulcea Mesaj de Ziua Dobrogei\" width=\"640\" height=\"525\"><\/figure>\n<p>\u0218tefan Ilie, primarul Municipiului Tulcea, ne vorbe\u0219te ast\u0103zi despre strada Eternit\u0103\u021bii din municipiu \u0219i poate c\u0103 face lumin\u0103 \u0219i pentru cei c\u00e2\u021biva anima\u021bi de frustr\u0103ri personale \u0219i afla\u021bi \u00een r\u0103zboi continuu cu municipalitatea (de\u0219i m\u0103 \u00eendoiesc):<\/p>\n<p>\u201eStrada Eternit\u0103\u021bii, la fel ca strada Mahmudiei, face parte dintr-o investi\u021bie cu finan\u021bare nerambursabil\u0103. Ca s\u0103 primim ace\u0219ti bani (pe care nu \u00eei d\u0103m \u00eenapoi), c\u00e2teva condi\u021bii au fost obligatorii, iar una dintre ele a fost \u0219i marcarea unor piste de biciclete.<\/p>\n<p>Ni se pare acum c\u0103 pre\u021bul scoaterii pietrei cubice, care nu era pentru circula\u021bia autovehiculelor, care provoca daune \u0219i disconfort ma\u0219inilor \u0219i locuitorilor zonei, este prea mare pentru c\u0103 s-au trasat piste pentru biciclete? C\u0103 nu mai avem unde parca una, dou\u0103 sau chiar trei ma\u0219ini pe care le avem, direct sub fereastr\u0103?<\/p>\n<p>Faptul c\u0103 am scos st\u00e2lpii mari de curent \u0219i am eliminat p\u0103ienjeni\u0219ul de cabluri, c\u0103 avem azi un spa\u021biu mult mai aerisit \u0219i trotuare circulabile pentru pietoni, o strad\u0103 modernizat\u0103, nu mai conteaz\u0103 acum?<\/p>\n<p>Am sus\u021binut licita\u021bii pentru parc\u0103rile din zon\u0103 de mai multe ori, deoarece nu erau multe \u00eenscrieri, unii prefer\u00e2nd s\u0103 parcheze direct pe strad\u0103, c\u0103 era gratis, c\u0103 era mai aproape \u0219i c\u0103 nu trebuia s\u0103 mergi p\u00e2n\u0103 la ma\u0219in\u0103 c\u00e2\u021biva zeci de metri.<\/p>\n<p>Vom mai organiza \u0219i alte licita\u021bii. Dar trebuie s\u0103 \u0219tim c\u0103 e foarte important, dac\u0103 ne dorim un ora\u0219 prietenos, s\u0103 accept\u0103m \u0219i condi\u021bii care s\u0103 diminueze poluarea aerului, zgomotul \u0219i care s\u0103 ne schimbe via\u021ba \u00een bine, care s\u0103 ne protejeze s\u0103n\u0103tatea.<\/p>\n<p>Cred c\u0103 \u0219tim cu to\u021bii cum ar\u0103ta strada \u00eenainte. \u0218i da, strada a primit toate avizele, inclusiv cele rutiere. (Asta ca s\u0103 r\u0103spund unor persoane ce pun \u00eentreb\u0103ri sau acuz\u0103)<\/p>\n<p>\u0218i da, trebuie s\u0103 respect\u0103m regulile de circula\u021bie.<\/p>\n<p>Depinde foarte mult ce ne dorim pentru ora\u0219ul nostru, ce \u00eei cerem \u0219i mai ales ce \u00eei oferim. Ce facem fiecare dintre noi pentru Tulcea\u2026?!\u201d a  spus \u0218tefan Ilie din dorin\u021ba de a explica cu onestitate de ce\/cum sunt realizate anumite investi\u021bii cu bani europeni, nerambursabili, pentru care exist\u0103 \u00eentotdeauna reguli.<\/p>\n<div class=\"monsterinsights-inline-popular-posts monsterinsights-inline-popular-posts-charlie monsterinsights-popular-posts-styled\">\n<div class=\"monsterinsights-inline-popular-posts-text\"><span class=\"monsterinsights-inline-popular-posts-label\">Vezi \u0219i:<\/span><\/p>\n<div class=\"monsterinsights-inline-popular-posts-post\"><a class=\"monsterinsights-inline-popular-posts-title\" href=\"https:\/\/www.dobrogeanews.ro\/dupa-aprobarea-bugetului-2026-la-babadag-se-deschid-alte-santiere-de-investitii\/\">Dup\u0103 aprobarea bugetului 2026, la Babadag se deschid alte \u0219antiere de investi\u021bii<\/a><\/div>\n<div class=\"monsterinsights-inline-popular-posts-post\"><a class=\"monsterinsights-inline-popular-posts-title\" href=\"https:\/\/www.dobrogeanews.ro\/a-fost-emis-avizul-pentru-centura-municipiului-tulcea-drumuri-de-legatura-cu-conexiune-la-drumul-expres-constanta-tulcea-braila\/\">A fost emis Avizul pentru Centura Municipiului Tulcea \u2013 \u201eDrumuri de leg\u0103tur\u0103 cu conexiune la Drumul Expres Constan\u021ba-Tulcea-Br\u0103ila\u201d<\/a><\/div>\n<div class=\"monsterinsights-inline-popular-posts-post\"><a class=\"monsterinsights-inline-popular-posts-title\" href=\"https:\/\/www.dobrogeanews.ro\/santierul-naval-vard-shipyards-tulcea-nkt-eleonora-prima-nava-din-lume-de-pozare-a-cablurilor-care-functioneaza-cu-e-metanol-la-standardele-moderne-de-mediu\/\">\u0218antierul Naval Vard Shipyards Tulcea: NKT Eleonora, prima nav\u0103 din lume (de pozare a cablurilor) care func\u021bioneaz\u0103 cu e-metanol, la standardele moderne de mediu<\/a><\/div>\n<\/div>\n<\/div>\n<p class=\"has-text-align-center has-white-color has-text-color has-background\"><span><a href=\"https:\/\/news.google.com\/publications\/CAAqBwgKMIu5pgsw88O-Aw?ceid=RO:ro&amp;oc=3\">Urm\u0103ri\u0163i \u015etirile Dobrogeanews \u015fi pe Google News<\/a><\/span><\/p>\n<\/div>\n<p>[analyse_source url=&#8221;https:\/\/www.dobrogeanews.ro\/stefan-ilie-primar-tulcea-depinde-foarte-mult-ce-ne-dorim-pentru-orasul-nostru-ce-ii-cerem-si-mai-ales-ce-ii-oferim-astazi-strada-eternitatii\/&#8221;]<\/p>\n","protected":false},"excerpt":{"rendered":"<p>[analyse_image type=&#8221;featured&#8221; src=&#8221;https:\/\/dobrogeanews.b-cdn.net\/wp-content\/uploads\/2026\/07\/strada-eternitatii1.jpg&#8221;] Urm\u0103re\u015fte-ne \u015fi pe Facebook!57KFollowers Despre str\u0103zile aflate \u00een diferite stadii de execu\u021bie s-a vorbit \u0219i \u00een dung\u0103. Majoritatea tulcenilor apreciaz\u0103 faptul c\u0103 aceste str\u0103zi, care, de-a lungul timpului (40-50) de ani au fost peticite f\u0103r\u0103 ca nimeni s\u0103 nu aib\u0103 curajul de a \u00eencepe lucr\u0103ri temeinice, din subteran p\u00e2n\u0103 la suprafa\u021b\u0103, lucr\u0103ri [&hellip;]<\/p>\n","protected":false},"author":1,"featured_media":0,"comment_status":"open","ping_status":"","sticky":false,"template":"","format":"standard","meta":{"footnotes":""},"categories":[89],"tags":[226,223],"class_list":["post-2022797","post","type-post","status-publish","format-standard","hentry","category-romania","tag-crawlmanager","tag-dobrogeanews-ro"],"_links":{"self":[{"href":"https:\/\/analyse.optim.biz\/index.php?rest_route=\/wp\/v2\/posts\/2022797","targetHints":{"allow":["GET"]}}],"collection":[{"href":"https:\/\/analyse.optim.biz\/index.php?rest_route=\/wp\/v2\/posts"}],"about":[{"href":"https:\/\/analyse.optim.biz\/index.php?rest_route=\/wp\/v2\/types\/post"}],"author":[{"embeddable":true,"href":"https:\/\/analyse.optim.biz\/index.php?rest_route=\/wp\/v2\/users\/1"}],"replies":[{"embeddable":true,"href":"https:\/\/analyse.optim.biz\/index.php?rest_route=%2Fwp%2Fv2%2Fcomments&post=2022797"}],"version-history":[{"count":0,"href":"https:\/\/analyse.optim.biz\/index.php?rest_route=\/wp\/v2\/posts\/2022797\/revisions"}],"wp:attachment":[{"href":"https:\/\/analyse.optim.biz\/index.php?rest_route=%2Fwp%2Fv2%2Fmedia&parent=2022797"}],"wp:term":[{"taxonomy":"category","embeddable":true,"href":"https:\/\/analyse.optim.biz\/index.php?rest_route=%2Fwp%2Fv2%2Fcategories&post=2022797"},{"taxonomy":"post_tag","embeddable":true,"href":"https:\/\/analyse.optim.biz\/index.php?rest_route=%2Fwp%2Fv2%2Ftags&post=2022797"}],"curies":[{"name":"wp","href":"https:\/\/api.w.org\/{rel}","templated":true}]}}