{"id":2022595,"date":"2026-07-01T11:48:03","date_gmt":"2026-07-01T08:48:03","guid":{"rendered":"https:\/\/analyse.optim.biz\/?p=2022595"},"modified":"2026-07-01T11:48:03","modified_gmt":"2026-07-01T08:48:03","slug":"aur-incepe-procedurile-pentru-suspendarea-lui-nicusor-dan-nu-va-vota-niciuna-din-propunerile-de-premier-facute-de-presedinte","status":"publish","type":"post","link":"https:\/\/analyse.optim.biz\/?p=2022595","title":{"rendered":"AUR \u00eencepe procedurile pentru suspendarea lui Nicu\u0219or Dan. Nu va vota niciuna din propunerile de premier f\u0103cute de pre\u0219edinte"},"content":{"rendered":"<p>[analyse_image type=&#8221;featured&#8221; src=&#8221;https:\/\/www.opiniatimisoarei.ro\/wp-content\/uploads\/2026\/06\/nicusor-dan-728&#215;336.jpghttps:\/\/www.opiniatimisoarei.ro\/wp-content\/uploads\/2026\/06\/nicusor-dan.jpg&#8221;]<\/p>\n<div class=\"the_content\">\n<p>Consiliul Na\u0163ional de Conducere al Alian\u0163ei pentru Unirea Rom\u00e2nilor a decis miercuri, \u00een cadrul \u015fedin\u0163ei extraordinare organizate la Alexandria, demararea procesului de suspendare a pre\u015fedintelui Nicu\u015for Dan \u015fi \u00eenceperea procedurilor pentru organizarea alegerilor anticipate.<\/p>\n<p><strong><span>CITE\u0218TE \u0218I:<\/span><a href=\"https:\/\/www.opiniatimisoarei.ro\/soferul-care-i-a-uimit-pe-politistii-de-frontiera-din-timis-de-cand-conducea-cu-permis-fals\/01\/07\/2026\">\u0218oferul care i-a uimit pe poli\u021bi\u0219tii de frontier\u0103 din Timi\u0219. De c\u00e2nd conducea cu permis fals<\/a><\/strong><\/p>\n<blockquote>\n<p>\u201c<strong>To\u0163i cei 135 de membri CNC AUR prezen\u0163i la \u015fedin\u0163\u0103 au votat, \u00een unanimitate, demararea procedurii de suspendare a pre\u015fedintelui Nicu\u015for Dan \u015fi a dialogului cu celelalte for\u0163e politice \u00een acest sens<\/strong>\u201d anun\u0163\u0103, miercuri, AUR, \u00eentr-un comunicat de pres\u0103.<\/p>\n<\/blockquote>\n<p>Potrivit documentului citat, printre motivele care stau la baza acestui demers \u201cse num\u0103r\u0103 excluderea unei p\u0103r\u0163i importante dintre rom\u00e2ni din luarea deciziilor care privesc viitorul Rom\u00e2niei, dar \u015fi refuzul privind nominalizarea celei de-a doua propuneri de prim-ministru, a\u015fa cum este constitu\u0163ional\u201d, scrie <strong><a href=\"https:\/\/www.news.ro\/politic-intern\/consiliul-national-conducere-aur-votat-unanimitate-demararea-procedurilor-suspendare-presedintelui-nicusor-dan-formatiunea-anunta-vota-niciuna-dintre-propunerile-premier-facute-presedinte-1922403701002026071322501249\">news.ro<\/a><\/strong>.<\/p>\n<p>De asemenea membrii AUR au decis c\u0103 nu vor vota vreo variant\u0103 de premier propus\u0103 de pre\u0219edinte.<\/p>\n<blockquote>\n<p>\u201c<strong>Totodat\u0103, membrii CNC AUR au votat, \u00een unanimitate, pentru re\u00eentoarcerea la popor prin \u00eenceperea procedurilor \u00een privin\u0163a alegerilor anticipate. \u00cen cadrul \u015fedin\u0163ei CNC AUR s-a decis c\u0103 parlamentarii AUR nu vor fi prezen\u0163i \u015fi nu vor vota niciun guvern al coali\u0163iei propus de Nicu\u015for Dan<\/strong>\u201c, a mai transmis forma\u0163iunea.<\/p>\n<\/blockquote>\n<p>Mai multe <strong><a href=\"https:\/\/www.news.ro\/politic-intern\/consiliul-national-conducere-aur-votat-unanimitate-demararea-procedurilor-suspendare-presedintelui-nicusor-dan-formatiunea-anunta-vota-niciuna-dintre-propunerile-premier-facute-presedinte-1922403701002026071322501249\">AICI<\/a><\/strong>.<\/p>\n<\/div>\n<p>[analyse_source url=&#8221;https:\/\/www.opiniatimisoarei.ro\/aur-incepe-procedurile-pentru-suspendarea-lui-nicusor-dan-nu-va-vota-niciuna-din-propunerile-de-premier-facute-de-presedinte\/01\/07\/2026&#8243;]<\/p>\n","protected":false},"excerpt":{"rendered":"<p>[analyse_image type=&#8221;featured&#8221; src=&#8221;https:\/\/www.opiniatimisoarei.ro\/wp-content\/uploads\/2026\/06\/nicusor-dan-728&#215;336.jpghttps:\/\/www.opiniatimisoarei.ro\/wp-content\/uploads\/2026\/06\/nicusor-dan.jpg&#8221;] Consiliul Na\u0163ional de Conducere al Alian\u0163ei pentru Unirea Rom\u00e2nilor a decis miercuri, \u00een cadrul \u015fedin\u0163ei extraordinare organizate la Alexandria, demararea procesului de suspendare a pre\u015fedintelui Nicu\u015for Dan \u015fi \u00eenceperea procedurilor pentru organizarea alegerilor anticipate. CITE\u0218TE \u0218I:\u0218oferul care i-a uimit pe poli\u021bi\u0219tii de frontier\u0103 din Timi\u0219. De c\u00e2nd conducea cu permis fals \u201cTo\u0163i [&hellip;]<\/p>\n","protected":false},"author":1,"featured_media":0,"comment_status":"open","ping_status":"","sticky":false,"template":"","format":"standard","meta":{"footnotes":""},"categories":[89],"tags":[226,190],"class_list":["post-2022595","post","type-post","status-publish","format-standard","hentry","category-romania","tag-crawlmanager","tag-opiniatimisoarei-ro"],"_links":{"self":[{"href":"https:\/\/analyse.optim.biz\/index.php?rest_route=\/wp\/v2\/posts\/2022595","targetHints":{"allow":["GET"]}}],"collection":[{"href":"https:\/\/analyse.optim.biz\/index.php?rest_route=\/wp\/v2\/posts"}],"about":[{"href":"https:\/\/analyse.optim.biz\/index.php?rest_route=\/wp\/v2\/types\/post"}],"author":[{"embeddable":true,"href":"https:\/\/analyse.optim.biz\/index.php?rest_route=\/wp\/v2\/users\/1"}],"replies":[{"embeddable":true,"href":"https:\/\/analyse.optim.biz\/index.php?rest_route=%2Fwp%2Fv2%2Fcomments&post=2022595"}],"version-history":[{"count":0,"href":"https:\/\/analyse.optim.biz\/index.php?rest_route=\/wp\/v2\/posts\/2022595\/revisions"}],"wp:attachment":[{"href":"https:\/\/analyse.optim.biz\/index.php?rest_route=%2Fwp%2Fv2%2Fmedia&parent=2022595"}],"wp:term":[{"taxonomy":"category","embeddable":true,"href":"https:\/\/analyse.optim.biz\/index.php?rest_route=%2Fwp%2Fv2%2Fcategories&post=2022595"},{"taxonomy":"post_tag","embeddable":true,"href":"https:\/\/analyse.optim.biz\/index.php?rest_route=%2Fwp%2Fv2%2Ftags&post=2022595"}],"curies":[{"name":"wp","href":"https:\/\/api.w.org\/{rel}","templated":true}]}}