{"id":2022589,"date":"2026-07-01T07:30:43","date_gmt":"2026-07-01T04:30:43","guid":{"rendered":"https:\/\/analyse.optim.biz\/?p=2022589"},"modified":"2026-07-01T07:30:43","modified_gmt":"2026-07-01T04:30:43","slug":"alerte-meteo-vijelii-puternice-averse-torentiale-grindina","status":"publish","type":"post","link":"https:\/\/analyse.optim.biz\/?p=2022589","title":{"rendered":"Alerte meteo \/ Vijelii puternice, averse toren\u021biale, grindin\u0103"},"content":{"rendered":"<p>[analyse_image type=&#8221;featured&#8221; src=&#8221;https:\/\/ziarulteleormanul.ro\/wp\/wp-content\/uploads\/2026\/07\/vijelii.jpg&#8221;]<\/p>\n<article id=\"post-77011\" class=\"post-77011 post type-post status-publish format-standard has-post-thumbnail category-eveniment\">\n<header class=\"entry-header\"><span class=\"cat-links\"><a href=\"https:\/\/ziarulteleormanul.ro\/category\/eveniment\/\" rel=\"category tag\">Eveniment<\/a><\/span><\/p>\n<h1 class=\"entry-title\">Alerte meteo \/ Vijelii puternice, averse toren\u021biale, grindin\u0103<\/h1>\n<div class=\"post-meta\"><time class=\"entry-date published updated\" datetime=\"2026-07-01T09:30:43+02:00\"><br \/>\n                    iulie 1, 2026 09:30                <\/time><\/div>\n<\/header>\n<div class=\"entry-content\">\n<p>Administra\u021bia Na\u021bional\u0103 de Meteorologie (ANM) a emis mai multe avertiz\u0103ri meteo, viz\u00e2nd fie alerte de canicul\u0103 \u0219i disconfort termic accentuat pentru anumite zone din \u021bar\u0103, fie instabilitate atmosferic\u0103 \u0219i ploi toren\u021biale \u00een altele.<\/p>\n<p>Astfel, un Cod portocaliu, valabil de ast\u0103zi, ora 15, p\u00e2n\u0103 m\u00e2ine, ora 06, vizeaz\u0103 fenomene de vijelii puternice, averse toren\u021biale importante cantitativ, grindin\u0103 de medii \u0219i posibil mari dimensiuni, frecvente desc\u0103rc\u0103ri electrice.<br \/>\n\u00cen Banat, Cri\u0219ana, vestul Transilvaniei, Oltenia, Muntenia, Carpa\u021bii Occidentali \u0219i cea mai mare parte a Carpa\u021bilor Meridionalivor fi perioade cu instabilitate atmosferic\u0103 accentuat\u0103 ce se va manifesta prin vijelii puternice cu rafale de 70\u202690 km\/h \u0219i izolat de peste 100 km\/h, averse toren\u021biale, grindin\u0103 de medii \u0219i posibil mari dimensiuni (2\u20265 cm) \u0219i frecvente desc\u0103rc\u0103ri electrice. \u00cen intervale scurte de timp (1\u20263 ore) sau prin acumulare cantit\u0103\u021bile de ap\u0103 vor fi de 25\u202640 l\/mp \u0219i pe arii restr\u00e2nse de peste 50\u202660 l\/mp.<\/p>\n<p>De asemenea, o aten\u021bionare meteorologic\u0103 Cod galben intr\u0103 \u00een vigoare joi, 2 iulie, ora 10, p\u00e2n\u0103 vineri, 3 iulie, ora 10, \u0219i vizeaz\u0103 instabilitate atmosferic\u0103, averse \u00eensemnate cantitativ, intensific\u0103ri ale v\u00e2ntului, vijelii, grindin\u0103 de mici dimensiuni.<\/p>\n<p>Joi (2 iulie) vor fi perioade cu instabilitate atmosferic\u0103 \u00een toate regiunile, ce se va manifesta prin averse toren\u021biale, frecvente desc\u0103rc\u0103ri electrice, intensific\u0103ri ale v\u00e2ntului, vijelii (viteze la rafal\u0103 de 50\u202670 km\/h \u0219i izolat de peste 80 km\/h) \u0219i grindin\u0103 de mici dimensiuni (1\u20262 cm). \u00cen intervale scurte de timp (1\u20263 ore) sau prin acumulare cantit\u0103\u021bile de ap\u0103 vor fi de 15\u202625 l\/mp \u0219i pe arii restr\u00e2nse de peste 30\u202640 l\/mp.<\/p>\n<p>\u00cen func\u0163ie de evolu\u0163ia \u015fi intensitatea fenomenelor meteorologice, Administra\u0163ia Na\u0163ional\u0103 de Meteorologie va actualiza prezentul mesaj.<\/p>\n<p><a href=\"https:\/\/ziarulteleormanul.ro\/wp\/wp-content\/uploads\/2026\/07\/vijelii.jpg\"><img loading=\"lazy\" decoding=\"async\" class=\"alignleft size-full wp-image-77012\" src=\"https:\/\/ziarulteleormanul.ro\/wp\/wp-content\/uploads\/2026\/07\/vijelii.jpg\" alt width=\"1130\" height=\"684\"><\/a><a href=\"https:\/\/ziarulteleormanul.ro\/wp\/wp-content\/uploads\/2026\/07\/vijelii1.jpg\"><img loading=\"lazy\" decoding=\"async\" class=\"alignleft size-full wp-image-77013\" src=\"https:\/\/ziarulteleormanul.ro\/wp\/wp-content\/uploads\/2026\/07\/vijelii1.jpg\" alt width=\"1135\" height=\"682\"><\/a><\/p>\n<div id=\"jp-relatedposts\" class=\"jp-relatedposts\">\n<h3 class=\"jp-relatedposts-headline\"><em>Related<\/em><\/h3>\n<\/div>\n<\/div>\n<\/article>\n<div class=\"entry-content\">\n<p>Administra\u021bia Na\u021bional\u0103 de Meteorologie (ANM) a emis mai multe avertiz\u0103ri meteo, viz\u00e2nd fie alerte de canicul\u0103 \u0219i disconfort termic accentuat pentru anumite zone din \u021bar\u0103, fie instabilitate atmosferic\u0103 \u0219i ploi toren\u021biale \u00een altele.<\/p>\n<p>Astfel, un Cod portocaliu, valabil de ast\u0103zi, ora 15, p\u00e2n\u0103 m\u00e2ine, ora 06, vizeaz\u0103 fenomene de vijelii puternice, averse toren\u021biale importante cantitativ, grindin\u0103 de medii \u0219i posibil mari dimensiuni, frecvente desc\u0103rc\u0103ri electrice.<br \/>\n\u00cen Banat, Cri\u0219ana, vestul Transilvaniei, Oltenia, Muntenia, Carpa\u021bii Occidentali \u0219i cea mai mare parte a Carpa\u021bilor Meridionalivor fi perioade cu instabilitate atmosferic\u0103 accentuat\u0103 ce se va manifesta prin vijelii puternice cu rafale de 70\u202690 km\/h \u0219i izolat de peste 100 km\/h, averse toren\u021biale, grindin\u0103 de medii \u0219i posibil mari dimensiuni (2\u20265 cm) \u0219i frecvente desc\u0103rc\u0103ri electrice. \u00cen intervale scurte de timp (1\u20263 ore) sau prin acumulare cantit\u0103\u021bile de ap\u0103 vor fi de 25\u202640 l\/mp \u0219i pe arii restr\u00e2nse de peste 50\u202660 l\/mp.<\/p>\n<p>De asemenea, o aten\u021bionare meteorologic\u0103 Cod galben intr\u0103 \u00een vigoare joi, 2 iulie, ora 10, p\u00e2n\u0103 vineri, 3 iulie, ora 10, \u0219i vizeaz\u0103 instabilitate atmosferic\u0103, averse \u00eensemnate cantitativ, intensific\u0103ri ale v\u00e2ntului, vijelii, grindin\u0103 de mici dimensiuni.<\/p>\n<p>Joi (2 iulie) vor fi perioade cu instabilitate atmosferic\u0103 \u00een toate regiunile, ce se va manifesta prin averse toren\u021biale, frecvente desc\u0103rc\u0103ri electrice, intensific\u0103ri ale v\u00e2ntului, vijelii (viteze la rafal\u0103 de 50\u202670 km\/h \u0219i izolat de peste 80 km\/h) \u0219i grindin\u0103 de mici dimensiuni (1\u20262 cm). \u00cen intervale scurte de timp (1\u20263 ore) sau prin acumulare cantit\u0103\u021bile de ap\u0103 vor fi de 15\u202625 l\/mp \u0219i pe arii restr\u00e2nse de peste 30\u202640 l\/mp.<\/p>\n<p>\u00cen func\u0163ie de evolu\u0163ia \u015fi intensitatea fenomenelor meteorologice, Administra\u0163ia Na\u0163ional\u0103 de Meteorologie va actualiza prezentul mesaj.<\/p>\n<p><a href=\"https:\/\/ziarulteleormanul.ro\/wp\/wp-content\/uploads\/2026\/07\/vijelii.jpg\"><img loading=\"lazy\" decoding=\"async\" class=\"alignleft size-full wp-image-77012\" src=\"https:\/\/ziarulteleormanul.ro\/wp\/wp-content\/uploads\/2026\/07\/vijelii.jpg\" alt width=\"1130\" height=\"684\"><\/a><a href=\"https:\/\/ziarulteleormanul.ro\/wp\/wp-content\/uploads\/2026\/07\/vijelii1.jpg\"><img loading=\"lazy\" decoding=\"async\" class=\"alignleft size-full wp-image-77013\" src=\"https:\/\/ziarulteleormanul.ro\/wp\/wp-content\/uploads\/2026\/07\/vijelii1.jpg\" alt width=\"1135\" height=\"682\"><\/a><\/p>\n<div id=\"jp-relatedposts\" class=\"jp-relatedposts\">\n<h3 class=\"jp-relatedposts-headline\"><em>Related<\/em><\/h3>\n<\/div>\n<\/div>\n<div class=\"entry-content\">\n<p>Administra\u021bia Na\u021bional\u0103 de Meteorologie (ANM) a emis mai multe avertiz\u0103ri meteo, viz\u00e2nd fie alerte de canicul\u0103 \u0219i disconfort termic accentuat pentru anumite zone din \u021bar\u0103, fie instabilitate atmosferic\u0103 \u0219i ploi toren\u021biale \u00een altele.<\/p>\n<p>Astfel, un Cod portocaliu, valabil de ast\u0103zi, ora 15, p\u00e2n\u0103 m\u00e2ine, ora 06, vizeaz\u0103 fenomene de vijelii puternice, averse toren\u021biale importante cantitativ, grindin\u0103 de medii \u0219i posibil mari dimensiuni, frecvente desc\u0103rc\u0103ri electrice.<br \/>\n\u00cen Banat, Cri\u0219ana, vestul Transilvaniei, Oltenia, Muntenia, Carpa\u021bii Occidentali \u0219i cea mai mare parte a Carpa\u021bilor Meridionalivor fi perioade cu instabilitate atmosferic\u0103 accentuat\u0103 ce se va manifesta prin vijelii puternice cu rafale de 70\u202690 km\/h \u0219i izolat de peste 100 km\/h, averse toren\u021biale, grindin\u0103 de medii \u0219i posibil mari dimensiuni (2\u20265 cm) \u0219i frecvente desc\u0103rc\u0103ri electrice. \u00cen intervale scurte de timp (1\u20263 ore) sau prin acumulare cantit\u0103\u021bile de ap\u0103 vor fi de 25\u202640 l\/mp \u0219i pe arii restr\u00e2nse de peste 50\u202660 l\/mp.<\/p>\n<p>De asemenea, o aten\u021bionare meteorologic\u0103 Cod galben intr\u0103 \u00een vigoare joi, 2 iulie, ora 10, p\u00e2n\u0103 vineri, 3 iulie, ora 10, \u0219i vizeaz\u0103 instabilitate atmosferic\u0103, averse \u00eensemnate cantitativ, intensific\u0103ri ale v\u00e2ntului, vijelii, grindin\u0103 de mici dimensiuni.<\/p>\n<p>Joi (2 iulie) vor fi perioade cu instabilitate atmosferic\u0103 \u00een toate regiunile, ce se va manifesta prin averse toren\u021biale, frecvente desc\u0103rc\u0103ri electrice, intensific\u0103ri ale v\u00e2ntului, vijelii (viteze la rafal\u0103 de 50\u202670 km\/h \u0219i izolat de peste 80 km\/h) \u0219i grindin\u0103 de mici dimensiuni (1\u20262 cm). \u00cen intervale scurte de timp (1\u20263 ore) sau prin acumulare cantit\u0103\u021bile de ap\u0103 vor fi de 15\u202625 l\/mp \u0219i pe arii restr\u00e2nse de peste 30\u202640 l\/mp.<\/p>\n<p>\u00cen func\u0163ie de evolu\u0163ia \u015fi intensitatea fenomenelor meteorologice, Administra\u0163ia Na\u0163ional\u0103 de Meteorologie va actualiza prezentul mesaj.<\/p>\n<p><a href=\"https:\/\/ziarulteleormanul.ro\/wp\/wp-content\/uploads\/2026\/07\/vijelii.jpg\"><img loading=\"lazy\" decoding=\"async\" class=\"alignleft size-full wp-image-77012\" src=\"https:\/\/ziarulteleormanul.ro\/wp\/wp-content\/uploads\/2026\/07\/vijelii.jpg\" alt width=\"1130\" height=\"684\"><\/a><a href=\"https:\/\/ziarulteleormanul.ro\/wp\/wp-content\/uploads\/2026\/07\/vijelii1.jpg\"><img loading=\"lazy\" decoding=\"async\" class=\"alignleft size-full wp-image-77013\" src=\"https:\/\/ziarulteleormanul.ro\/wp\/wp-content\/uploads\/2026\/07\/vijelii1.jpg\" alt width=\"1135\" height=\"682\"><\/a><\/p>\n<div id=\"jp-relatedposts\" class=\"jp-relatedposts\">\n<h3 class=\"jp-relatedposts-headline\"><em>Related<\/em><\/h3>\n<\/div>\n<\/div>\n<p>[analyse_source url=&#8221;https:\/\/ziarulteleormanul.ro\/alerte-meteo-vijelii-puternice-averse-torentiale-grindina\/&#8221;]<\/p>\n","protected":false},"excerpt":{"rendered":"<p>[analyse_image type=&#8221;featured&#8221; src=&#8221;https:\/\/ziarulteleormanul.ro\/wp\/wp-content\/uploads\/2026\/07\/vijelii.jpg&#8221;] Eveniment Alerte meteo \/ Vijelii puternice, averse toren\u021biale, grindin\u0103 iulie 1, 2026 09:30 Administra\u021bia Na\u021bional\u0103 de Meteorologie (ANM) a emis mai multe avertiz\u0103ri meteo, viz\u00e2nd fie alerte de canicul\u0103 \u0219i disconfort termic accentuat pentru anumite zone din \u021bar\u0103, fie instabilitate atmosferic\u0103 \u0219i ploi toren\u021biale \u00een altele. Astfel, un Cod portocaliu, valabil de [&hellip;]<\/p>\n","protected":false},"author":1,"featured_media":0,"comment_status":"open","ping_status":"","sticky":false,"template":"","format":"standard","meta":{"footnotes":""},"categories":[89],"tags":[226,178],"class_list":["post-2022589","post","type-post","status-publish","format-standard","hentry","category-romania","tag-crawlmanager","tag-ziarulteleormanul-ro"],"_links":{"self":[{"href":"https:\/\/analyse.optim.biz\/index.php?rest_route=\/wp\/v2\/posts\/2022589","targetHints":{"allow":["GET"]}}],"collection":[{"href":"https:\/\/analyse.optim.biz\/index.php?rest_route=\/wp\/v2\/posts"}],"about":[{"href":"https:\/\/analyse.optim.biz\/index.php?rest_route=\/wp\/v2\/types\/post"}],"author":[{"embeddable":true,"href":"https:\/\/analyse.optim.biz\/index.php?rest_route=\/wp\/v2\/users\/1"}],"replies":[{"embeddable":true,"href":"https:\/\/analyse.optim.biz\/index.php?rest_route=%2Fwp%2Fv2%2Fcomments&post=2022589"}],"version-history":[{"count":0,"href":"https:\/\/analyse.optim.biz\/index.php?rest_route=\/wp\/v2\/posts\/2022589\/revisions"}],"wp:attachment":[{"href":"https:\/\/analyse.optim.biz\/index.php?rest_route=%2Fwp%2Fv2%2Fmedia&parent=2022589"}],"wp:term":[{"taxonomy":"category","embeddable":true,"href":"https:\/\/analyse.optim.biz\/index.php?rest_route=%2Fwp%2Fv2%2Fcategories&post=2022589"},{"taxonomy":"post_tag","embeddable":true,"href":"https:\/\/analyse.optim.biz\/index.php?rest_route=%2Fwp%2Fv2%2Ftags&post=2022589"}],"curies":[{"name":"wp","href":"https:\/\/api.w.org\/{rel}","templated":true}]}}