{"id":2022313,"date":"2026-07-01T06:00:29","date_gmt":"2026-07-01T03:00:29","guid":{"rendered":"https:\/\/analyse.optim.biz\/?p=2022313"},"modified":"2026-07-01T06:00:29","modified_gmt":"2026-07-01T03:00:29","slug":"presedinta-bulgariei-si-ar-fi-dorit-sa-participe-la-dezvelirea-monumentului-lui-stefan-karadzha-de-la-tulcea","status":"publish","type":"post","link":"https:\/\/analyse.optim.biz\/?p=2022313","title":{"rendered":"Pre\u015fedinta Bulgariei \u015fi-ar fi dorit s\u0103 participe la dezvelirea monumentului lui Stefan Karadzha de la Tulcea"},"content":{"rendered":"<p>[analyse_image type=&#8221;featured&#8221; src=&#8221;https:\/\/ziaruldelta.ro\/wp-content\/uploads\/2026\/06\/Presedinta-1.jpg&#8221;]<\/p>\n<article id=\"post-37260\" class=\"module single-post-module post-37260 post type-post status-publish format-standard has-post-thumbnail hentry category-stirea-zilei et-has-post-format-content et_post_format-et-post-format-standard\">\n<div class=\"post-header\">\n<h1 class=\"entry-title\">Pre\u015fedinta Bulgariei \u015fi-ar fi dorit s\u0103 participe la dezvelirea monumentului lui Stefan Karadzha de la Tulcea<\/h1>\n<div class=\"post-meta vcard\">\n<p>Posted by <a href=\"https:\/\/ziaruldelta.ro\/author\/claudia-ionescu\/\" class=\"url fn\" title=\"Posts by Claudia Ionescu\" rel=\"author\">Claudia Ionescu<\/a> | <span class=\"updated\">Jul 1, 2026<\/span> | <a href=\"https:\/\/ziaruldelta.ro\/category\/stirea-zilei\/\" rel=\"tag\">Stirea Zilei<\/a> | <\/p>\n<\/div>\n<\/div>\n<div class=\"post-thumbnail header\"><img decoding=\"async\" src=\"https:\/\/ziaruldelta.ro\/wp-content\/uploads\/2026\/06\/Presedinta-1.jpg\" alt=\"Pre\u015fedinta Bulgariei \u015fi-ar fi dorit s\u0103 participe la dezvelirea monumentului lui Stefan Karadzha de la Tulcea\"><\/div>\n<div class=\"post-wrap\">\n<div class=\"post-content entry-content\">\n<p>Pre\u015fedintele Republicii Bulgaria, Iliana Malinova Iotova, ar fi vrut s\u0103 participe la dezvelirea monumentului comemorativ dedicat revolu\u0163ionarului bulgar Stefan Karadzha, a dezv\u0103luit, ieri, ambasadorul Bulgariei \u00een Rom\u00e2nia, Excelen\u0163a Sa Radko Vlaykov, prezent la ceremonial.<\/p>\n<blockquote>\n<p><img loading=\"lazy\" decoding=\"async\" class=\"size-full wp-image-37262 aligncenter\" src=\"https:\/\/ziaruldelta.ro\/wp-content\/uploads\/2026\/06\/Presedinta-2.jpg\" alt width=\"600\" height=\"400\">\u201eSunt rugat de c\u0103tre pre\u015fedintele Republicii Bulgaria, doamna Iliana Malinova Iotova, s\u0103 v\u0103 transmit\u0103 cele mai c\u0103lduroase felicit\u0103ri din partea ei. \u00cen ultimul an, \u00een calitatea de vicepre\u015fedinte, doamna Iotova a fost foarte angajat\u0103 cu minorit\u0103\u0163ile bulgare \u00een afara grani\u0163elor. Pe tot parcursul procedurii \u015fi timpului \u00een care s-a preg\u0103tit \u015fi s-a realizat ideea monumentului lui Stefan Karadzha, ea a fost foarte activ\u0103 \u015fi foarte implicat\u0103 \u00een acest proiect. Dup\u0103 ce a devenit pre\u015fedintele Republicii Bulgaria, a avut dorin\u0163a s\u0103 participe la aceast\u0103 festivitate, dar a\u015fa a fost situa\u0163ia, conjunctura, \u015fi nu a putut s\u0103 fie prezent\u0103 aici. Am asigur\u0103rile doamnei Iotova c\u0103, cu prima ocazie c\u00e2nd va fi \u00een Rom\u00e2nia \u015fi va avea posibilitatea, va veni aici \u015fi va vizita monumentul. Domnule primar, v\u0103 da\u0163i seama c\u0103 aceste cuvinte pe care le transmit din partea pre\u015fedintelui Bulgariei sunt pentru dumneavoastr\u0103, pentru Prefectur\u0103, pentru membrii consiliului ora\u015fului \u015fi pentru cet\u0103\u0163enii ora\u015fului Tulcea\u201d, a declarat Radko Vlaykov.<\/p>\n<\/blockquote>\n<p><img decoding=\"async\" loading=\"lazy\" class=\"size-full wp-image-37263 aligncenter\" src=\"https:\/\/ziaruldelta.ro\/wp-content\/uploads\/2026\/06\/Presedinta-3.jpg\" alt width=\"600\" height=\"400\">Ambasadorul \u015fi-a reamintit de prima sa vizit\u0103 la Tulcea, \u00een urm\u0103 cu doi ani, atunci c\u00e2nd a discutat cu reprezentan\u0163ii municipalit\u0103\u0163ii tulcene despre ideea amplas\u0103rii unui monument dedicat revolu\u0163ionarului bulgar Stefan Karadzha \u00een ora\u015f, apreciind \u00een mod deosebit implicarea primarului \u015etefan Ilie.<\/p>\n<blockquote>\n<p>\u201eAcum doi ani \u015fi jum\u0103tate, pe 4 ianuarie 2024, a fost prima mea vizit\u0103 aici, la Tulcea, \u015fi, din primele minute al contactului nostru, am descoperit c\u0103 avem o g\u00e2ndire similar\u0103 sau apropiat\u0103. G\u00e2ndirea \u00een privin\u0163a faptului c\u0103 am\u00e2ndoi am \u015ftiut c\u0103 memoria istoric\u0103 a celor dou\u0103 \u0163\u0103ri trebuie s\u0103 fie cumva comemorat\u0103, poate \u015fi \u00eempreun\u0103. \u00cenc\u0103 din prima \u00eent\u00e2lnire, dumneavoastr\u0103 am v\u0103zut cum a\u0163i acceptat \u015fi a\u0163i \u00eembr\u0103\u0163i\u015fat ideea acestui monument. \u0162in minte, era frig atunci, cum am venit dup\u0103 \u00eent\u00e2lnire aici, la locul acesta, \u015fi m-am uitat pentru un loc potrivit unde s\u0103 fie pus monumentul. Eu v\u0103 mul\u0163umesc c\u0103 \u00eentr-un a\u015fa fel prietenesc a\u0163i primit ideea, iar dup\u0103 aceea a\u0163i ajutat pentru realizarea acestei idei. Vreau s\u0103 mul\u0163umesc \u015fi membrii Consiliului care au votat hot\u0103r\u00e2rea \u015fi au f\u0103cut posibil\u0103 realizarea\u201d, a spus Radko Vlaykov.<\/p>\n<\/blockquote>\n<p><img decoding=\"async\" loading=\"lazy\" class=\"size-full wp-image-37264 aligncenter\" src=\"https:\/\/ziaruldelta.ro\/wp-content\/uploads\/2026\/06\/Presedinta-4.jpg\" alt width=\"600\" height=\"450\">Primarul \u015etefan Ilie spus c\u0103 municipiul Tulcea a primit cu deschidere aceast\u0103 ini\u0163iativ\u0103 \u015fi a sprijinit amplasarea monumentului \u00eentr-un loc cu o puternic\u0103 valoare simbolic\u0103, \u00een apropierea Bisericii \u201eSf\u00e2ntul Gheorghe\u201d, cunoscut\u0103 \u015fi ca \u201eBiserica Bulg\u0103reasc\u0103\u201d.<\/p>\n<blockquote>\n<p>\u201eAst\u0103zi ne-am reunit pentru a inaugura un monument care vorbe\u015fte despre istorie, despre respect \u015fi despre prietenie. Bustul lui Stefan Karadzha, realizat la ini\u0163iativa \u015fi prin contribu\u0163ia partenerilor no\u015ftri bulgari, reprezint\u0103 un frumos gest de pre\u0163uire fa\u0163\u0103 de memoria unuia dintre eroii na\u0163ionali ai Bulgariei, dar \u015fi o recunoa\u015ftere a leg\u0103turii profunde pe care acesta a avut-o cu municipiul nostru, unde \u015fi-a petrecut o parte important\u0103 a tinere\u0163ii \u015fi unde s-au conturat idealurile care aveau s\u0103-i marcheze destinul. Municipiul Tulcea a primit cu deschidere aceast\u0103 ini\u0163iativ\u0103 \u015fi a sprijinit amplasarea monumentului \u00eentr-un loc cu o puternic\u0103 valoare simbolic\u0103, \u00een apropierea Bisericii Bulg\u0103re\u015fti &lt;&lt;Sf\u00e2ntul Gheorghe&gt;&gt;, \u00een inima unui ora\u015f \u00een care istoria \u015fi diversitatea au mers \u00eentotdeauna \u00eempreun\u0103. Tulcea este prin identitatea sa un ora\u015f al multiculturalit\u0103\u0163ii. De genera\u0163ii, rom\u00e2ni, bulgari, ru\u015fi-lipoveni, greci, turci, armeni, \u015fi reprezentan\u0163i ai multor alte comunit\u0103\u0163i etnice, au tr\u0103it \u00eempreun\u0103, au muncit \u00eempreun\u0103 \u015fi au contribuit la dezvoltarea acestui ora\u015f \u00eempreun\u0103. Diversitatea nu este doar o tr\u0103s\u0103tur\u0103 a Tulcei, ci una dintre cele mai importante valori ale sale \u015fi una dintre resursele care \u00eei dau identitate \u015fi for\u0163\u0103. De aceea, inaugurarea acestui monument dep\u0103\u015fe\u015fte semnifica\u0163ia unui simplu act comemorativ. Ea reprezint\u0103 un simbol al respectului reciproc dintre Rom\u00e2nia \u015fi Bulgaria \u015fi dovada c\u0103 memoria istoric\u0103 poate construi pun\u0163i durabile \u00eentre oameni, comunit\u0103\u0163i, genera\u0163ii\u201d, a precizat \u015etefan Ilie.<\/p>\n<\/blockquote>\n<p>De asemenea, edilul a mul\u0163umit tuturor celor care s-au implicat la realizarea acestui monument.<\/p>\n<blockquote>\n<p>\u201eDoresc s\u0103 adresez sincere mul\u0163umiri Ambasadei Republicii Bulgaria \u00een Rom\u00e2nia, excelen\u0163ei sale, domnului Radko Vlaykov, autorit\u0103\u0163ilor bulgare, tuturor celor care au contribuit la realizarea acestui monument, precum \u015fi institu\u0163iilor \u015fi speciali\u015ftilor din Rom\u00e2nia care au sprijinit concretizarea acestui proiect. Prezen\u0163a dumneavoastr\u0103 la Tulcea ne onoreaz\u0103 \u015fi transmite un mesaj puternic: rela\u0163ia dintre Rom\u00e2nia \u015fi Bulgaria este construit\u0103 nu doar din proximitate geografic\u0103, ci \u015fi prin \u00eencredere, cooperare \u015fi respect reciproc. \u00cemi doresc ca acest monument s\u0103 devin\u0103 un loc al memoriei, al dialogului \u015fi al prieteniei, un loc care s\u0103 le aminteasc\u0103 tuturor celor care vor trece pe aici c\u0103 libertatea, demnitatea \u015fi buna vecin\u0103tate sunt valori care trebuie p\u0103strate \u015fi transmise mai departe. Ast\u0103zi nu inaugur\u0103m doar un bust, inaugur\u0103m \u00eenc\u0103 un simbol al prieteniei dintre Bulgaria \u015fi Rom\u00e2nia, aici, la Tulcea, un ora\u015f \u00een care diversitatea a fost \u00eentotdeauna o surs\u0103 de putere\u201d, a declarat \u015etefan Ilie.<\/p>\n<\/blockquote>\n<p>Inaugurarea oficial\u0103 a monumentului dedicat eroului bulgar \u015etefan Karadzha, realizat prin contribu\u0163ia unor ora\u015fe, asocia\u0163ii \u015fi persoane din Bulgaria, s-a desf\u0103\u015furat ieri, \u00een Parcul Pia\u0163a Sf\u00e2ntul Gheorghe din municipiu.<\/p>\n<p>Evenimentul a beneficiat de prezen\u0163a unei numeroase delega\u0163ii bulgare, \u00een frunte cu Excelen\u0163a Sa, domnul Radko Vlaykov, Ambasador Extraordinar \u015fi Plenipoten\u0163iar al Republicii Populare Bulgaria \u00een Rom\u00e2nia, al\u0103turi de reprezentan\u0163i ai autorit\u0103\u0163ilor locale.<\/p>\n<p>Ceremonia a debutat cu intonarea imnurilor oficiale ale Republicii Bulgaria, Rom\u00e2niei \u015fi Uniunii Europene, urmat de dezvelirea monumentului \u015fi o slujb\u0103 de binecuv\u00e2ntare.<\/p>\n<p>Bustul-monument dedicat lui Stefan Karadzha este o crea\u0163ie a sculptorilor bulgari Georgi Petkov Radulov \u015fi Daniel Kanchev Ivanov. Lucrarea realizat\u0103 la Tulcea reprezint\u0103 o replic\u0103 a bustului inclus \u00een monumentul dedicat lui \u015etefan Karadzha din ora\u015ful Ruse, inaugurat \u00een anul 1968. Municipiul Tulcea a sus\u0163inut acest demers prin punerea la dispozi\u0163ie a terenului \u015fi prin amenajarea spa\u0163iului aferent monumentului.<\/p>\n<p>Stefan Karadzha (1840-1868) este un simbol al mi\u015fc\u0103rii bulgare de eliberare na\u0163ional\u0103 de sub domina\u0163ia otoman\u0103. N\u0103scut \u00een Bulgaria, \u00een localitatea Ichme (ast\u0103zi Stefan Karadjovo), acesta a locuit la Tulcea \u00eentre anii 1854 \u015fi 1862, perioad\u0103 \u00een care a studiat \u015fi s-a format \u00een spiritul idealurilor de libertate \u015fi identitate na\u0163ional\u0103. Activitatea sa revolu\u0163ionar\u0103 este str\u00e2ns legat\u0103 de spa\u0163iul rom\u00e2nesc, unde a desf\u0103\u015furat o parte important\u0103 a activit\u0103\u0163ii sale \u015fi unde numero\u015fi militan\u0163i bulgari au g\u0103sit un cadru favorabil pentru organizarea ac\u0163iunilor dedicate eliber\u0103rii de sub domina\u0163ia otoman\u0103. Stefan Karadzha a devenit una dintre figurile simbol ale Rena\u015fterii Na\u0163ionale Bulgare, memoria sa fiind p\u0103strat\u0103 \u015fi ast\u0103zi \u00een Bulgaria.<\/p>\n<\/div>\n<\/div>\n<div class=\"post-footer\">\n<div class=\"social-icons ed-social-share-icons\">\n<p class=\"share-title\">Share:<\/p>\n<\/div>\n<div class=\"rating-stars\">\n<p id=\"rate-title\" class=\"rate-title\">Rate:<\/p>\n<\/div>\n<\/div>\n<\/article>\n<div class=\"post-content entry-content\">\n<p>Pre\u015fedintele Republicii Bulgaria, Iliana Malinova Iotova, ar fi vrut s\u0103 participe la dezvelirea monumentului comemorativ dedicat revolu\u0163ionarului bulgar Stefan Karadzha, a dezv\u0103luit, ieri, ambasadorul Bulgariei \u00een Rom\u00e2nia, Excelen\u0163a Sa Radko Vlaykov, prezent la ceremonial.<\/p>\n<blockquote>\n<p><img loading=\"lazy\" decoding=\"async\" class=\"size-full wp-image-37262 aligncenter\" src=\"https:\/\/ziaruldelta.ro\/wp-content\/uploads\/2026\/06\/Presedinta-2.jpg\" alt width=\"600\" height=\"400\">\u201eSunt rugat de c\u0103tre pre\u015fedintele Republicii Bulgaria, doamna Iliana Malinova Iotova, s\u0103 v\u0103 transmit\u0103 cele mai c\u0103lduroase felicit\u0103ri din partea ei. \u00cen ultimul an, \u00een calitatea de vicepre\u015fedinte, doamna Iotova a fost foarte angajat\u0103 cu minorit\u0103\u0163ile bulgare \u00een afara grani\u0163elor. Pe tot parcursul procedurii \u015fi timpului \u00een care s-a preg\u0103tit \u015fi s-a realizat ideea monumentului lui Stefan Karadzha, ea a fost foarte activ\u0103 \u015fi foarte implicat\u0103 \u00een acest proiect. Dup\u0103 ce a devenit pre\u015fedintele Republicii Bulgaria, a avut dorin\u0163a s\u0103 participe la aceast\u0103 festivitate, dar a\u015fa a fost situa\u0163ia, conjunctura, \u015fi nu a putut s\u0103 fie prezent\u0103 aici. Am asigur\u0103rile doamnei Iotova c\u0103, cu prima ocazie c\u00e2nd va fi \u00een Rom\u00e2nia \u015fi va avea posibilitatea, va veni aici \u015fi va vizita monumentul. Domnule primar, v\u0103 da\u0163i seama c\u0103 aceste cuvinte pe care le transmit din partea pre\u015fedintelui Bulgariei sunt pentru dumneavoastr\u0103, pentru Prefectur\u0103, pentru membrii consiliului ora\u015fului \u015fi pentru cet\u0103\u0163enii ora\u015fului Tulcea\u201d, a declarat Radko Vlaykov.<\/p>\n<\/blockquote>\n<p><img decoding=\"async\" loading=\"lazy\" class=\"size-full wp-image-37263 aligncenter\" src=\"https:\/\/ziaruldelta.ro\/wp-content\/uploads\/2026\/06\/Presedinta-3.jpg\" alt width=\"600\" height=\"400\">Ambasadorul \u015fi-a reamintit de prima sa vizit\u0103 la Tulcea, \u00een urm\u0103 cu doi ani, atunci c\u00e2nd a discutat cu reprezentan\u0163ii municipalit\u0103\u0163ii tulcene despre ideea amplas\u0103rii unui monument dedicat revolu\u0163ionarului bulgar Stefan Karadzha \u00een ora\u015f, apreciind \u00een mod deosebit implicarea primarului \u015etefan Ilie.<\/p>\n<blockquote>\n<p>\u201eAcum doi ani \u015fi jum\u0103tate, pe 4 ianuarie 2024, a fost prima mea vizit\u0103 aici, la Tulcea, \u015fi, din primele minute al contactului nostru, am descoperit c\u0103 avem o g\u00e2ndire similar\u0103 sau apropiat\u0103. G\u00e2ndirea \u00een privin\u0163a faptului c\u0103 am\u00e2ndoi am \u015ftiut c\u0103 memoria istoric\u0103 a celor dou\u0103 \u0163\u0103ri trebuie s\u0103 fie cumva comemorat\u0103, poate \u015fi \u00eempreun\u0103. \u00cenc\u0103 din prima \u00eent\u00e2lnire, dumneavoastr\u0103 am v\u0103zut cum a\u0163i acceptat \u015fi a\u0163i \u00eembr\u0103\u0163i\u015fat ideea acestui monument. \u0162in minte, era frig atunci, cum am venit dup\u0103 \u00eent\u00e2lnire aici, la locul acesta, \u015fi m-am uitat pentru un loc potrivit unde s\u0103 fie pus monumentul. Eu v\u0103 mul\u0163umesc c\u0103 \u00eentr-un a\u015fa fel prietenesc a\u0163i primit ideea, iar dup\u0103 aceea a\u0163i ajutat pentru realizarea acestei idei. Vreau s\u0103 mul\u0163umesc \u015fi membrii Consiliului care au votat hot\u0103r\u00e2rea \u015fi au f\u0103cut posibil\u0103 realizarea\u201d, a spus Radko Vlaykov.<\/p>\n<\/blockquote>\n<p><img decoding=\"async\" loading=\"lazy\" class=\"size-full wp-image-37264 aligncenter\" src=\"https:\/\/ziaruldelta.ro\/wp-content\/uploads\/2026\/06\/Presedinta-4.jpg\" alt width=\"600\" height=\"450\">Primarul \u015etefan Ilie spus c\u0103 municipiul Tulcea a primit cu deschidere aceast\u0103 ini\u0163iativ\u0103 \u015fi a sprijinit amplasarea monumentului \u00eentr-un loc cu o puternic\u0103 valoare simbolic\u0103, \u00een apropierea Bisericii \u201eSf\u00e2ntul Gheorghe\u201d, cunoscut\u0103 \u015fi ca \u201eBiserica Bulg\u0103reasc\u0103\u201d.<\/p>\n<blockquote>\n<p>\u201eAst\u0103zi ne-am reunit pentru a inaugura un monument care vorbe\u015fte despre istorie, despre respect \u015fi despre prietenie. Bustul lui Stefan Karadzha, realizat la ini\u0163iativa \u015fi prin contribu\u0163ia partenerilor no\u015ftri bulgari, reprezint\u0103 un frumos gest de pre\u0163uire fa\u0163\u0103 de memoria unuia dintre eroii na\u0163ionali ai Bulgariei, dar \u015fi o recunoa\u015ftere a leg\u0103turii profunde pe care acesta a avut-o cu municipiul nostru, unde \u015fi-a petrecut o parte important\u0103 a tinere\u0163ii \u015fi unde s-au conturat idealurile care aveau s\u0103-i marcheze destinul. Municipiul Tulcea a primit cu deschidere aceast\u0103 ini\u0163iativ\u0103 \u015fi a sprijinit amplasarea monumentului \u00eentr-un loc cu o puternic\u0103 valoare simbolic\u0103, \u00een apropierea Bisericii Bulg\u0103re\u015fti &lt;&lt;Sf\u00e2ntul Gheorghe&gt;&gt;, \u00een inima unui ora\u015f \u00een care istoria \u015fi diversitatea au mers \u00eentotdeauna \u00eempreun\u0103. Tulcea este prin identitatea sa un ora\u015f al multiculturalit\u0103\u0163ii. De genera\u0163ii, rom\u00e2ni, bulgari, ru\u015fi-lipoveni, greci, turci, armeni, \u015fi reprezentan\u0163i ai multor alte comunit\u0103\u0163i etnice, au tr\u0103it \u00eempreun\u0103, au muncit \u00eempreun\u0103 \u015fi au contribuit la dezvoltarea acestui ora\u015f \u00eempreun\u0103. Diversitatea nu este doar o tr\u0103s\u0103tur\u0103 a Tulcei, ci una dintre cele mai importante valori ale sale \u015fi una dintre resursele care \u00eei dau identitate \u015fi for\u0163\u0103. De aceea, inaugurarea acestui monument dep\u0103\u015fe\u015fte semnifica\u0163ia unui simplu act comemorativ. Ea reprezint\u0103 un simbol al respectului reciproc dintre Rom\u00e2nia \u015fi Bulgaria \u015fi dovada c\u0103 memoria istoric\u0103 poate construi pun\u0163i durabile \u00eentre oameni, comunit\u0103\u0163i, genera\u0163ii\u201d, a precizat \u015etefan Ilie.<\/p>\n<\/blockquote>\n<p>De asemenea, edilul a mul\u0163umit tuturor celor care s-au implicat la realizarea acestui monument.<\/p>\n<blockquote>\n<p>\u201eDoresc s\u0103 adresez sincere mul\u0163umiri Ambasadei Republicii Bulgaria \u00een Rom\u00e2nia, excelen\u0163ei sale, domnului Radko Vlaykov, autorit\u0103\u0163ilor bulgare, tuturor celor care au contribuit la realizarea acestui monument, precum \u015fi institu\u0163iilor \u015fi speciali\u015ftilor din Rom\u00e2nia care au sprijinit concretizarea acestui proiect. Prezen\u0163a dumneavoastr\u0103 la Tulcea ne onoreaz\u0103 \u015fi transmite un mesaj puternic: rela\u0163ia dintre Rom\u00e2nia \u015fi Bulgaria este construit\u0103 nu doar din proximitate geografic\u0103, ci \u015fi prin \u00eencredere, cooperare \u015fi respect reciproc. \u00cemi doresc ca acest monument s\u0103 devin\u0103 un loc al memoriei, al dialogului \u015fi al prieteniei, un loc care s\u0103 le aminteasc\u0103 tuturor celor care vor trece pe aici c\u0103 libertatea, demnitatea \u015fi buna vecin\u0103tate sunt valori care trebuie p\u0103strate \u015fi transmise mai departe. Ast\u0103zi nu inaugur\u0103m doar un bust, inaugur\u0103m \u00eenc\u0103 un simbol al prieteniei dintre Bulgaria \u015fi Rom\u00e2nia, aici, la Tulcea, un ora\u015f \u00een care diversitatea a fost \u00eentotdeauna o surs\u0103 de putere\u201d, a declarat \u015etefan Ilie.<\/p>\n<\/blockquote>\n<p>Inaugurarea oficial\u0103 a monumentului dedicat eroului bulgar \u015etefan Karadzha, realizat prin contribu\u0163ia unor ora\u015fe, asocia\u0163ii \u015fi persoane din Bulgaria, s-a desf\u0103\u015furat ieri, \u00een Parcul Pia\u0163a Sf\u00e2ntul Gheorghe din municipiu.<\/p>\n<p>Evenimentul a beneficiat de prezen\u0163a unei numeroase delega\u0163ii bulgare, \u00een frunte cu Excelen\u0163a Sa, domnul Radko Vlaykov, Ambasador Extraordinar \u015fi Plenipoten\u0163iar al Republicii Populare Bulgaria \u00een Rom\u00e2nia, al\u0103turi de reprezentan\u0163i ai autorit\u0103\u0163ilor locale.<\/p>\n<p>Ceremonia a debutat cu intonarea imnurilor oficiale ale Republicii Bulgaria, Rom\u00e2niei \u015fi Uniunii Europene, urmat de dezvelirea monumentului \u015fi o slujb\u0103 de binecuv\u00e2ntare.<\/p>\n<p>Bustul-monument dedicat lui Stefan Karadzha este o crea\u0163ie a sculptorilor bulgari Georgi Petkov Radulov \u015fi Daniel Kanchev Ivanov. Lucrarea realizat\u0103 la Tulcea reprezint\u0103 o replic\u0103 a bustului inclus \u00een monumentul dedicat lui \u015etefan Karadzha din ora\u015ful Ruse, inaugurat \u00een anul 1968. Municipiul Tulcea a sus\u0163inut acest demers prin punerea la dispozi\u0163ie a terenului \u015fi prin amenajarea spa\u0163iului aferent monumentului.<\/p>\n<p>Stefan Karadzha (1840-1868) este un simbol al mi\u015fc\u0103rii bulgare de eliberare na\u0163ional\u0103 de sub domina\u0163ia otoman\u0103. N\u0103scut \u00een Bulgaria, \u00een localitatea Ichme (ast\u0103zi Stefan Karadjovo), acesta a locuit la Tulcea \u00eentre anii 1854 \u015fi 1862, perioad\u0103 \u00een care a studiat \u015fi s-a format \u00een spiritul idealurilor de libertate \u015fi identitate na\u0163ional\u0103. Activitatea sa revolu\u0163ionar\u0103 este str\u00e2ns legat\u0103 de spa\u0163iul rom\u00e2nesc, unde a desf\u0103\u015furat o parte important\u0103 a activit\u0103\u0163ii sale \u015fi unde numero\u015fi militan\u0163i bulgari au g\u0103sit un cadru favorabil pentru organizarea ac\u0163iunilor dedicate eliber\u0103rii de sub domina\u0163ia otoman\u0103. Stefan Karadzha a devenit una dintre figurile simbol ale Rena\u015fterii Na\u0163ionale Bulgare, memoria sa fiind p\u0103strat\u0103 \u015fi ast\u0103zi \u00een Bulgaria.<\/p>\n<\/div>\n<div class=\"post-content entry-content\">\n<p>Pre\u015fedintele Republicii Bulgaria, Iliana Malinova Iotova, ar fi vrut s\u0103 participe la dezvelirea monumentului comemorativ dedicat revolu\u0163ionarului bulgar Stefan Karadzha, a dezv\u0103luit, ieri, ambasadorul Bulgariei \u00een Rom\u00e2nia, Excelen\u0163a Sa Radko Vlaykov, prezent la ceremonial.<\/p>\n<blockquote>\n<p><img loading=\"lazy\" decoding=\"async\" class=\"size-full wp-image-37262 aligncenter\" src=\"https:\/\/ziaruldelta.ro\/wp-content\/uploads\/2026\/06\/Presedinta-2.jpg\" alt width=\"600\" height=\"400\">\u201eSunt rugat de c\u0103tre pre\u015fedintele Republicii Bulgaria, doamna Iliana Malinova Iotova, s\u0103 v\u0103 transmit\u0103 cele mai c\u0103lduroase felicit\u0103ri din partea ei. \u00cen ultimul an, \u00een calitatea de vicepre\u015fedinte, doamna Iotova a fost foarte angajat\u0103 cu minorit\u0103\u0163ile bulgare \u00een afara grani\u0163elor. Pe tot parcursul procedurii \u015fi timpului \u00een care s-a preg\u0103tit \u015fi s-a realizat ideea monumentului lui Stefan Karadzha, ea a fost foarte activ\u0103 \u015fi foarte implicat\u0103 \u00een acest proiect. Dup\u0103 ce a devenit pre\u015fedintele Republicii Bulgaria, a avut dorin\u0163a s\u0103 participe la aceast\u0103 festivitate, dar a\u015fa a fost situa\u0163ia, conjunctura, \u015fi nu a putut s\u0103 fie prezent\u0103 aici. Am asigur\u0103rile doamnei Iotova c\u0103, cu prima ocazie c\u00e2nd va fi \u00een Rom\u00e2nia \u015fi va avea posibilitatea, va veni aici \u015fi va vizita monumentul. Domnule primar, v\u0103 da\u0163i seama c\u0103 aceste cuvinte pe care le transmit din partea pre\u015fedintelui Bulgariei sunt pentru dumneavoastr\u0103, pentru Prefectur\u0103, pentru membrii consiliului ora\u015fului \u015fi pentru cet\u0103\u0163enii ora\u015fului Tulcea\u201d, a declarat Radko Vlaykov.<\/p>\n<\/blockquote>\n<p><img decoding=\"async\" loading=\"lazy\" class=\"size-full wp-image-37263 aligncenter\" src=\"https:\/\/ziaruldelta.ro\/wp-content\/uploads\/2026\/06\/Presedinta-3.jpg\" alt width=\"600\" height=\"400\">Ambasadorul \u015fi-a reamintit de prima sa vizit\u0103 la Tulcea, \u00een urm\u0103 cu doi ani, atunci c\u00e2nd a discutat cu reprezentan\u0163ii municipalit\u0103\u0163ii tulcene despre ideea amplas\u0103rii unui monument dedicat revolu\u0163ionarului bulgar Stefan Karadzha \u00een ora\u015f, apreciind \u00een mod deosebit implicarea primarului \u015etefan Ilie.<\/p>\n<blockquote>\n<p>\u201eAcum doi ani \u015fi jum\u0103tate, pe 4 ianuarie 2024, a fost prima mea vizit\u0103 aici, la Tulcea, \u015fi, din primele minute al contactului nostru, am descoperit c\u0103 avem o g\u00e2ndire similar\u0103 sau apropiat\u0103. G\u00e2ndirea \u00een privin\u0163a faptului c\u0103 am\u00e2ndoi am \u015ftiut c\u0103 memoria istoric\u0103 a celor dou\u0103 \u0163\u0103ri trebuie s\u0103 fie cumva comemorat\u0103, poate \u015fi \u00eempreun\u0103. \u00cenc\u0103 din prima \u00eent\u00e2lnire, dumneavoastr\u0103 am v\u0103zut cum a\u0163i acceptat \u015fi a\u0163i \u00eembr\u0103\u0163i\u015fat ideea acestui monument. \u0162in minte, era frig atunci, cum am venit dup\u0103 \u00eent\u00e2lnire aici, la locul acesta, \u015fi m-am uitat pentru un loc potrivit unde s\u0103 fie pus monumentul. Eu v\u0103 mul\u0163umesc c\u0103 \u00eentr-un a\u015fa fel prietenesc a\u0163i primit ideea, iar dup\u0103 aceea a\u0163i ajutat pentru realizarea acestei idei. Vreau s\u0103 mul\u0163umesc \u015fi membrii Consiliului care au votat hot\u0103r\u00e2rea \u015fi au f\u0103cut posibil\u0103 realizarea\u201d, a spus Radko Vlaykov.<\/p>\n<\/blockquote>\n<p><img decoding=\"async\" loading=\"lazy\" class=\"size-full wp-image-37264 aligncenter\" src=\"https:\/\/ziaruldelta.ro\/wp-content\/uploads\/2026\/06\/Presedinta-4.jpg\" alt width=\"600\" height=\"450\">Primarul \u015etefan Ilie spus c\u0103 municipiul Tulcea a primit cu deschidere aceast\u0103 ini\u0163iativ\u0103 \u015fi a sprijinit amplasarea monumentului \u00eentr-un loc cu o puternic\u0103 valoare simbolic\u0103, \u00een apropierea Bisericii \u201eSf\u00e2ntul Gheorghe\u201d, cunoscut\u0103 \u015fi ca \u201eBiserica Bulg\u0103reasc\u0103\u201d.<\/p>\n<blockquote>\n<p>\u201eAst\u0103zi ne-am reunit pentru a inaugura un monument care vorbe\u015fte despre istorie, despre respect \u015fi despre prietenie. Bustul lui Stefan Karadzha, realizat la ini\u0163iativa \u015fi prin contribu\u0163ia partenerilor no\u015ftri bulgari, reprezint\u0103 un frumos gest de pre\u0163uire fa\u0163\u0103 de memoria unuia dintre eroii na\u0163ionali ai Bulgariei, dar \u015fi o recunoa\u015ftere a leg\u0103turii profunde pe care acesta a avut-o cu municipiul nostru, unde \u015fi-a petrecut o parte important\u0103 a tinere\u0163ii \u015fi unde s-au conturat idealurile care aveau s\u0103-i marcheze destinul. Municipiul Tulcea a primit cu deschidere aceast\u0103 ini\u0163iativ\u0103 \u015fi a sprijinit amplasarea monumentului \u00eentr-un loc cu o puternic\u0103 valoare simbolic\u0103, \u00een apropierea Bisericii Bulg\u0103re\u015fti &lt;&lt;Sf\u00e2ntul Gheorghe&gt;&gt;, \u00een inima unui ora\u015f \u00een care istoria \u015fi diversitatea au mers \u00eentotdeauna \u00eempreun\u0103. Tulcea este prin identitatea sa un ora\u015f al multiculturalit\u0103\u0163ii. De genera\u0163ii, rom\u00e2ni, bulgari, ru\u015fi-lipoveni, greci, turci, armeni, \u015fi reprezentan\u0163i ai multor alte comunit\u0103\u0163i etnice, au tr\u0103it \u00eempreun\u0103, au muncit \u00eempreun\u0103 \u015fi au contribuit la dezvoltarea acestui ora\u015f \u00eempreun\u0103. Diversitatea nu este doar o tr\u0103s\u0103tur\u0103 a Tulcei, ci una dintre cele mai importante valori ale sale \u015fi una dintre resursele care \u00eei dau identitate \u015fi for\u0163\u0103. De aceea, inaugurarea acestui monument dep\u0103\u015fe\u015fte semnifica\u0163ia unui simplu act comemorativ. Ea reprezint\u0103 un simbol al respectului reciproc dintre Rom\u00e2nia \u015fi Bulgaria \u015fi dovada c\u0103 memoria istoric\u0103 poate construi pun\u0163i durabile \u00eentre oameni, comunit\u0103\u0163i, genera\u0163ii\u201d, a precizat \u015etefan Ilie.<\/p>\n<\/blockquote>\n<p>De asemenea, edilul a mul\u0163umit tuturor celor care s-au implicat la realizarea acestui monument.<\/p>\n<blockquote>\n<p>\u201eDoresc s\u0103 adresez sincere mul\u0163umiri Ambasadei Republicii Bulgaria \u00een Rom\u00e2nia, excelen\u0163ei sale, domnului Radko Vlaykov, autorit\u0103\u0163ilor bulgare, tuturor celor care au contribuit la realizarea acestui monument, precum \u015fi institu\u0163iilor \u015fi speciali\u015ftilor din Rom\u00e2nia care au sprijinit concretizarea acestui proiect. Prezen\u0163a dumneavoastr\u0103 la Tulcea ne onoreaz\u0103 \u015fi transmite un mesaj puternic: rela\u0163ia dintre Rom\u00e2nia \u015fi Bulgaria este construit\u0103 nu doar din proximitate geografic\u0103, ci \u015fi prin \u00eencredere, cooperare \u015fi respect reciproc. \u00cemi doresc ca acest monument s\u0103 devin\u0103 un loc al memoriei, al dialogului \u015fi al prieteniei, un loc care s\u0103 le aminteasc\u0103 tuturor celor care vor trece pe aici c\u0103 libertatea, demnitatea \u015fi buna vecin\u0103tate sunt valori care trebuie p\u0103strate \u015fi transmise mai departe. Ast\u0103zi nu inaugur\u0103m doar un bust, inaugur\u0103m \u00eenc\u0103 un simbol al prieteniei dintre Bulgaria \u015fi Rom\u00e2nia, aici, la Tulcea, un ora\u015f \u00een care diversitatea a fost \u00eentotdeauna o surs\u0103 de putere\u201d, a declarat \u015etefan Ilie.<\/p>\n<\/blockquote>\n<p>Inaugurarea oficial\u0103 a monumentului dedicat eroului bulgar \u015etefan Karadzha, realizat prin contribu\u0163ia unor ora\u015fe, asocia\u0163ii \u015fi persoane din Bulgaria, s-a desf\u0103\u015furat ieri, \u00een Parcul Pia\u0163a Sf\u00e2ntul Gheorghe din municipiu.<\/p>\n<p>Evenimentul a beneficiat de prezen\u0163a unei numeroase delega\u0163ii bulgare, \u00een frunte cu Excelen\u0163a Sa, domnul Radko Vlaykov, Ambasador Extraordinar \u015fi Plenipoten\u0163iar al Republicii Populare Bulgaria \u00een Rom\u00e2nia, al\u0103turi de reprezentan\u0163i ai autorit\u0103\u0163ilor locale.<\/p>\n<p>Ceremonia a debutat cu intonarea imnurilor oficiale ale Republicii Bulgaria, Rom\u00e2niei \u015fi Uniunii Europene, urmat de dezvelirea monumentului \u015fi o slujb\u0103 de binecuv\u00e2ntare.<\/p>\n<p>Bustul-monument dedicat lui Stefan Karadzha este o crea\u0163ie a sculptorilor bulgari Georgi Petkov Radulov \u015fi Daniel Kanchev Ivanov. Lucrarea realizat\u0103 la Tulcea reprezint\u0103 o replic\u0103 a bustului inclus \u00een monumentul dedicat lui \u015etefan Karadzha din ora\u015ful Ruse, inaugurat \u00een anul 1968. Municipiul Tulcea a sus\u0163inut acest demers prin punerea la dispozi\u0163ie a terenului \u015fi prin amenajarea spa\u0163iului aferent monumentului.<\/p>\n<p>Stefan Karadzha (1840-1868) este un simbol al mi\u015fc\u0103rii bulgare de eliberare na\u0163ional\u0103 de sub domina\u0163ia otoman\u0103. N\u0103scut \u00een Bulgaria, \u00een localitatea Ichme (ast\u0103zi Stefan Karadjovo), acesta a locuit la Tulcea \u00eentre anii 1854 \u015fi 1862, perioad\u0103 \u00een care a studiat \u015fi s-a format \u00een spiritul idealurilor de libertate \u015fi identitate na\u0163ional\u0103. Activitatea sa revolu\u0163ionar\u0103 este str\u00e2ns legat\u0103 de spa\u0163iul rom\u00e2nesc, unde a desf\u0103\u015furat o parte important\u0103 a activit\u0103\u0163ii sale \u015fi unde numero\u015fi militan\u0163i bulgari au g\u0103sit un cadru favorabil pentru organizarea ac\u0163iunilor dedicate eliber\u0103rii de sub domina\u0163ia otoman\u0103. Stefan Karadzha a devenit una dintre figurile simbol ale Rena\u015fterii Na\u0163ionale Bulgare, memoria sa fiind p\u0103strat\u0103 \u015fi ast\u0103zi \u00een Bulgaria.<\/p>\n<\/div>\n<p>[analyse_source url=&#8221;https:\/\/ziaruldelta.ro\/2026\/07\/01\/presedinta-bulgariei-si-ar-fi-dorit-sa-participe-la-dezvelirea-monumentului-lui-stefan-karadzha-de-la-tulcea\/&#8221;]<\/p>\n","protected":false},"excerpt":{"rendered":"<p>[analyse_image type=&#8221;featured&#8221; src=&#8221;https:\/\/ziaruldelta.ro\/wp-content\/uploads\/2026\/06\/Presedinta-1.jpg&#8221;] Pre\u015fedinta Bulgariei \u015fi-ar fi dorit s\u0103 participe la dezvelirea monumentului lui Stefan Karadzha de la Tulcea Posted by Claudia Ionescu | Jul 1, 2026 | Stirea Zilei | Pre\u015fedintele Republicii Bulgaria, Iliana Malinova Iotova, ar fi vrut s\u0103 participe la dezvelirea monumentului comemorativ dedicat revolu\u0163ionarului bulgar Stefan Karadzha, a dezv\u0103luit, ieri, ambasadorul [&hellip;]<\/p>\n","protected":false},"author":1,"featured_media":0,"comment_status":"open","ping_status":"","sticky":false,"template":"","format":"standard","meta":{"footnotes":""},"categories":[89],"tags":[226,206],"class_list":["post-2022313","post","type-post","status-publish","format-standard","hentry","category-romania","tag-crawlmanager","tag-ziaruldelta-ro"],"_links":{"self":[{"href":"https:\/\/analyse.optim.biz\/index.php?rest_route=\/wp\/v2\/posts\/2022313","targetHints":{"allow":["GET"]}}],"collection":[{"href":"https:\/\/analyse.optim.biz\/index.php?rest_route=\/wp\/v2\/posts"}],"about":[{"href":"https:\/\/analyse.optim.biz\/index.php?rest_route=\/wp\/v2\/types\/post"}],"author":[{"embeddable":true,"href":"https:\/\/analyse.optim.biz\/index.php?rest_route=\/wp\/v2\/users\/1"}],"replies":[{"embeddable":true,"href":"https:\/\/analyse.optim.biz\/index.php?rest_route=%2Fwp%2Fv2%2Fcomments&post=2022313"}],"version-history":[{"count":0,"href":"https:\/\/analyse.optim.biz\/index.php?rest_route=\/wp\/v2\/posts\/2022313\/revisions"}],"wp:attachment":[{"href":"https:\/\/analyse.optim.biz\/index.php?rest_route=%2Fwp%2Fv2%2Fmedia&parent=2022313"}],"wp:term":[{"taxonomy":"category","embeddable":true,"href":"https:\/\/analyse.optim.biz\/index.php?rest_route=%2Fwp%2Fv2%2Fcategories&post=2022313"},{"taxonomy":"post_tag","embeddable":true,"href":"https:\/\/analyse.optim.biz\/index.php?rest_route=%2Fwp%2Fv2%2Ftags&post=2022313"}],"curies":[{"name":"wp","href":"https:\/\/api.w.org\/{rel}","templated":true}]}}