{"id":2022312,"date":"2026-06-30T06:00:31","date_gmt":"2026-06-30T03:00:31","guid":{"rendered":"https:\/\/analyse.optim.biz\/?p=2022312"},"modified":"2026-06-30T06:00:31","modified_gmt":"2026-06-30T03:00:31","slug":"monument-dedicat-revolutionarului-bulgar-stefan-karadzha-inaugurat-astazi-in-parcul-piata-sfantul-gheorghe","status":"publish","type":"post","link":"https:\/\/analyse.optim.biz\/?p=2022312","title":{"rendered":"Monument dedicat revolu\u0163ionarului bulgar Stefan Karadzha, inaugurat ast\u0103zi \u00een Parcul Pia\u0163a Sf\u00e2ntul Gheorghe"},"content":{"rendered":"<p>[analyse_image type=&#8221;featured&#8221; src=&#8221;https:\/\/ziaruldelta.ro\/wp-content\/uploads\/2026\/06\/monument.jpg&#8221;]<\/p>\n<article id=\"post-37225\" class=\"module single-post-module post-37225 post type-post status-publish format-standard has-post-thumbnail hentry category-stirea-zilei et-has-post-format-content et_post_format-et-post-format-standard\">\n<div class=\"post-header\">\n<h1 class=\"entry-title\">Monument dedicat revolu\u0163ionarului bulgar Stefan Karadzha, inaugurat ast\u0103zi \u00een Parcul Pia\u0163a Sf\u00e2ntul Gheorghe din municipiu<\/h1>\n<div class=\"post-meta vcard\">\n<p>Posted by <a href=\"https:\/\/ziaruldelta.ro\/author\/claudia-ionescu\/\" class=\"url fn\" title=\"Posts by Claudia Ionescu\" rel=\"author\">Claudia Ionescu<\/a> | <span class=\"updated\">Jun 30, 2026<\/span> | <a href=\"https:\/\/ziaruldelta.ro\/category\/stirea-zilei\/\" rel=\"tag\">Stirea Zilei<\/a> | <\/p>\n<\/div>\n<\/div>\n<div class=\"post-thumbnail header\"><img decoding=\"async\" src=\"https:\/\/ziaruldelta.ro\/wp-content\/uploads\/2026\/06\/monument.jpg\" alt=\"Monument dedicat revolu\u0163ionarului bulgar Stefan Karadzha, inaugurat ast\u0103zi \u00een Parcul Pia\u0163a Sf\u00e2ntul Gheorghe din municipiu\"><\/div>\n<div class=\"post-wrap\">\n<div class=\"post-content entry-content\">\n<p>Un monument comemorativ dedicat revolu\u0163ionarului bulgar Stefan Karadzha va fi inaugurat ast\u0103zi, la ora 11.00, \u00een Parcul Pia\u0163a Sf\u00e2ntul Gheorghe din municipiu. Stefan Karadzha este o personalitate emblematic\u0103 a mi\u015fc\u0103rii de rena\u015ftere na\u0163ional\u0103 bulgare, a c\u0103rui via\u0163\u0103 \u015fi activitate sunt profund legate de istoria ora\u015fului Tulcea \u015fi de leg\u0103turile istorice dintre comunit\u0103\u0163ile rom\u00e2n\u0103 \u015fi bulgar\u0103. Potrivit unui comunicat transmis de Prim\u0103ria municipiului Tulcea, ceremonia de inaugurare va reuni oficialit\u0103\u0163i rom\u00e2ne \u015fi bulgare, reprezentan\u0163i ai administra\u0163iilor locale, ai institu\u0163iilor culturale \u015fi academice, precum \u015fi reprezentan\u0163i ai comunit\u0103\u0163ilor religioase.<\/p>\n<p>Momentul inaugural va debuta cu o slujb\u0103 religioas\u0103 oficiat\u0103 de reprezentan\u0163i ai Patriarhiei Bulgare la Bucure\u015fti \u015fi ai Episcopiei Tulcii, urm\u00e2nd ca delega\u0163iile participante s\u0103 viziteze Biserica \u201eSf\u00e2ntul Gheorghe\u201d, unde va avea loc o prezentare a l\u0103ca\u015fului de cult, un moment de bun venit \u015fi semnarea \u00een Cartea de oaspe\u0163i. Programul va continua cu vizita la Ronda Minorit\u0103\u0163ilor, la bustul lui Gheorghi Rakovski, unde vor fi depuse buchete de flori \u00een memoria personalit\u0103\u0163ilor care au contribuit la istoria \u015fi identitatea comunit\u0103\u0163ilor din aceast\u0103 zon\u0103, \u015fi se va \u00eencheia cu o recep\u0163ie oficial\u0103.<\/p>\n<blockquote>\n<p>\u201eEvenimentul reprezint\u0103 un moment important pentru consolidarea rela\u0163iilor istorice \u015fi culturale dintre Rom\u00e2nia \u015fi Bulgaria \u015fi marcheaz\u0103 valorificarea unei pagini importante din memoria multicultural\u0103 a Tulcei. (\u2026)Prin acest proiect, Tulcea \u00ee\u015fi reafirm\u0103 identitatea de ora\u015f multicultural, \u00een care istoria comunit\u0103\u0163ilor care au contribuit la dezvoltarea sa este p\u0103strat\u0103, valorificat\u0103 \u015fi transmis\u0103 genera\u0163iilor viitoare\u201d, au transmis reprezentan\u0163ii Prim\u0103riei municipiului Tulcea.<\/p>\n<\/blockquote>\n<p>La eveniment vor participa delega\u0163ii de rang \u00eenalt din Republica Bulgaria, al\u0103turi de reprezentan\u0163i ai autorit\u0103\u0163ilor locale din Tulcea. Printre invita\u0163ii de onoare se num\u0103r\u0103 Excelen\u0163a Sa, Radko Vlaykov, Ambasador Extraordinar \u015fi Plenipoten\u0163iar al Republicii Bulgaria \u00een Rom\u00e2nia, Petar Vitanov \u2013 pre\u015fedintele Comisiei pentru Politic\u0103 Extern\u0103 din Adunarea Na\u0163ional\u0103 a Republicii Bulgaria, Gabor Hajdu \u2013 pre\u015fedintele Comisiei pentru Politic\u0103 Extern\u0103 a Camerei Deputa\u0163ilor, Vassil Terziev \u2013 primarul municipiului Sofia, Daniel Panov \u2013 primarul municipiului Veliko T\u0103rnovo \u015fi pre\u015fedintele Consiliului de administra\u0163ie al Asocia\u0163iei Na\u0163ionale a Municipiilor din Republica Bulgaria, Pencho Milkov \u2013 primarul municipiului Ruse, acad. Hristo Beloev \u2013 pre\u015fedintele Consiliului Municipal Ruse, precum \u015fi reprezentan\u0163i ai Ministerelor Afacerilor Externe din Rom\u00e2nia \u015fi Bulgaria, ai corpului diplomatic, ai administra\u0163iilor locale \u015fi ai mediului academic.<\/p>\n<p>Primarul \u015etefan Ilie \u015fi reprezentan\u0163i ai institu\u0163iilor publice locale vor fi prezen\u0163i la eveniment.<\/p>\n<p>Realizarea monumentului de la Tulcea este rezultatul parteneriatului dintre municipiu \u015fi Ambasada Republicii Bulgaria \u00een Rom\u00e2nia. Ambasada Republicii Bulgaria a ini\u0163iat \u015fi a asigurat realizarea monumentului comemorativ, suport\u00e2nd costurile aferente proiect\u0103rii, execu\u0163iei \u015fi amplas\u0103rii acestuia, iar municipiul Tulcea a sprijinit demersurile administrative necesare pentru amplasarea sa \u00een spa\u0163iul public \u015fi va asigura \u00eentre\u0163inerea ansamblului pe durata existen\u0163ei acestuia. Bustul-monument dedicat lui Stefan Karadzha este o crea\u0163ie a sculptorilor bulgari Georgi Petkov Radulov \u015fi Daniel Kanchev Ivanov. Lucrarea realizat\u0103 la Tulcea reprezint\u0103 o replic\u0103 a bustului inclus \u00een monumentul dedicat lui Stefan Karadzha din ora\u015ful Ruse, inaugurat \u00een anul 1968.<\/p>\n<blockquote>\n<p>\u201eMonumentul dedicat lui Stefan Karadzha este amplasat \u00een Parcul Pia\u0163a Sf\u00e2ntul Gheorghe, \u00eentr-un loc ales simbolic, \u00een apropierea Bisericii Bulgare &lt;&lt;Sf\u00e2ntul Gheorghe&gt;&gt; \u015fi nu departe de locul \u00een care acesta a locuit \u00een perioada 1854-1862, pe actuala strad\u0103 24 Ianuarie nr. 19. De\u015fi imobilul nu mai exist\u0103, amplasarea monumentului p\u0103streaz\u0103 vie memoria leg\u0103turii istorice dintre Stefan Karadzha \u015fi ora\u015ful Tulcea\u201d, se arat\u0103 \u00een comunicat.<\/p>\n<\/blockquote>\n<p>Stefan Karadzha (1840-1868) este una dintre figurile importante ale luptei pentru emanciparea na\u0163ional\u0103 bulgare din secolul al XIX-lea. N\u0103scut \u00een Bulgaria, \u00een localitatea Ichme (ast\u0103zi Stefan Karadjovo), acesta a locuit la Tulcea \u00eentre anii 1854 \u015fi 1862, perioad\u0103 \u00een care a studiat \u015fi s-a format \u00een spiritul idealurilor de libertate \u015fi identitate na\u0163ional\u0103. Activitatea sa revolu\u0163ionar\u0103 este str\u00e2ns legat\u0103 de spa\u0163iul rom\u00e2nesc, unde a desf\u0103\u015furat o parte important\u0103 a activit\u0103\u0163ii sale \u015fi unde numero\u015fi militan\u0163i bulgari au g\u0103sit un cadru favorabil pentru organizarea ac\u0163iunilor dedicate eliber\u0103rii de sub domina\u0163ia otoman\u0103. Stefan Karadzha a devenit una dintre figurile simbol ale Rena\u015fterii Na\u0163ionale Bulgare, memoria sa fiind p\u0103strat\u0103 \u015fi ast\u0103zi \u00een Bulgaria.<\/p>\n<\/div>\n<\/div>\n<div class=\"post-footer\">\n<div class=\"social-icons ed-social-share-icons\">\n<p class=\"share-title\">Share:<\/p>\n<\/div>\n<div class=\"rating-stars\">\n<p id=\"rate-title\" class=\"rate-title\">Rate:<\/p>\n<\/div>\n<\/div>\n<\/article>\n<div class=\"post-content entry-content\">\n<p>Un monument comemorativ dedicat revolu\u0163ionarului bulgar Stefan Karadzha va fi inaugurat ast\u0103zi, la ora 11.00, \u00een Parcul Pia\u0163a Sf\u00e2ntul Gheorghe din municipiu. Stefan Karadzha este o personalitate emblematic\u0103 a mi\u015fc\u0103rii de rena\u015ftere na\u0163ional\u0103 bulgare, a c\u0103rui via\u0163\u0103 \u015fi activitate sunt profund legate de istoria ora\u015fului Tulcea \u015fi de leg\u0103turile istorice dintre comunit\u0103\u0163ile rom\u00e2n\u0103 \u015fi bulgar\u0103. Potrivit unui comunicat transmis de Prim\u0103ria municipiului Tulcea, ceremonia de inaugurare va reuni oficialit\u0103\u0163i rom\u00e2ne \u015fi bulgare, reprezentan\u0163i ai administra\u0163iilor locale, ai institu\u0163iilor culturale \u015fi academice, precum \u015fi reprezentan\u0163i ai comunit\u0103\u0163ilor religioase.<\/p>\n<p>Momentul inaugural va debuta cu o slujb\u0103 religioas\u0103 oficiat\u0103 de reprezentan\u0163i ai Patriarhiei Bulgare la Bucure\u015fti \u015fi ai Episcopiei Tulcii, urm\u00e2nd ca delega\u0163iile participante s\u0103 viziteze Biserica \u201eSf\u00e2ntul Gheorghe\u201d, unde va avea loc o prezentare a l\u0103ca\u015fului de cult, un moment de bun venit \u015fi semnarea \u00een Cartea de oaspe\u0163i. Programul va continua cu vizita la Ronda Minorit\u0103\u0163ilor, la bustul lui Gheorghi Rakovski, unde vor fi depuse buchete de flori \u00een memoria personalit\u0103\u0163ilor care au contribuit la istoria \u015fi identitatea comunit\u0103\u0163ilor din aceast\u0103 zon\u0103, \u015fi se va \u00eencheia cu o recep\u0163ie oficial\u0103.<\/p>\n<blockquote>\n<p>\u201eEvenimentul reprezint\u0103 un moment important pentru consolidarea rela\u0163iilor istorice \u015fi culturale dintre Rom\u00e2nia \u015fi Bulgaria \u015fi marcheaz\u0103 valorificarea unei pagini importante din memoria multicultural\u0103 a Tulcei. (\u2026)Prin acest proiect, Tulcea \u00ee\u015fi reafirm\u0103 identitatea de ora\u015f multicultural, \u00een care istoria comunit\u0103\u0163ilor care au contribuit la dezvoltarea sa este p\u0103strat\u0103, valorificat\u0103 \u015fi transmis\u0103 genera\u0163iilor viitoare\u201d, au transmis reprezentan\u0163ii Prim\u0103riei municipiului Tulcea.<\/p>\n<\/blockquote>\n<p>La eveniment vor participa delega\u0163ii de rang \u00eenalt din Republica Bulgaria, al\u0103turi de reprezentan\u0163i ai autorit\u0103\u0163ilor locale din Tulcea. Printre invita\u0163ii de onoare se num\u0103r\u0103 Excelen\u0163a Sa, Radko Vlaykov, Ambasador Extraordinar \u015fi Plenipoten\u0163iar al Republicii Bulgaria \u00een Rom\u00e2nia, Petar Vitanov \u2013 pre\u015fedintele Comisiei pentru Politic\u0103 Extern\u0103 din Adunarea Na\u0163ional\u0103 a Republicii Bulgaria, Gabor Hajdu \u2013 pre\u015fedintele Comisiei pentru Politic\u0103 Extern\u0103 a Camerei Deputa\u0163ilor, Vassil Terziev \u2013 primarul municipiului Sofia, Daniel Panov \u2013 primarul municipiului Veliko T\u0103rnovo \u015fi pre\u015fedintele Consiliului de administra\u0163ie al Asocia\u0163iei Na\u0163ionale a Municipiilor din Republica Bulgaria, Pencho Milkov \u2013 primarul municipiului Ruse, acad. Hristo Beloev \u2013 pre\u015fedintele Consiliului Municipal Ruse, precum \u015fi reprezentan\u0163i ai Ministerelor Afacerilor Externe din Rom\u00e2nia \u015fi Bulgaria, ai corpului diplomatic, ai administra\u0163iilor locale \u015fi ai mediului academic.<\/p>\n<p>Primarul \u015etefan Ilie \u015fi reprezentan\u0163i ai institu\u0163iilor publice locale vor fi prezen\u0163i la eveniment.<\/p>\n<p>Realizarea monumentului de la Tulcea este rezultatul parteneriatului dintre municipiu \u015fi Ambasada Republicii Bulgaria \u00een Rom\u00e2nia. Ambasada Republicii Bulgaria a ini\u0163iat \u015fi a asigurat realizarea monumentului comemorativ, suport\u00e2nd costurile aferente proiect\u0103rii, execu\u0163iei \u015fi amplas\u0103rii acestuia, iar municipiul Tulcea a sprijinit demersurile administrative necesare pentru amplasarea sa \u00een spa\u0163iul public \u015fi va asigura \u00eentre\u0163inerea ansamblului pe durata existen\u0163ei acestuia. Bustul-monument dedicat lui Stefan Karadzha este o crea\u0163ie a sculptorilor bulgari Georgi Petkov Radulov \u015fi Daniel Kanchev Ivanov. Lucrarea realizat\u0103 la Tulcea reprezint\u0103 o replic\u0103 a bustului inclus \u00een monumentul dedicat lui Stefan Karadzha din ora\u015ful Ruse, inaugurat \u00een anul 1968.<\/p>\n<blockquote>\n<p>\u201eMonumentul dedicat lui Stefan Karadzha este amplasat \u00een Parcul Pia\u0163a Sf\u00e2ntul Gheorghe, \u00eentr-un loc ales simbolic, \u00een apropierea Bisericii Bulgare &lt;&lt;Sf\u00e2ntul Gheorghe&gt;&gt; \u015fi nu departe de locul \u00een care acesta a locuit \u00een perioada 1854-1862, pe actuala strad\u0103 24 Ianuarie nr. 19. De\u015fi imobilul nu mai exist\u0103, amplasarea monumentului p\u0103streaz\u0103 vie memoria leg\u0103turii istorice dintre Stefan Karadzha \u015fi ora\u015ful Tulcea\u201d, se arat\u0103 \u00een comunicat.<\/p>\n<\/blockquote>\n<p>Stefan Karadzha (1840-1868) este una dintre figurile importante ale luptei pentru emanciparea na\u0163ional\u0103 bulgare din secolul al XIX-lea. N\u0103scut \u00een Bulgaria, \u00een localitatea Ichme (ast\u0103zi Stefan Karadjovo), acesta a locuit la Tulcea \u00eentre anii 1854 \u015fi 1862, perioad\u0103 \u00een care a studiat \u015fi s-a format \u00een spiritul idealurilor de libertate \u015fi identitate na\u0163ional\u0103. Activitatea sa revolu\u0163ionar\u0103 este str\u00e2ns legat\u0103 de spa\u0163iul rom\u00e2nesc, unde a desf\u0103\u015furat o parte important\u0103 a activit\u0103\u0163ii sale \u015fi unde numero\u015fi militan\u0163i bulgari au g\u0103sit un cadru favorabil pentru organizarea ac\u0163iunilor dedicate eliber\u0103rii de sub domina\u0163ia otoman\u0103. Stefan Karadzha a devenit una dintre figurile simbol ale Rena\u015fterii Na\u0163ionale Bulgare, memoria sa fiind p\u0103strat\u0103 \u015fi ast\u0103zi \u00een Bulgaria.<\/p>\n<\/div>\n<div class=\"post-content entry-content\">\n<p>Un monument comemorativ dedicat revolu\u0163ionarului bulgar Stefan Karadzha va fi inaugurat ast\u0103zi, la ora 11.00, \u00een Parcul Pia\u0163a Sf\u00e2ntul Gheorghe din municipiu. Stefan Karadzha este o personalitate emblematic\u0103 a mi\u015fc\u0103rii de rena\u015ftere na\u0163ional\u0103 bulgare, a c\u0103rui via\u0163\u0103 \u015fi activitate sunt profund legate de istoria ora\u015fului Tulcea \u015fi de leg\u0103turile istorice dintre comunit\u0103\u0163ile rom\u00e2n\u0103 \u015fi bulgar\u0103. Potrivit unui comunicat transmis de Prim\u0103ria municipiului Tulcea, ceremonia de inaugurare va reuni oficialit\u0103\u0163i rom\u00e2ne \u015fi bulgare, reprezentan\u0163i ai administra\u0163iilor locale, ai institu\u0163iilor culturale \u015fi academice, precum \u015fi reprezentan\u0163i ai comunit\u0103\u0163ilor religioase.<\/p>\n<p>Momentul inaugural va debuta cu o slujb\u0103 religioas\u0103 oficiat\u0103 de reprezentan\u0163i ai Patriarhiei Bulgare la Bucure\u015fti \u015fi ai Episcopiei Tulcii, urm\u00e2nd ca delega\u0163iile participante s\u0103 viziteze Biserica \u201eSf\u00e2ntul Gheorghe\u201d, unde va avea loc o prezentare a l\u0103ca\u015fului de cult, un moment de bun venit \u015fi semnarea \u00een Cartea de oaspe\u0163i. Programul va continua cu vizita la Ronda Minorit\u0103\u0163ilor, la bustul lui Gheorghi Rakovski, unde vor fi depuse buchete de flori \u00een memoria personalit\u0103\u0163ilor care au contribuit la istoria \u015fi identitatea comunit\u0103\u0163ilor din aceast\u0103 zon\u0103, \u015fi se va \u00eencheia cu o recep\u0163ie oficial\u0103.<\/p>\n<blockquote>\n<p>\u201eEvenimentul reprezint\u0103 un moment important pentru consolidarea rela\u0163iilor istorice \u015fi culturale dintre Rom\u00e2nia \u015fi Bulgaria \u015fi marcheaz\u0103 valorificarea unei pagini importante din memoria multicultural\u0103 a Tulcei. (\u2026)Prin acest proiect, Tulcea \u00ee\u015fi reafirm\u0103 identitatea de ora\u015f multicultural, \u00een care istoria comunit\u0103\u0163ilor care au contribuit la dezvoltarea sa este p\u0103strat\u0103, valorificat\u0103 \u015fi transmis\u0103 genera\u0163iilor viitoare\u201d, au transmis reprezentan\u0163ii Prim\u0103riei municipiului Tulcea.<\/p>\n<\/blockquote>\n<p>La eveniment vor participa delega\u0163ii de rang \u00eenalt din Republica Bulgaria, al\u0103turi de reprezentan\u0163i ai autorit\u0103\u0163ilor locale din Tulcea. Printre invita\u0163ii de onoare se num\u0103r\u0103 Excelen\u0163a Sa, Radko Vlaykov, Ambasador Extraordinar \u015fi Plenipoten\u0163iar al Republicii Bulgaria \u00een Rom\u00e2nia, Petar Vitanov \u2013 pre\u015fedintele Comisiei pentru Politic\u0103 Extern\u0103 din Adunarea Na\u0163ional\u0103 a Republicii Bulgaria, Gabor Hajdu \u2013 pre\u015fedintele Comisiei pentru Politic\u0103 Extern\u0103 a Camerei Deputa\u0163ilor, Vassil Terziev \u2013 primarul municipiului Sofia, Daniel Panov \u2013 primarul municipiului Veliko T\u0103rnovo \u015fi pre\u015fedintele Consiliului de administra\u0163ie al Asocia\u0163iei Na\u0163ionale a Municipiilor din Republica Bulgaria, Pencho Milkov \u2013 primarul municipiului Ruse, acad. Hristo Beloev \u2013 pre\u015fedintele Consiliului Municipal Ruse, precum \u015fi reprezentan\u0163i ai Ministerelor Afacerilor Externe din Rom\u00e2nia \u015fi Bulgaria, ai corpului diplomatic, ai administra\u0163iilor locale \u015fi ai mediului academic.<\/p>\n<p>Primarul \u015etefan Ilie \u015fi reprezentan\u0163i ai institu\u0163iilor publice locale vor fi prezen\u0163i la eveniment.<\/p>\n<p>Realizarea monumentului de la Tulcea este rezultatul parteneriatului dintre municipiu \u015fi Ambasada Republicii Bulgaria \u00een Rom\u00e2nia. Ambasada Republicii Bulgaria a ini\u0163iat \u015fi a asigurat realizarea monumentului comemorativ, suport\u00e2nd costurile aferente proiect\u0103rii, execu\u0163iei \u015fi amplas\u0103rii acestuia, iar municipiul Tulcea a sprijinit demersurile administrative necesare pentru amplasarea sa \u00een spa\u0163iul public \u015fi va asigura \u00eentre\u0163inerea ansamblului pe durata existen\u0163ei acestuia. Bustul-monument dedicat lui Stefan Karadzha este o crea\u0163ie a sculptorilor bulgari Georgi Petkov Radulov \u015fi Daniel Kanchev Ivanov. Lucrarea realizat\u0103 la Tulcea reprezint\u0103 o replic\u0103 a bustului inclus \u00een monumentul dedicat lui Stefan Karadzha din ora\u015ful Ruse, inaugurat \u00een anul 1968.<\/p>\n<blockquote>\n<p>\u201eMonumentul dedicat lui Stefan Karadzha este amplasat \u00een Parcul Pia\u0163a Sf\u00e2ntul Gheorghe, \u00eentr-un loc ales simbolic, \u00een apropierea Bisericii Bulgare &lt;&lt;Sf\u00e2ntul Gheorghe&gt;&gt; \u015fi nu departe de locul \u00een care acesta a locuit \u00een perioada 1854-1862, pe actuala strad\u0103 24 Ianuarie nr. 19. De\u015fi imobilul nu mai exist\u0103, amplasarea monumentului p\u0103streaz\u0103 vie memoria leg\u0103turii istorice dintre Stefan Karadzha \u015fi ora\u015ful Tulcea\u201d, se arat\u0103 \u00een comunicat.<\/p>\n<\/blockquote>\n<p>Stefan Karadzha (1840-1868) este una dintre figurile importante ale luptei pentru emanciparea na\u0163ional\u0103 bulgare din secolul al XIX-lea. N\u0103scut \u00een Bulgaria, \u00een localitatea Ichme (ast\u0103zi Stefan Karadjovo), acesta a locuit la Tulcea \u00eentre anii 1854 \u015fi 1862, perioad\u0103 \u00een care a studiat \u015fi s-a format \u00een spiritul idealurilor de libertate \u015fi identitate na\u0163ional\u0103. Activitatea sa revolu\u0163ionar\u0103 este str\u00e2ns legat\u0103 de spa\u0163iul rom\u00e2nesc, unde a desf\u0103\u015furat o parte important\u0103 a activit\u0103\u0163ii sale \u015fi unde numero\u015fi militan\u0163i bulgari au g\u0103sit un cadru favorabil pentru organizarea ac\u0163iunilor dedicate eliber\u0103rii de sub domina\u0163ia otoman\u0103. Stefan Karadzha a devenit una dintre figurile simbol ale Rena\u015fterii Na\u0163ionale Bulgare, memoria sa fiind p\u0103strat\u0103 \u015fi ast\u0103zi \u00een Bulgaria.<\/p>\n<\/div>\n<p>[analyse_source url=&#8221;https:\/\/ziaruldelta.ro\/2026\/06\/30\/monument-dedicat-revolutionarului-bulgar-stefan-karadzha-inaugurat-astazi-in-parcul-piata-sfantul-gheorghe-din-municipiu\/&#8221;]<\/p>\n","protected":false},"excerpt":{"rendered":"<p>[analyse_image type=&#8221;featured&#8221; src=&#8221;https:\/\/ziaruldelta.ro\/wp-content\/uploads\/2026\/06\/monument.jpg&#8221;] Monument dedicat revolu\u0163ionarului bulgar Stefan Karadzha, inaugurat ast\u0103zi \u00een Parcul Pia\u0163a Sf\u00e2ntul Gheorghe din municipiu Posted by Claudia Ionescu | Jun 30, 2026 | Stirea Zilei | Un monument comemorativ dedicat revolu\u0163ionarului bulgar Stefan Karadzha va fi inaugurat ast\u0103zi, la ora 11.00, \u00een Parcul Pia\u0163a Sf\u00e2ntul Gheorghe din municipiu. Stefan Karadzha este [&hellip;]<\/p>\n","protected":false},"author":1,"featured_media":0,"comment_status":"open","ping_status":"","sticky":false,"template":"","format":"standard","meta":{"footnotes":""},"categories":[89],"tags":[226,206],"class_list":["post-2022312","post","type-post","status-publish","format-standard","hentry","category-romania","tag-crawlmanager","tag-ziaruldelta-ro"],"_links":{"self":[{"href":"https:\/\/analyse.optim.biz\/index.php?rest_route=\/wp\/v2\/posts\/2022312","targetHints":{"allow":["GET"]}}],"collection":[{"href":"https:\/\/analyse.optim.biz\/index.php?rest_route=\/wp\/v2\/posts"}],"about":[{"href":"https:\/\/analyse.optim.biz\/index.php?rest_route=\/wp\/v2\/types\/post"}],"author":[{"embeddable":true,"href":"https:\/\/analyse.optim.biz\/index.php?rest_route=\/wp\/v2\/users\/1"}],"replies":[{"embeddable":true,"href":"https:\/\/analyse.optim.biz\/index.php?rest_route=%2Fwp%2Fv2%2Fcomments&post=2022312"}],"version-history":[{"count":0,"href":"https:\/\/analyse.optim.biz\/index.php?rest_route=\/wp\/v2\/posts\/2022312\/revisions"}],"wp:attachment":[{"href":"https:\/\/analyse.optim.biz\/index.php?rest_route=%2Fwp%2Fv2%2Fmedia&parent=2022312"}],"wp:term":[{"taxonomy":"category","embeddable":true,"href":"https:\/\/analyse.optim.biz\/index.php?rest_route=%2Fwp%2Fv2%2Fcategories&post=2022312"},{"taxonomy":"post_tag","embeddable":true,"href":"https:\/\/analyse.optim.biz\/index.php?rest_route=%2Fwp%2Fv2%2Ftags&post=2022312"}],"curies":[{"name":"wp","href":"https:\/\/api.w.org\/{rel}","templated":true}]}}