{"id":2022308,"date":"2026-07-01T06:00:21","date_gmt":"2026-07-01T03:00:21","guid":{"rendered":"https:\/\/analyse.optim.biz\/?p=2022308"},"modified":"2026-07-01T06:00:21","modified_gmt":"2026-07-01T03:00:21","slug":"doua-medalii-cucerite-de-tenismenii-tulceni-la-o-noua-editie-a-cupei-le-pelican-sportif-ziarul-delta-tulcea","status":"publish","type":"post","link":"https:\/\/analyse.optim.biz\/?p=2022308","title":{"rendered":"Dou\u0103 medalii cucerite de tenismenii tulceni la o nou\u0103 edi\u0163ie a Cupei Le Pelican Sportif &#8211; Ziarul Delta Tulcea"},"content":{"rendered":"<p>[analyse_image type=&#8221;featured&#8221; src=&#8221;https:\/\/ziaruldelta.ro\/wp-content\/uploads\/2026\/06\/Zece-medalii.jpg&#8221;]<\/p>\n<article id=\"post-37250\" class=\"module single-post-module post-37250 post type-post status-publish format-standard has-post-thumbnail hentry category-sport et-has-post-format-content et_post_format-et-post-format-standard\">\n<div class=\"post-header\">\n<h1 class=\"entry-title\">Dou\u0103 medalii cucerite de tenismenii tulceni la o nou\u0103 edi\u0163ie a Cupei Le Pelican Sportif<\/h1>\n<div class=\"post-meta vcard\">\n<p>Posted by <a href=\"https:\/\/ziaruldelta.ro\/author\/claudia-ionescu\/\" class=\"url fn\" title=\"Posts by Claudia Ionescu\" rel=\"author\">Claudia Ionescu<\/a> | <span class=\"updated\">Jul 1, 2026<\/span> | <a href=\"https:\/\/ziaruldelta.ro\/category\/sport\/\" rel=\"tag\">Sport<\/a> | <\/p>\n<\/div>\n<\/div>\n<div class=\"post-thumbnail header\"><img decoding=\"async\" src=\"https:\/\/ziaruldelta.ro\/wp-content\/uploads\/2026\/06\/Zece-medalii.jpg\" alt=\"Dou\u0103 medalii cucerite de tenismenii tulceni la o nou\u0103 edi\u0163ie a Cupei Le Pelican Sportif\"><\/div>\n<div class=\"post-wrap\">\n<div class=\"post-content entry-content\">\n<p>Tenismenii de la clubul \u201eLe Pelican Sportif\u201d, antrena\u0163i de Narcis Mocanu, au participat la o nou\u0103 edi\u0163ie a Cupei Le Pelican Sportif. Turneul s-a desf\u0103\u015furat s\u00e2mb\u0103ta trecut\u0103 la baza de tenis din complexul Le Pelican Sportif. Doi sportivi tulceni, care au participat la aceast\u0103 competi\u0163ie, au reu\u015fit s\u0103 c\u00e2\u015ftige o medalie de argint \u015fi una de bronz. La categoria ro\u015fu, David Ermalai a reu\u015fit s\u0103 cucereasc\u0103 medalia de argint dup\u0103 un turneu reu\u015fit \u015fi un joc foarte bun prestat, fiind \u00eenvins \u00een final\u0103 de un sportiv din Giurgiu. La categoria portocaliu, Ava Vavilov a reu\u015fit s\u0103 c\u00e2\u015ftige medalia de bronz, \u00eenving\u00e2nd-o \u00een finala mic\u0103 pe o sportiv\u0103 din Br\u0103ila. Tot la categoria portocaliu, sportivele Eva Oprea \u015fi Anais Cernisencu au avut un turneu bun, clas\u00e2ndu-se pe locurile patru respectiv cinci. La categoria verde, Luca Dragnea s-a clasat pe locul cinci.<\/p>\n<p>Citi\u0163i continuarea \u00een edi\u0163ia tip\u0103rit\u0103 a ziarului Delta.<\/p>\n<\/div>\n<\/div>\n<div class=\"post-footer\">\n<div class=\"social-icons ed-social-share-icons\">\n<p class=\"share-title\">Share:<\/p>\n<\/div>\n<div class=\"rating-stars\">\n<p id=\"rate-title\" class=\"rate-title\">Rate:<\/p>\n<\/div>\n<\/div>\n<\/article>\n<div class=\"post-content entry-content\">\n<p>Tenismenii de la clubul \u201eLe Pelican Sportif\u201d, antrena\u0163i de Narcis Mocanu, au participat la o nou\u0103 edi\u0163ie a Cupei Le Pelican Sportif. Turneul s-a desf\u0103\u015furat s\u00e2mb\u0103ta trecut\u0103 la baza de tenis din complexul Le Pelican Sportif. Doi sportivi tulceni, care au participat la aceast\u0103 competi\u0163ie, au reu\u015fit s\u0103 c\u00e2\u015ftige o medalie de argint \u015fi una de bronz. La categoria ro\u015fu, David Ermalai a reu\u015fit s\u0103 cucereasc\u0103 medalia de argint dup\u0103 un turneu reu\u015fit \u015fi un joc foarte bun prestat, fiind \u00eenvins \u00een final\u0103 de un sportiv din Giurgiu. La categoria portocaliu, Ava Vavilov a reu\u015fit s\u0103 c\u00e2\u015ftige medalia de bronz, \u00eenving\u00e2nd-o \u00een finala mic\u0103 pe o sportiv\u0103 din Br\u0103ila. Tot la categoria portocaliu, sportivele Eva Oprea \u015fi Anais Cernisencu au avut un turneu bun, clas\u00e2ndu-se pe locurile patru respectiv cinci. La categoria verde, Luca Dragnea s-a clasat pe locul cinci.<\/p>\n<p>Citi\u0163i continuarea \u00een edi\u0163ia tip\u0103rit\u0103 a ziarului Delta.<\/p>\n<\/div>\n<div class=\"post-content entry-content\">\n<p>Tenismenii de la clubul \u201eLe Pelican Sportif\u201d, antrena\u0163i de Narcis Mocanu, au participat la o nou\u0103 edi\u0163ie a Cupei Le Pelican Sportif. Turneul s-a desf\u0103\u015furat s\u00e2mb\u0103ta trecut\u0103 la baza de tenis din complexul Le Pelican Sportif. Doi sportivi tulceni, care au participat la aceast\u0103 competi\u0163ie, au reu\u015fit s\u0103 c\u00e2\u015ftige o medalie de argint \u015fi una de bronz. La categoria ro\u015fu, David Ermalai a reu\u015fit s\u0103 cucereasc\u0103 medalia de argint dup\u0103 un turneu reu\u015fit \u015fi un joc foarte bun prestat, fiind \u00eenvins \u00een final\u0103 de un sportiv din Giurgiu. La categoria portocaliu, Ava Vavilov a reu\u015fit s\u0103 c\u00e2\u015ftige medalia de bronz, \u00eenving\u00e2nd-o \u00een finala mic\u0103 pe o sportiv\u0103 din Br\u0103ila. Tot la categoria portocaliu, sportivele Eva Oprea \u015fi Anais Cernisencu au avut un turneu bun, clas\u00e2ndu-se pe locurile patru respectiv cinci. La categoria verde, Luca Dragnea s-a clasat pe locul cinci.<\/p>\n<p>Citi\u0163i continuarea \u00een edi\u0163ia tip\u0103rit\u0103 a ziarului Delta.<\/p>\n<\/div>\n<p>[analyse_source url=&#8221;https:\/\/ziaruldelta.ro\/2026\/07\/01\/doua-medalii-cucerite-de-tenismenii-tulceni-la-o-noua-editie-a-cupei-le-pelican-sportif\/&#8221;]<\/p>\n","protected":false},"excerpt":{"rendered":"<p>[analyse_image type=&#8221;featured&#8221; src=&#8221;https:\/\/ziaruldelta.ro\/wp-content\/uploads\/2026\/06\/Zece-medalii.jpg&#8221;] Dou\u0103 medalii cucerite de tenismenii tulceni la o nou\u0103 edi\u0163ie a Cupei Le Pelican Sportif Posted by Claudia Ionescu | Jul 1, 2026 | Sport | Tenismenii de la clubul \u201eLe Pelican Sportif\u201d, antrena\u0163i de Narcis Mocanu, au participat la o nou\u0103 edi\u0163ie a Cupei Le Pelican Sportif. Turneul s-a desf\u0103\u015furat s\u00e2mb\u0103ta [&hellip;]<\/p>\n","protected":false},"author":1,"featured_media":0,"comment_status":"open","ping_status":"","sticky":false,"template":"","format":"standard","meta":{"footnotes":""},"categories":[89],"tags":[226,206],"class_list":["post-2022308","post","type-post","status-publish","format-standard","hentry","category-romania","tag-crawlmanager","tag-ziaruldelta-ro"],"_links":{"self":[{"href":"https:\/\/analyse.optim.biz\/index.php?rest_route=\/wp\/v2\/posts\/2022308","targetHints":{"allow":["GET"]}}],"collection":[{"href":"https:\/\/analyse.optim.biz\/index.php?rest_route=\/wp\/v2\/posts"}],"about":[{"href":"https:\/\/analyse.optim.biz\/index.php?rest_route=\/wp\/v2\/types\/post"}],"author":[{"embeddable":true,"href":"https:\/\/analyse.optim.biz\/index.php?rest_route=\/wp\/v2\/users\/1"}],"replies":[{"embeddable":true,"href":"https:\/\/analyse.optim.biz\/index.php?rest_route=%2Fwp%2Fv2%2Fcomments&post=2022308"}],"version-history":[{"count":0,"href":"https:\/\/analyse.optim.biz\/index.php?rest_route=\/wp\/v2\/posts\/2022308\/revisions"}],"wp:attachment":[{"href":"https:\/\/analyse.optim.biz\/index.php?rest_route=%2Fwp%2Fv2%2Fmedia&parent=2022308"}],"wp:term":[{"taxonomy":"category","embeddable":true,"href":"https:\/\/analyse.optim.biz\/index.php?rest_route=%2Fwp%2Fv2%2Fcategories&post=2022308"},{"taxonomy":"post_tag","embeddable":true,"href":"https:\/\/analyse.optim.biz\/index.php?rest_route=%2Fwp%2Fv2%2Ftags&post=2022308"}],"curies":[{"name":"wp","href":"https:\/\/api.w.org\/{rel}","templated":true}]}}