{"id":2022307,"date":"2026-07-01T06:00:40","date_gmt":"2026-07-01T03:00:40","guid":{"rendered":"https:\/\/analyse.optim.biz\/?p=2022307"},"modified":"2026-07-01T06:00:40","modified_gmt":"2026-07-01T03:00:40","slug":"evadatul-de-la-ferma-din-cataloi-era-condamnat-pentru-violenta-in-familie-a-fost-capturat-dupa-cateva-ore","status":"publish","type":"post","link":"https:\/\/analyse.optim.biz\/?p=2022307","title":{"rendered":"Evadatul de la ferma din Cataloi era condamnat pentru violen\u0163\u0103 \u00een familie. A fost capturat dup\u0103 c\u00e2teva ore"},"content":{"rendered":"<p>[analyse_image type=&#8221;featured&#8221; src=&#8221;https:\/\/ziaruldelta.ro\/wp-content\/uploads\/2026\/06\/evadatul.jpg&#8221;]<\/p>\n<article id=\"post-37253\" class=\"module single-post-module post-37253 post type-post status-publish format-standard has-post-thumbnail hentry category-social et-has-post-format-content et_post_format-et-post-format-standard\">\n<div class=\"post-header\">\n<h1 class=\"entry-title\">Evadatul de la ferma din Cataloi era condamnat pentru violen\u0163\u0103 \u00een familie. A fost capturat dup\u0103 c\u00e2teva ore de c\u0103ut\u0103ri<\/h1>\n<div class=\"post-meta vcard\">\n<p>Posted by <a href=\"https:\/\/ziaruldelta.ro\/author\/nicoleta-urmuz\/\" class=\"url fn\" title=\"Posts by Nicoleta URMUZ\" rel=\"author\">Nicoleta URMUZ<\/a> | <span class=\"updated\">Jul 1, 2026<\/span> | <a href=\"https:\/\/ziaruldelta.ro\/category\/social\/\" rel=\"tag\">Social<\/a> | <\/p>\n<\/div>\n<\/div>\n<div class=\"post-thumbnail header\"><img decoding=\"async\" src=\"https:\/\/ziaruldelta.ro\/wp-content\/uploads\/2026\/06\/evadatul.jpg\" alt=\"Evadatul de la ferma din Cataloi era condamnat pentru violen\u0163\u0103 \u00een familie. A fost capturat dup\u0103 c\u00e2teva ore de c\u0103ut\u0103ri\"><\/div>\n<div class=\"post-wrap\">\n<div class=\"post-content entry-content\">\n<p>De\u0163inutul care a evadat luni, 29 iunie, de la un punct de lucru exterior al Penitenciarului Tulcea, situat \u00een livada din apropierea localit\u0103\u0163ii Cataloi, executa o pedeaps\u0103 de 4 ani \u015fi 129 de zile de \u00eenchisoare pentru infrac\u0163iunea de violen\u0163\u0103 \u00een familie. Este vorba despre Gabriel Daniel Ifrim, \u00een v\u00e2rst\u0103 de 34 de ani, din municipiul Tecuci, jude\u0163ul Gala\u0163i, \u00eencarcerat din 4 octombrie 2024, \u015fi care putea solicita liberarea condi\u0163ionat\u0103 \u00eencep\u00e2nd cu 13 august 2027. Potrivit Penitenciarului Tulcea, b\u0103rbatul a p\u0103r\u0103sit f\u0103r\u0103 drept punctul de lucru exterior din livada aflat\u0103 \u00een apropierea localit\u0103\u0163ii Cataloi, \u00een jurul orei 13:20, fapt\u0103 care constituie infrac\u0163iunea de evadare.<\/p>\n<p>Potrivit r\u0103spunsului transmis de Penitenciarul Tulcea la solicitarea Ziarului <strong>\u201eDelta\u201d<\/strong>, Gabriel Daniel Ifrim nu avea antecedente disciplinare \u015fi nu mai \u00eencercase anterior s\u0103 se sustrag\u0103 de la executarea pedepsei. Mai mult, acesta fusese recompensat pentru conduita sa, desf\u0103\u015fura activit\u0103\u0163i productive \u015fi acumulase 15 zile c\u00e2\u015ftigate prin munc\u0103. Reprezentan\u0163ii penitenciarului sus\u0163in c\u0103 nu existau indicii care s\u0103 conduc\u0103 la concluzia c\u0103 acesta ar fi putut recurge la un astfel de gest.<\/p>\n<p>La momentul incidentului, la punctul de lucru se aflau 20 de persoane private de libertate. Dup\u0103 declan\u015farea unei ample opera\u0163iuni de c\u0103utare, de\u0163inutul a fost capturat \u00een jurul orei 18:30, \u00een zona g\u0103rii de m\u0103rfuri din municipiul Tulcea.<\/p>\n<p>\u00cen paralel, la nivelul Penitenciarului Tulcea a fost demarat\u0103 o anchet\u0103 intern\u0103 pentru verificarea modului \u00een care cadrele desemnate au executat misiunea de supraveghere la punctul de lucru. P\u00e2n\u0103 la finalizarea cercet\u0103rilor, personalul responsabil nu va mai executa misiuni specifice.<\/p>\n<p>Citi\u0163i continuarea \u00een edi\u0163ia tip\u0103rit\u0103 a ziarului Delta.<\/p>\n<\/div>\n<\/div>\n<div class=\"post-footer\">\n<div class=\"social-icons ed-social-share-icons\">\n<p class=\"share-title\">Share:<\/p>\n<\/div>\n<div class=\"rating-stars\">\n<p id=\"rate-title\" class=\"rate-title\">Rate:<\/p>\n<\/div>\n<\/div>\n<\/article>\n<div class=\"post-content entry-content\">\n<p>De\u0163inutul care a evadat luni, 29 iunie, de la un punct de lucru exterior al Penitenciarului Tulcea, situat \u00een livada din apropierea localit\u0103\u0163ii Cataloi, executa o pedeaps\u0103 de 4 ani \u015fi 129 de zile de \u00eenchisoare pentru infrac\u0163iunea de violen\u0163\u0103 \u00een familie. Este vorba despre Gabriel Daniel Ifrim, \u00een v\u00e2rst\u0103 de 34 de ani, din municipiul Tecuci, jude\u0163ul Gala\u0163i, \u00eencarcerat din 4 octombrie 2024, \u015fi care putea solicita liberarea condi\u0163ionat\u0103 \u00eencep\u00e2nd cu 13 august 2027. Potrivit Penitenciarului Tulcea, b\u0103rbatul a p\u0103r\u0103sit f\u0103r\u0103 drept punctul de lucru exterior din livada aflat\u0103 \u00een apropierea localit\u0103\u0163ii Cataloi, \u00een jurul orei 13:20, fapt\u0103 care constituie infrac\u0163iunea de evadare.<\/p>\n<p>Potrivit r\u0103spunsului transmis de Penitenciarul Tulcea la solicitarea Ziarului <strong>\u201eDelta\u201d<\/strong>, Gabriel Daniel Ifrim nu avea antecedente disciplinare \u015fi nu mai \u00eencercase anterior s\u0103 se sustrag\u0103 de la executarea pedepsei. Mai mult, acesta fusese recompensat pentru conduita sa, desf\u0103\u015fura activit\u0103\u0163i productive \u015fi acumulase 15 zile c\u00e2\u015ftigate prin munc\u0103. Reprezentan\u0163ii penitenciarului sus\u0163in c\u0103 nu existau indicii care s\u0103 conduc\u0103 la concluzia c\u0103 acesta ar fi putut recurge la un astfel de gest.<\/p>\n<p>La momentul incidentului, la punctul de lucru se aflau 20 de persoane private de libertate. Dup\u0103 declan\u015farea unei ample opera\u0163iuni de c\u0103utare, de\u0163inutul a fost capturat \u00een jurul orei 18:30, \u00een zona g\u0103rii de m\u0103rfuri din municipiul Tulcea.<\/p>\n<p>\u00cen paralel, la nivelul Penitenciarului Tulcea a fost demarat\u0103 o anchet\u0103 intern\u0103 pentru verificarea modului \u00een care cadrele desemnate au executat misiunea de supraveghere la punctul de lucru. P\u00e2n\u0103 la finalizarea cercet\u0103rilor, personalul responsabil nu va mai executa misiuni specifice.<\/p>\n<p>Citi\u0163i continuarea \u00een edi\u0163ia tip\u0103rit\u0103 a ziarului Delta.<\/p>\n<\/div>\n<div class=\"post-content entry-content\">\n<p>De\u0163inutul care a evadat luni, 29 iunie, de la un punct de lucru exterior al Penitenciarului Tulcea, situat \u00een livada din apropierea localit\u0103\u0163ii Cataloi, executa o pedeaps\u0103 de 4 ani \u015fi 129 de zile de \u00eenchisoare pentru infrac\u0163iunea de violen\u0163\u0103 \u00een familie. Este vorba despre Gabriel Daniel Ifrim, \u00een v\u00e2rst\u0103 de 34 de ani, din municipiul Tecuci, jude\u0163ul Gala\u0163i, \u00eencarcerat din 4 octombrie 2024, \u015fi care putea solicita liberarea condi\u0163ionat\u0103 \u00eencep\u00e2nd cu 13 august 2027. Potrivit Penitenciarului Tulcea, b\u0103rbatul a p\u0103r\u0103sit f\u0103r\u0103 drept punctul de lucru exterior din livada aflat\u0103 \u00een apropierea localit\u0103\u0163ii Cataloi, \u00een jurul orei 13:20, fapt\u0103 care constituie infrac\u0163iunea de evadare.<\/p>\n<p>Potrivit r\u0103spunsului transmis de Penitenciarul Tulcea la solicitarea Ziarului <strong>\u201eDelta\u201d<\/strong>, Gabriel Daniel Ifrim nu avea antecedente disciplinare \u015fi nu mai \u00eencercase anterior s\u0103 se sustrag\u0103 de la executarea pedepsei. Mai mult, acesta fusese recompensat pentru conduita sa, desf\u0103\u015fura activit\u0103\u0163i productive \u015fi acumulase 15 zile c\u00e2\u015ftigate prin munc\u0103. Reprezentan\u0163ii penitenciarului sus\u0163in c\u0103 nu existau indicii care s\u0103 conduc\u0103 la concluzia c\u0103 acesta ar fi putut recurge la un astfel de gest.<\/p>\n<p>La momentul incidentului, la punctul de lucru se aflau 20 de persoane private de libertate. Dup\u0103 declan\u015farea unei ample opera\u0163iuni de c\u0103utare, de\u0163inutul a fost capturat \u00een jurul orei 18:30, \u00een zona g\u0103rii de m\u0103rfuri din municipiul Tulcea.<\/p>\n<p>\u00cen paralel, la nivelul Penitenciarului Tulcea a fost demarat\u0103 o anchet\u0103 intern\u0103 pentru verificarea modului \u00een care cadrele desemnate au executat misiunea de supraveghere la punctul de lucru. P\u00e2n\u0103 la finalizarea cercet\u0103rilor, personalul responsabil nu va mai executa misiuni specifice.<\/p>\n<p>Citi\u0163i continuarea \u00een edi\u0163ia tip\u0103rit\u0103 a ziarului Delta.<\/p>\n<\/div>\n<p>[analyse_source url=&#8221;https:\/\/ziaruldelta.ro\/2026\/07\/01\/evadatul-de-la-ferma-din-cataloi-era-condamnat-pentru-violenta-in-familie-a-fost-capturat-dupa-cateva-ore-de-cautari\/&#8221;]<\/p>\n","protected":false},"excerpt":{"rendered":"<p>[analyse_image type=&#8221;featured&#8221; src=&#8221;https:\/\/ziaruldelta.ro\/wp-content\/uploads\/2026\/06\/evadatul.jpg&#8221;] Evadatul de la ferma din Cataloi era condamnat pentru violen\u0163\u0103 \u00een familie. A fost capturat dup\u0103 c\u00e2teva ore de c\u0103ut\u0103ri Posted by Nicoleta URMUZ | Jul 1, 2026 | Social | De\u0163inutul care a evadat luni, 29 iunie, de la un punct de lucru exterior al Penitenciarului Tulcea, situat \u00een livada din [&hellip;]<\/p>\n","protected":false},"author":1,"featured_media":0,"comment_status":"open","ping_status":"","sticky":false,"template":"","format":"standard","meta":{"footnotes":""},"categories":[89],"tags":[226,206],"class_list":["post-2022307","post","type-post","status-publish","format-standard","hentry","category-romania","tag-crawlmanager","tag-ziaruldelta-ro"],"_links":{"self":[{"href":"https:\/\/analyse.optim.biz\/index.php?rest_route=\/wp\/v2\/posts\/2022307","targetHints":{"allow":["GET"]}}],"collection":[{"href":"https:\/\/analyse.optim.biz\/index.php?rest_route=\/wp\/v2\/posts"}],"about":[{"href":"https:\/\/analyse.optim.biz\/index.php?rest_route=\/wp\/v2\/types\/post"}],"author":[{"embeddable":true,"href":"https:\/\/analyse.optim.biz\/index.php?rest_route=\/wp\/v2\/users\/1"}],"replies":[{"embeddable":true,"href":"https:\/\/analyse.optim.biz\/index.php?rest_route=%2Fwp%2Fv2%2Fcomments&post=2022307"}],"version-history":[{"count":0,"href":"https:\/\/analyse.optim.biz\/index.php?rest_route=\/wp\/v2\/posts\/2022307\/revisions"}],"wp:attachment":[{"href":"https:\/\/analyse.optim.biz\/index.php?rest_route=%2Fwp%2Fv2%2Fmedia&parent=2022307"}],"wp:term":[{"taxonomy":"category","embeddable":true,"href":"https:\/\/analyse.optim.biz\/index.php?rest_route=%2Fwp%2Fv2%2Fcategories&post=2022307"},{"taxonomy":"post_tag","embeddable":true,"href":"https:\/\/analyse.optim.biz\/index.php?rest_route=%2Fwp%2Fv2%2Ftags&post=2022307"}],"curies":[{"name":"wp","href":"https:\/\/api.w.org\/{rel}","templated":true}]}}