{"id":2022306,"date":"2026-07-01T13:06:38","date_gmt":"2026-07-01T10:06:38","guid":{"rendered":"https:\/\/analyse.optim.biz\/?p=2022306"},"modified":"2026-07-01T13:06:38","modified_gmt":"2026-07-01T10:06:38","slug":"deputatul-aur-de-tulcea-elena-dobos-aur-demareaza-procedurile-de-suspendare-a-presedintelui-nicusor-dan","status":"publish","type":"post","link":"https:\/\/analyse.optim.biz\/?p=2022306","title":{"rendered":"Deputatul AUR de Tulcea Elena Dobo\u015f: AUR demareaz\u0103 procedurile de suspendare a pre\u015fedintelui Nicu\u015for Dan &#8211;"},"content":{"rendered":"<p>[analyse_image type=&#8221;featured&#8221; src=&#8221;https:\/\/ziaruldelta.ro\/wp-content\/uploads\/2026\/07\/Elena-dobos-2.jpg&#8221;]<\/p>\n<article id=\"post-37278\" class=\"module single-post-module post-37278 post type-post status-publish format-standard has-post-thumbnail hentry category-politica-administratie et-has-post-format-content et_post_format-et-post-format-standard\">\n<div class=\"post-header\">\n<h1 class=\"entry-title\">Deputatul AUR de Tulcea Elena Dobo\u015f: AUR demareaz\u0103 procedurile de suspendare a pre\u015fedintelui Nicu\u015for Dan<\/h1>\n<div class=\"post-meta vcard\">\n<p>Posted by <a href=\"https:\/\/ziaruldelta.ro\/author\/ziarul-delta\/\" class=\"url fn\" title=\"Posts by Ziarul Delta\" rel=\"author\">Ziarul Delta<\/a> | <span class=\"updated\">Jul 1, 2026<\/span> | <a href=\"https:\/\/ziaruldelta.ro\/category\/politica-administratie\/\" rel=\"tag\">Politica &#8211; Administratie<\/a> | <\/p>\n<\/div>\n<\/div>\n<div class=\"post-thumbnail header\"><img decoding=\"async\" src=\"https:\/\/ziaruldelta.ro\/wp-content\/uploads\/2026\/07\/Elena-dobos-2.jpg\" alt=\"Deputatul AUR de Tulcea Elena Dobo\u015f: AUR demareaz\u0103 procedurile de suspendare a pre\u015fedintelui Nicu\u015for Dan\"><\/div>\n<div class=\"post-wrap\">\n<div class=\"post-content entry-content\">\n<p>Consiliul Na\u0163ional de Conducere (CNC) al Alian\u0163ei pentru Unirea Rom\u00e2nilor (AUR) din care face parte \u015fi deputatul de Tulcea Elena Dobo\u015f a decis miercuri, \u00een cadrul \u015fedin\u0163ei extraordinare organizate la Alexandria (Teleorman), demararea procesului de suspendare a pre\u015fedintelui Nicu\u015for Dan \u015fi \u00eenceperea procedurilor pentru organizarea alegerilor anticipate.<\/p>\n<blockquote>\n<p><img loading=\"lazy\" decoding=\"async\" class=\"size-full wp-image-37280 aligncenter\" src=\"https:\/\/ziaruldelta.ro\/wp-content\/uploads\/2026\/07\/Elena-Dobos-1.jpg\" alt width=\"600\" height=\"200\">\u201eTo\u0163i cei 135 de membri CNC AUR prezen\u0163i la \u015fedin\u0163\u0103 au votat, \u00een unanimitate, demararea procedurii de suspendare a pre\u015fedintelui Nicu\u015for Dan \u015fi a dialogului cu celelalte for\u0163e politice \u00een acest sens\u201d, a declarat deputatul AUR de Tulcea Elena Dobo\u015f.<\/p>\n<p>Printre motivele care stau la baza acestui demers \u201ese num\u0103r\u0103 excluderea unei p\u0103r\u0163i importante dintre rom\u00e2ni din luarea deciziilor care privesc viitorul Rom\u00e2niei, dar \u015fi refuzul privind nominalizarea celei de-a doua propuneri de prim-ministru, a\u015fa cum este constitu\u0163ional\u201d, a men\u0163ionat parlamentarul.<\/p>\n<p>\u201eTotodat\u0103, membrii CNC AUR au votat, \u00een unanimitate, pentru re\u00eentoarcerea la popor prin \u00eenceperea procedurilor \u00een privin\u0163a alegerilor anticipate. \u00cen cadrul \u015fedin\u0163ei CNC AUR s-a decis c\u0103 parlamentarii AUR nu vor fi prezen\u0163i \u015fi nu vor vota niciun guvern al coali\u0163iei propus de Nicu\u015for Dan\u201d, a precizat deputatul de Tulcea.<\/p>\n<\/blockquote>\n<p>\u00a0<\/p>\n<p><strong>Parlamentarii AUR nu intr\u0103 \u00een vacan\u0163\u0103<\/strong><\/p>\n<p>Deputatul AUR de Tulcea Elena Dobo\u015f a anun\u0163at c\u0103 CNC a decis, \u00een cadrul \u015fedin\u0163ei extraordinare, ca deputa\u0163ii \u015fi senatorii partidului s\u0103 nu intre \u00een vacan\u0163\u0103, ci s\u0103 fie prezen\u0163i \u00een lunile iulie \u015fi august \u00een jude\u0163e, al\u0103turi de rom\u00e2ni.<\/p>\n<blockquote>\n<p>\u201e\u00cen aceast\u0103 perioad\u0103, parlamentarii AUR vor fi prezen\u0163i \u00een mijlocul comunit\u0103\u0163ilor, \u00een cadrul campaniei \u201eAUR te aude!\u201d, vor avea \u00eent\u00e2lniri cu cet\u0103\u0163enii, cu reprezentan\u0163ii mediului de afaceri, ai fermierilor \u015fi ai administra\u0163iilor locale \u015fi vor efectua vizite \u00een fabrici, \u00eentreprinderi, ferme \u015fi alte unit\u0103\u0163i economice din \u00eentreaga \u0163ar\u0103\u201d, a explicat deputatul Elena Dobo\u015f.<\/p>\n<\/blockquote>\n<p><strong>Comunicat de pres\u0103<\/strong><\/p>\n<\/div>\n<\/div>\n<div class=\"post-footer\">\n<div class=\"social-icons ed-social-share-icons\">\n<p class=\"share-title\">Share:<\/p>\n<\/div>\n<div class=\"rating-stars\">\n<p id=\"rate-title\" class=\"rate-title\">Rate:<\/p>\n<\/div>\n<\/div>\n<\/article>\n<div class=\"post-content entry-content\">\n<p>Consiliul Na\u0163ional de Conducere (CNC) al Alian\u0163ei pentru Unirea Rom\u00e2nilor (AUR) din care face parte \u015fi deputatul de Tulcea Elena Dobo\u015f a decis miercuri, \u00een cadrul \u015fedin\u0163ei extraordinare organizate la Alexandria (Teleorman), demararea procesului de suspendare a pre\u015fedintelui Nicu\u015for Dan \u015fi \u00eenceperea procedurilor pentru organizarea alegerilor anticipate.<\/p>\n<blockquote>\n<p><img loading=\"lazy\" decoding=\"async\" class=\"size-full wp-image-37280 aligncenter\" src=\"https:\/\/ziaruldelta.ro\/wp-content\/uploads\/2026\/07\/Elena-Dobos-1.jpg\" alt width=\"600\" height=\"200\">\u201eTo\u0163i cei 135 de membri CNC AUR prezen\u0163i la \u015fedin\u0163\u0103 au votat, \u00een unanimitate, demararea procedurii de suspendare a pre\u015fedintelui Nicu\u015for Dan \u015fi a dialogului cu celelalte for\u0163e politice \u00een acest sens\u201d, a declarat deputatul AUR de Tulcea Elena Dobo\u015f.<\/p>\n<p>Printre motivele care stau la baza acestui demers \u201ese num\u0103r\u0103 excluderea unei p\u0103r\u0163i importante dintre rom\u00e2ni din luarea deciziilor care privesc viitorul Rom\u00e2niei, dar \u015fi refuzul privind nominalizarea celei de-a doua propuneri de prim-ministru, a\u015fa cum este constitu\u0163ional\u201d, a men\u0163ionat parlamentarul.<\/p>\n<p>\u201eTotodat\u0103, membrii CNC AUR au votat, \u00een unanimitate, pentru re\u00eentoarcerea la popor prin \u00eenceperea procedurilor \u00een privin\u0163a alegerilor anticipate. \u00cen cadrul \u015fedin\u0163ei CNC AUR s-a decis c\u0103 parlamentarii AUR nu vor fi prezen\u0163i \u015fi nu vor vota niciun guvern al coali\u0163iei propus de Nicu\u015for Dan\u201d, a precizat deputatul de Tulcea.<\/p>\n<\/blockquote>\n<p>\u00a0<\/p>\n<p><strong>Parlamentarii AUR nu intr\u0103 \u00een vacan\u0163\u0103<\/strong><\/p>\n<p>Deputatul AUR de Tulcea Elena Dobo\u015f a anun\u0163at c\u0103 CNC a decis, \u00een cadrul \u015fedin\u0163ei extraordinare, ca deputa\u0163ii \u015fi senatorii partidului s\u0103 nu intre \u00een vacan\u0163\u0103, ci s\u0103 fie prezen\u0163i \u00een lunile iulie \u015fi august \u00een jude\u0163e, al\u0103turi de rom\u00e2ni.<\/p>\n<blockquote>\n<p>\u201e\u00cen aceast\u0103 perioad\u0103, parlamentarii AUR vor fi prezen\u0163i \u00een mijlocul comunit\u0103\u0163ilor, \u00een cadrul campaniei \u201eAUR te aude!\u201d, vor avea \u00eent\u00e2lniri cu cet\u0103\u0163enii, cu reprezentan\u0163ii mediului de afaceri, ai fermierilor \u015fi ai administra\u0163iilor locale \u015fi vor efectua vizite \u00een fabrici, \u00eentreprinderi, ferme \u015fi alte unit\u0103\u0163i economice din \u00eentreaga \u0163ar\u0103\u201d, a explicat deputatul Elena Dobo\u015f.<\/p>\n<\/blockquote>\n<p><strong>Comunicat de pres\u0103<\/strong><\/p>\n<\/div>\n<div class=\"post-content entry-content\">\n<p>Consiliul Na\u0163ional de Conducere (CNC) al Alian\u0163ei pentru Unirea Rom\u00e2nilor (AUR) din care face parte \u015fi deputatul de Tulcea Elena Dobo\u015f a decis miercuri, \u00een cadrul \u015fedin\u0163ei extraordinare organizate la Alexandria (Teleorman), demararea procesului de suspendare a pre\u015fedintelui Nicu\u015for Dan \u015fi \u00eenceperea procedurilor pentru organizarea alegerilor anticipate.<\/p>\n<blockquote>\n<p><img loading=\"lazy\" decoding=\"async\" class=\"size-full wp-image-37280 aligncenter\" src=\"https:\/\/ziaruldelta.ro\/wp-content\/uploads\/2026\/07\/Elena-Dobos-1.jpg\" alt width=\"600\" height=\"200\">\u201eTo\u0163i cei 135 de membri CNC AUR prezen\u0163i la \u015fedin\u0163\u0103 au votat, \u00een unanimitate, demararea procedurii de suspendare a pre\u015fedintelui Nicu\u015for Dan \u015fi a dialogului cu celelalte for\u0163e politice \u00een acest sens\u201d, a declarat deputatul AUR de Tulcea Elena Dobo\u015f.<\/p>\n<p>Printre motivele care stau la baza acestui demers \u201ese num\u0103r\u0103 excluderea unei p\u0103r\u0163i importante dintre rom\u00e2ni din luarea deciziilor care privesc viitorul Rom\u00e2niei, dar \u015fi refuzul privind nominalizarea celei de-a doua propuneri de prim-ministru, a\u015fa cum este constitu\u0163ional\u201d, a men\u0163ionat parlamentarul.<\/p>\n<p>\u201eTotodat\u0103, membrii CNC AUR au votat, \u00een unanimitate, pentru re\u00eentoarcerea la popor prin \u00eenceperea procedurilor \u00een privin\u0163a alegerilor anticipate. \u00cen cadrul \u015fedin\u0163ei CNC AUR s-a decis c\u0103 parlamentarii AUR nu vor fi prezen\u0163i \u015fi nu vor vota niciun guvern al coali\u0163iei propus de Nicu\u015for Dan\u201d, a precizat deputatul de Tulcea.<\/p>\n<\/blockquote>\n<p>\u00a0<\/p>\n<p><strong>Parlamentarii AUR nu intr\u0103 \u00een vacan\u0163\u0103<\/strong><\/p>\n<p>Deputatul AUR de Tulcea Elena Dobo\u015f a anun\u0163at c\u0103 CNC a decis, \u00een cadrul \u015fedin\u0163ei extraordinare, ca deputa\u0163ii \u015fi senatorii partidului s\u0103 nu intre \u00een vacan\u0163\u0103, ci s\u0103 fie prezen\u0163i \u00een lunile iulie \u015fi august \u00een jude\u0163e, al\u0103turi de rom\u00e2ni.<\/p>\n<blockquote>\n<p>\u201e\u00cen aceast\u0103 perioad\u0103, parlamentarii AUR vor fi prezen\u0163i \u00een mijlocul comunit\u0103\u0163ilor, \u00een cadrul campaniei \u201eAUR te aude!\u201d, vor avea \u00eent\u00e2lniri cu cet\u0103\u0163enii, cu reprezentan\u0163ii mediului de afaceri, ai fermierilor \u015fi ai administra\u0163iilor locale \u015fi vor efectua vizite \u00een fabrici, \u00eentreprinderi, ferme \u015fi alte unit\u0103\u0163i economice din \u00eentreaga \u0163ar\u0103\u201d, a explicat deputatul Elena Dobo\u015f.<\/p>\n<\/blockquote>\n<p><strong>Comunicat de pres\u0103<\/strong><\/p>\n<\/div>\n<p>[analyse_source url=&#8221;https:\/\/ziaruldelta.ro\/2026\/07\/01\/deputatul-aur-de-tulcea-elena-dobos-aur-demareaza-procedurile-de-suspendare-a-presedintelui-nicusor-dan\/&#8221;]<\/p>\n","protected":false},"excerpt":{"rendered":"<p>[analyse_image type=&#8221;featured&#8221; src=&#8221;https:\/\/ziaruldelta.ro\/wp-content\/uploads\/2026\/07\/Elena-dobos-2.jpg&#8221;] Deputatul AUR de Tulcea Elena Dobo\u015f: AUR demareaz\u0103 procedurile de suspendare a pre\u015fedintelui Nicu\u015for Dan Posted by Ziarul Delta | Jul 1, 2026 | Politica &#8211; Administratie | Consiliul Na\u0163ional de Conducere (CNC) al Alian\u0163ei pentru Unirea Rom\u00e2nilor (AUR) din care face parte \u015fi deputatul de Tulcea Elena Dobo\u015f a decis miercuri, [&hellip;]<\/p>\n","protected":false},"author":1,"featured_media":0,"comment_status":"open","ping_status":"","sticky":false,"template":"","format":"standard","meta":{"footnotes":""},"categories":[89],"tags":[226,206],"class_list":["post-2022306","post","type-post","status-publish","format-standard","hentry","category-romania","tag-crawlmanager","tag-ziaruldelta-ro"],"_links":{"self":[{"href":"https:\/\/analyse.optim.biz\/index.php?rest_route=\/wp\/v2\/posts\/2022306","targetHints":{"allow":["GET"]}}],"collection":[{"href":"https:\/\/analyse.optim.biz\/index.php?rest_route=\/wp\/v2\/posts"}],"about":[{"href":"https:\/\/analyse.optim.biz\/index.php?rest_route=\/wp\/v2\/types\/post"}],"author":[{"embeddable":true,"href":"https:\/\/analyse.optim.biz\/index.php?rest_route=\/wp\/v2\/users\/1"}],"replies":[{"embeddable":true,"href":"https:\/\/analyse.optim.biz\/index.php?rest_route=%2Fwp%2Fv2%2Fcomments&post=2022306"}],"version-history":[{"count":0,"href":"https:\/\/analyse.optim.biz\/index.php?rest_route=\/wp\/v2\/posts\/2022306\/revisions"}],"wp:attachment":[{"href":"https:\/\/analyse.optim.biz\/index.php?rest_route=%2Fwp%2Fv2%2Fmedia&parent=2022306"}],"wp:term":[{"taxonomy":"category","embeddable":true,"href":"https:\/\/analyse.optim.biz\/index.php?rest_route=%2Fwp%2Fv2%2Fcategories&post=2022306"},{"taxonomy":"post_tag","embeddable":true,"href":"https:\/\/analyse.optim.biz\/index.php?rest_route=%2Fwp%2Fv2%2Ftags&post=2022306"}],"curies":[{"name":"wp","href":"https:\/\/api.w.org\/{rel}","templated":true}]}}