{"id":2022305,"date":"2026-07-01T06:00:44","date_gmt":"2026-07-01T03:00:44","guid":{"rendered":"https:\/\/analyse.optim.biz\/?p=2022305"},"modified":"2026-07-01T06:00:44","modified_gmt":"2026-07-01T03:00:44","slug":"tulcea-se-uneste-pentru-150-de-ani-de-umanitate-lantul-umanitatii-pe-faleza-ivan-patzaichin-ziarul","status":"publish","type":"post","link":"https:\/\/analyse.optim.biz\/?p=2022305","title":{"rendered":"Tulcea se une\u015fte pentru 150 de ani de umanitate: \u201eLan\u0163ul Umanit\u0103\u0163ii&#8221; pe Faleza Ivan Patzaichin &#8211; Ziarul"},"content":{"rendered":"<p>[analyse_image type=&#8221;featured&#8221; src=&#8221;https:\/\/ziaruldelta.ro\/wp-content\/uploads\/2026\/06\/tulcea-se-uneste.jpg&#8221;]<\/p>\n<article id=\"post-37244\" class=\"module single-post-module post-37244 post type-post status-publish format-standard has-post-thumbnail hentry category-eveniment et-has-post-format-content et_post_format-et-post-format-standard\">\n<div class=\"post-header\">\n<h1 class=\"entry-title\">Tulcea se une\u015fte pentru 150 de ani de umanitate: \u201eLan\u0163ul Umanit\u0103\u0163ii\u201d pe Faleza Ivan Patzaichin<\/h1>\n<div class=\"post-meta vcard\">\n<p>Posted by <a href=\"https:\/\/ziaruldelta.ro\/author\/nicoleta-urmuz\/\" class=\"url fn\" title=\"Posts by Nicoleta URMUZ\" rel=\"author\">Nicoleta URMUZ<\/a> | <span class=\"updated\">Jul 1, 2026<\/span> | <a href=\"https:\/\/ziaruldelta.ro\/category\/eveniment\/\" rel=\"tag\">Eveniment<\/a> | <\/p>\n<\/div>\n<\/div>\n<div class=\"post-thumbnail header\"><img decoding=\"async\" src=\"https:\/\/ziaruldelta.ro\/wp-content\/uploads\/2026\/06\/tulcea-se-uneste.jpg\" alt=\"Tulcea se une\u015fte pentru 150 de ani de umanitate: \u201eLan\u0163ul Umanit\u0103\u0163ii\u201d pe Faleza Ivan Patzaichin\"><\/div>\n<div class=\"post-wrap\">\n<div class=\"post-content entry-content\">\n<p>Crucea Ro\u015fie Rom\u00e2n\u0103 marcheaz\u0103 \u00een acest an \u00eemplinirea a 150 de ani de activitate umanitar\u0103, un moment aniversar ce celebreaz\u0103 un secol \u015fi jum\u0103tate de sprijin necondi\u0163ionat, solidaritate \u015fi speran\u0163\u0103 oferite celor afla\u0163i \u00een nevoie. Pentru a marca aceast\u0103 aniversare, Crucea Ro\u015fie Rom\u00e2n\u0103-Filiala Tulcea organizeaz\u0103 s\u00e2mb\u0103t\u0103, 4 iulie, evenimentul \u201eLan\u0163ul Umanit\u0103\u0163ii | 150 de secunde pentru 150 de ani\u201d, o manifestare simbolic\u0103 menit\u0103 s\u0103 reuneasc\u0103 membrii comunit\u0103\u0163ii \u00eentr-un gest de solidaritate. Evenimentul se va desf\u0103\u015fura \u00een intervalul orar 18:00 \u2013 20:00, punctul de \u00eent\u00e2lnire fiind stabilit pe Faleza \u201eIvan Patzaichin\u201d, la totemul \u201eTu \u015fi Tulcea\u201d. Participan\u0163ii vor forma un lan\u0163 uman simbolic, \u0163in\u00e2ndu-se de m\u00e2ini, pentru a transmite un mesaj puternic de unitate \u015fi implicare civic\u0103.<\/p>\n<p>La eveniment sunt invita\u0163i s\u0103 participe at\u00e2t voluntarii Crucii Ro\u015fii, c\u00e2t \u015fi to\u0163i membrii comunit\u0103\u0163ii.<\/p>\n<p>\u00cen ceea ce prive\u015fte \u0163inuta, voluntarii sunt invita\u0163i s\u0103 poarte tricoul ro\u015fu specific organiza\u0163iei sau, \u00een lipsa acestuia, un tricou ro\u015fu simplu. De asemenea, invita\u0163ii sunt \u00eencuraja\u0163i s\u0103 respecte aceea\u015fi tematic\u0103 vestimentar\u0103, purt\u00e2nd un tricou ro\u015fu, pentru a crea o imagine unitar\u0103 a evenimentului.<\/p>\n<p>Citi\u0163i continuarea \u00een edi\u0163ia tip\u0103rit\u0103 a ziarului Delta.<\/p>\n<\/div>\n<\/div>\n<div class=\"post-footer\">\n<div class=\"social-icons ed-social-share-icons\">\n<p class=\"share-title\">Share:<\/p>\n<\/div>\n<div class=\"rating-stars\">\n<p id=\"rate-title\" class=\"rate-title\">Rate:<\/p>\n<\/div>\n<\/div>\n<\/article>\n<div class=\"post-content entry-content\">\n<p>Crucea Ro\u015fie Rom\u00e2n\u0103 marcheaz\u0103 \u00een acest an \u00eemplinirea a 150 de ani de activitate umanitar\u0103, un moment aniversar ce celebreaz\u0103 un secol \u015fi jum\u0103tate de sprijin necondi\u0163ionat, solidaritate \u015fi speran\u0163\u0103 oferite celor afla\u0163i \u00een nevoie. Pentru a marca aceast\u0103 aniversare, Crucea Ro\u015fie Rom\u00e2n\u0103-Filiala Tulcea organizeaz\u0103 s\u00e2mb\u0103t\u0103, 4 iulie, evenimentul \u201eLan\u0163ul Umanit\u0103\u0163ii | 150 de secunde pentru 150 de ani\u201d, o manifestare simbolic\u0103 menit\u0103 s\u0103 reuneasc\u0103 membrii comunit\u0103\u0163ii \u00eentr-un gest de solidaritate. Evenimentul se va desf\u0103\u015fura \u00een intervalul orar 18:00 \u2013 20:00, punctul de \u00eent\u00e2lnire fiind stabilit pe Faleza \u201eIvan Patzaichin\u201d, la totemul \u201eTu \u015fi Tulcea\u201d. Participan\u0163ii vor forma un lan\u0163 uman simbolic, \u0163in\u00e2ndu-se de m\u00e2ini, pentru a transmite un mesaj puternic de unitate \u015fi implicare civic\u0103.<\/p>\n<p>La eveniment sunt invita\u0163i s\u0103 participe at\u00e2t voluntarii Crucii Ro\u015fii, c\u00e2t \u015fi to\u0163i membrii comunit\u0103\u0163ii.<\/p>\n<p>\u00cen ceea ce prive\u015fte \u0163inuta, voluntarii sunt invita\u0163i s\u0103 poarte tricoul ro\u015fu specific organiza\u0163iei sau, \u00een lipsa acestuia, un tricou ro\u015fu simplu. De asemenea, invita\u0163ii sunt \u00eencuraja\u0163i s\u0103 respecte aceea\u015fi tematic\u0103 vestimentar\u0103, purt\u00e2nd un tricou ro\u015fu, pentru a crea o imagine unitar\u0103 a evenimentului.<\/p>\n<p>Citi\u0163i continuarea \u00een edi\u0163ia tip\u0103rit\u0103 a ziarului Delta.<\/p>\n<\/div>\n<div class=\"post-content entry-content\">\n<p>Crucea Ro\u015fie Rom\u00e2n\u0103 marcheaz\u0103 \u00een acest an \u00eemplinirea a 150 de ani de activitate umanitar\u0103, un moment aniversar ce celebreaz\u0103 un secol \u015fi jum\u0103tate de sprijin necondi\u0163ionat, solidaritate \u015fi speran\u0163\u0103 oferite celor afla\u0163i \u00een nevoie. Pentru a marca aceast\u0103 aniversare, Crucea Ro\u015fie Rom\u00e2n\u0103-Filiala Tulcea organizeaz\u0103 s\u00e2mb\u0103t\u0103, 4 iulie, evenimentul \u201eLan\u0163ul Umanit\u0103\u0163ii | 150 de secunde pentru 150 de ani\u201d, o manifestare simbolic\u0103 menit\u0103 s\u0103 reuneasc\u0103 membrii comunit\u0103\u0163ii \u00eentr-un gest de solidaritate. Evenimentul se va desf\u0103\u015fura \u00een intervalul orar 18:00 \u2013 20:00, punctul de \u00eent\u00e2lnire fiind stabilit pe Faleza \u201eIvan Patzaichin\u201d, la totemul \u201eTu \u015fi Tulcea\u201d. Participan\u0163ii vor forma un lan\u0163 uman simbolic, \u0163in\u00e2ndu-se de m\u00e2ini, pentru a transmite un mesaj puternic de unitate \u015fi implicare civic\u0103.<\/p>\n<p>La eveniment sunt invita\u0163i s\u0103 participe at\u00e2t voluntarii Crucii Ro\u015fii, c\u00e2t \u015fi to\u0163i membrii comunit\u0103\u0163ii.<\/p>\n<p>\u00cen ceea ce prive\u015fte \u0163inuta, voluntarii sunt invita\u0163i s\u0103 poarte tricoul ro\u015fu specific organiza\u0163iei sau, \u00een lipsa acestuia, un tricou ro\u015fu simplu. De asemenea, invita\u0163ii sunt \u00eencuraja\u0163i s\u0103 respecte aceea\u015fi tematic\u0103 vestimentar\u0103, purt\u00e2nd un tricou ro\u015fu, pentru a crea o imagine unitar\u0103 a evenimentului.<\/p>\n<p>Citi\u0163i continuarea \u00een edi\u0163ia tip\u0103rit\u0103 a ziarului Delta.<\/p>\n<\/div>\n<p>[analyse_source url=&#8221;https:\/\/ziaruldelta.ro\/2026\/07\/01\/tulcea-se-uneste-pentru-150-de-ani-de-umanitate-lantul-umanitatii-pe-faleza-ivan-patzaichin\/&#8221;]<\/p>\n","protected":false},"excerpt":{"rendered":"<p>[analyse_image type=&#8221;featured&#8221; src=&#8221;https:\/\/ziaruldelta.ro\/wp-content\/uploads\/2026\/06\/tulcea-se-uneste.jpg&#8221;] Tulcea se une\u015fte pentru 150 de ani de umanitate: \u201eLan\u0163ul Umanit\u0103\u0163ii\u201d pe Faleza Ivan Patzaichin Posted by Nicoleta URMUZ | Jul 1, 2026 | Eveniment | Crucea Ro\u015fie Rom\u00e2n\u0103 marcheaz\u0103 \u00een acest an \u00eemplinirea a 150 de ani de activitate umanitar\u0103, un moment aniversar ce celebreaz\u0103 un secol \u015fi jum\u0103tate de sprijin [&hellip;]<\/p>\n","protected":false},"author":1,"featured_media":0,"comment_status":"open","ping_status":"","sticky":false,"template":"","format":"standard","meta":{"footnotes":""},"categories":[89],"tags":[226,206],"class_list":["post-2022305","post","type-post","status-publish","format-standard","hentry","category-romania","tag-crawlmanager","tag-ziaruldelta-ro"],"_links":{"self":[{"href":"https:\/\/analyse.optim.biz\/index.php?rest_route=\/wp\/v2\/posts\/2022305","targetHints":{"allow":["GET"]}}],"collection":[{"href":"https:\/\/analyse.optim.biz\/index.php?rest_route=\/wp\/v2\/posts"}],"about":[{"href":"https:\/\/analyse.optim.biz\/index.php?rest_route=\/wp\/v2\/types\/post"}],"author":[{"embeddable":true,"href":"https:\/\/analyse.optim.biz\/index.php?rest_route=\/wp\/v2\/users\/1"}],"replies":[{"embeddable":true,"href":"https:\/\/analyse.optim.biz\/index.php?rest_route=%2Fwp%2Fv2%2Fcomments&post=2022305"}],"version-history":[{"count":0,"href":"https:\/\/analyse.optim.biz\/index.php?rest_route=\/wp\/v2\/posts\/2022305\/revisions"}],"wp:attachment":[{"href":"https:\/\/analyse.optim.biz\/index.php?rest_route=%2Fwp%2Fv2%2Fmedia&parent=2022305"}],"wp:term":[{"taxonomy":"category","embeddable":true,"href":"https:\/\/analyse.optim.biz\/index.php?rest_route=%2Fwp%2Fv2%2Fcategories&post=2022305"},{"taxonomy":"post_tag","embeddable":true,"href":"https:\/\/analyse.optim.biz\/index.php?rest_route=%2Fwp%2Fv2%2Ftags&post=2022305"}],"curies":[{"name":"wp","href":"https:\/\/api.w.org\/{rel}","templated":true}]}}