{"id":2022228,"date":"2026-07-01T07:51:59","date_gmt":"2026-07-01T04:51:59","guid":{"rendered":"https:\/\/analyse.optim.biz\/?p=2022228"},"modified":"2026-07-01T07:51:59","modified_gmt":"2026-07-01T04:51:59","slug":"comunistul-pedro-sanchez-spune-ca-spania-are-nevoie-de-1-milion-de-migranti","status":"publish","type":"post","link":"https:\/\/analyse.optim.biz\/?p=2022228","title":{"rendered":"Comunistul Pedro Sanchez spune c\u0103 Spania are nevoie de 1 milion de migran\u021bi"},"content":{"rendered":"<p>[analyse_image type=&#8221;featured&#8221; src=&#8221;https:\/\/ortodoxinfo.ro\/wp-content\/uploads\/2026\/06\/pedro-sanchez.jpghttps:\/\/ortodoxinfo.ro\/wp-content\/uploads\/2026\/06\/pedro-sanchez.jpg&#8221;]<\/p>\n<article id=\"post-244285\" class=\"post-244285 post type-post status-publish format-standard has-post-thumbnail category-refugiati\">\n<header class=\"single-header\">\n<aside class=\"breadcrumb-wrap breadcrumb-yoast s-breadcrumb\">\n<div class=\"breadcrumb-inner\"><span><span><a href=\"https:\/\/ortodoxinfo.ro\/\">Prima pagin\u0103<\/a><\/span> \u00bb <span><a href=\"https:\/\/ortodoxinfo.ro\/blog\/\">Blog<\/a><\/span> \u00bb <span class=\"breadcrumb_last\" aria-current=\"page\">Comunistul Pedro Sanchez spune c\u0103 Spania are nevoie de 1 milion de migran\u021bi<\/span><\/span><\/div>\n<\/aside>\n<h1 class=\"s-title fw-headline\">Comunistul Pedro Sanchez spune c\u0103 Spania are nevoie de 1 milion de migran\u021bi<\/h1>\n<div class=\"single-meta meta-s-default yes-0\">\n<div class=\"smeta-in\"><a class=\"meta-el meta-avatar\" href=\"https:\/\/ortodoxinfo.ro\/author\/redactor\/\"><img loading=\"lazy\" decoding=\"async\" alt=\"OrtodoxINFO\" src=\"https:\/\/secure.gravatar.com\/avatar\/21010332354a182ce4de6016685c5586f21c51866d0ec5bc8ef383240b3c3e02?s=120&amp;r=g\" class=\"avatar avatar-120 photo\" height=\"120\" width=\"120\"><\/a><\/p>\n<div class=\"smeta-sec\">\n<div class=\"p-meta\">\n<div class=\"meta-inner is-meta\"><span class=\"meta-el meta-date\"><time datetime=\"2026-07-01T09:11:36+03:00\">1 iulie 2026<\/time><\/span><span class=\"meta-el meta-category meta-bold\"><a class=\"meta-separate category-1933\" href=\"https:\/\/ortodoxinfo.ro\/category\/anti-sistem\/globalizare\/refugiati\/\">Refugia\u021bi<\/a><\/span><span class=\"meta-el meta-view\">5.1k vizualiz\u0103ri\t\t<\/span><span class=\"meta-el meta-comment mobile-last-meta tablet-last-meta\"><a href=\"https:\/\/ortodoxinfo.ro\/2026\/07\/01\/comunistul-pedro-sanchez-spune-ca-spania-are-nevoie-de-1-milion-de-migranti\/#comments\">1 comentariu<\/a><\/span><\/div>\n<\/div>\n<\/div>\n<\/div>\n<div class=\"smeta-extra\">\n<div class=\"t-shared-sec tooltips-n has-read-meta is-color\">\n<div class=\"t-shared-header is-meta\"><span class=\"share-label\">Share<\/span><\/div>\n<\/div>\n<div class=\"single-right-meta single-time-read is-meta\"><span class=\"meta-el meta-read\">1 Min Read<\/span><\/div>\n<\/div>\n<\/div>\n<\/header>\n<div class=\"grid-container\">\n<div class=\"s-ct\">\n<div class=\"s-feat-outer\">\n<div class=\"s-feat\">\n<div class=\"featured-lightbox-trigger\" data-source=\"https:\/\/ortodoxinfo.ro\/wp-content\/uploads\/2026\/06\/pedro-sanchez.jpg\" data-caption data-attribution><img fetchpriority=\"high\" decoding=\"async\" width=\"860\" height=\"574\" src=\"https:\/\/ortodoxinfo.ro\/wp-content\/uploads\/2026\/06\/pedro-sanchez-860x574.jpg\" class=\"attachment-foxiz_crop_o1 size-foxiz_crop_o1 wp-post-image\" alt loading=\"eager\"><\/div>\n<\/div>\n<\/div>\n<div class=\"s-ct-wrap has-lsl\">\n<div class=\"s-ct-inner\">\n<div class=\"l-shared-sec-outer show-mobile\">\n<div class=\"l-shared-sec\">\n<div class=\"l-shared-header meta-text\"><span class=\"share-label\">SHARE<\/span><\/div>\n<\/div>\n<\/div>\n<div class=\"e-ct-outer\">\n<div class=\"entry-top\">\n<div id=\"custom_html-3\" class=\"widget_text widget entry-widget clearfix widget_custom_html\">\n<div class=\"textwidget custom-html-widget\">\n<div><small><br \/>\n    OrtodoxINFO este supus unui sabotaj sistematic din partea reprezentan\u021bilor Google Rom\u00e2nia, at\u00e2t la afi\u0219\u0103ri c\u00e2t \u0219i \u00een rezultatele de c\u0103utare.<br \/>\n        Astfel c\u0103 veniturile din publicitate au sc\u0103zut de p\u00e2n\u0103 la <strong>10 ori<\/strong>. Situa\u021bia este similar\u0103 \u0219i pe Facebook.<\/p>\n<p>        V\u0103 invit\u0103m s\u0103 accesa\u021bi direct site-ul \u0219i s\u0103 v\u0103 abona\u021bi la notific\u0103ri.<\/p>\n<p>    Dac\u0103 dori\u021bi s\u0103 ne sus\u021bine\u021bi \u00een aceast\u0103 perioad\u0103 dificil\u0103, orice <a href=\"https:\/\/ortodoxinfo.ro\/donatii\/\">dona\u021bie<\/a> este binevenit\u0103.<br \/>\n    Dumnezeu s\u0103 v\u0103 r\u0103spl\u0103teasc\u0103!<br \/>\n<\/small><\/div>\n<\/div>\n<\/div>\n<\/div>\n<div class=\"entry-content rbct clearfix is-highlight-shares\">\n<p><strong>Guvernul spaniol va oferi statut legal pentru 500.000 de migran\u021bi care tr\u0103iesc \u00een Spania f\u0103r\u0103 documente. Peste 1 milion de migran\u021bi f\u0103r\u0103 documente au aplicat p\u00e2n\u0103 pe 30 iunie pentru regularizarea statutului \u00een \u021bar\u0103.<\/strong><\/p>\n<p id=\"p-1\">\u00cen contextul \u00een care Bruxelles a reorientat c\u0103tre o alt\u0103 direc\u021bie, presupun\u00e2nd reguli mai stricte \u0219i controale mai dure \u00eempotriva migra\u021biei ilegale, Pedro Sanchez a spus c\u0103 Spania nu poate supravie\u021bui f\u0103r\u0103 imigran\u021bi.<\/p>\n<p id=\"p-2\">Premierul i-a atacat \u00een mod indirect pe liderii din alte state membre UE \u0219i Bruxelles, dup\u0103 ce acestea au acceptat milioane de refugia\u021bi din \u021b\u0103ri ca Siria, Irak \u0219i Libia, ca urmare a r\u0103zboaielor civile. De la \u00eencheierea r\u0103zboaielor civile \u00eens\u0103, Comisia European\u0103 controlat\u0103 de Partidul Popular European a decis controale mai stricte. Guverne din state ca Germania au decis c\u0103 este timpul ca imigran\u021bii s\u0103 se \u00eentoarc\u0103 pentru a-\u0219i recl\u0103di \u021b\u0103rile native.<\/p>\n<p id=\"p-3\">\u201eF\u0103r\u0103 imigran\u021bi, Spania ar putea pierde 19% din PIB p\u00e2n\u0103 \u00een 2050 \u0219i 22% p\u00e2n\u0103 \u00een 2075. 90.000 de baruri ar putea fi \u00eenchise. \u00cen timp ce al\u021bii folosesc migra\u021bia \u00een scopuri politice, noi facem o politic\u0103 a migra\u021b\u021biei\u201d, a declarat Pedro Sanchez.<\/p>\n<\/div>\n<\/div>\n<\/div>\n<div class=\"e-shared-sec entry-sec\">\n<div class=\"e-shared-header h4\"><span>Distribuie<\/span><\/div>\n<div class=\"rbbsl tooltips-n effect-fadeout is-bg\"><a class=\"share-action share-trigger icon-facebook\" aria-label=\"Share on Facebook\" href=\"https:\/\/www.facebook.com\/sharer.php?u=https%3A%2F%2Fortodoxinfo.ro%2F2026%2F07%2F01%2Fcomunistul-pedro-sanchez-spune-ca-spania-are-nevoie-de-1-milion-de-migranti%2F\" data-title=\"Facebook\" rel=\"nofollow\"><span>Facebook<\/span><\/a><a class=\"share-action share-trigger icon-twitter\" aria-label=\"Share on X\" href=\"https:\/\/twitter.com\/intent\/tweet?text=Comunistul+Pedro+Sanchez+spune+c%C4%83+Spania+are+nevoie+de+1+milion+de+migran%C8%9Bi&amp;url=https%3A%2F%2Fortodoxinfo.ro%2F2026%2F07%2F01%2Fcomunistul-pedro-sanchez-spune-ca-spania-are-nevoie-de-1-milion-de-migranti%2F&amp;via=ortodoxinforo\" data-title=\"X\" rel=\"nofollow\"><span>X<\/span><\/a><a class=\"share-action icon-whatsapp is-web\" aria-label=\"Share on Whatsapp\" href=\"https:\/\/web.whatsapp.com\/send?text=Comunistul+Pedro+Sanchez+spune+c%C4%83+Spania+are+nevoie+de+1+milion+de+migran%C8%9Bi%20%E2%98%9E%20https%3A%2F%2Fortodoxinfo.ro%2F2026%2F07%2F01%2Fcomunistul-pedro-sanchez-spune-ca-spania-are-nevoie-de-1-milion-de-migranti%2F\" target=\"_blank\" data-title=\"WhatsApp\" rel=\"nofollow\"><span>Whatsapp<\/span><\/a><a class=\"share-action icon-whatsapp is-mobile\" aria-label=\"Share on Whatsapp\" href=\"\/\/send?text=Comunistul+Pedro+Sanchez+spune+c%C4%83+Spania+are+nevoie+de+1+milion+de+migran%C8%9Bi%20%E2%98%9E%20https%3A%2F%2Fortodoxinfo.ro%2F2026%2F07%2F01%2Fcomunistul-pedro-sanchez-spune-ca-spania-are-nevoie-de-1-milion-de-migranti%2F\" target=\"_blank\" data-title=\"WhatsApp\" rel=\"nofollow\"><span>Whatsapp<\/span><\/a><a class=\"share-action share-trigger icon-telegram\" aria-label=\"Share on Telegram\" href=\"https:\/\/t.me\/share\/?url=https%3A%2F%2Fortodoxinfo.ro%2F2026%2F07%2F01%2Fcomunistul-pedro-sanchez-spune-ca-spania-are-nevoie-de-1-milion-de-migranti%2F&amp;text=Comunistul+Pedro+Sanchez+spune+c%C4%83+Spania+are+nevoie+de+1+milion+de+migran%C8%9Bi\" data-title=\"Telegram\" rel=\"nofollow\"><span>Telegram<\/span><\/a><a class=\"share-action icon-copy copy-trigger\" aria-label=\"Copy Link\" href=\"https:\/\/ortodoxinfo.ro\/2026\/07\/01\/comunistul-pedro-sanchez-spune-ca-spania-are-nevoie-de-1-milion-de-migranti\/\" data-copied=\"Copied!\" data-link=\"https:\/\/ortodoxinfo.ro\/2026\/07\/01\/comunistul-pedro-sanchez-spune-ca-spania-are-nevoie-de-1-milion-de-migranti\/\" rel=\"nofollow\" data-copy=\"Copy Link\"><span>Copy Link<\/span><\/a><a class=\"share-action icon-print\" aria-label=\"Print\" rel=\"nofollow\" data-title=\"Print\"><span>Print<\/span><\/a><\/div>\n<\/div>\n<\/div>\n<div id=\"tabs\" class=\"dntplgn_form_wrapper\"><span><\/p>\n<h2>\u0218tirile sunt sub cenzur\u0103! Sprijini\u021bi OrtodoxINFO!<\/h2>\n<p>Guvernul nu dore\u0219te aflarea adev\u0103rului despre lovitura de stat \u0219i \u00eengenuncherea Rom\u00e2niei. \u00cencerc\u0103m s\u0103 men\u021binem viu acest site \u0219i s\u0103 v\u0103 punem la dispozi\u021bie informa\u021bii care s\u0103 fac\u0103 lumin\u0103 \u00een cea mai mare provocare pe care o tr\u0103im. Jurnalismul independent al portalului OrtodoxINFO func\u021bioneaz\u0103 strict cu ajutorul cititorilor.<br \/>\nNe pute\u021bi sprijini printr-o <b><a href=\"https:\/\/ortodoxinfo.ro\/donatii\/\">dona\u021bie bancar\u0103<\/a> sau prin PayPal, complet\u00e2nd formularul de mai jos.<\/b><\/span><\/p>\n<ul>\n<li><a href=\"https:\/\/ortodoxinfo.ro\/2026\/07\/01\/comunistul-pedro-sanchez-spune-ca-spania-are-nevoie-de-1-milion-de-migranti\/#tabs-1\">Dona\u021bie lunar\u0103<\/a><\/li>\n<li><a href=\"https:\/\/ortodoxinfo.ro\/2026\/07\/01\/comunistul-pedro-sanchez-spune-ca-spania-are-nevoie-de-1-milion-de-migranti\/#tabs-2\">Doar acum<\/a><\/li>\n<\/ul>\n<div id=\"tabs-1\"><img loading=\"lazy\" decoding=\"async\" alt border=\"0\" src=\"https:\/\/www.paypalobjects.com\/en_US\/i\/scr\/pixel.gif\" width=\"1\" height=\"1\"><\/div>\n<div id=\"tabs-2\">\n<p>\t\t     \u20ac<\/p>\n<p>\t\t    <img loading=\"lazy\" decoding=\"async\" alt border=\"0\" src=\"https:\/\/www.paypalobjects.com\/en_US\/i\/scr\/pixel.gif\" width=\"1\" height=\"1\"><\/div>\n<p>Mul\u021bumim celor care ne-au ajutat p\u00e2n\u0103 acum!\n\t<\/p><\/div>\n<div class=\"comment-box-wrap entry-sec\">\n<div class=\"comment-box-header\"><span class=\"h3\">1 comentariu<\/span><\/div>\n<div class=\"comment-holder\">\n<div id=\"comments\" class=\"comments-area\">\n<div class=\"rb-section\">\n<ul class=\"comment-list entry\">\n<li id=\"comment-250322\" class=\"comment even thread-even depth-1\">\n<article id=\"div-comment-250322\" class=\"comment-body\">\n<footer class=\"comment-meta\">\n<div class=\"comment-author vcard\"><img loading=\"lazy\" decoding=\"async\" alt src=\"https:\/\/secure.gravatar.com\/avatar\/132fd989bad4ee2d55aa9692aa73d0475d12ca598eaa976fcddf813d6586cb5e?s=100&amp;r=g\" class=\"avatar avatar-100 photo\" height=\"100\" width=\"100\"><b class=\"fn\">Magda<\/b><span class=\"says\">spune:<\/span><\/div>\n<div class=\"comment-metadata\"><a href=\"https:\/\/ortodoxinfo.ro\/2026\/07\/01\/comunistul-pedro-sanchez-spune-ca-spania-are-nevoie-de-1-milion-de-migranti\/#comment-250322\"><time datetime=\"2026-07-01T12:21:32+03:00\">1 iulie 2026 la 12:21<\/time><\/a><\/div>\n<\/footer>\n<div class=\"comment-content\">\n<p>Stau \u0219i m\u0103 \u00eentreb, oare c\u00e2nd se vor trezi europenii la realitate \u0219i \u00ee\u0219i vor da seama c\u0103 ace\u0219ti politicieni \u0219i lideri politici \u00ee\u0219i bat joc de ei \u0219i duc o politic\u0103 de ucidere controlat\u0103 a na\u021biunilor cre\u0219tine europene ?? Cum s\u0103 vii \u0219i s\u0103 sus\u021bii asemena abera\u021bii, f\u0103r\u0103 ru\u0219ine, \u00een fa\u021ba na\u021biunii tale, c\u0103 migra\u021bia e bun\u0103, c\u0103 migra\u021bia ajut\u0103 economia \u0219i alte t\u00e2mpenii de \u00ee\u021bi crap\u0103 capul, c\u00e2nd le ascul\u021bi i??!!! B\u0103i, impostorilor, \u0103\u0219tia care sunte\u021bi cu migra\u021bia, \u00een primul r\u00e2nd na\u021biunile \u0219i grani\u021bele le-a f\u0103cut Dumnezeu, iar rolul grani\u021belor a fost acela de a men\u021bine pacea. Cine \u00eenc\u0103lca, \u00een trecut, \u0219i \u00eencalc\u0103 \u0219i \u00een prezent, grani\u021bele unei \u021b\u0103ri declan\u0219eaz\u0103 un r\u0103zboi. Deci, cum s\u0103 vii \u0219i s\u0103 sus\u021bii c\u0103 trebuie desfiin\u021bate grani\u021bele, c\u0103 migra\u021bia e bun\u0103, c\u0103 indivizi din alt\u0103 etnie, alte \u021b\u0103ri ostile \u021b\u0103rilor europene, care \u00ee\u021bi ucid copii, tinerii, \u00ee\u021bi violeaz\u0103 femeile, care au alt sistem de valori morale, sociale \u0219i spirituale, care te ur\u0103sc, se \u00eenchin\u0103 la al\u021bi dumnezei sunt prietenii t\u0103i, c\u0103 trebuie integra\u021bi \u00een \u021bara ta \u0219i mai mult l\u0103sa\u021bi s\u0103 se amestece prin c\u0103s\u0103torii mixte cu popula\u021bia alb\u0103. Acest lucru a fost interzis \u00een Israel de Dumnezeu, pentru acela\u0219i motive, pentru c\u0103 popula\u021bia \u0219i popoarele din Canaan erau ostile lui Israel, aveau un alt sistem de valori \u0219i se \u00eenchinau la al\u021bi dumnezei pagani, iar acela\u0219i lucruri sunt valabile \u0219i ast\u0103zi pentru noi cre\u0219tinii \u0219i muticulturalimul trebuie interzis pentru acelea\u0219i motive \u0219i ast\u0103zi. Doar cei care sunt \u00een Hristos, \u00een biseric\u0103, care \u00eel accept\u0103 pe Hristos ca Dumnezeu sunt una \u0219i nu mai exist\u0103 grani\u021be \u0219i nici deosebire de ras\u0103, doar Hristos \u0219i biserica pot face asta, nu politica \u0219i nici oamenii politici.<\/p>\n<\/div>\n<div class=\"reply\"><a rel=\"nofollow\" class=\"comment-reply-link\" href=\"https:\/\/ortodoxinfo.ro\/2026\/07\/01\/comunistul-pedro-sanchez-spune-ca-spania-are-nevoie-de-1-milion-de-migranti\/#comment-250322\" data-commentid=\"250322\" data-postid=\"244285\" data-belowelement=\"div-comment-250322\" data-respondelement=\"respond\" data-replyto=\"R\u0103spunde-i lui Magda\" aria-label=\"R\u0103spunde-i lui Magda\">R\u0103spunde<\/a><\/div>\n<\/article>\n<\/li>\n<\/ul>\n<\/div>\n<div id=\"respond\" class=\"comment-respond\">\n<h3 id=\"reply-title\" class=\"comment-reply-title\">Las\u0103 un r\u0103spuns <small><a rel=\"nofollow\" id=\"cancel-comment-reply-link\" href=\"https:\/\/ortodoxinfo.ro\/2026\/07\/01\/comunistul-pedro-sanchez-spune-ca-spania-are-nevoie-de-1-milion-de-migranti\/#respond\">Anuleaz\u0103 r\u0103spunsul<\/a><\/small><\/h3>\n<p class=\"comment-notes\"><span id=\"email-notes\">Adresa ta de email nu va fi publicat\u0103.<\/span><span class=\"required-field-message\">C\u00e2mpurile obligatorii sunt marcate cu <span class=\"required\">*<\/span><\/span><\/p>\n<\/div>\n<\/div>\n<\/div>\n<\/div>\n<\/div>\n<div class=\"sidebar-wrap single-sidebar\">\n<div class=\"sidebar-inner clearfix\">\n<div id=\"widget-post-2\" class=\"widget rb-section w-sidebar clearfix widget-post\">\n<div class=\"block-h widget-heading heading-layout-1\">\n<div class=\"heading-inner\">\n<h4 class=\"heading-title\"><span>Articole recente<\/span><\/h4>\n<\/div>\n<\/div>\n<div class=\"widget-p-listing\">\n<div class=\"p-wrap p-small p-list-small-2\" data-pid=\"244625\">\n<div class=\"feat-holder\">\n<div class=\"p-featured ratio-v1\"><a class=\"p-flink\" href=\"https:\/\/ortodoxinfo.ro\/2026\/07\/01\/a-reinviat-politica-va-mai-dam-100-de-lei-statul-jupoaie-si-salariul-minim\/\" title=\"A re\u00eenviat politica \u201dv\u0103 mai d\u0103m 100 de lei\u201d. Statul jupoaie \u0219i salariul minim\"><img decoding=\"async\" width=\"150\" height=\"150\" src=\"https:\/\/ortodoxinfo.ro\/wp-content\/uploads\/2026\/07\/salla.webp-150x150.webp\" class=\"featured-img wp-post-image\" alt loading=\"lazy\"><\/a><\/div>\n<\/div>\n<div class=\"p-content\">\n<h5 class=\"entry-title\"><a class=\"p-url\" href=\"https:\/\/ortodoxinfo.ro\/2026\/07\/01\/a-reinviat-politica-va-mai-dam-100-de-lei-statul-jupoaie-si-salariul-minim\/\" rel=\"bookmark\">A re\u00eenviat politica \u201dv\u0103 mai d\u0103m 100 de lei\u201d. Statul jupoaie \u0219i salariul minim<\/a><\/h5>\n<div class=\"p-meta\">\n<div class=\"meta-inner is-meta\"><span class=\"meta-el meta-date\"><time datetime=\"2026-07-01T23:55:13+03:00\">1 iulie 2026<\/time><\/span><span class=\"meta-el meta-category meta-bold\"><a class=\"meta-separate category-19885\" href=\"https:\/\/ortodoxinfo.ro\/category\/anti-sistem\/anti-romanism\/asasinii-tarii\/\">Asasinii \u021b\u0103rii<\/a><\/span><span class=\"meta-el meta-view\">1.5k vizualiz\u0103ri\t\t<\/span><\/div>\n<\/div>\n<\/div>\n<\/div>\n<div class=\"p-wrap p-small p-list-small-2\" data-pid=\"244459\">\n<div class=\"feat-holder\">\n<div class=\"p-featured ratio-v1\"><a class=\"p-flink\" href=\"https:\/\/ortodoxinfo.ro\/2026\/07\/01\/belarus-cel-mai-periculos-punct-de-criza-din-europa-ce-jocuri-face-lukasenko-prins-intre-putin-xi-jinping-si-zelenski\/\" title=\"Belarus, cel mai periculos punct de criz\u0103 din Europa? Ce jocuri face Luka\u0219enko, prins \u00eentre Putin, Xi Jinping \u0219i Zelenski\"><img decoding=\"async\" width=\"150\" height=\"150\" src=\"https:\/\/ortodoxinfo.ro\/wp-content\/uploads\/2026\/07\/zelenski-xin-putin-lukashenki-1280x720-150x150.png\" class=\"featured-img wp-post-image\" alt loading=\"lazy\"><\/a><\/div>\n<\/div>\n<div class=\"p-content\">\n<h5 class=\"entry-title\"><a class=\"p-url\" href=\"https:\/\/ortodoxinfo.ro\/2026\/07\/01\/belarus-cel-mai-periculos-punct-de-criza-din-europa-ce-jocuri-face-lukasenko-prins-intre-putin-xi-jinping-si-zelenski\/\" rel=\"bookmark\">Belarus, cel mai periculos punct de criz\u0103 din Europa? Ce jocuri face Luka\u0219enko, prins \u00eentre Putin, Xi Jinping \u0219i Zelenski<\/a><\/h5>\n<div class=\"p-meta\">\n<div class=\"meta-inner is-meta\"><span class=\"meta-el meta-date\"><time datetime=\"2026-07-01T09:24:33+03:00\">1 iulie 2026<\/time><\/span><span class=\"meta-el meta-category meta-bold\"><a class=\"meta-separate category-15871\" href=\"https:\/\/ortodoxinfo.ro\/category\/anti-sistem\/al-iii-lea-razboi-mondial\/ucraina\/\">Ucraina<\/a><\/span><span class=\"meta-el meta-view\">8.1k vizualiz\u0103ri\t\t<\/span><\/div>\n<\/div>\n<\/div>\n<\/div>\n<div class=\"p-wrap p-small p-list-small-2\" data-pid=\"244472\">\n<div class=\"feat-holder\">\n<div class=\"p-featured ratio-v1\"><a class=\"p-flink\" href=\"https:\/\/ortodoxinfo.ro\/2026\/07\/01\/fara-perversi-in-competitiile-sportive-decizie-istorica-a-justitiei-americane-femeile-transgender-nu-au-voie-in-sportul-feminin\/\" title=\"F\u0103r\u0103 perver\u0219i \u00een competi\u021biile sportive! Decizie istoric\u0103 a justi\u021biei americane: femeile transgender nu au voie \u00een sportul feminin\"><img decoding=\"async\" width=\"150\" height=\"150\" src=\"https:\/\/ortodoxinfo.ro\/wp-content\/uploads\/2026\/03\/comitetul-olimpic-a-interzis-sportivii-transgender-in-toate-competitiile-feminine-82246-150x150.jpg\" class=\"featured-img wp-post-image\" alt loading=\"lazy\"><\/a><\/div>\n<\/div>\n<div class=\"p-content\">\n<h5 class=\"entry-title\"><a class=\"p-url\" href=\"https:\/\/ortodoxinfo.ro\/2026\/07\/01\/fara-perversi-in-competitiile-sportive-decizie-istorica-a-justitiei-americane-femeile-transgender-nu-au-voie-in-sportul-feminin\/\" rel=\"bookmark\">F\u0103r\u0103 perver\u0219i \u00een competi\u021biile sportive! Decizie istoric\u0103 a justi\u021biei americane: femeile transgender nu au voie \u00een sportul feminin<\/a><\/h5>\n<div class=\"p-meta\">\n<div class=\"meta-inner is-meta\"><span class=\"meta-el meta-date\"><time datetime=\"2026-07-01T09:22:27+03:00\">1 iulie 2026<\/time><\/span><span class=\"meta-el meta-category meta-bold\"><a class=\"meta-separate category-3493\" href=\"https:\/\/ortodoxinfo.ro\/category\/anti-sistem\/anti-familie\/deviatii-sexuale\/transgender\/\">Transgender<\/a><\/span><span class=\"meta-el meta-view\">3.6k vizualiz\u0103ri\t\t<\/span><\/div>\n<\/div>\n<\/div>\n<\/div>\n<div class=\"p-wrap p-small p-list-small-2\" data-pid=\"244339\">\n<div class=\"feat-holder\">\n<div class=\"p-featured ratio-v1\"><a class=\"p-flink\" href=\"https:\/\/ortodoxinfo.ro\/2026\/07\/01\/petrisor-peiu-singura-solutie-este-dizolvarea-parlamentului-si-alegeri-anticipate\/\" title=\"Petri\u0219or Peiu: \u201eSingura solu\u021bie este dizolvarea Parlamentului \u0219i alegeri anticipate\u201d\"><img decoding=\"async\" width=\"150\" height=\"150\" src=\"https:\/\/ortodoxinfo.ro\/wp-content\/uploads\/2026\/06\/1782849498_nicusor-dan-petrisor-peiu-150x150.jpg\" class=\"featured-img wp-post-image\" alt loading=\"lazy\"><\/a><\/div>\n<\/div>\n<div class=\"p-content\">\n<h5 class=\"entry-title\"><a class=\"p-url\" href=\"https:\/\/ortodoxinfo.ro\/2026\/07\/01\/petrisor-peiu-singura-solutie-este-dizolvarea-parlamentului-si-alegeri-anticipate\/\" rel=\"bookmark\">Petri\u0219or Peiu: \u201eSingura solu\u021bie este dizolvarea Parlamentului \u0219i alegeri anticipate\u201d<\/a><\/h5>\n<div class=\"p-meta\">\n<div class=\"meta-inner is-meta\"><span class=\"meta-el meta-date\"><time datetime=\"2026-07-01T09:10:14+03:00\">1 iulie 2026<\/time><\/span><span class=\"meta-el meta-category meta-bold\"><a class=\"meta-separate category-19866\" href=\"https:\/\/ortodoxinfo.ro\/category\/lupta-pentru-romania\/\">Lupt\u0103 pentru Rom\u00e2nia<\/a><\/span><span class=\"meta-el meta-view\">5k vizualiz\u0103ri\t\t<\/span><\/div>\n<\/div>\n<\/div>\n<\/div>\n<\/div>\n<\/div>\n<div id=\"custom_html-2\" class=\"widget_text widget rb-section w-sidebar clearfix widget_custom_html\">\n<div class=\"block-h widget-heading heading-layout-1\">\n<div class=\"heading-inner\">\n<h4 class=\"heading-title\"><span>DONA\u021aII \u00een cont bancar<\/span><\/h4>\n<\/div>\n<\/div>\n<div class=\"textwidget custom-html-widget\">\n<table class=\"donatii\">\n<tbody>\n<tr>\n<th colspan=\"2\"><strong><span>Asicia\u021bia SMI-B<\/span><\/strong><\/th>\n<\/tr>\n<tr>\n<th>Cont LEI<\/th>\n<td>RO67CECEB00030RON2081955<\/td>\n<\/tr>\n<tr>\n<th>Cont EURO<\/th>\n<td>RO33CECEB000C1EUR2081978<\/td>\n<\/tr>\n<tr>\n<th>Cod SWIFT<\/th>\n<td>CECEROBU<\/td>\n<\/tr>\n<tr>\n<th colspan=\"2\"><strong>CEC BANK SA<\/strong><\/th>\n<\/tr>\n<\/tbody>\n<\/table>\n<\/div>\n<\/div>\n<\/div>\n<\/div>\n<\/div>\n<\/article>\n<div class=\"entry-content rbct clearfix is-highlight-shares\">\n<p><strong>Guvernul spaniol va oferi statut legal pentru 500.000 de migran\u021bi care tr\u0103iesc \u00een Spania f\u0103r\u0103 documente. Peste 1 milion de migran\u021bi f\u0103r\u0103 documente au aplicat p\u00e2n\u0103 pe 30 iunie pentru regularizarea statutului \u00een \u021bar\u0103.<\/strong><\/p>\n<p id=\"p-1\">\u00cen contextul \u00een care Bruxelles a reorientat c\u0103tre o alt\u0103 direc\u021bie, presupun\u00e2nd reguli mai stricte \u0219i controale mai dure \u00eempotriva migra\u021biei ilegale, Pedro Sanchez a spus c\u0103 Spania nu poate supravie\u021bui f\u0103r\u0103 imigran\u021bi.<\/p>\n<p id=\"p-2\">Premierul i-a atacat \u00een mod indirect pe liderii din alte state membre UE \u0219i Bruxelles, dup\u0103 ce acestea au acceptat milioane de refugia\u021bi din \u021b\u0103ri ca Siria, Irak \u0219i Libia, ca urmare a r\u0103zboaielor civile. De la \u00eencheierea r\u0103zboaielor civile \u00eens\u0103, Comisia European\u0103 controlat\u0103 de Partidul Popular European a decis controale mai stricte. Guverne din state ca Germania au decis c\u0103 este timpul ca imigran\u021bii s\u0103 se \u00eentoarc\u0103 pentru a-\u0219i recl\u0103di \u021b\u0103rile native.<\/p>\n<p id=\"p-3\">\u201eF\u0103r\u0103 imigran\u021bi, Spania ar putea pierde 19% din PIB p\u00e2n\u0103 \u00een 2050 \u0219i 22% p\u00e2n\u0103 \u00een 2075. 90.000 de baruri ar putea fi \u00eenchise. \u00cen timp ce al\u021bii folosesc migra\u021bia \u00een scopuri politice, noi facem o politic\u0103 a migra\u021b\u021biei\u201d, a declarat Pedro Sanchez.<\/p>\n<\/div>\n<p>[analyse_source url=&#8221;https:\/\/ortodoxinfo.ro\/2026\/07\/01\/comunistul-pedro-sanchez-spune-ca-spania-are-nevoie-de-1-milion-de-migranti\/&#8221;]<\/p>\n","protected":false},"excerpt":{"rendered":"<p>[analyse_image type=&#8221;featured&#8221; src=&#8221;https:\/\/ortodoxinfo.ro\/wp-content\/uploads\/2026\/06\/pedro-sanchez.jpghttps:\/\/ortodoxinfo.ro\/wp-content\/uploads\/2026\/06\/pedro-sanchez.jpg&#8221;] Prima pagin\u0103 \u00bb Blog \u00bb Comunistul Pedro Sanchez spune c\u0103 Spania are nevoie de 1 milion de migran\u021bi Comunistul Pedro Sanchez spune c\u0103 Spania are nevoie de 1 milion de migran\u021bi 1 iulie 2026Refugia\u021bi5.1k vizualiz\u0103ri 1 comentariu Share 1 Min Read SHARE OrtodoxINFO este supus unui sabotaj sistematic din partea reprezentan\u021bilor Google [&hellip;]<\/p>\n","protected":false},"author":1,"featured_media":0,"comment_status":"open","ping_status":"","sticky":false,"template":"","format":"standard","meta":{"footnotes":""},"categories":[89],"tags":[226,94],"class_list":["post-2022228","post","type-post","status-publish","format-standard","hentry","category-romania","tag-crawlmanager","tag-ortodoxinfo-ro"],"_links":{"self":[{"href":"https:\/\/analyse.optim.biz\/index.php?rest_route=\/wp\/v2\/posts\/2022228","targetHints":{"allow":["GET"]}}],"collection":[{"href":"https:\/\/analyse.optim.biz\/index.php?rest_route=\/wp\/v2\/posts"}],"about":[{"href":"https:\/\/analyse.optim.biz\/index.php?rest_route=\/wp\/v2\/types\/post"}],"author":[{"embeddable":true,"href":"https:\/\/analyse.optim.biz\/index.php?rest_route=\/wp\/v2\/users\/1"}],"replies":[{"embeddable":true,"href":"https:\/\/analyse.optim.biz\/index.php?rest_route=%2Fwp%2Fv2%2Fcomments&post=2022228"}],"version-history":[{"count":0,"href":"https:\/\/analyse.optim.biz\/index.php?rest_route=\/wp\/v2\/posts\/2022228\/revisions"}],"wp:attachment":[{"href":"https:\/\/analyse.optim.biz\/index.php?rest_route=%2Fwp%2Fv2%2Fmedia&parent=2022228"}],"wp:term":[{"taxonomy":"category","embeddable":true,"href":"https:\/\/analyse.optim.biz\/index.php?rest_route=%2Fwp%2Fv2%2Fcategories&post=2022228"},{"taxonomy":"post_tag","embeddable":true,"href":"https:\/\/analyse.optim.biz\/index.php?rest_route=%2Fwp%2Fv2%2Ftags&post=2022228"}],"curies":[{"name":"wp","href":"https:\/\/api.w.org\/{rel}","templated":true}]}}