{"id":2022187,"date":"2026-06-30T19:23:35","date_gmt":"2026-06-30T16:23:35","guid":{"rendered":"https:\/\/analyse.optim.biz\/?p=2022187"},"modified":"2026-06-30T19:23:35","modified_gmt":"2026-06-30T16:23:35","slug":"incendiu-la-cladirea-contactoare-din-buzau-aproximativ-50-de-persoane-de-la-o-sala-de-fitness-au-fost-evacuate","status":"publish","type":"post","link":"https:\/\/analyse.optim.biz\/?p=2022187","title":{"rendered":"Incendiu la cl\u0103direa \u201eContactoare\u201d din Buz\u0103u. Aproximativ 50 de persoane de la o sal\u0103 de fitness au fost evacuate"},"content":{"rendered":"<p>[analyse_image type=&#8221;featured&#8221; src=&#8221;https:\/\/www.observatorulbuzoian.ro\/wp-content\/uploads\/2026\/06\/sddefault.jpg&#8221;]<\/p>\n<div class=\"td-post-content tagdiv-type\">\n<p class=\"isselectedend\"><span>Un incendiu a izbucnit mar\u021bi sear\u0103 la cl\u0103direa \u201eContactoare\u201d, de pe strada Mesteac\u0103nului. La fa\u021ba locului a fost declan\u0219at\u0103 o interven\u021bie de amploare, dup\u0103 ce fl\u0103c\u0103rile au cuprins mai multe \u00eenc\u0103peri de la etajele superioare ale imobilului.<\/span><\/p>\n<p class=\"isselectedend\"><span>Potrivit ISU Buz\u0103u, incendiul s-a manifest\u0103 la etajul al IV-lea, unde au ars materiale textile pe o suprafa\u021b\u0103 de aproximativ 100 de metri p\u0103tra\u021bi. Din cauza riscului de extindere, spre dispozitivul de interven\u021bie au plecat \u0219i dou\u0103 autospeciale de stingere din cadrul ISU Prahova.<\/span><\/p>\n<p>                    #tdi_63  .td-doubleSlider-2 .td-item1 {<br \/>\n                        background: url(https:\/\/www.observatorulbuzoian.ro\/wp-content\/uploads\/2026\/06\/Incendiu-Contactoare-Buzau-4-80&#215;60.jpg) 0 0 no-repeat;<br \/>\n                    }<br \/>\n                    #tdi_63  .td-doubleSlider-2 .td-item2 {<br \/>\n                        background: url(https:\/\/www.observatorulbuzoian.ro\/wp-content\/uploads\/2026\/06\/Incendiu-Contactoare-Buzau-3-80&#215;60.jpg) 0 0 no-repeat;<br \/>\n                    }<br \/>\n                    #tdi_63  .td-doubleSlider-2 .td-item3 {<br \/>\n                        background: url(https:\/\/www.observatorulbuzoian.ro\/wp-content\/uploads\/2026\/06\/Incendiu-Contactoare-Buzau-2-80&#215;60.jpg) 0 0 no-repeat;<br \/>\n                    }<br \/>\n                    #tdi_63  .td-doubleSlider-2 .td-item4 {<br \/>\n                        background: url(https:\/\/www.observatorulbuzoian.ro\/wp-content\/uploads\/2026\/06\/Incendiu-Contactoare-Buzau-1-80&#215;60.jpg) 0 0 no-repeat;<br \/>\n                    }<\/p>\n<div id=\"tdi_63\" class=\"td-gallery td-slide-on-2-columns\">\n<div class=\"post_td_gallery\">\n<div class=\"td-gallery-slide-top\">\n<div class=\"td-gallery-controls-wrapper\">\n<div class=\"td-gallery-slide-count\"><span class=\"td-gallery-slide-item-focus\">1<\/span> de 4<\/div>\n<\/div>\n<\/div>\n<div class=\"td-doubleSlider-1 \">\n<div class=\"td-slider\">\n<div class=\"td-slide-item td-item1\">\n<figure class=\"td-slide-galery-figure td-slide-popup-gallery\"><a class=\"slide-gallery-image-link\" href=\"https:\/\/www.observatorulbuzoian.ro\/wp-content\/uploads\/2026\/06\/Incendiu-Contactoare-Buzau-4.jpg\" title=\"Incendiu Contactoare Buzau-4\" data-caption data-description><img decoding=\"async\" src=\"https:\/\/www.observatorulbuzoian.ro\/wp-content\/uploads\/2026\/06\/Incendiu-Contactoare-Buzau-4-631x420.jpg\" alt><img decoding=\"async\" src=\"https:\/\/www.observatorulbuzoian.ro\/wp-content\/uploads\/2026\/06\/Incendiu-Contactoare-Buzau-4-631x420.jpg\" alt><\/a><\/figure>\n<\/div>\n<div class=\"td-slide-item td-item2\">\n<figure class=\"td-slide-galery-figure td-slide-popup-gallery\"><a class=\"slide-gallery-image-link\" href=\"https:\/\/www.observatorulbuzoian.ro\/wp-content\/uploads\/2026\/06\/Incendiu-Contactoare-Buzau-3.jpg\" title=\"Incendiu Contactoare Buzau-3\" data-caption data-description><img decoding=\"async\" src=\"https:\/\/www.observatorulbuzoian.ro\/wp-content\/uploads\/2026\/06\/Incendiu-Contactoare-Buzau-3-632x420.jpg\" alt><img decoding=\"async\" src=\"https:\/\/www.observatorulbuzoian.ro\/wp-content\/uploads\/2026\/06\/Incendiu-Contactoare-Buzau-3-632x420.jpg\" alt><\/a><\/figure>\n<\/div>\n<div class=\"td-slide-item td-item3\">\n<figure class=\"td-slide-galery-figure td-slide-popup-gallery\"><a class=\"slide-gallery-image-link\" href=\"https:\/\/www.observatorulbuzoian.ro\/wp-content\/uploads\/2026\/06\/Incendiu-Contactoare-Buzau-2.jpg\" title=\"Incendiu Contactoare Buzau-2\" data-caption data-description><img decoding=\"async\" src=\"https:\/\/www.observatorulbuzoian.ro\/wp-content\/uploads\/2026\/06\/Incendiu-Contactoare-Buzau-2-632x420.jpg\" alt><img decoding=\"async\" src=\"https:\/\/www.observatorulbuzoian.ro\/wp-content\/uploads\/2026\/06\/Incendiu-Contactoare-Buzau-2-632x420.jpg\" alt><\/a><\/figure>\n<\/div>\n<div class=\"td-slide-item td-item4\">\n<figure class=\"td-slide-galery-figure td-slide-popup-gallery\"><a class=\"slide-gallery-image-link\" href=\"https:\/\/www.observatorulbuzoian.ro\/wp-content\/uploads\/2026\/06\/Incendiu-Contactoare-Buzau-1.jpg\" title=\"Incendiu Contactoare Buzau-1\" data-caption data-description><img decoding=\"async\" src=\"https:\/\/www.observatorulbuzoian.ro\/wp-content\/uploads\/2026\/06\/Incendiu-Contactoare-Buzau-1-631x420.jpg\" alt><img decoding=\"async\" src=\"https:\/\/www.observatorulbuzoian.ro\/wp-content\/uploads\/2026\/06\/Incendiu-Contactoare-Buzau-1-631x420.jpg\" alt><\/a><\/figure>\n<\/div>\n<\/div>\n<\/div>\n<\/div>\n<\/div>\n<p class=\"isselectedend\"><span>\u00cen total, la interven\u021bie au participat cinci autospeciale de stingere, o autoscar\u0103, o autospecial\u0103 pentru transport personal \u0219i victime multiple, precum \u0219i o autospecial\u0103 de descarcerare.<\/span><\/p>\n<p class=\"isselectedend\"><span>\u00cen faza ini\u021bial\u0103 a interven\u021biei, pompierii au constatat c\u0103 incendiul se manifesta cu flac\u0103r\u0103 deschis\u0103 la etajele trei \u0219i patru, iar accesul c\u0103tre focare era \u00eengreunat de numeroase c\u0103i de acces blocate.<\/span><\/p>\n<p class=\"isselectedend\"><span>Aproximativ 50 de persoane au fost evacuate din cl\u0103dire, clien\u021bi \u0219i angaja\u021bi ai unei s\u0103li de fitness care func\u021bioneaz\u0103 \u00een imobil. Din fericire, p\u00e2n\u0103 la aceast\u0103 or\u0103 nu au fost \u00eenregistrate victime.<\/span><\/p>\n<p class=\"isselectedend\"><span>Cl\u0103direa fostei fabrici \u201eContactoare\u201d g\u0103zduie\u0219te \u00een prezent mai multe societ\u0103\u021bi comerciale care \u00ee\u0219i desf\u0103\u0219oar\u0103 activitatea \u00een spa\u021bii \u00eenchiriate.<\/span><\/p>\n<\/div>\n<p>[analyse_source url=&#8221;https:\/\/www.observatorulbuzoian.ro\/incendiu-la-cladirea-contactoare-din-buzau-aproximativ-50-de-persoane-de-la-o-sala-de-fitness-au-fost-evacuate\/&#8221;]<\/p>\n","protected":false},"excerpt":{"rendered":"<p>[analyse_image type=&#8221;featured&#8221; src=&#8221;https:\/\/www.observatorulbuzoian.ro\/wp-content\/uploads\/2026\/06\/sddefault.jpg&#8221;] Un incendiu a izbucnit mar\u021bi sear\u0103 la cl\u0103direa \u201eContactoare\u201d, de pe strada Mesteac\u0103nului. La fa\u021ba locului a fost declan\u0219at\u0103 o interven\u021bie de amploare, dup\u0103 ce fl\u0103c\u0103rile au cuprins mai multe \u00eenc\u0103peri de la etajele superioare ale imobilului. Potrivit ISU Buz\u0103u, incendiul s-a manifest\u0103 la etajul al IV-lea, unde au ars materiale textile [&hellip;]<\/p>\n","protected":false},"author":1,"featured_media":0,"comment_status":"open","ping_status":"","sticky":false,"template":"","format":"standard","meta":{"footnotes":""},"categories":[2],"tags":[226,82],"class_list":["post-2022187","post","type-post","status-publish","format-standard","hentry","category-politics","tag-crawlmanager","tag-observatorulbuzoian-ro"],"_links":{"self":[{"href":"https:\/\/analyse.optim.biz\/index.php?rest_route=\/wp\/v2\/posts\/2022187","targetHints":{"allow":["GET"]}}],"collection":[{"href":"https:\/\/analyse.optim.biz\/index.php?rest_route=\/wp\/v2\/posts"}],"about":[{"href":"https:\/\/analyse.optim.biz\/index.php?rest_route=\/wp\/v2\/types\/post"}],"author":[{"embeddable":true,"href":"https:\/\/analyse.optim.biz\/index.php?rest_route=\/wp\/v2\/users\/1"}],"replies":[{"embeddable":true,"href":"https:\/\/analyse.optim.biz\/index.php?rest_route=%2Fwp%2Fv2%2Fcomments&post=2022187"}],"version-history":[{"count":0,"href":"https:\/\/analyse.optim.biz\/index.php?rest_route=\/wp\/v2\/posts\/2022187\/revisions"}],"wp:attachment":[{"href":"https:\/\/analyse.optim.biz\/index.php?rest_route=%2Fwp%2Fv2%2Fmedia&parent=2022187"}],"wp:term":[{"taxonomy":"category","embeddable":true,"href":"https:\/\/analyse.optim.biz\/index.php?rest_route=%2Fwp%2Fv2%2Fcategories&post=2022187"},{"taxonomy":"post_tag","embeddable":true,"href":"https:\/\/analyse.optim.biz\/index.php?rest_route=%2Fwp%2Fv2%2Ftags&post=2022187"}],"curies":[{"name":"wp","href":"https:\/\/api.w.org\/{rel}","templated":true}]}}