{"id":2022174,"date":"2026-06-30T19:06:21","date_gmt":"2026-06-30T16:06:21","guid":{"rendered":"https:\/\/analyse.optim.biz\/?p=2022174"},"modified":"2026-06-30T19:06:21","modified_gmt":"2026-06-30T16:06:21","slug":"furtuna-a-facut-prapad-in-judetul-buzau-zeci-de-copaci-doborati-acoperis-smuls-de-pe-un-bloc-si-un-barbat-ranit-grav-la-stalpu","status":"publish","type":"post","link":"https:\/\/analyse.optim.biz\/?p=2022174","title":{"rendered":"Furtuna a f\u0103cut pr\u0103p\u0103d \u00een jude\u021bul Buz\u0103u: zeci de copaci dobor\u00e2\u021bi, acoperi\u0219 smuls de pe un bloc \u0219i un b\u0103rbat r\u0103nit grav la St\u00e2lpu"},"content":{"rendered":"<p>[analyse_image type=&#8221;featured&#8221; src=&#8221;https:\/\/www.observatorulbuzoian.ro\/wp-content\/uploads\/2026\/06\/maxresdefault-1-scaled.jpg&#8221;]<\/p>\n<div class=\"td-post-content tagdiv-type\">\n<p class=\"isSelectedEnd\">O furtun\u0103 violent\u0103 a lovit mar\u021bi sear\u0103 jude\u021bul Buz\u0103u, provoc\u00e2nd numeroase pagube \u0219i mobiliz\u00e2nd echipajele Inspectoratului pentru Situa\u021bii de Urgen\u021b\u0103 \u00een zeci de interven\u021bii. Rafalele puternice de v\u00e2nt au dobor\u00e2t arbori, au smuls acoperi\u0219uri \u0219i au pus \u00een pericol at\u00e2t circula\u021bia, c\u00e2t \u0219i siguran\u021ba oamenilor.<\/p>\n<p class=\"isSelectedEnd\">\u00cen municipiul Buz\u0103u, pompierii au fost solicita\u021bi s\u0103 intervin\u0103 pentru degajarea mai multor copaci c\u0103zu\u021bi pe carosabil \u0219i pe autoturisme, \u00een timp ce pe strada Viitorului buc\u0103\u021bi din acoperi\u0219ul unui bloc au fost desprinse de v\u00e2ntul puternic \u0219i au c\u0103zut \u00een apropierea unor ma\u0219ini parcate. Autorit\u0103\u021bile urmeaz\u0103 s\u0103 evalueze valoarea pagubelor produse.<\/p>\n<p class=\"isSelectedEnd\">Cel mai grav incident s-a produs \u00een localitatea St\u00e2lpu, unde un copac s-a pr\u0103bu\u0219it peste o gheret\u0103 \u00een care se afla un b\u0103rbat \u00een v\u00e2rst\u0103 de 64 de ani, din comuna S\u0103poca. Victima a fost extras\u0103 de echipajele de interven\u021bie, a primit \u00eengrijiri medicale la fa\u021ba locului \u0219i a fost transportat\u0103 la Unitatea de Primiri Urgen\u021be a Spitalului Jude\u021bean Buz\u0103u.<\/p>\n<p class=\"isSelectedEnd\">Potrivit medicilor, b\u0103rbatul a suferit un traumatism cranio-cerebral, un traumatism lombar \u0219i un traumatism la un membru superior. Acesta era con\u0219tient \u0219i cooperant \u00een momentul transportului la spital, fiind supus investiga\u021biilor medicale.<\/p>\n<p>Pe parcursul serii, num\u0103rul solicit\u0103rilor primite de ISU Buz\u0103u a crescut constant, echipajele intervenind \u00een mai multe localit\u0103\u021bi din jude\u021b pentru \u00eenl\u0103turarea efectelor produse de vremea sever\u0103. Pompierii au ac\u021bionat pentru degajarea arborilor c\u0103zu\u021bi, \u00eendep\u0103rtarea elementelor de construc\u021bie desprinse \u0219i eliminarea pericolelor create de v\u00e2ntul puternic.<\/p>\n<\/div>\n<p>[analyse_source url=&#8221;https:\/\/www.observatorulbuzoian.ro\/furtuna-a-facut-prapad-in-judetul-buzau-zeci-de-copaci-doborati-acoperis-smuls-de-pe-un-bloc-si-un-barbat-ranit-grav-la-stalpu\/&#8221;]<\/p>\n","protected":false},"excerpt":{"rendered":"<p>[analyse_image type=&#8221;featured&#8221; src=&#8221;https:\/\/www.observatorulbuzoian.ro\/wp-content\/uploads\/2026\/06\/maxresdefault-1-scaled.jpg&#8221;] O furtun\u0103 violent\u0103 a lovit mar\u021bi sear\u0103 jude\u021bul Buz\u0103u, provoc\u00e2nd numeroase pagube \u0219i mobiliz\u00e2nd echipajele Inspectoratului pentru Situa\u021bii de Urgen\u021b\u0103 \u00een zeci de interven\u021bii. Rafalele puternice de v\u00e2nt au dobor\u00e2t arbori, au smuls acoperi\u0219uri \u0219i au pus \u00een pericol at\u00e2t circula\u021bia, c\u00e2t \u0219i siguran\u021ba oamenilor. \u00cen municipiul Buz\u0103u, pompierii au fost solicita\u021bi [&hellip;]<\/p>\n","protected":false},"author":1,"featured_media":0,"comment_status":"open","ping_status":"","sticky":false,"template":"","format":"standard","meta":{"footnotes":""},"categories":[2],"tags":[226,82],"class_list":["post-2022174","post","type-post","status-publish","format-standard","hentry","category-politics","tag-crawlmanager","tag-observatorulbuzoian-ro"],"_links":{"self":[{"href":"https:\/\/analyse.optim.biz\/index.php?rest_route=\/wp\/v2\/posts\/2022174","targetHints":{"allow":["GET"]}}],"collection":[{"href":"https:\/\/analyse.optim.biz\/index.php?rest_route=\/wp\/v2\/posts"}],"about":[{"href":"https:\/\/analyse.optim.biz\/index.php?rest_route=\/wp\/v2\/types\/post"}],"author":[{"embeddable":true,"href":"https:\/\/analyse.optim.biz\/index.php?rest_route=\/wp\/v2\/users\/1"}],"replies":[{"embeddable":true,"href":"https:\/\/analyse.optim.biz\/index.php?rest_route=%2Fwp%2Fv2%2Fcomments&post=2022174"}],"version-history":[{"count":0,"href":"https:\/\/analyse.optim.biz\/index.php?rest_route=\/wp\/v2\/posts\/2022174\/revisions"}],"wp:attachment":[{"href":"https:\/\/analyse.optim.biz\/index.php?rest_route=%2Fwp%2Fv2%2Fmedia&parent=2022174"}],"wp:term":[{"taxonomy":"category","embeddable":true,"href":"https:\/\/analyse.optim.biz\/index.php?rest_route=%2Fwp%2Fv2%2Fcategories&post=2022174"},{"taxonomy":"post_tag","embeddable":true,"href":"https:\/\/analyse.optim.biz\/index.php?rest_route=%2Fwp%2Fv2%2Ftags&post=2022174"}],"curies":[{"name":"wp","href":"https:\/\/api.w.org\/{rel}","templated":true}]}}