{"id":2021957,"date":"2026-06-30T09:19:12","date_gmt":"2026-06-30T06:19:12","guid":{"rendered":"https:\/\/analyse.optim.biz\/?p=2021957"},"modified":"2026-06-30T09:19:12","modified_gmt":"2026-06-30T06:19:12","slug":"e-oficial-electrica-va-fi-casa-lui-poli-timisoara-in-liga-secunda-foto","status":"publish","type":"post","link":"https:\/\/analyse.optim.biz\/?p=2021957","title":{"rendered":"E oficial. Electrica va fi casa lui Poli Timi\u0219oara \u00een liga secund\u0103. FOTO"},"content":{"rendered":"<p>[analyse_image type=&#8221;featured&#8221; src=&#8221;https:\/\/www.opiniatimisoarei.ro\/wp-content\/uploads\/2026\/06\/omologare-stadion-electrica-4-728&#215;336.pnghttps:\/\/www.opiniatimisoarei.ro\/wp-content\/uploads\/2026\/06\/omologare-stadion-electrica-4.png&#8221;]<\/p>\n<div class=\"the_content\">\n<p><strong>TIMISOARA.<\/strong> P\u00e2n\u0103 c\u00e2nd stadionul Eroii Timi\u0219oarei va fi finalizat, Politehnica Timi\u0219oara va juca \u00een Liga 2 pe stadionul pe care \u0219i-a desf\u0103\u0219urat \u0219i partidele din e\u0219alonul al treilea.<\/p>\n<p><strong><span>CITE\u0218TE \u0218I:<\/span><a href=\"https:\/\/www.opiniatimisoarei.ro\/30-iunie-ziua-in-care-romania-a-jucat-ultima-data-la-cupa-mondiala-croatia-ii-elimina-pe-tricolori-cu-un-penalty-usor-acordat-video\/30\/06\/2026\">30 iunie, ziua \u00een care Rom\u00e2nia a jucat ultima dat\u0103 la Cupa Mondial\u0103. Croa\u021bia \u00eei elimina pe tricolori cu un penalty u\u0219or acordat. VIDEO<\/a><\/strong><\/p>\n<p>O comisie format\u0103 din reprezentan\u021bi ai Federa\u021biei Rom\u00e2ne de Fotbal, ai Direc\u021biei Jude\u021bene pentru Sport \u0219i Tineret, Jandarmeriei \u0219i ISU Timi\u0219 a vizitat Stadionul Electrica \u0219i dup\u0103 ce a analizat facilit\u0103\u021bile arenei, \u0219i-a dat acordul ca din august Politehnica Timi\u0219oara s\u0103 poat\u0103 disputa aici meciurile din viitoarea stagiune a ligii secunde.<\/p>\n<p>Pentru noul sezon, stadionul va mai avea parte \u0219i de mici modific\u0103ri.<\/p>\n<blockquote>\n<p>\u201c<strong>Baza Electrica, de\u021binut\u0103 de Municipiul Timi\u0219oara prin Societatea de Transport Public, dispune de un teren cu iarb\u0103 la nivelul standardelor impuse de FRF, dou\u0103 vestiare pentru juc\u0103tori, vestiar pentru arbitri, cabinet medical \u0219i facilit\u0103\u021bi pentru meciurile oficiale. Din tribune, echipa poate fi sus\u021binut\u0103 de 2.000 de suporteri. Societatea de Transport Public a realizat mai multe lucr\u0103ri de repara\u021bii la sistemul de sonorizare, re\u021belele electrice \u0219i de recondi\u021bionare a scaunelor pentru spectatori. Acum, pentru noul sezon competi\u021bional vor fi realizate repara\u021bii la gard, iar pentru meciurile de play-off vor fi suplimentate locurile cu scaun \u00een tribune<\/strong>\u201c, transmit reprezentan\u021bii Prim\u0103riei Timi\u0219oara.<\/p>\n<\/blockquote>\n<div id=\"gallery-1\" class=\"gallery optm-gallery galleryid-881937\">\n<div class=\"optm-galcont\"><a href=\"https:\/\/www.opiniatimisoarei.ro\/wp-content\/uploads\/2026\/06\/omologare-stadion-electrica-1.png\"><img decoding=\"async\" src=\"https:\/\/www.opiniatimisoarei.ro\/wp-content\/uploads\/2026\/06\/omologare-stadion-electrica-1-300x153.png\"><\/a><a href=\"https:\/\/www.opiniatimisoarei.ro\/wp-content\/uploads\/2026\/06\/omologare-stadion-electrica-2.png\"><img decoding=\"async\" src=\"https:\/\/www.opiniatimisoarei.ro\/wp-content\/uploads\/2026\/06\/omologare-stadion-electrica-2-300x153.png\"><\/a><a href=\"https:\/\/www.opiniatimisoarei.ro\/wp-content\/uploads\/2026\/06\/omologare-stadion-electrica-5.png\"><img decoding=\"async\" src=\"https:\/\/www.opiniatimisoarei.ro\/wp-content\/uploads\/2026\/06\/omologare-stadion-electrica-5-300x167.png\"><\/a><\/div>\n<\/div>\n<p>Stadionul \u0218tiin\u021ba a mai g\u0103zduit partide de lig\u0103 secund\u0103 \u00een urmp\u0103 cu 4 ani, c\u00e2nd aici evolua Ripensia Timi\u0219oara.<\/p>\n<p>Astfel, Politehnica va juca aici p\u00e2n\u0103 c\u00e2nd va fi gata stadionul Eroii Timi\u0219oarei, din zona Buzia\u0219ului. \u0218i acea aren\u0103 va trebui \u00eens\u0103 s\u0103 treac\u0103 printr-un proces de omologare, f\u0103cut tot de o comisie a FRF.<\/p>\n<p>P\u00e2n\u0103 la startul ligii secunde, Stadionul Electrica va g\u0103zdui s\u00e2mb\u0103t\u0103, de la ora 10 duelul amical dintre Politehnica Timi\u0219oara \u0219i CSC Dumbr\u0103vi\u021ba. Va fi prima partid\u0103 de verificare a acestei veri pentru alb-viole\u021bi.<\/p>\n<p>***<\/p>\n<p><strong><span class=\"dia_suggestion w0\">Mai<\/span>\u00a0<span class=\"dia_suggestion w1\">multe<\/span>\u00a0<span class=\"dia_suggestion w2\">g\u0103si\u021bi<\/span>\u00a0pe\u00a0<span class=\"dia_suggestion w4\">pagina noastr<span class=\"dia_suggestion w0\">\u0103<\/span><\/span>\u00a0de\u00a0<a href=\"https:\/\/www.facebook.com\/OpiniaTM\/?ref=page_internal\" target=\"_blank\" rel=\"noopener\">Facebook opiniatimisoarei.ro<\/a>!<\/strong><\/p>\n<p><strong><span class=\"dia_suggestion w0\">Dac\u0103<\/span>\u00a0<span class=\"dia_suggestion w1\">a\u021bi<\/span>\u00a0fost martorii unui eveniment\u00a0<span class=\"dia_suggestion w6\">sau<\/span>\u00a0<span class=\"dia_suggestion w7\">ai<\/span>\u00a0unei\u00a0<span class=\"dia_suggestion w9\">situa\u021bii<\/span>\u00a0<span class=\"dia_suggestion w10\">neobi\u0219nuite<\/span>\u00a0<span class=\"dia_suggestion w11\">care<\/span>\u00a0ar\u00a0<span class=\"dia_suggestion w13\">putea<\/span>\u00a0deveni subiect de\u00a0<span class=\"dia_suggestion w17\">\u0219tire<\/span>,\u00a0<span class=\"dia_suggestion w18\">contacta\u021bi<\/span>-ne\u00a0<span class=\"dia_suggestion w20\">la<\/span>\u00a0<a href=\"https:\/\/www.opiniatimisoarei.ro\/cdn-cgi\/l\/email-protection\" class=\"__cf_email__\" data-cfemail=\"b6c4d3d2d7d5c2dfd3f6d9c6dfd8dfd7c2dfdbdfc5d9d7c4d3df98c4d9\">[email\u00a0protected]<\/a>,\u00a0 pe\u00a0<a href=\"https:\/\/www.facebook.com\/OpiniaTM\">FB<\/a>\u00a0sau pe contul nostru de\u00a0<a href=\"https:\/\/www.instagram.com\/opiniatimisoarei.ro\/\" target=\"_blank\" rel=\"noopener\">Instagram<\/a>!<\/strong><\/p>\n<p><strong><span>CITESTE SI:<\/span>\u00a0<a href=\"https:\/\/www.opiniatimisoarei.ro\/afli-primul-tot-ceea-ce-se-intampla-cu-adevarat-important-in-timisoara-si-in-regiune-cu-aplicatia-de-stiri-opinia-timisoarei-3-tipuri-de-alerte-te-tin-mereu-conectat-la-evenimente-descarca-gratuit-a\/31\/10\/2022\">Afli primul tot ceea ce se intampla cu adevarat important in Timisoara si in regiune cu Aplicatia de stiri Opinia Timisoarei. 3 tipuri de alerte te tin mereu conectat la evenimente. Descarca gratuit Aplicatia OT aici!<\/a><\/strong><\/p>\n<\/div>\n<p>[analyse_source url=&#8221;https:\/\/www.opiniatimisoarei.ro\/e-oficial-electrica-va-fi-casa-lui-poli-timisoara-in-liga-secunda-foto\/30\/06\/2026&#8243;]<\/p>\n","protected":false},"excerpt":{"rendered":"<p>[analyse_image type=&#8221;featured&#8221; src=&#8221;https:\/\/www.opiniatimisoarei.ro\/wp-content\/uploads\/2026\/06\/omologare-stadion-electrica-4-728&#215;336.pnghttps:\/\/www.opiniatimisoarei.ro\/wp-content\/uploads\/2026\/06\/omologare-stadion-electrica-4.png&#8221;] TIMISOARA. P\u00e2n\u0103 c\u00e2nd stadionul Eroii Timi\u0219oarei va fi finalizat, Politehnica Timi\u0219oara va juca \u00een Liga 2 pe stadionul pe care \u0219i-a desf\u0103\u0219urat \u0219i partidele din e\u0219alonul al treilea. CITE\u0218TE \u0218I:30 iunie, ziua \u00een care Rom\u00e2nia a jucat ultima dat\u0103 la Cupa Mondial\u0103. Croa\u021bia \u00eei elimina pe tricolori cu un penalty u\u0219or acordat. [&hellip;]<\/p>\n","protected":false},"author":1,"featured_media":0,"comment_status":"open","ping_status":"","sticky":false,"template":"","format":"standard","meta":{"footnotes":""},"categories":[89],"tags":[226,190],"class_list":["post-2021957","post","type-post","status-publish","format-standard","hentry","category-romania","tag-crawlmanager","tag-opiniatimisoarei-ro"],"_links":{"self":[{"href":"https:\/\/analyse.optim.biz\/index.php?rest_route=\/wp\/v2\/posts\/2021957","targetHints":{"allow":["GET"]}}],"collection":[{"href":"https:\/\/analyse.optim.biz\/index.php?rest_route=\/wp\/v2\/posts"}],"about":[{"href":"https:\/\/analyse.optim.biz\/index.php?rest_route=\/wp\/v2\/types\/post"}],"author":[{"embeddable":true,"href":"https:\/\/analyse.optim.biz\/index.php?rest_route=\/wp\/v2\/users\/1"}],"replies":[{"embeddable":true,"href":"https:\/\/analyse.optim.biz\/index.php?rest_route=%2Fwp%2Fv2%2Fcomments&post=2021957"}],"version-history":[{"count":0,"href":"https:\/\/analyse.optim.biz\/index.php?rest_route=\/wp\/v2\/posts\/2021957\/revisions"}],"wp:attachment":[{"href":"https:\/\/analyse.optim.biz\/index.php?rest_route=%2Fwp%2Fv2%2Fmedia&parent=2021957"}],"wp:term":[{"taxonomy":"category","embeddable":true,"href":"https:\/\/analyse.optim.biz\/index.php?rest_route=%2Fwp%2Fv2%2Fcategories&post=2021957"},{"taxonomy":"post_tag","embeddable":true,"href":"https:\/\/analyse.optim.biz\/index.php?rest_route=%2Fwp%2Fv2%2Ftags&post=2021957"}],"curies":[{"name":"wp","href":"https:\/\/api.w.org\/{rel}","templated":true}]}}