{"id":2021954,"date":"2026-06-30T06:02:24","date_gmt":"2026-06-30T03:02:24","guid":{"rendered":"https:\/\/analyse.optim.biz\/?p=2021954"},"modified":"2026-06-30T06:02:24","modified_gmt":"2026-06-30T03:02:24","slug":"30-iunie-ziua-in-care-romania-a-jucat-ultima-data-la-cupa-mondiala-croatia-ii-elimina-pe-tricolori-cu-un-penalty-usor-acordat-video","status":"publish","type":"post","link":"https:\/\/analyse.optim.biz\/?p=2021954","title":{"rendered":"30 iunie, ziua \u00een care Rom\u00e2nia a jucat ultima dat\u0103 la Cupa Mondial\u0103. Croa\u021bia \u00eei elimina pe tricolori cu un penalty u\u0219or acordat. VIDEO"},"content":{"rendered":"<p>[analyse_image type=&#8221;featured&#8221; src=&#8221;https:\/\/www.opiniatimisoarei.ro\/wp-content\/uploads\/2026\/06\/Croatia-Romania-2-728&#215;336.pnghttps:\/\/www.opiniatimisoarei.ro\/wp-content\/uploads\/2026\/06\/Croatia-Romania-2.png&#8221;]<\/p>\n<div class=\"the_content\">\n<p>Era o vreme \u00een care na\u021bionala de fotbal a Rom\u00e2niei uimea continentul, \u00een care tricolorii se b\u0103teau de la egal la egal cu for\u021be ale Europei \u0219i nu numai, la Cupa Mondial\u0103. Cei care au prins acele vremuri le privesc acum cu nostalgie, iar pentru cei care nu au fost martori la reu\u0219itele genera\u021biei lui Hagi, meciurile acelea par simple pove\u0219ti. Ziua de 30 iunie este una ce a r\u0103mas \u00eentip\u0103rit\u0103 \u00een memoria fanilor.<\/p>\n<p><strong><span>CITE\u0218TE \u0218I:<\/span><a href=\"https:\/\/www.opiniatimisoarei.ro\/tramvaie-blocate-la-timisoara-din-cauza-caldurii-temperaturile-ridicate-au-topit-masticul-turnat-langa-sine-pe-mai-multe-linii-vor-circula-autobuze-in-zilele-urmatoare-video\/29\/06\/2026\">Tramvaie blocate la Timi\u0219oara din cauza c\u0103ldurii. Temperaturile ridicate au topit masticul turnat l\u00e2ng\u0103 \u0219ine. Pe mai multe linii vor circula autobuze \u00een zilele urm\u0103toare. VIDEO<\/a><\/strong><\/p>\n<p>Era o dup\u0103-amiaz\u0103 cald\u0103, \u00een urm\u0103 cu 28 de ani, la Bordeaux. Rom\u00e2nia dep\u0103\u0219ise faza grupelor Coupe de Monde, dup\u0103 1-0 cu Columbia, 2-1 \u00een fa\u021ba Angliei \u0219i un egal, 1-1, cu Tunisia. Tricolorii erau primii \u00een acea grup\u0103, cu 7 puncte \u0219i soarta le-a scos \u00een fa\u021b\u0103 Croa\u021bia, echipa ce terminase \u00een spatele Argentinei \u00een grupa H.<\/p>\n<p>Anghel Iord\u0103nescu trimitea \u00een teren \u00een optimile de final\u0103 o echip\u0103 \u00een care era titular \u0219i un b\u0103n\u0103\u021bean, Dorinel Munteanu.<\/p>\n<p>Duelul a fost unul echilibrat, dar \u00een care croa\u021bii au avut ocaziile mai importante. Stelea s-a remarcat prin interven\u021bii bune, \u00een una dintre situa\u021bii reu\u0219ind s\u0103 resping\u0103 un \u0219ut din 8 metri al lui Asanovic.<\/p>\n<p>Adrian Ilie a avut cea mai bun\u0103 ocazie a Rom\u00e2niei, c\u00e2nd a sc\u0103pat singur c\u0103tre poarta croat\u0103, a r\u0103mas singur cu Drazen Ladic, \u0219i a trimis \u00een goalkeeper-ul croat.<\/p>\n<p>\u00cen prelungirile primei reprize a venit \u0219i cea mai controversat\u0103 faz\u0103 a \u00eent\u00e2lnirii, cea care pe noi ne face s\u0103 regret\u0103m c\u0103 nu exista atunci sistemul VAR.<\/p>\n<p>Stimac a trimis o pas\u0103 spre careul tricolor, Bilic a s\u0103rit peste balon \u0219i l-a l\u0103sat lui Asanovic. Fotbalistul care \u00een acea var\u0103 avea s\u0103 ajung\u0103 la Panathinaikos Atena, nu a schi\u021bat nici m\u0103car un gest c\u0103 s-ar duce c\u0103tre minge, ci l-a sim\u021bit pe Gabi Popescu \u00een spatele s\u0103u \u0219i s-a aruncat \u00een careu.<\/p>\n<iframe loading=\"lazy\" title=\"Mondiali 1998 Romania-Croazia 0-1 highlights\" width=\"728\" height=\"546\" src=\"https:\/\/www.youtube.com\/embed\/VY9USlWNCrs?feature=oembed&amp;wmode=opaque&amp;rel=0\" frameborder allow=\"accelerometer; autoplay; clipboard-write; encrypted-media; gyroscope; picture-in-picture; web-share\" referrerpolicy=\"strict-origin-when-cross-origin\" allowfullscreen><\/iframe>\n<p>Centralul argentinian Javier Castrili, \u00eenc\u0103 sup\u0103rat probabil c\u0103 Rom\u00e2nia eliminase Argentina cu 4 ani \u00een urm\u0103 la Mondialul american, a indicat imediat punctul cu var.<\/p>\n<p>Davor Suker \u0219i-a asumat responsabilitatea, a trimis \u00een st\u00e2nga lui Stelea \u0219i a deschis scorul. Centralul a decis repetarea penalty-ului, dup\u0103 ce un croat a intrat \u00een suprafa\u021ba de 16 metri. Suker a executat din nou, pe acela\u0219i col\u021b, \u0219i s-a f\u0103cut 1-0.<\/p>\n<p><img loading=\"lazy\" decoding=\"async\" class=\"size-full wp-image-881864 aligncenter\" src=\"https:\/\/www.opiniatimisoarei.ro\/wp-content\/uploads\/2026\/06\/Croatia-Romania-1.png\" alt=\"\" width=\"532\" height=\"381\"><\/p>\n<p>\u00cen repriza secund\u0103, Suker, de dou\u0103 ori, \u0219i Boban, o dat\u0103, au ratat ocazii bune de gol, \u00een timp ce tricolorii nu s-au reg\u0103sit \u0219i au r\u0103spuns doar cu un \u0219ut periculos de la distan\u021b\u0103 al lui Dan Petrescu. Astfel s-a \u00eencheiat aventura Rom\u00e2niei la ultima Cup\u0103 Mondial\u0103 la care a participat. Dup\u0103 acel meci, Anghel Iord\u0103nescu a fost schimbat de pe banca na\u021bionalei, locul s\u0103u fiind luat de Victor Pi\u021burc\u0103.<\/p>\n<p>Croa\u021bia avea s\u0103 ajung\u0103 \u00een finala mic\u0103 a Mondialului francez, pe care a \u0219i c\u00e2\u0219tigat-o cu 2-1 \u00een fa\u021ba na\u021bionalei Olandei lui Davids, Bergkamp sau a fra\u021bilor De Boer.<\/p>\n<p>Mai mult, Davor Suker avea s\u0103 c\u00e2\u0219tige titlul de golgeter al turneului, cu cele 6 reu\u0219ite ale sale.<\/p>\n<p><strong>Rom\u00e2nia \u00een meciul cu Croa\u021bia:<\/strong> Bogdan Stelea \u2013 Dan Petrescu(Lucian Marinescu,75), Constantin G\u00e2lc\u0103, Gheorghe Popescu, Dorinel Munteanu, Viorel Moldovan, Gheorghe Hagi(c, Gheorghe Craioveanu 56), Adrian Ilie, Liviu Ciobotariu, Gabriel Popescu(Radu Niculescu, 60), Iulian Filipescu.<\/p>\n<p><strong><span>Ce a urmat pentru Rom\u00e2nia?<\/span><\/strong><\/p>\n<p>Selec\u021bionata \u021b\u0103rii noastre a \u00eenceput \u00een toamna lui 1998 campania pentru calificarea la Euro 2000, una care s-a \u00eencheiat cu o ajungerea la turneul final. Acela avea s\u0103 fie ultima mare competi\u021bie a Genera\u021biei de Aur.<\/p>\n<p>\u0218i la acel turneu Rom\u00e2nia a p\u0103r\u0103sit competi\u021bia tot \u00een optimi, \u0219i tot \u00een fa\u021ba unei echipe ce avea s\u0103 joace o semifinal\u0103, Italia.<\/p>\n<p>***<\/p>\n<p><strong><span class=\"dia_suggestion w0\">Mai<\/span>\u00a0<span class=\"dia_suggestion w1\">multe<\/span>\u00a0<span class=\"dia_suggestion w2\">g\u0103si\u021bi<\/span>\u00a0pe\u00a0<span class=\"dia_suggestion w4\">pagina noastr<span class=\"dia_suggestion w0\">\u0103<\/span><\/span>\u00a0de\u00a0<a href=\"https:\/\/www.facebook.com\/OpiniaTM\/?ref=page_internal\" target=\"_blank\" rel=\"noopener\">Facebook opiniatimisoarei.ro<\/a>!<\/strong><\/p>\n<p><strong><span class=\"dia_suggestion w0\">Dac\u0103<\/span>\u00a0<span class=\"dia_suggestion w1\">a\u021bi<\/span>\u00a0fost martorii unui eveniment\u00a0<span class=\"dia_suggestion w6\">sau<\/span>\u00a0<span class=\"dia_suggestion w7\">ai<\/span>\u00a0unei\u00a0<span class=\"dia_suggestion w9\">situa\u021bii<\/span>\u00a0<span class=\"dia_suggestion w10\">neobi\u0219nuite<\/span>\u00a0<span class=\"dia_suggestion w11\">care<\/span>\u00a0ar\u00a0<span class=\"dia_suggestion w13\">putea<\/span>\u00a0deveni subiect de\u00a0<span class=\"dia_suggestion w17\">\u0219tire<\/span>,\u00a0<span class=\"dia_suggestion w18\">contacta\u021bi<\/span>-ne\u00a0<span class=\"dia_suggestion w20\">la<\/span>\u00a0<a href=\"https:\/\/www.opiniatimisoarei.ro\/cdn-cgi\/l\/email-protection\" class=\"__cf_email__\" data-cfemail=\"ec9e89888d8f988589ac839c8582858d988581859f838d9e8985c29e83\">[email\u00a0protected]<\/a>,\u00a0 pe\u00a0<a href=\"https:\/\/www.facebook.com\/OpiniaTM\">FB<\/a>\u00a0sau pe contul nostru de\u00a0<a href=\"https:\/\/www.instagram.com\/opiniatimisoarei.ro\/\" target=\"_blank\" rel=\"noopener\">Instagram<\/a>!<\/strong><\/p>\n<p><strong><span>CITESTE SI:<\/span>\u00a0<a href=\"https:\/\/www.opiniatimisoarei.ro\/afli-primul-tot-ceea-ce-se-intampla-cu-adevarat-important-in-timisoara-si-in-regiune-cu-aplicatia-de-stiri-opinia-timisoarei-3-tipuri-de-alerte-te-tin-mereu-conectat-la-evenimente-descarca-gratuit-a\/31\/10\/2022\">Afli primul tot ceea ce se intampla cu adevarat important in Timisoara si in regiune cu Aplicatia de stiri Opinia Timisoarei. 3 tipuri de alerte te tin mereu conectat la evenimente. Descarca gratuit Aplicatia OT aici!<\/a><\/strong><\/p>\n<\/div>\n<p>[analyse_source url=&#8221;https:\/\/www.opiniatimisoarei.ro\/30-iunie-ziua-in-care-romania-a-jucat-ultima-data-la-cupa-mondiala-croatia-ii-elimina-pe-tricolori-cu-un-penalty-usor-acordat-video\/30\/06\/2026&#8243;]<\/p>\n","protected":false},"excerpt":{"rendered":"<p>[analyse_image type=&#8221;featured&#8221; src=&#8221;https:\/\/www.opiniatimisoarei.ro\/wp-content\/uploads\/2026\/06\/Croatia-Romania-2-728&#215;336.pnghttps:\/\/www.opiniatimisoarei.ro\/wp-content\/uploads\/2026\/06\/Croatia-Romania-2.png&#8221;] Era o vreme \u00een care na\u021bionala de fotbal a Rom\u00e2niei uimea continentul, \u00een care tricolorii se b\u0103teau de la egal la egal cu for\u021be ale Europei \u0219i nu numai, la Cupa Mondial\u0103. Cei care au prins acele vremuri le privesc acum cu nostalgie, iar pentru cei care nu au fost martori la [&hellip;]<\/p>\n","protected":false},"author":1,"featured_media":0,"comment_status":"open","ping_status":"","sticky":false,"template":"","format":"standard","meta":{"footnotes":""},"categories":[89],"tags":[226,190],"class_list":["post-2021954","post","type-post","status-publish","format-standard","hentry","category-romania","tag-crawlmanager","tag-opiniatimisoarei-ro"],"_links":{"self":[{"href":"https:\/\/analyse.optim.biz\/index.php?rest_route=\/wp\/v2\/posts\/2021954","targetHints":{"allow":["GET"]}}],"collection":[{"href":"https:\/\/analyse.optim.biz\/index.php?rest_route=\/wp\/v2\/posts"}],"about":[{"href":"https:\/\/analyse.optim.biz\/index.php?rest_route=\/wp\/v2\/types\/post"}],"author":[{"embeddable":true,"href":"https:\/\/analyse.optim.biz\/index.php?rest_route=\/wp\/v2\/users\/1"}],"replies":[{"embeddable":true,"href":"https:\/\/analyse.optim.biz\/index.php?rest_route=%2Fwp%2Fv2%2Fcomments&post=2021954"}],"version-history":[{"count":0,"href":"https:\/\/analyse.optim.biz\/index.php?rest_route=\/wp\/v2\/posts\/2021954\/revisions"}],"wp:attachment":[{"href":"https:\/\/analyse.optim.biz\/index.php?rest_route=%2Fwp%2Fv2%2Fmedia&parent=2021954"}],"wp:term":[{"taxonomy":"category","embeddable":true,"href":"https:\/\/analyse.optim.biz\/index.php?rest_route=%2Fwp%2Fv2%2Fcategories&post=2021954"},{"taxonomy":"post_tag","embeddable":true,"href":"https:\/\/analyse.optim.biz\/index.php?rest_route=%2Fwp%2Fv2%2Ftags&post=2021954"}],"curies":[{"name":"wp","href":"https:\/\/api.w.org\/{rel}","templated":true}]}}