{"id":2021612,"date":"2026-07-01T12:14:40","date_gmt":"2026-07-01T09:14:40","guid":{"rendered":"https:\/\/analyse.optim.biz\/?p=2021612"},"modified":"2026-07-01T12:14:40","modified_gmt":"2026-07-01T09:14:40","slug":"eleva-stancioiu-delia-a-adus-scoala-mihail-kogalniceanu-pe-primul-loc-la-evaluarea-nationala-in-randul-comunelor","status":"publish","type":"post","link":"https:\/\/analyse.optim.biz\/?p=2021612","title":{"rendered":"Eleva St\u0103ncioiu Delia a adus \u0218coala Mihail Kog\u0103lniceanu pe primul loc la Evaluarea Na\u021bional\u0103 (\u00een r\u00e2ndul comunelor)"},"content":{"rendered":"<p>[analyse_image type=&#8221;featured&#8221; src=&#8221;https:\/\/dobrogeanews.b-cdn.net\/wp-content\/uploads\/2026\/07\/Stancioiu-Delia-Maria.jpg&#8221;]<\/p>\n<div id=\"post-71631\" class=\"entry single-default post-71631 post type-post status-publish format-standard has-post-thumbnail hentry category-info\">\n<div>\n<div class=\"ss-follow-wrapper ss-clearfix ss-regular-buttons ss-columns-1 ss-default-style\">\n<div class=\"ss-follow-column\" data-ss-sf-network-id=\"&quot;facebook&quot;\"><a href=\"https:\/\/www.facebook.com\/dobrogeanews\" class=\"ss-follow-network ss-facebook-color\" rel=\"nofollow noopener\" aria-label=\"facebook\" target=\"_blank\"><span class=\"ss-follow-network-label\">Urm\u0103re\u015fte-ne \u015fi pe Facebook!<\/span><span class=\"ss-follow-network-count\"><span class=\"ss-follow-network-count-number\">57K<\/span><span class=\"ss-follow-network-count-label\">Followers<\/span><\/span><\/a><\/div>\n<\/div>\n<\/div>\n<p>Au venit rezultatele la evaluarea na\u021bional\u0103 iar \u0218coala Mihail Kog\u0103lniceanu are de ce s\u0103 fie m\u00e2ndr\u0103 pentru c\u0103 ocup\u0103 locul \u00eent\u00e2i \u00een r\u00e2ndul comunelor din jude\u021bul Tulcea. Trebuie s\u0103 o felicit\u0103m pe eleva St\u0103ncioiu Delia Maria care a performat pe tot parcursul ciclului \u0219colar iar la evaluarea na\u021bional\u0103 a ob\u021binut media 9,52, medie care a adus Comuna Kog\u0103lniceanu \u00een fruntea clasamentului. <\/p>\n<figure class=\"wp-block-image size-full is-resized\">\n<source type=\"image\/webp\" data-lazy-srcset=\"https:\/\/dobrogeanews.b-cdn.net\/wp-content\/uploads\/2026\/07\/Stancioiu-Delia-Maria.jpg.webp 2560w, https:\/\/dobrogeanews.b-cdn.net\/wp-content\/uploads\/2026\/07\/Stancioiu-Delia-Maria-300x246.jpg.webp 300w, https:\/\/dobrogeanews.b-cdn.net\/wp-content\/uploads\/2026\/07\/Stancioiu-Delia-Maria-1024x840.jpg.webp 1024w, https:\/\/dobrogeanews.b-cdn.net\/wp-content\/uploads\/2026\/07\/Stancioiu-Delia-Maria-768x630.jpg.webp 768w, https:\/\/dobrogeanews.b-cdn.net\/wp-content\/uploads\/2026\/07\/Stancioiu-Delia-Maria-1536x1260.jpg.webp 1536w, https:\/\/dobrogeanews.b-cdn.net\/wp-content\/uploads\/2026\/07\/Stancioiu-Delia-Maria-2048x1680.jpg.webp 2048w\" sizes=\"(max-width: 640px) 100vw, 640px\" \/><br \/>\n<img loading=\"lazy\" decoding=\"async\" src=\"https:\/\/dobrogeanews.b-cdn.net\/wp-content\/uploads\/2026\/07\/Stancioiu-Delia-Maria.jpg\" alt=\"\" width=\"640\" height=\"525\"><\/figure>\n<p>Eleva St\u0103ncioiu Delia Maria a ob\u021binut premii importante la olimpiadele \u0219i concursurile la care a participat demonstr\u00e2nd c\u0103 \u0219i \u00een mediul rural se poate face performan\u021b\u0103 \u0219colar\u0103. Cu munc\u0103, dedicare \u0219i disciplin\u0103. <\/p>\n<p>Delia a ob\u021binut premiul al III-lea la Olimpiada Na\u021bional\u0103 de Matematic\u0103-etapa local\u0103, premiul I la Olimpiada Satelor din Rom\u00e2nia-etapa jude\u021bean\u0103, premiul al III-lea la Olimpiada Na\u021bional\u0103 de Matematic\u0103-etapa jude\u021bean\u0103, la Olimpiada de Limba \u0219i Literatura Rom\u00e2n\u0103,  premiul I la Concursul pentru elevii din mediul rural \u201cUniversul Cunoa\u0219terii prin Lectur\u0103\u201d- etapa jude\u021bean\u0103, la Olimpiada Satelor din Rom\u00e2nia- etapa na\u021bional\u0103, men\u021biune la Concursul pentru elevii din mediul rural \u201cUniversul Cunoa\u0219terii prin Lectur\u0103\u201d- etapa na\u021bional\u0103.<\/p>\n<figure class=\"wp-block-image size-full is-resized\">\n<source type=\"image\/webp\" data-lazy-srcset=\"https:\/\/dobrogeanews.b-cdn.net\/wp-content\/uploads\/2026\/02\/scoala-mihail-kogalniceanu.jpg.webp 2560w, https:\/\/dobrogeanews.b-cdn.net\/wp-content\/uploads\/2026\/02\/scoala-mihail-kogalniceanu-300x183.jpg.webp 300w, https:\/\/dobrogeanews.b-cdn.net\/wp-content\/uploads\/2026\/02\/scoala-mihail-kogalniceanu-1024x626.jpg.webp 1024w, https:\/\/dobrogeanews.b-cdn.net\/wp-content\/uploads\/2026\/02\/scoala-mihail-kogalniceanu-768x469.jpg.webp 768w, https:\/\/dobrogeanews.b-cdn.net\/wp-content\/uploads\/2026\/02\/scoala-mihail-kogalniceanu-1536x938.jpg.webp 1536w, https:\/\/dobrogeanews.b-cdn.net\/wp-content\/uploads\/2026\/02\/scoala-mihail-kogalniceanu-2048x1251.jpg.webp 2048w\" sizes=\"(max-width: 640px) 100vw, 640px\" \/><br \/>\n<img loading=\"lazy\" decoding=\"async\" src=\"https:\/\/dobrogeanews.b-cdn.net\/wp-content\/uploads\/2026\/02\/scoala-mihail-kogalniceanu.jpg\" alt=\"\u0218coala Mihail Kog\u0103lniceanu\" width=\"640\" height=\"391\"><\/figure>\n<p>Prim\u0103ria Comunei Mihail Kog\u0103lniceanu, corpul profesoral al \u0218colii Mihail Kog\u0103lniceanu, \u00eentreaga comunitate se bucur\u0103 \u0219i \u00eei adreseaz\u0103 sincere felicit\u0103rii elevei St\u0103ncioiu Delia Maria care a demonstrat c\u0103 se poate.<\/p>\n<div class=\"monsterinsights-inline-popular-posts monsterinsights-inline-popular-posts-charlie monsterinsights-popular-posts-styled\">\n<div class=\"monsterinsights-inline-popular-posts-text\"><span class=\"monsterinsights-inline-popular-posts-label\">Vezi \u0219i:<\/span><\/p>\n<div class=\"monsterinsights-inline-popular-posts-post\"><a class=\"monsterinsights-inline-popular-posts-title\" href=\"https:\/\/www.dobrogeanews.ro\/a-fost-emis-avizul-pentru-centura-municipiului-tulcea-drumuri-de-legatura-cu-conexiune-la-drumul-expres-constanta-tulcea-braila\/\">A fost emis Avizul pentru Centura Municipiului Tulcea \u2013 \u201eDrumuri de leg\u0103tur\u0103 cu conexiune la Drumul Expres Constan\u021ba-Tulcea-Br\u0103ila\u201d<\/a><\/div>\n<div class=\"monsterinsights-inline-popular-posts-post\"><a class=\"monsterinsights-inline-popular-posts-title\" href=\"https:\/\/www.dobrogeanews.ro\/eveniment-medical-de-exceptie-la-spitalul-judetean-de-urgenta-tulcea-alaturi-de-clubul-de-chirurgie-oncoplastica-a-sanului\/\">Eveniment medical de excep\u021bie la Spitalul Jude\u021bean de Urgen\u021b\u0103 Tulcea al\u0103turi de Clubul de Chirurgie Oncoplastic\u0103 a S\u00e2nului<\/a><\/div>\n<div class=\"monsterinsights-inline-popular-posts-post\"><a class=\"monsterinsights-inline-popular-posts-title\" href=\"https:\/\/www.dobrogeanews.ro\/stefan-ilie-primar-tulcea-avem-buget-mai-mare-si-mai-multe-investitii-modernizarea-strazilor-si-a-retelelor-de-utilitati-de-sub-carosabil-continua-tulcea-va-fi-un-oras-european\/\">\u0218tefan Ilie, primar Tulcea: Avem buget mai mare \u0219i mai multe investi\u021bii. Modernizarea str\u0103zilor \u0219i a re\u021belelor de utilit\u0103\u021bi de sub carosabil, continu\u0103. Tulcea va fi un ora\u0219 european(!)<\/a><\/div>\n<\/div>\n<\/div>\n<p class=\"has-text-align-center has-white-color has-text-color has-background\"><span><a href=\"https:\/\/news.google.com\/publications\/CAAqBwgKMIu5pgsw88O-Aw?ceid=RO:ro&amp;oc=3\">Urm\u0103ri\u0163i \u015etirile Dobrogeanews \u015fi pe Google News<\/a><\/span><\/p>\n<\/div>\n<div id=\"post-71631\" class=\"entry single-default post-71631 post type-post status-publish format-standard has-post-thumbnail hentry category-info\">\n<div>\n<div class=\"ss-follow-wrapper ss-clearfix ss-regular-buttons ss-columns-1 ss-default-style\">\n<div class=\"ss-follow-column\" data-ss-sf-network-id=\"&quot;facebook&quot;\"><a href=\"https:\/\/www.facebook.com\/dobrogeanews\" class=\"ss-follow-network ss-facebook-color\" rel=\"nofollow noopener\" aria-label=\"facebook\" target=\"_blank\"><span class=\"ss-follow-network-label\">Urm\u0103re\u015fte-ne \u015fi pe Facebook!<\/span><span class=\"ss-follow-network-count\"><span class=\"ss-follow-network-count-number\">57K<\/span><span class=\"ss-follow-network-count-label\">Followers<\/span><\/span><\/a><\/div>\n<\/div>\n<\/div>\n<p>Au venit rezultatele la evaluarea na\u021bional\u0103 iar \u0218coala Mihail Kog\u0103lniceanu are de ce s\u0103 fie m\u00e2ndr\u0103 pentru c\u0103 ocup\u0103 locul \u00eent\u00e2i \u00een r\u00e2ndul comunelor din jude\u021bul Tulcea. Trebuie s\u0103 o felicit\u0103m pe eleva St\u0103ncioiu Delia Maria care a performat pe tot parcursul ciclului \u0219colar iar la evaluarea na\u021bional\u0103 a ob\u021binut media 9,52, medie care a adus Comuna Kog\u0103lniceanu \u00een fruntea clasamentului. <\/p>\n<figure class=\"wp-block-image size-full is-resized\">\n<source type=\"image\/webp\" data-lazy-srcset=\"https:\/\/dobrogeanews.b-cdn.net\/wp-content\/uploads\/2026\/07\/Stancioiu-Delia-Maria.jpg.webp 2560w, https:\/\/dobrogeanews.b-cdn.net\/wp-content\/uploads\/2026\/07\/Stancioiu-Delia-Maria-300x246.jpg.webp 300w, https:\/\/dobrogeanews.b-cdn.net\/wp-content\/uploads\/2026\/07\/Stancioiu-Delia-Maria-1024x840.jpg.webp 1024w, https:\/\/dobrogeanews.b-cdn.net\/wp-content\/uploads\/2026\/07\/Stancioiu-Delia-Maria-768x630.jpg.webp 768w, https:\/\/dobrogeanews.b-cdn.net\/wp-content\/uploads\/2026\/07\/Stancioiu-Delia-Maria-1536x1260.jpg.webp 1536w, https:\/\/dobrogeanews.b-cdn.net\/wp-content\/uploads\/2026\/07\/Stancioiu-Delia-Maria-2048x1680.jpg.webp 2048w\" sizes=\"(max-width: 640px) 100vw, 640px\" \/><br \/>\n<img loading=\"lazy\" decoding=\"async\" src=\"https:\/\/dobrogeanews.b-cdn.net\/wp-content\/uploads\/2026\/07\/Stancioiu-Delia-Maria.jpg\" alt=\"\" width=\"640\" height=\"525\"><\/figure>\n<p>Eleva St\u0103ncioiu Delia Maria a ob\u021binut premii importante la olimpiadele \u0219i concursurile la care a participat demonstr\u00e2nd c\u0103 \u0219i \u00een mediul rural se poate face performan\u021b\u0103 \u0219colar\u0103. Cu munc\u0103, dedicare \u0219i disciplin\u0103. <\/p>\n<p>Delia a ob\u021binut premiul al III-lea la Olimpiada Na\u021bional\u0103 de Matematic\u0103-etapa local\u0103, premiul I la Olimpiada Satelor din Rom\u00e2nia-etapa jude\u021bean\u0103, premiul al III-lea la Olimpiada Na\u021bional\u0103 de Matematic\u0103-etapa jude\u021bean\u0103, la Olimpiada de Limba \u0219i Literatura Rom\u00e2n\u0103,  premiul I la Concursul pentru elevii din mediul rural \u201cUniversul Cunoa\u0219terii prin Lectur\u0103\u201d- etapa jude\u021bean\u0103, la Olimpiada Satelor din Rom\u00e2nia- etapa na\u021bional\u0103, men\u021biune la Concursul pentru elevii din mediul rural \u201cUniversul Cunoa\u0219terii prin Lectur\u0103\u201d- etapa na\u021bional\u0103.<\/p>\n<figure class=\"wp-block-image size-full is-resized\">\n<source type=\"image\/webp\" data-lazy-srcset=\"https:\/\/dobrogeanews.b-cdn.net\/wp-content\/uploads\/2026\/02\/scoala-mihail-kogalniceanu.jpg.webp 2560w, https:\/\/dobrogeanews.b-cdn.net\/wp-content\/uploads\/2026\/02\/scoala-mihail-kogalniceanu-300x183.jpg.webp 300w, https:\/\/dobrogeanews.b-cdn.net\/wp-content\/uploads\/2026\/02\/scoala-mihail-kogalniceanu-1024x626.jpg.webp 1024w, https:\/\/dobrogeanews.b-cdn.net\/wp-content\/uploads\/2026\/02\/scoala-mihail-kogalniceanu-768x469.jpg.webp 768w, https:\/\/dobrogeanews.b-cdn.net\/wp-content\/uploads\/2026\/02\/scoala-mihail-kogalniceanu-1536x938.jpg.webp 1536w, https:\/\/dobrogeanews.b-cdn.net\/wp-content\/uploads\/2026\/02\/scoala-mihail-kogalniceanu-2048x1251.jpg.webp 2048w\" sizes=\"(max-width: 640px) 100vw, 640px\" \/><br \/>\n<img loading=\"lazy\" decoding=\"async\" src=\"https:\/\/dobrogeanews.b-cdn.net\/wp-content\/uploads\/2026\/02\/scoala-mihail-kogalniceanu.jpg\" alt=\"\u0218coala Mihail Kog\u0103lniceanu\" width=\"640\" height=\"391\"><\/figure>\n<p>Prim\u0103ria Comunei Mihail Kog\u0103lniceanu, corpul profesoral al \u0218colii Mihail Kog\u0103lniceanu, \u00eentreaga comunitate se bucur\u0103 \u0219i \u00eei adreseaz\u0103 sincere felicit\u0103rii elevei St\u0103ncioiu Delia Maria care a demonstrat c\u0103 se poate.<\/p>\n<div class=\"monsterinsights-inline-popular-posts monsterinsights-inline-popular-posts-charlie monsterinsights-popular-posts-styled\">\n<div class=\"monsterinsights-inline-popular-posts-text\"><span class=\"monsterinsights-inline-popular-posts-label\">Vezi \u0219i:<\/span><\/p>\n<div class=\"monsterinsights-inline-popular-posts-post\"><a class=\"monsterinsights-inline-popular-posts-title\" href=\"https:\/\/www.dobrogeanews.ro\/a-fost-emis-avizul-pentru-centura-municipiului-tulcea-drumuri-de-legatura-cu-conexiune-la-drumul-expres-constanta-tulcea-braila\/\">A fost emis Avizul pentru Centura Municipiului Tulcea \u2013 \u201eDrumuri de leg\u0103tur\u0103 cu conexiune la Drumul Expres Constan\u021ba-Tulcea-Br\u0103ila\u201d<\/a><\/div>\n<div class=\"monsterinsights-inline-popular-posts-post\"><a class=\"monsterinsights-inline-popular-posts-title\" href=\"https:\/\/www.dobrogeanews.ro\/eveniment-medical-de-exceptie-la-spitalul-judetean-de-urgenta-tulcea-alaturi-de-clubul-de-chirurgie-oncoplastica-a-sanului\/\">Eveniment medical de excep\u021bie la Spitalul Jude\u021bean de Urgen\u021b\u0103 Tulcea al\u0103turi de Clubul de Chirurgie Oncoplastic\u0103 a S\u00e2nului<\/a><\/div>\n<div class=\"monsterinsights-inline-popular-posts-post\"><a class=\"monsterinsights-inline-popular-posts-title\" href=\"https:\/\/www.dobrogeanews.ro\/stefan-ilie-primar-tulcea-avem-buget-mai-mare-si-mai-multe-investitii-modernizarea-strazilor-si-a-retelelor-de-utilitati-de-sub-carosabil-continua-tulcea-va-fi-un-oras-european\/\">\u0218tefan Ilie, primar Tulcea: Avem buget mai mare \u0219i mai multe investi\u021bii. Modernizarea str\u0103zilor \u0219i a re\u021belelor de utilit\u0103\u021bi de sub carosabil, continu\u0103. Tulcea va fi un ora\u0219 european(!)<\/a><\/div>\n<\/div>\n<\/div>\n<p class=\"has-text-align-center has-white-color has-text-color has-background\"><span><a href=\"https:\/\/news.google.com\/publications\/CAAqBwgKMIu5pgsw88O-Aw?ceid=RO:ro&amp;oc=3\">Urm\u0103ri\u0163i \u015etirile Dobrogeanews \u015fi pe Google News<\/a><\/span><\/p>\n<\/div>\n<p>[analyse_source url=&#8221;https:\/\/www.dobrogeanews.ro\/eleva-stancioiu-delia-a-adus-scoala-mihail-kogalniceanu-pe-primul-loc-la-evaluarea-nationala-in-randul-comunelor\/&#8221;]<\/p>\n","protected":false},"excerpt":{"rendered":"<p>[analyse_image type=&#8221;featured&#8221; src=&#8221;https:\/\/dobrogeanews.b-cdn.net\/wp-content\/uploads\/2026\/07\/Stancioiu-Delia-Maria.jpg&#8221;] Urm\u0103re\u015fte-ne \u015fi pe Facebook!57KFollowers Au venit rezultatele la evaluarea na\u021bional\u0103 iar \u0218coala Mihail Kog\u0103lniceanu are de ce s\u0103 fie m\u00e2ndr\u0103 pentru c\u0103 ocup\u0103 locul \u00eent\u00e2i \u00een r\u00e2ndul comunelor din jude\u021bul Tulcea. Trebuie s\u0103 o felicit\u0103m pe eleva St\u0103ncioiu Delia Maria care a performat pe tot parcursul ciclului \u0219colar iar la evaluarea na\u021bional\u0103 [&hellip;]<\/p>\n","protected":false},"author":1,"featured_media":0,"comment_status":"open","ping_status":"","sticky":false,"template":"","format":"standard","meta":{"footnotes":""},"categories":[89],"tags":[226,223],"class_list":["post-2021612","post","type-post","status-publish","format-standard","hentry","category-romania","tag-crawlmanager","tag-dobrogeanews-ro"],"_links":{"self":[{"href":"https:\/\/analyse.optim.biz\/index.php?rest_route=\/wp\/v2\/posts\/2021612","targetHints":{"allow":["GET"]}}],"collection":[{"href":"https:\/\/analyse.optim.biz\/index.php?rest_route=\/wp\/v2\/posts"}],"about":[{"href":"https:\/\/analyse.optim.biz\/index.php?rest_route=\/wp\/v2\/types\/post"}],"author":[{"embeddable":true,"href":"https:\/\/analyse.optim.biz\/index.php?rest_route=\/wp\/v2\/users\/1"}],"replies":[{"embeddable":true,"href":"https:\/\/analyse.optim.biz\/index.php?rest_route=%2Fwp%2Fv2%2Fcomments&post=2021612"}],"version-history":[{"count":0,"href":"https:\/\/analyse.optim.biz\/index.php?rest_route=\/wp\/v2\/posts\/2021612\/revisions"}],"wp:attachment":[{"href":"https:\/\/analyse.optim.biz\/index.php?rest_route=%2Fwp%2Fv2%2Fmedia&parent=2021612"}],"wp:term":[{"taxonomy":"category","embeddable":true,"href":"https:\/\/analyse.optim.biz\/index.php?rest_route=%2Fwp%2Fv2%2Fcategories&post=2021612"},{"taxonomy":"post_tag","embeddable":true,"href":"https:\/\/analyse.optim.biz\/index.php?rest_route=%2Fwp%2Fv2%2Ftags&post=2021612"}],"curies":[{"name":"wp","href":"https:\/\/api.w.org\/{rel}","templated":true}]}}