{"id":2020979,"date":"2026-06-30T06:00:11","date_gmt":"2026-06-30T03:00:11","guid":{"rendered":"https:\/\/analyse.optim.biz\/?p=2020979"},"modified":"2026-06-30T06:00:11","modified_gmt":"2026-06-30T03:00:11","slug":"municipiul-tulcea-primeste-un-grant-de-50-000-de-dolari-pentru-proiecte-climatice-dedicate-tinerilor","status":"publish","type":"post","link":"https:\/\/analyse.optim.biz\/?p=2020979","title":{"rendered":"Municipiul Tulcea prime\u015fte un grant de 50.000 de dolari pentru proiecte climatice dedicate tinerilor &#8211;"},"content":{"rendered":"<p>[analyse_image type=&#8221;featured&#8221; src=&#8221;https:\/\/ziaruldelta.ro\/wp-content\/uploads\/2026\/06\/municipiul.jpg&#8221;]<\/p>\n<article id=\"post-37237\" class=\"module single-post-module post-37237 post type-post status-publish format-standard has-post-thumbnail hentry category-politica-administratie et-has-post-format-content et_post_format-et-post-format-standard\">\n<div class=\"post-header\">\n<h1 class=\"entry-title\">Municipiul Tulcea prime\u015fte un grant de 50.000 de dolari pentru proiecte climatice dedicate tinerilor<\/h1>\n<div class=\"post-meta vcard\">\n<p>Posted by <a href=\"https:\/\/ziaruldelta.ro\/author\/claudia-ionescu\/\" class=\"url fn\" title=\"Posts by Claudia Ionescu\" rel=\"author\">Claudia Ionescu<\/a> | <span class=\"updated\">Jun 30, 2026<\/span> | <a href=\"https:\/\/ziaruldelta.ro\/category\/politica-administratie\/\" rel=\"tag\">Politica &#8211; Administratie<\/a> | <\/p>\n<\/div>\n<\/div>\n<div class=\"post-thumbnail header\"><img decoding=\"async\" src=\"https:\/\/ziaruldelta.ro\/wp-content\/uploads\/2026\/06\/municipiul.jpg\" alt=\"Municipiul Tulcea prime\u015fte un grant de 50.000 de dolari pentru proiecte climatice dedicate tinerilor\"><\/div>\n<div class=\"post-wrap\">\n<div class=\"post-content entry-content\">\n<p>Tulcea a fost selectat\u0103 pentru a face parte din cele 300 de ora\u015fe care vor beneficia de Fondul pentru Ac\u0163iune Climatic\u0103 pentru Tineret (YCAF). Municipiul Tulcea va primi un grant de 50.000 de dolari \u015fi asisten\u0163\u0103 tehnic\u0103 pentru a lansa competi\u0163ii de inovare care mobilizeaz\u0103 tineri (cu v\u00e2rste \u00eentre 15 \u2013 24 de ani) s\u0103 conceap\u0103, dezvolte \u015fi implementeze solu\u0163ii climatice locale aliniate obiectivelor ora\u015felor lor.<\/p>\n<p>Ora\u015fele care reu\u015fesc s\u0103 angajeze primii 50.000 dolari \u00eentr-un an vor fi eligibile s\u0103 primeasc\u0103 \u00eenc\u0103 50.000 dolari, pentru a extinde proiectele conduse de tineri \u015fi pentru a amplifica impactul acestora.<\/p>\n<p>Municipiul Tulcea devine astfel partener la implementarea proiectului \u201eFondul pentru ac\u0163iune climatic\u0103 pentru tineret YCAF\u201d, ini\u0163iat \u015fi sus\u0163inut de Bloomberg Philanthropies \u015fi implementat la nivel global \u00een parteneriat cu Bloomberg Center for Public Innovation din cadrul Universit\u0103\u0163ii Johns Hopkins, C40 Cities Climate Leadership Group \u015fi United Cities and Local Governments, ca proiect sponsorizat fiscal de Rockefeller Philanthropy Advisors.<\/p>\n<p>Fondul pentru Ac\u0163iune Climatic\u0103 pentru Tineret YCAF reprezint\u0103, la a doua edi\u0163ie, un grup global de 300 de ora\u015fe care lucreaz\u0103 pentru a consolida modul \u00een care municipalit\u0103\u0163ile colaboreaz\u0103 cu tinerii pentru a dezvolta solu\u0163ii climatice locale. \u00cempreun\u0103, ele vor implica peste 300.000 de tineri cu v\u00e2rste \u00eentre 15 \u015fi 24 de ani \u00een cadrul programului pentru a pune aceste idei \u00een aplicare \u00een fiecare comunitate. Programul ofer\u0103 ora\u015felor instrumente pentru a identifica idei noi de la tineri, pentru a le sus\u0163ine prin granturi mici \u015fi pentru a dezvolta capacitatea de a implica tinerii \u00een promovarea priorit\u0103\u0163ilor climatice locale.<\/p>\n<\/div>\n<\/div>\n<div class=\"post-footer\">\n<div class=\"social-icons ed-social-share-icons\">\n<p class=\"share-title\">Share:<\/p>\n<\/div>\n<div class=\"rating-stars\">\n<p id=\"rate-title\" class=\"rate-title\">Rate:<\/p>\n<\/div>\n<\/div>\n<\/article>\n<div class=\"post-content entry-content\">\n<p>Tulcea a fost selectat\u0103 pentru a face parte din cele 300 de ora\u015fe care vor beneficia de Fondul pentru Ac\u0163iune Climatic\u0103 pentru Tineret (YCAF). Municipiul Tulcea va primi un grant de 50.000 de dolari \u015fi asisten\u0163\u0103 tehnic\u0103 pentru a lansa competi\u0163ii de inovare care mobilizeaz\u0103 tineri (cu v\u00e2rste \u00eentre 15 \u2013 24 de ani) s\u0103 conceap\u0103, dezvolte \u015fi implementeze solu\u0163ii climatice locale aliniate obiectivelor ora\u015felor lor.<\/p>\n<p>Ora\u015fele care reu\u015fesc s\u0103 angajeze primii 50.000 dolari \u00eentr-un an vor fi eligibile s\u0103 primeasc\u0103 \u00eenc\u0103 50.000 dolari, pentru a extinde proiectele conduse de tineri \u015fi pentru a amplifica impactul acestora.<\/p>\n<p>Municipiul Tulcea devine astfel partener la implementarea proiectului \u201eFondul pentru ac\u0163iune climatic\u0103 pentru tineret YCAF\u201d, ini\u0163iat \u015fi sus\u0163inut de Bloomberg Philanthropies \u015fi implementat la nivel global \u00een parteneriat cu Bloomberg Center for Public Innovation din cadrul Universit\u0103\u0163ii Johns Hopkins, C40 Cities Climate Leadership Group \u015fi United Cities and Local Governments, ca proiect sponsorizat fiscal de Rockefeller Philanthropy Advisors.<\/p>\n<p>Fondul pentru Ac\u0163iune Climatic\u0103 pentru Tineret YCAF reprezint\u0103, la a doua edi\u0163ie, un grup global de 300 de ora\u015fe care lucreaz\u0103 pentru a consolida modul \u00een care municipalit\u0103\u0163ile colaboreaz\u0103 cu tinerii pentru a dezvolta solu\u0163ii climatice locale. \u00cempreun\u0103, ele vor implica peste 300.000 de tineri cu v\u00e2rste \u00eentre 15 \u015fi 24 de ani \u00een cadrul programului pentru a pune aceste idei \u00een aplicare \u00een fiecare comunitate. Programul ofer\u0103 ora\u015felor instrumente pentru a identifica idei noi de la tineri, pentru a le sus\u0163ine prin granturi mici \u015fi pentru a dezvolta capacitatea de a implica tinerii \u00een promovarea priorit\u0103\u0163ilor climatice locale.<\/p>\n<\/div>\n<div class=\"post-content entry-content\">\n<p>Tulcea a fost selectat\u0103 pentru a face parte din cele 300 de ora\u015fe care vor beneficia de Fondul pentru Ac\u0163iune Climatic\u0103 pentru Tineret (YCAF). Municipiul Tulcea va primi un grant de 50.000 de dolari \u015fi asisten\u0163\u0103 tehnic\u0103 pentru a lansa competi\u0163ii de inovare care mobilizeaz\u0103 tineri (cu v\u00e2rste \u00eentre 15 \u2013 24 de ani) s\u0103 conceap\u0103, dezvolte \u015fi implementeze solu\u0163ii climatice locale aliniate obiectivelor ora\u015felor lor.<\/p>\n<p>Ora\u015fele care reu\u015fesc s\u0103 angajeze primii 50.000 dolari \u00eentr-un an vor fi eligibile s\u0103 primeasc\u0103 \u00eenc\u0103 50.000 dolari, pentru a extinde proiectele conduse de tineri \u015fi pentru a amplifica impactul acestora.<\/p>\n<p>Municipiul Tulcea devine astfel partener la implementarea proiectului \u201eFondul pentru ac\u0163iune climatic\u0103 pentru tineret YCAF\u201d, ini\u0163iat \u015fi sus\u0163inut de Bloomberg Philanthropies \u015fi implementat la nivel global \u00een parteneriat cu Bloomberg Center for Public Innovation din cadrul Universit\u0103\u0163ii Johns Hopkins, C40 Cities Climate Leadership Group \u015fi United Cities and Local Governments, ca proiect sponsorizat fiscal de Rockefeller Philanthropy Advisors.<\/p>\n<p>Fondul pentru Ac\u0163iune Climatic\u0103 pentru Tineret YCAF reprezint\u0103, la a doua edi\u0163ie, un grup global de 300 de ora\u015fe care lucreaz\u0103 pentru a consolida modul \u00een care municipalit\u0103\u0163ile colaboreaz\u0103 cu tinerii pentru a dezvolta solu\u0163ii climatice locale. \u00cempreun\u0103, ele vor implica peste 300.000 de tineri cu v\u00e2rste \u00eentre 15 \u015fi 24 de ani \u00een cadrul programului pentru a pune aceste idei \u00een aplicare \u00een fiecare comunitate. Programul ofer\u0103 ora\u015felor instrumente pentru a identifica idei noi de la tineri, pentru a le sus\u0163ine prin granturi mici \u015fi pentru a dezvolta capacitatea de a implica tinerii \u00een promovarea priorit\u0103\u0163ilor climatice locale.<\/p>\n<\/div>\n<p>[analyse_source url=&#8221;https:\/\/ziaruldelta.ro\/2026\/06\/30\/municipiul-tulcea-primeste-un-grant-de-50-000-de-dolari-pentru-proiecte-climatice-dedicate-tinerilor\/&#8221;]<\/p>\n","protected":false},"excerpt":{"rendered":"<p>[analyse_image type=&#8221;featured&#8221; src=&#8221;https:\/\/ziaruldelta.ro\/wp-content\/uploads\/2026\/06\/municipiul.jpg&#8221;] Municipiul Tulcea prime\u015fte un grant de 50.000 de dolari pentru proiecte climatice dedicate tinerilor Posted by Claudia Ionescu | Jun 30, 2026 | Politica &#8211; Administratie | Tulcea a fost selectat\u0103 pentru a face parte din cele 300 de ora\u015fe care vor beneficia de Fondul pentru Ac\u0163iune Climatic\u0103 pentru Tineret (YCAF). Municipiul [&hellip;]<\/p>\n","protected":false},"author":1,"featured_media":0,"comment_status":"open","ping_status":"","sticky":false,"template":"","format":"standard","meta":{"footnotes":""},"categories":[89],"tags":[226,206],"class_list":["post-2020979","post","type-post","status-publish","format-standard","hentry","category-romania","tag-crawlmanager","tag-ziaruldelta-ro"],"_links":{"self":[{"href":"https:\/\/analyse.optim.biz\/index.php?rest_route=\/wp\/v2\/posts\/2020979","targetHints":{"allow":["GET"]}}],"collection":[{"href":"https:\/\/analyse.optim.biz\/index.php?rest_route=\/wp\/v2\/posts"}],"about":[{"href":"https:\/\/analyse.optim.biz\/index.php?rest_route=\/wp\/v2\/types\/post"}],"author":[{"embeddable":true,"href":"https:\/\/analyse.optim.biz\/index.php?rest_route=\/wp\/v2\/users\/1"}],"replies":[{"embeddable":true,"href":"https:\/\/analyse.optim.biz\/index.php?rest_route=%2Fwp%2Fv2%2Fcomments&post=2020979"}],"version-history":[{"count":0,"href":"https:\/\/analyse.optim.biz\/index.php?rest_route=\/wp\/v2\/posts\/2020979\/revisions"}],"wp:attachment":[{"href":"https:\/\/analyse.optim.biz\/index.php?rest_route=%2Fwp%2Fv2%2Fmedia&parent=2020979"}],"wp:term":[{"taxonomy":"category","embeddable":true,"href":"https:\/\/analyse.optim.biz\/index.php?rest_route=%2Fwp%2Fv2%2Fcategories&post=2020979"},{"taxonomy":"post_tag","embeddable":true,"href":"https:\/\/analyse.optim.biz\/index.php?rest_route=%2Fwp%2Fv2%2Ftags&post=2020979"}],"curies":[{"name":"wp","href":"https:\/\/api.w.org\/{rel}","templated":true}]}}