{"id":2020976,"date":"2026-07-01T06:00:04","date_gmt":"2026-07-01T03:00:04","guid":{"rendered":"https:\/\/analyse.optim.biz\/?p=2020976"},"modified":"2026-07-01T06:00:04","modified_gmt":"2026-07-01T03:00:04","slug":"noi-lucrari-de-asfaltare-la-macin-in-urma-lucrarilor-efectuate-la-reteaua-de-utilitati-ziarul-delta-tulcea","status":"publish","type":"post","link":"https:\/\/analyse.optim.biz\/?p=2020976","title":{"rendered":"Noi lucr\u0103ri de asfaltare la M\u0103cin, \u00een urma lucr\u0103rilor efectuate la re\u0163eaua de utilit\u0103\u0163i &#8211; Ziarul Delta Tulcea"},"content":{"rendered":"<p>[analyse_image type=&#8221;featured&#8221; src=&#8221;https:\/\/ziaruldelta.ro\/wp-content\/uploads\/2026\/06\/Noi-lucrari.jpg&#8221;]<\/p>\n<article id=\"post-37255\" class=\"module single-post-module post-37255 post type-post status-publish format-standard has-post-thumbnail hentry category-politica-administratie et-has-post-format-content et_post_format-et-post-format-standard\">\n<div class=\"post-header\">\n<h1 class=\"entry-title\">Noi lucr\u0103ri de asfaltare la M\u0103cin, \u00een urma lucr\u0103rilor efectuate la re\u0163eaua de utilit\u0103\u0163i<\/h1>\n<div class=\"post-meta vcard\">\n<p>Posted by <a href=\"https:\/\/ziaruldelta.ro\/author\/nicoleta-urmuz\/\" class=\"url fn\" title=\"Posts by Nicoleta URMUZ\" rel=\"author\">Nicoleta URMUZ<\/a> | <span class=\"updated\">Jul 1, 2026<\/span> | <a href=\"https:\/\/ziaruldelta.ro\/category\/politica-administratie\/\" rel=\"tag\">Politica &#8211; Administratie<\/a> | <\/p>\n<\/div>\n<\/div>\n<div class=\"post-thumbnail header\"><img decoding=\"async\" src=\"https:\/\/ziaruldelta.ro\/wp-content\/uploads\/2026\/06\/Noi-lucrari.jpg\" alt=\"Noi lucr\u0103ri de asfaltare la M\u0103cin, \u00een urma lucr\u0103rilor efectuate la re\u0163eaua de utilit\u0103\u0163i\"><\/div>\n<div class=\"post-wrap\">\n<div class=\"post-content entry-content\">\n<p>Prim\u0103ria Ora\u015fului M\u0103cin a anun\u0163at, ieri, c\u0103 au \u00eenceput lucr\u0103rile de asfaltare pe strada I.H. R\u0103dulescu, o interven\u0163ie contractat\u0103 de SC Aquaserv Tulcea S.A., necesar\u0103 pentru refacerea carosabilului \u00een urma lucr\u0103rilor efectuate la re\u0163eaua de utilit\u0103\u0163i.<\/p>\n<p>Lucr\u0103rile sunt estimate s\u0103 dureze aproximativ dou\u0103 s\u0103pt\u0103m\u00e2ni, perioad\u0103 \u00een care locuitorii ora\u015fului sunt ruga\u0163i s\u0103 manifeste \u00een\u0163elegere pentru eventualele restric\u0163ii de circula\u0163ie \u015fi disconfortul temporar.<\/p>\n<p>\u00cen cadrul aceluia\u015fi program de interven\u0163ii, dup\u0103 finalizarea asfalt\u0103rii pe strada I.H. R\u0103dulescu, echipele vor continua cu lucr\u0103rile de repara\u0163ii pe strada Alexandru L\u0103pu\u015fneanu.<\/p>\n<blockquote>\n<p>\u201eContinu\u0103m s\u0103 urm\u0103rim refacerea infrastructurii rutiere \u00een zonele unde au fost executate lucr\u0103ri la re\u0163elele de utilit\u0103\u0163i, astfel \u00eenc\u00e2t circula\u0163ia s\u0103 se desf\u0103\u015foare \u00een condi\u0163ii c\u00e2t mai bune pentru to\u0163i participan\u0163ii la trafic. V\u0103 mul\u0163umim pentru \u00een\u0163elegere \u015fi pentru sprijinul acordat pe durata acestor lucr\u0103ri\u201d, a transmis Prim\u0103ria M\u0103cin.<\/p>\n<\/blockquote>\n<p>\u00cen paralel, administra\u0163ia local\u0103 continu\u0103 modernizarea infrastructurii rutiere.<\/p>\n<p>S\u0103pt\u0103m\u00e2na trecut\u0103, Prim\u0103ria M\u0103cin anun\u0163a c\u0103 a treia etap\u0103 de asfaltare va demara \u00eencep\u00e2nd cu data de 13 iulie \u015fi va include lucr\u0103ri ample de decopertare, asfaltare \u015fi refacere a trotuarelor \u00een mai multe zone ale localit\u0103\u0163ii.<\/p>\n<\/div>\n<\/div>\n<div class=\"post-footer\">\n<div class=\"social-icons ed-social-share-icons\">\n<p class=\"share-title\">Share:<\/p>\n<\/div>\n<div class=\"rating-stars\">\n<p id=\"rate-title\" class=\"rate-title\">Rate:<\/p>\n<\/div>\n<\/div>\n<\/article>\n<div class=\"post-content entry-content\">\n<p>Prim\u0103ria Ora\u015fului M\u0103cin a anun\u0163at, ieri, c\u0103 au \u00eenceput lucr\u0103rile de asfaltare pe strada I.H. R\u0103dulescu, o interven\u0163ie contractat\u0103 de SC Aquaserv Tulcea S.A., necesar\u0103 pentru refacerea carosabilului \u00een urma lucr\u0103rilor efectuate la re\u0163eaua de utilit\u0103\u0163i.<\/p>\n<p>Lucr\u0103rile sunt estimate s\u0103 dureze aproximativ dou\u0103 s\u0103pt\u0103m\u00e2ni, perioad\u0103 \u00een care locuitorii ora\u015fului sunt ruga\u0163i s\u0103 manifeste \u00een\u0163elegere pentru eventualele restric\u0163ii de circula\u0163ie \u015fi disconfortul temporar.<\/p>\n<p>\u00cen cadrul aceluia\u015fi program de interven\u0163ii, dup\u0103 finalizarea asfalt\u0103rii pe strada I.H. R\u0103dulescu, echipele vor continua cu lucr\u0103rile de repara\u0163ii pe strada Alexandru L\u0103pu\u015fneanu.<\/p>\n<blockquote>\n<p>\u201eContinu\u0103m s\u0103 urm\u0103rim refacerea infrastructurii rutiere \u00een zonele unde au fost executate lucr\u0103ri la re\u0163elele de utilit\u0103\u0163i, astfel \u00eenc\u00e2t circula\u0163ia s\u0103 se desf\u0103\u015foare \u00een condi\u0163ii c\u00e2t mai bune pentru to\u0163i participan\u0163ii la trafic. V\u0103 mul\u0163umim pentru \u00een\u0163elegere \u015fi pentru sprijinul acordat pe durata acestor lucr\u0103ri\u201d, a transmis Prim\u0103ria M\u0103cin.<\/p>\n<\/blockquote>\n<p>\u00cen paralel, administra\u0163ia local\u0103 continu\u0103 modernizarea infrastructurii rutiere.<\/p>\n<p>S\u0103pt\u0103m\u00e2na trecut\u0103, Prim\u0103ria M\u0103cin anun\u0163a c\u0103 a treia etap\u0103 de asfaltare va demara \u00eencep\u00e2nd cu data de 13 iulie \u015fi va include lucr\u0103ri ample de decopertare, asfaltare \u015fi refacere a trotuarelor \u00een mai multe zone ale localit\u0103\u0163ii.<\/p>\n<\/div>\n<div class=\"post-content entry-content\">\n<p>Prim\u0103ria Ora\u015fului M\u0103cin a anun\u0163at, ieri, c\u0103 au \u00eenceput lucr\u0103rile de asfaltare pe strada I.H. R\u0103dulescu, o interven\u0163ie contractat\u0103 de SC Aquaserv Tulcea S.A., necesar\u0103 pentru refacerea carosabilului \u00een urma lucr\u0103rilor efectuate la re\u0163eaua de utilit\u0103\u0163i.<\/p>\n<p>Lucr\u0103rile sunt estimate s\u0103 dureze aproximativ dou\u0103 s\u0103pt\u0103m\u00e2ni, perioad\u0103 \u00een care locuitorii ora\u015fului sunt ruga\u0163i s\u0103 manifeste \u00een\u0163elegere pentru eventualele restric\u0163ii de circula\u0163ie \u015fi disconfortul temporar.<\/p>\n<p>\u00cen cadrul aceluia\u015fi program de interven\u0163ii, dup\u0103 finalizarea asfalt\u0103rii pe strada I.H. R\u0103dulescu, echipele vor continua cu lucr\u0103rile de repara\u0163ii pe strada Alexandru L\u0103pu\u015fneanu.<\/p>\n<blockquote>\n<p>\u201eContinu\u0103m s\u0103 urm\u0103rim refacerea infrastructurii rutiere \u00een zonele unde au fost executate lucr\u0103ri la re\u0163elele de utilit\u0103\u0163i, astfel \u00eenc\u00e2t circula\u0163ia s\u0103 se desf\u0103\u015foare \u00een condi\u0163ii c\u00e2t mai bune pentru to\u0163i participan\u0163ii la trafic. V\u0103 mul\u0163umim pentru \u00een\u0163elegere \u015fi pentru sprijinul acordat pe durata acestor lucr\u0103ri\u201d, a transmis Prim\u0103ria M\u0103cin.<\/p>\n<\/blockquote>\n<p>\u00cen paralel, administra\u0163ia local\u0103 continu\u0103 modernizarea infrastructurii rutiere.<\/p>\n<p>S\u0103pt\u0103m\u00e2na trecut\u0103, Prim\u0103ria M\u0103cin anun\u0163a c\u0103 a treia etap\u0103 de asfaltare va demara \u00eencep\u00e2nd cu data de 13 iulie \u015fi va include lucr\u0103ri ample de decopertare, asfaltare \u015fi refacere a trotuarelor \u00een mai multe zone ale localit\u0103\u0163ii.<\/p>\n<\/div>\n<p>[analyse_source url=&#8221;https:\/\/ziaruldelta.ro\/2026\/07\/01\/noi-lucrari-de-asfaltare-la-macin-in-urma-lucrarilor-efectuate-la-reteaua-de-utilitati\/&#8221;]<\/p>\n","protected":false},"excerpt":{"rendered":"<p>[analyse_image type=&#8221;featured&#8221; src=&#8221;https:\/\/ziaruldelta.ro\/wp-content\/uploads\/2026\/06\/Noi-lucrari.jpg&#8221;] Noi lucr\u0103ri de asfaltare la M\u0103cin, \u00een urma lucr\u0103rilor efectuate la re\u0163eaua de utilit\u0103\u0163i Posted by Nicoleta URMUZ | Jul 1, 2026 | Politica &#8211; Administratie | Prim\u0103ria Ora\u015fului M\u0103cin a anun\u0163at, ieri, c\u0103 au \u00eenceput lucr\u0103rile de asfaltare pe strada I.H. R\u0103dulescu, o interven\u0163ie contractat\u0103 de SC Aquaserv Tulcea S.A., necesar\u0103 [&hellip;]<\/p>\n","protected":false},"author":1,"featured_media":0,"comment_status":"open","ping_status":"","sticky":false,"template":"","format":"standard","meta":{"footnotes":""},"categories":[89],"tags":[226,206],"class_list":["post-2020976","post","type-post","status-publish","format-standard","hentry","category-romania","tag-crawlmanager","tag-ziaruldelta-ro"],"_links":{"self":[{"href":"https:\/\/analyse.optim.biz\/index.php?rest_route=\/wp\/v2\/posts\/2020976","targetHints":{"allow":["GET"]}}],"collection":[{"href":"https:\/\/analyse.optim.biz\/index.php?rest_route=\/wp\/v2\/posts"}],"about":[{"href":"https:\/\/analyse.optim.biz\/index.php?rest_route=\/wp\/v2\/types\/post"}],"author":[{"embeddable":true,"href":"https:\/\/analyse.optim.biz\/index.php?rest_route=\/wp\/v2\/users\/1"}],"replies":[{"embeddable":true,"href":"https:\/\/analyse.optim.biz\/index.php?rest_route=%2Fwp%2Fv2%2Fcomments&post=2020976"}],"version-history":[{"count":0,"href":"https:\/\/analyse.optim.biz\/index.php?rest_route=\/wp\/v2\/posts\/2020976\/revisions"}],"wp:attachment":[{"href":"https:\/\/analyse.optim.biz\/index.php?rest_route=%2Fwp%2Fv2%2Fmedia&parent=2020976"}],"wp:term":[{"taxonomy":"category","embeddable":true,"href":"https:\/\/analyse.optim.biz\/index.php?rest_route=%2Fwp%2Fv2%2Fcategories&post=2020976"},{"taxonomy":"post_tag","embeddable":true,"href":"https:\/\/analyse.optim.biz\/index.php?rest_route=%2Fwp%2Fv2%2Ftags&post=2020976"}],"curies":[{"name":"wp","href":"https:\/\/api.w.org\/{rel}","templated":true}]}}