{"id":2020325,"date":"2026-06-30T22:06:38","date_gmt":"2026-06-30T19:06:38","guid":{"rendered":"https:\/\/analyse.optim.biz\/?p=2020325"},"modified":"2026-06-30T22:06:38","modified_gmt":"2026-06-30T19:06:38","slug":"la-tulcea-s-a-inaugurat-monumentul-dedicat-lui-stefan-karadzha-in-prezenta-ambasadorului-bulgariei","status":"publish","type":"post","link":"https:\/\/analyse.optim.biz\/?p=2020325","title":{"rendered":"La Tulcea s-a inaugurat monumentul dedicat lui Stefan Karadzha \u00een prezen\u021ba ambasadorului Bulgariei"},"content":{"rendered":"<p>[analyse_image type=&#8221;featured&#8221; src=&#8221;https:\/\/dobrogeanews.b-cdn.net\/wp-content\/uploads\/2026\/07\/ceremonial-dezvelire-bust-Stefan-Karadzha1.jpg&#8221;]<\/p>\n<div id=\"post-71608\" class=\"entry single-default post-71608 post type-post status-publish format-standard has-post-thumbnail hentry category-actualitate\">\n<p>La Tulcea s-a inaugurat monumentul dedicat revolu\u021bionarului bulgar, Stefan Karadzha, \u0219i s-a scris  o nou\u0103 pagin\u0103 din istoria multicultural\u0103 a ora\u0219ului. Festivitatea a avut loc \u00een Parcul Pia\u021ba Sf\u00e2ntul Gheorghe la care au participat reprezentan\u021bi ai autorit\u0103\u021bilor din Rom\u00e2nia \u0219i Bulgaria, ai corpului diplomatic, ai institu\u021biilor publice \u0219i ai comunit\u0103\u021bii bulgare. La ceremonie a fost prezent Excelen\u021ba Sa Radko VLAYKOV, Ambasadorul Republicii Bulgaria \u00een Rom\u00e2nia.<\/p>\n<figure class=\"wp-block-image size-full is-resized\">\n<source type=\"image\/webp\" data-lazy-srcset=\"https:\/\/dobrogeanews.b-cdn.net\/wp-content\/uploads\/2026\/07\/ceremonial-dezvelire-bust-Stefan-Karadzha1.jpg.webp 2520w, https:\/\/dobrogeanews.b-cdn.net\/wp-content\/uploads\/2026\/07\/ceremonial-dezvelire-bust-Stefan-Karadzha1-300x148.jpg.webp 300w, https:\/\/dobrogeanews.b-cdn.net\/wp-content\/uploads\/2026\/07\/ceremonial-dezvelire-bust-Stefan-Karadzha1-1024x504.jpg.webp 1024w, https:\/\/dobrogeanews.b-cdn.net\/wp-content\/uploads\/2026\/07\/ceremonial-dezvelire-bust-Stefan-Karadzha1-768x378.jpg.webp 768w, https:\/\/dobrogeanews.b-cdn.net\/wp-content\/uploads\/2026\/07\/ceremonial-dezvelire-bust-Stefan-Karadzha1-1536x756.jpg.webp 1536w, https:\/\/dobrogeanews.b-cdn.net\/wp-content\/uploads\/2026\/07\/ceremonial-dezvelire-bust-Stefan-Karadzha1-2048x1008.jpg.webp 2048w\" sizes=\"(max-width: 630px) 100vw, 630px\" \/><br \/>\n<img loading=\"lazy\" decoding=\"async\" src=\"https:\/\/dobrogeanews.b-cdn.net\/wp-content\/uploads\/2026\/07\/ceremonial-dezvelire-bust-Stefan-Karadzha1.jpg\" alt=\"\" width=\"630\" height=\"310\"><\/figure>\n<p>\u201e\u0218tefan Karadzha a locuit \u00een Tulcea \u00eentre anii 1854 \u0219i 1862, perioad\u0103 care a avut un rol important \u00een formarea sa. Prin acest monument, readucem \u00een aten\u021bia comunit\u0103\u021bii o parte din istoria comun\u0103 rom\u00e2no-bulgar\u0103 \u0219i contribu\u021bia comunit\u0103\u021bilor care au construit, de-a lungul timpului, identitatea multicultural\u0103 a Tulcei. <\/p>\n<p>La ceremonia de inaugurare au participat reprezentan\u021bi ai autorit\u0103\u021bilor din Rom\u00e2nia \u0219i Bulgaria, ai corpului diplomatic, ai institu\u021biilor publice \u0219i ai comunit\u0103\u021bii bulgare. Ne-am bucurat de prezen\u021ba Excelen\u021bei Sale Radko VLAYKOV, Ambasadorul Republicii Bulgaria \u00een Rom\u00e2nia, precum \u0219i a delega\u021biilor oficiale din cele dou\u0103 \u021b\u0103ri.<\/p>\n<p>Continu\u0103m s\u0103 punem \u00een valoare patrimoniul \u0219i pove\u0219tile comunit\u0103\u021bilor care au contribuit la identitatea ora\u0219ului nostru \u0219i s\u0103 dezvolt\u0103m noi proiecte comune cu partenerii no\u0219tri din Republica Bulgaria\u201d a declarat \u0218tefan Ilie, primarul Municipiului Tulcea.<\/p>\n<figure class=\"wp-block-image size-full is-resized\">\n<source type=\"image\/webp\" data-lazy-srcset=\"https:\/\/dobrogeanews.b-cdn.net\/wp-content\/uploads\/2026\/07\/ceremonial-dezvelire-bust-Stefan-Karadzha2.jpg.webp 2560w, https:\/\/dobrogeanews.b-cdn.net\/wp-content\/uploads\/2026\/07\/ceremonial-dezvelire-bust-Stefan-Karadzha2-300x246.jpg.webp 300w, https:\/\/dobrogeanews.b-cdn.net\/wp-content\/uploads\/2026\/07\/ceremonial-dezvelire-bust-Stefan-Karadzha2-1024x840.jpg.webp 1024w, https:\/\/dobrogeanews.b-cdn.net\/wp-content\/uploads\/2026\/07\/ceremonial-dezvelire-bust-Stefan-Karadzha2-768x630.jpg.webp 768w, https:\/\/dobrogeanews.b-cdn.net\/wp-content\/uploads\/2026\/07\/ceremonial-dezvelire-bust-Stefan-Karadzha2-1536x1260.jpg.webp 1536w, https:\/\/dobrogeanews.b-cdn.net\/wp-content\/uploads\/2026\/07\/ceremonial-dezvelire-bust-Stefan-Karadzha2-2048x1680.jpg.webp 2048w\" sizes=\"(max-width: 640px) 100vw, 640px\" \/><br \/>\n<img loading=\"lazy\" decoding=\"async\" src=\"https:\/\/dobrogeanews.b-cdn.net\/wp-content\/uploads\/2026\/07\/ceremonial-dezvelire-bust-Stefan-Karadzha2.jpg\" alt=\"\" width=\"640\" height=\"525\"><\/figure>\n<p>Evenimentul a \u00eenceput la sediul Prim\u0103riei Municipiului Tulcea, unde primarul \u0218tefan ILIE i-a \u00eenm\u00e2nat Excelen\u021bei Sale Radko VLAYKOV, Ambasadorul Republicii Bulgaria \u00een Rom\u00e2nia, Cheia Municipiului Tulcea, ca simbol al prieteniei \u0219i colabor\u0103rii dintre comunit\u0103\u021bile noastre.<\/p>\n<p>Ceremonia din Parcul Pia\u021ba Sf\u00e2ntul Gheorghe a inclus intonarea imnurilor Rom\u00e2niei, Bulgariei \u0219i Uniunii Europene, interpretate live de membrii orchestrei Ansamblul Baladele Deltei, dezvelirea monumentului \u0219i o slujb\u0103 religioas\u0103 oficiat\u0103 de reprezentan\u021bi ai Episcopiei Tulcii \u0219i ai Patriarhiei Bulgare.<\/p>\n<p>Monumentul a fost realizat \u00een cadrul parteneriatului dintre Municipiul Tulcea \u0219i Ambasada Republicii Bulgaria \u00een Rom\u00e2nia, aceasta din urm\u0103 asigur\u00e2nd realizarea \u0219i finan\u021barea lucr\u0103rii.<\/p>\n<\/div>\n<div id=\"post-71608\" class=\"entry single-default post-71608 post type-post status-publish format-standard has-post-thumbnail hentry category-actualitate\">\n<p>La Tulcea s-a inaugurat monumentul dedicat revolu\u021bionarului bulgar, Stefan Karadzha, \u0219i s-a scris  o nou\u0103 pagin\u0103 din istoria multicultural\u0103 a ora\u0219ului. Festivitatea a avut loc \u00een Parcul Pia\u021ba Sf\u00e2ntul Gheorghe la care au participat reprezentan\u021bi ai autorit\u0103\u021bilor din Rom\u00e2nia \u0219i Bulgaria, ai corpului diplomatic, ai institu\u021biilor publice \u0219i ai comunit\u0103\u021bii bulgare. La ceremonie a fost prezent Excelen\u021ba Sa Radko VLAYKOV, Ambasadorul Republicii Bulgaria \u00een Rom\u00e2nia.<\/p>\n<figure class=\"wp-block-image size-full is-resized\">\n<source type=\"image\/webp\" data-lazy-srcset=\"https:\/\/dobrogeanews.b-cdn.net\/wp-content\/uploads\/2026\/07\/ceremonial-dezvelire-bust-Stefan-Karadzha1.jpg.webp 2520w, https:\/\/dobrogeanews.b-cdn.net\/wp-content\/uploads\/2026\/07\/ceremonial-dezvelire-bust-Stefan-Karadzha1-300x148.jpg.webp 300w, https:\/\/dobrogeanews.b-cdn.net\/wp-content\/uploads\/2026\/07\/ceremonial-dezvelire-bust-Stefan-Karadzha1-1024x504.jpg.webp 1024w, https:\/\/dobrogeanews.b-cdn.net\/wp-content\/uploads\/2026\/07\/ceremonial-dezvelire-bust-Stefan-Karadzha1-768x378.jpg.webp 768w, https:\/\/dobrogeanews.b-cdn.net\/wp-content\/uploads\/2026\/07\/ceremonial-dezvelire-bust-Stefan-Karadzha1-1536x756.jpg.webp 1536w, https:\/\/dobrogeanews.b-cdn.net\/wp-content\/uploads\/2026\/07\/ceremonial-dezvelire-bust-Stefan-Karadzha1-2048x1008.jpg.webp 2048w\" sizes=\"(max-width: 630px) 100vw, 630px\" \/><br \/>\n<img loading=\"lazy\" decoding=\"async\" src=\"https:\/\/dobrogeanews.b-cdn.net\/wp-content\/uploads\/2026\/07\/ceremonial-dezvelire-bust-Stefan-Karadzha1.jpg\" alt=\"\" width=\"630\" height=\"310\"><\/figure>\n<p>\u201e\u0218tefan Karadzha a locuit \u00een Tulcea \u00eentre anii 1854 \u0219i 1862, perioad\u0103 care a avut un rol important \u00een formarea sa. Prin acest monument, readucem \u00een aten\u021bia comunit\u0103\u021bii o parte din istoria comun\u0103 rom\u00e2no-bulgar\u0103 \u0219i contribu\u021bia comunit\u0103\u021bilor care au construit, de-a lungul timpului, identitatea multicultural\u0103 a Tulcei. <\/p>\n<p>La ceremonia de inaugurare au participat reprezentan\u021bi ai autorit\u0103\u021bilor din Rom\u00e2nia \u0219i Bulgaria, ai corpului diplomatic, ai institu\u021biilor publice \u0219i ai comunit\u0103\u021bii bulgare. Ne-am bucurat de prezen\u021ba Excelen\u021bei Sale Radko VLAYKOV, Ambasadorul Republicii Bulgaria \u00een Rom\u00e2nia, precum \u0219i a delega\u021biilor oficiale din cele dou\u0103 \u021b\u0103ri.<\/p>\n<p>Continu\u0103m s\u0103 punem \u00een valoare patrimoniul \u0219i pove\u0219tile comunit\u0103\u021bilor care au contribuit la identitatea ora\u0219ului nostru \u0219i s\u0103 dezvolt\u0103m noi proiecte comune cu partenerii no\u0219tri din Republica Bulgaria\u201d a declarat \u0218tefan Ilie, primarul Municipiului Tulcea.<\/p>\n<figure class=\"wp-block-image size-full is-resized\">\n<source type=\"image\/webp\" data-lazy-srcset=\"https:\/\/dobrogeanews.b-cdn.net\/wp-content\/uploads\/2026\/07\/ceremonial-dezvelire-bust-Stefan-Karadzha2.jpg.webp 2560w, https:\/\/dobrogeanews.b-cdn.net\/wp-content\/uploads\/2026\/07\/ceremonial-dezvelire-bust-Stefan-Karadzha2-300x246.jpg.webp 300w, https:\/\/dobrogeanews.b-cdn.net\/wp-content\/uploads\/2026\/07\/ceremonial-dezvelire-bust-Stefan-Karadzha2-1024x840.jpg.webp 1024w, https:\/\/dobrogeanews.b-cdn.net\/wp-content\/uploads\/2026\/07\/ceremonial-dezvelire-bust-Stefan-Karadzha2-768x630.jpg.webp 768w, https:\/\/dobrogeanews.b-cdn.net\/wp-content\/uploads\/2026\/07\/ceremonial-dezvelire-bust-Stefan-Karadzha2-1536x1260.jpg.webp 1536w, https:\/\/dobrogeanews.b-cdn.net\/wp-content\/uploads\/2026\/07\/ceremonial-dezvelire-bust-Stefan-Karadzha2-2048x1680.jpg.webp 2048w\" sizes=\"(max-width: 640px) 100vw, 640px\" \/><br \/>\n<img loading=\"lazy\" decoding=\"async\" src=\"https:\/\/dobrogeanews.b-cdn.net\/wp-content\/uploads\/2026\/07\/ceremonial-dezvelire-bust-Stefan-Karadzha2.jpg\" alt=\"\" width=\"640\" height=\"525\"><\/figure>\n<p>Evenimentul a \u00eenceput la sediul Prim\u0103riei Municipiului Tulcea, unde primarul \u0218tefan ILIE i-a \u00eenm\u00e2nat Excelen\u021bei Sale Radko VLAYKOV, Ambasadorul Republicii Bulgaria \u00een Rom\u00e2nia, Cheia Municipiului Tulcea, ca simbol al prieteniei \u0219i colabor\u0103rii dintre comunit\u0103\u021bile noastre.<\/p>\n<p>Ceremonia din Parcul Pia\u021ba Sf\u00e2ntul Gheorghe a inclus intonarea imnurilor Rom\u00e2niei, Bulgariei \u0219i Uniunii Europene, interpretate live de membrii orchestrei Ansamblul Baladele Deltei, dezvelirea monumentului \u0219i o slujb\u0103 religioas\u0103 oficiat\u0103 de reprezentan\u021bi ai Episcopiei Tulcii \u0219i ai Patriarhiei Bulgare.<\/p>\n<p>Monumentul a fost realizat \u00een cadrul parteneriatului dintre Municipiul Tulcea \u0219i Ambasada Republicii Bulgaria \u00een Rom\u00e2nia, aceasta din urm\u0103 asigur\u00e2nd realizarea \u0219i finan\u021barea lucr\u0103rii.<\/p>\n<\/div>\n<p>[analyse_source url=&#8221;https:\/\/www.dobrogeanews.ro\/la-tulcea-s-a-inaugurat-monumentul-dedicat-lui-stefan-karadzha-in-prezenta-ambasadorului-bulgariei\/&#8221;]<\/p>\n","protected":false},"excerpt":{"rendered":"<p>[analyse_image type=&#8221;featured&#8221; src=&#8221;https:\/\/dobrogeanews.b-cdn.net\/wp-content\/uploads\/2026\/07\/ceremonial-dezvelire-bust-Stefan-Karadzha1.jpg&#8221;] La Tulcea s-a inaugurat monumentul dedicat revolu\u021bionarului bulgar, Stefan Karadzha, \u0219i s-a scris o nou\u0103 pagin\u0103 din istoria multicultural\u0103 a ora\u0219ului. Festivitatea a avut loc \u00een Parcul Pia\u021ba Sf\u00e2ntul Gheorghe la care au participat reprezentan\u021bi ai autorit\u0103\u021bilor din Rom\u00e2nia \u0219i Bulgaria, ai corpului diplomatic, ai institu\u021biilor publice \u0219i ai comunit\u0103\u021bii bulgare. La [&hellip;]<\/p>\n","protected":false},"author":1,"featured_media":0,"comment_status":"open","ping_status":"","sticky":false,"template":"","format":"standard","meta":{"footnotes":""},"categories":[89],"tags":[226,223],"class_list":["post-2020325","post","type-post","status-publish","format-standard","hentry","category-romania","tag-crawlmanager","tag-dobrogeanews-ro"],"_links":{"self":[{"href":"https:\/\/analyse.optim.biz\/index.php?rest_route=\/wp\/v2\/posts\/2020325","targetHints":{"allow":["GET"]}}],"collection":[{"href":"https:\/\/analyse.optim.biz\/index.php?rest_route=\/wp\/v2\/posts"}],"about":[{"href":"https:\/\/analyse.optim.biz\/index.php?rest_route=\/wp\/v2\/types\/post"}],"author":[{"embeddable":true,"href":"https:\/\/analyse.optim.biz\/index.php?rest_route=\/wp\/v2\/users\/1"}],"replies":[{"embeddable":true,"href":"https:\/\/analyse.optim.biz\/index.php?rest_route=%2Fwp%2Fv2%2Fcomments&post=2020325"}],"version-history":[{"count":0,"href":"https:\/\/analyse.optim.biz\/index.php?rest_route=\/wp\/v2\/posts\/2020325\/revisions"}],"wp:attachment":[{"href":"https:\/\/analyse.optim.biz\/index.php?rest_route=%2Fwp%2Fv2%2Fmedia&parent=2020325"}],"wp:term":[{"taxonomy":"category","embeddable":true,"href":"https:\/\/analyse.optim.biz\/index.php?rest_route=%2Fwp%2Fv2%2Fcategories&post=2020325"},{"taxonomy":"post_tag","embeddable":true,"href":"https:\/\/analyse.optim.biz\/index.php?rest_route=%2Fwp%2Fv2%2Ftags&post=2020325"}],"curies":[{"name":"wp","href":"https:\/\/api.w.org\/{rel}","templated":true}]}}