{"id":2019566,"date":"2026-06-30T16:06:51","date_gmt":"2026-06-30T13:06:51","guid":{"rendered":"https:\/\/analyse.optim.biz\/?p=2019566"},"modified":"2026-06-30T16:06:51","modified_gmt":"2026-06-30T13:06:51","slug":"23-de-unitati-scolare-din-judetul-suceava-au-procent-de-promovabilitate-de-100-la-evaluarea-nationala","status":"publish","type":"post","link":"https:\/\/analyse.optim.biz\/?p=2019566","title":{"rendered":"23 de unit\u0103\u021bi \u0219colare din jude\u021bul Suceava au procent de promovabilitate de 100% la Evaluarea Na\u021bional\u0103 &#8211;"},"content":{"rendered":"<p>[analyse_image type=&#8221;featured&#8221; src=&#8221;https:\/\/www.informatiata.ro\/wp-content\/uploads\/2026\/06\/final-EN.jpg&#8221;]<\/p>\n<div class=\"td-post-content tagdiv-type\">\n<div class=\"td-post-featured-image\"><a href=\"https:\/\/www.informatiata.ro\/wp-content\/uploads\/2026\/06\/final-EN.jpg\" data-caption><img loading=\"lazy\" decoding=\"async\" width=\"696\" height=\"496\" class=\"entry-thumb td-modal-image\" src=\"https:\/\/www.informatiata.ro\/wp-content\/uploads\/2026\/06\/final-EN-696x496.jpg\" alt title=\"final EN\"><img loading=\"lazy\" decoding=\"async\" width=\"696\" height=\"496\" class=\"entry-thumb td-modal-image\" src=\"https:\/\/www.informatiata.ro\/wp-content\/uploads\/2026\/06\/final-EN-696x496.jpg\" alt title=\"final EN\"><\/a><\/div>\n<p>Inspectoratul \u0218colar Jude\u021bean Suceava a centralizat rezultatele \u00eenregistrate la Evaluarea Na\u021bional\u0103\u00a0ale absolven\u021bilor clasei a VIII-a (\u00eenainte de contesta\u021bii), sesiunea 2026.\u00a0<br \/>\nSitua\u021bia statistic\u0103 general\u0103 arat\u0103 c\u0103\u00a0dintre cei 6192 candida\u021bi \u00eenscri\u0219i, au fost prezen\u021bi la limba \u0219i literatura rom\u00e2n\u0103 5972 prezen\u021bi (96.4%), iar la matematic\u0103 au fost prezen\u021bi 5963 (96,3%).<\/p>\n<p> Procentul\u00a0de promovare a candida\u021bilor\u00a0care au ob\u021binut medii mai mari sau egale cu 5 (cinci) este 83,3 % (locul IV \u00een ierarhia na\u021bional\u0103, dup\u0103 municipiul Bucure\u0219ti, jude\u021bul Cluj \u0219i jude\u021bul Prahova). <\/p>\n<div class=\"td-a-rec td-a-rec-id-content_inlineright  tdi_7 td_block_template_1\"><img loading=\"lazy\" decoding=\"async\" class=\"aligncenter size-full wp-image-65495\" src=\"https:\/\/www.informatiata.ro\/wp-content\/uploads\/2026\/06\/SAVCOM-29.06-05.07.gif\" alt width=\"299\" height=\"250\"><img loading=\"lazy\" decoding=\"async\" class=\"aligncenter size-full wp-image-65495\" src=\"https:\/\/www.informatiata.ro\/wp-content\/uploads\/2026\/06\/SAVCOM-29.06-05.07.gif\" alt width=\"299\" height=\"250\"><img loading=\"lazy\" decoding=\"async\" class=\"aligncenter size-full wp-image-65494\" src=\"https:\/\/www.informatiata.ro\/wp-content\/uploads\/2026\/06\/FACOS-29.06-05.07.gif\" alt width=\"300\" height=\"250\"><img loading=\"lazy\" decoding=\"async\" class=\"aligncenter size-full wp-image-65494\" src=\"https:\/\/www.informatiata.ro\/wp-content\/uploads\/2026\/06\/FACOS-29.06-05.07.gif\" alt width=\"300\" height=\"250\"><\/div>\n<p>Procentul de promovare la nivel na\u021bional a fost de 79%.<\/p>\n<p>Niciun elev din jude\u021bul Suceava nu a promovat examenul de evaluare na\u021bional\u0103 la clasa a VIII-a cu media 10.<br \/>\nLa limba \u0219i literature rom\u00e2n\u0103 s-au \u00eenregistrat 6 note de 10 \u0219i 3 note de 10 la matematic\u0103.<\/p>\n<p>La nivel national s-au ob\u021binut 7 medii de 10.<\/p>\n<p>\tDate statistice:<br \/>\n426  candida\u021bi au ob\u021binut medii \u00eentre 5- 5,49  (7,6%)<br \/>\n503 candida\u021bi au ob\u021binut medii \u00eentre 5,50 \u2013 6.00 (8,8%)<br \/>\n571 candida\u021bi au ob\u021binut medii \u00eentre 6.00 \u2013 6,49 (10,1%)<br \/>\n599 candida\u021bi au ob\u021binut medii \u00eentre 6, 50 \u2013 6,99 (9,3 %)<br \/>\n687 candida\u021bi au ob\u021binut medii \u00eentre 7,00 \u2013 7,49  (9,4 %)<br \/>\n630 candida\u021bi au ob\u021binut medii \u00eentre 7,50 \u2013  7,99 (10,2 %)<br \/>\n634 candida\u021bi au ob\u021binut medii \u00eentre 8,00 \u2013 8,49 (10,1 %)<br \/>\n612 candida\u021bi au ob\u021binut medii \u00eentre 8, 50 \u2013 8,99 (9,4 %)<br \/>\n508 candida\u021bi au ob\u021binut medii \u00eentre 9,00 \u2013 9,49 (6,8 %)<br \/>\n174 candida\u021bi au ob\u021binut medii \u00eentre 9,50 \u2013 9,99 (1,7%)<\/p>\n<p>993 candida\u021bi au ob\u021binut note mai mici de 5 (16,7%).<\/p>\n<p>23 de unit\u0103\u021bi \u0219colare au procentul de promovare de 100%. Acestea sunt:<br \/>\nColegiul Na\u021bional \u201eEudoxiu Hurmuzachi\u201d R\u0103d\u0103u\u021bi<\/p>\n<p>Colegiul Na\u021bional \u201eNicu Gane\u201d F\u0103lticeni<\/p>\n<p>Colegiul Na\u021bional \u201ePetru Rare\u0219\u201d Suceava<\/p>\n<p>Colegiul Na\u021bional \u201e\u0218tefan cel Mare\u201d Suceava<\/p>\n<p>Colegiul Tehnic \u201eLa\u021bcu Vod\u0103\u201d Siret<\/p>\n<p>Liceul \u201eNatanael\u201d Suceava<\/p>\n<p>Liceul Tehnologic Special Bivol\u0103ria<\/p>\n<p>\u0218coala Gimnazial\u0103 \u201eBogdan Vod\u0103\u201d R\u0103d\u0103u\u021bi<\/p>\n<p>\u0218coala Gimnazial\u0103 Cioc\u0103ne\u0219ti<\/p>\n<p>\u0218coala Gimnazial\u0103 Co\u0219na<\/p>\n<p>\u0218coala Gimnazial\u0103 Falc\u0103u<\/p>\n<p>\u0218coala Gimnazial\u0103 \u201eIoan B\u0103ncescu\u201d Ad\u00e2ncata<\/p>\n<p>\u0218coala Gimnazial\u0103 \u201eIoan Ciurea\u201d F\u0103lticeni<\/p>\n<p>\u0218coala Gimnazial\u0103 \u201eIon Aflorei\u201d Izvoarele Sucevei<\/p>\n<p>\u0218coala Gimnazial\u0103 \u201eKrystyna Bochenek\u201d Poiana Micului<\/p>\n<p>\u0218coala Gimnazial\u0103 \u201eLiviu Suhar\u201d Iacobeni<\/p>\n<p>\u0218coala Gimnazial\u0103 Lupcina<\/p>\n<p>\u0218coala Gimnazial\u0103 Nr. 1 Gura Humorului<\/p>\n<p>\u0218coala Gimnazial\u0103 Nr. 1 Vatra Dornei<\/p>\n<p>\u0218coala Gimnazial\u0103 Panaci<\/p>\n<p>\u0218coala Gimnazial\u0103 Poiana Stampei<\/p>\n<p>\u0218coala Gimnazial\u0103 \u201ePopinceanu Nicolae\u201d Mihoveni<\/p>\n<p>\u0218coala Gimnazial\u0103 \u201e\u0218tefan cel Mare\u201d C\u00e2rlibaba<\/p>\n<p>7 unit\u0103\u021bi \u0219colare au procente de promovare sub 30%:<br \/>\n\u0218coala Gimnazial\u0103 \u201e\u00cenv\u0103\u021b\u0103tor Gheorghe R\u0103d\u0103\u0219anu\u201d Bogata<\/p>\n<p>\u0218coala Gimnazial\u0103 Moara Carp<\/p>\n<p>\u0218coala Gimnazial\u0103 Gulia<\/p>\n<p>\u0218coala Gimnazial\u0103 Budeni<\/p>\n<p>\u0218coala Gimnazial\u0103 Sf\u00e2ntu Ilie<\/p>\n<p>\u0218coala Gimnazial\u0103 \u201eDimitrie P\u0103curariu\u201d \u0218cheia<\/p>\n<p>\u0218coala Gimnazial\u0103 Nr. 2 Fr\u0103t\u0103u\u021bii Noi<\/p>\n<p>Rezultatele au fost afi\u0219ate\/publicate\u00a0pe baza codului unic alocat \u0219i comunicat fiec\u0103rui candidat,\u00a0\u00een acord cu prevederile specifice\u00a0din\u00a0Regulamentul general privind protec\u021bia datelor personale (GDPR).<\/p>\n<p>Lucr\u0103rile scrise pot fi vizualizate \u0219i eventuale contesta\u021bii pot fi depuse conform calendarului aprobat: Vizualizarea lucr\u0103rilor \u0219i depunerea contesta\u021biilor au loc \u00een data\u00a0de 1 iulie, \u00een intervalul orar 14:00 \u2013 18:00, respectiv \u00een zilele de 2 \u0219i 3 iulie, conform calendarului aprobat.<br \/>\nLa vizualizarea lucr\u0103rii\/lucr\u0103rilor, elevii trebuie s\u0103 fie \u00eenso\u021bi\u021bi obligatoriu de un p\u0103rinte\/reprezentant legal.<\/p>\n<p>Depunerea contesta\u021biilor nu este condi\u021bionat\u0103 de vizualizarea lucr\u0103rilor. \u00cen egal\u0103 m\u0103sur\u0103, vizualizarea lucr\u0103rilor nu oblig\u0103 la depunerea unei\/unor contesta\u021bii. \u00cen situa\u021bia \u00een care se opteaz\u0103 pentru contestarea notei\/notelor, elevii completeaz\u0103, semneaz\u0103 \u0219i depun\/transmit \u0219i o declara\u021bie-tip \u00een care se men\u021bioneaz\u0103 c\u0103 sunt informa\u021bi cu privire la faptul c\u0103 nota rezultat\u0103 \u00een urma reevalu\u0103rii poate modifica nota ini\u021bial\u0103, prin cre\u0219tere sau descre\u0219tere, dup\u0103 caz. Documentele sunt semnate \u0219i de c\u0103tre p\u0103rin\u021bii\/reprezentan\u021bii legali ai elevilor.<\/p>\n<p>Rezultatele finale vor fi afi\u0219ate miercuri, 8 iulie.<\/p>\n<\/div>\n<p>[analyse_source url=&#8221;https:\/\/www.informatiata.ro\/rezultate-evaluare-nationala-suceava-2026\/&#8221;]<\/p>\n","protected":false},"excerpt":{"rendered":"<p>[analyse_image type=&#8221;featured&#8221; src=&#8221;https:\/\/www.informatiata.ro\/wp-content\/uploads\/2026\/06\/final-EN.jpg&#8221;] Inspectoratul \u0218colar Jude\u021bean Suceava a centralizat rezultatele \u00eenregistrate la Evaluarea Na\u021bional\u0103\u00a0ale absolven\u021bilor clasei a VIII-a (\u00eenainte de contesta\u021bii), sesiunea 2026.\u00a0 Situa\u021bia statistic\u0103 general\u0103 arat\u0103 c\u0103\u00a0dintre cei 6192 candida\u021bi \u00eenscri\u0219i, au fost prezen\u021bi la limba \u0219i literatura rom\u00e2n\u0103 5972 prezen\u021bi (96.4%), iar la matematic\u0103 au fost prezen\u021bi 5963 (96,3%). Procentul\u00a0de promovare a candida\u021bilor\u00a0care [&hellip;]<\/p>\n","protected":false},"author":1,"featured_media":0,"comment_status":"open","ping_status":"","sticky":false,"template":"","format":"standard","meta":{"footnotes":""},"categories":[89],"tags":[226,167],"class_list":["post-2019566","post","type-post","status-publish","format-standard","hentry","category-romania","tag-crawlmanager","tag-informatiata-ro"],"_links":{"self":[{"href":"https:\/\/analyse.optim.biz\/index.php?rest_route=\/wp\/v2\/posts\/2019566","targetHints":{"allow":["GET"]}}],"collection":[{"href":"https:\/\/analyse.optim.biz\/index.php?rest_route=\/wp\/v2\/posts"}],"about":[{"href":"https:\/\/analyse.optim.biz\/index.php?rest_route=\/wp\/v2\/types\/post"}],"author":[{"embeddable":true,"href":"https:\/\/analyse.optim.biz\/index.php?rest_route=\/wp\/v2\/users\/1"}],"replies":[{"embeddable":true,"href":"https:\/\/analyse.optim.biz\/index.php?rest_route=%2Fwp%2Fv2%2Fcomments&post=2019566"}],"version-history":[{"count":0,"href":"https:\/\/analyse.optim.biz\/index.php?rest_route=\/wp\/v2\/posts\/2019566\/revisions"}],"wp:attachment":[{"href":"https:\/\/analyse.optim.biz\/index.php?rest_route=%2Fwp%2Fv2%2Fmedia&parent=2019566"}],"wp:term":[{"taxonomy":"category","embeddable":true,"href":"https:\/\/analyse.optim.biz\/index.php?rest_route=%2Fwp%2Fv2%2Fcategories&post=2019566"},{"taxonomy":"post_tag","embeddable":true,"href":"https:\/\/analyse.optim.biz\/index.php?rest_route=%2Fwp%2Fv2%2Ftags&post=2019566"}],"curies":[{"name":"wp","href":"https:\/\/api.w.org\/{rel}","templated":true}]}}