{"id":2019556,"date":"2026-06-29T14:46:34","date_gmt":"2026-06-29T11:46:34","guid":{"rendered":"https:\/\/analyse.optim.biz\/?p=2019556"},"modified":"2026-06-29T14:46:34","modified_gmt":"2026-06-29T11:46:34","slug":"vizita-presedintelui-israelului-la-iasi-reprezentantul-statului-terorist-a-fost-primit-cu-osanale-de-autoritatile-tradatoare","status":"publish","type":"post","link":"https:\/\/analyse.optim.biz\/?p=2019556","title":{"rendered":"Vizita pre\u0219edintelui Israelului la Ia\u0219i \u2013 reprezentantul statului terorist a fost primit cu osanale de autorit\u0103\u021bile tr\u0103d\u0103toare"},"content":{"rendered":"<p>[analyse_image type=&#8221;featured&#8221; src=&#8221;https:\/\/www.incorectpolitic.com\/wp-content\/uploads\/2026\/06\/abject.png&#8221;]<\/p>\n<div class=\"entry\">\n<p>Vlad Voicu<strong><br \/>\nIncorect Politic<\/strong><br \/>\nIunie 29, 2026<\/p>\n<p><a href=\"https:\/\/www.incorectpolitic.com\/vizita-presedintelui-israelului-la-iasi-reprezentantul-statului-terorist-a-fost-primit-cu-osanale-de-autoritatile-tradatoare\/whatsapp-image-2026-06-29-at-17-32-46\/\" rel=\"attachment wp-att-81909\"><img loading=\"lazy\" decoding=\"async\" class=\"aligncenter wp-image-81909 size-full\" src=\"https:\/\/www.incorectpolitic.com\/wp-content\/uploads\/2026\/06\/WhatsApp-Image-2026-06-29-at-17.32.46.jpeg\" alt=\"Vizita pre\u0219edintelui Israelului la Ia\u0219i - reprezentantul statului terorist a fost primit cu osanale de autorit\u0103\u021bile tr\u0103d\u0103toare\" width=\"673\" height=\"858\"><\/a><\/p>\n<h2><strong>Vizita pre\u0219edintelui Israelului la Ia\u0219i \u2013 reprezentantul statului terorist a fost primit cu osanale de autorit\u0103\u021bile <\/strong><strong>tr\u0103d\u0103toare<\/strong><\/h2>\n<p>\u00cen aceste zile Rom\u00e2nia a g\u0103zduit vizita lui Isaac Herzog, care a poposit la Ia\u0219i pentru a ne aminti de cele trei sute de catralioane de iudei uci\u0219i cu bestialitate \u00een pogromul de la Ia\u0219i, care de fapt nu a fost un pogrom, ci maxim un masacru, lucru explicat de senatorul Dumitru Manea (Miron Manega) \u00een <a href=\"https:\/\/sosro.ro\/senator-dumitru-manea-miron-manega-pogromul-de-la-iasi-cateva-rectificari-istorice-statistice-si-semantice\/\">acest material<\/a>.<\/p>\n<p>Este totu\u0219i important s\u0103 trecem \u00een revist\u0103 spectacolul halucinant organizat la Ia\u0219i, pentru a ne da seama ce a ajuns Rom\u00e2nia \u0219i ce fel de conduc\u0103tori servili avem.<\/p>\n<p><a href=\"https:\/\/www.libertatea.ro\/stiri\/cum-s-a-pregatit-iasul-pentru-vizita-presedintelui-israelului-strada-asfaltata-in-graba-spatii-modernizate-si-securitate-ca-la-vizita-papei-5796959?utm_source=whatsapp&amp;utm_medium=social&amp;utm_campaign=share-button&amp;utm_content=sub_articol\">Libertatea<\/a>:<\/p>\n<blockquote>\n<p class=\"ds-markdown-paragraph\"><span class>\u00a0Vizita pre\u0219edintelui Israelului, Isaac Herzog, la comemorarea a 85 de ani de la Pogromul de la Ia\u0219i, a adus duminic\u0103 un dispozitiv excep\u021bional de securitate \u00een zona Cimitirului Evreiesc \u0219i pe traseul oficial al delega\u021biei. \u00cen paralel, autorit\u0103\u021bile locale au preg\u0103tit evenimentul timp de aproape trei s\u0103pt\u0103m\u00e2ni: au asfaltat strada de acces, au reamenajat spa\u021bii publice \u0219i au montat st\u00e2lpi de iluminat public. M\u0103surile de securitate au fost comparabile cu cele instituite \u00een 2019, cu ocazia vizitei Papei Francisc.<\/span><\/p>\n<p class=\"ds-markdown-paragraph\"><span class=\"skip-quote-patch\">Prim\u0103ria s-a preg\u0103tit pentru vizita de stat cu cel pu\u021bin trei s\u0103pt\u0103m\u00e2ni \u00eenainte. Potrivit mai multor locuitori din zon\u0103, pentru prima dat\u0103 \u201edup\u0103 foarte mul\u021bi ani\u201d, strada de acces a fost asfaltat\u0103 de la un cap\u0103t la cel\u0103lalt. \u00cen anii preceden\u021bi, lucr\u0103torii Prim\u0103riei realizau doar plomb\u0103ri \u00een preajma comemor\u0103rii Pogromului. Mai multe echipe ale companiei municipale Citadin au lucrat \u00een ritm alert pentru asfaltarea \u0219i, pe alocuri, supral\u0103rgirea str\u0103zii \u00een lungime de circa 800 metri. \u201eNu este doar strat de uzur\u0103, s-a lucrat \u0219i la funda\u021bie \u0219i s-a asfaltat foarte rapid\u201d, ne-a spus un ie\u0219ean din zon\u0103. \u00cen schimb, el s-a ar\u0103tat dezam\u0103git c\u0103 nu au fost f\u0103cute \u0219i trotuare.<\/span><\/p>\n<p class=\"ds-markdown-paragraph\"><span class>\u00cen ultimul deceniu, zona din jurul Cimitirului Evreiesc a cunoscut o dezvoltare imobiliar\u0103 accelerat\u0103, cu zeci de blocuri \u0219i vile construite. Cu toate acestea, infrastructura rutier\u0103 a r\u0103mas subdimensionat\u0103, iar unele str\u0103zi au fost amenajate chiar de investitori priva\u021bi. Amplasarea de borduri \u00een unele locuri \u0219i efectuarea de marcaje au fost alte lucr\u0103ri bifate de angaja\u021bii municipalit\u0103\u021bii \u00een cele trei s\u0103pt\u0103m\u00e2ni de preg\u0103tiri. \u00cen acela\u0219i timp, au mai fost f\u0103cute amenaj\u0103ri ale spa\u021biilor verzi (\u00een incinta cimitirului \u0219i \u00een proximitate), iar autocisternele Prim\u0103riei au realizat sp\u0103l\u0103ri multiple ale carosabilului \u00eenainte de eveniment.<\/span><\/p>\n<p class=\"ds-markdown-paragraph\"><span class=\"skip-quote-patch\">Manifest\u0103rile oficiale au avut loc \u00een parcarea din fa\u021ba cimitirului, acolo unde a fost amplasat\u0103 o scen\u0103. Amenaj\u0103rile din aceast\u0103 zon\u0103 au fost de asemenea o provocare pentru angaja\u021bii municipalit\u0103\u021bii: echipamentele montate (corturi, scaune \u0219i altele) au fost aduse de la diverse entit\u0103\u021bi ale Prim\u0103riei, din zone de agrement sau de la institu\u021bii de cultur\u0103. \u201eAm muncit patru zile pentru un eveniment de o or\u0103\u201d, s-a dest\u0103nuit un muncitor al Prim\u0103riei. Acesta a\u0219tepta plecarea delega\u021biilor pentru a putea demonta \u0219i transporta echipamentele, \u00een condi\u021bii de temperaturi caniculare.<\/span><\/p>\n<\/blockquote>\n<p>C\u00e2nd Nicolae Ceau\u0219escu mergea undeva prin \u021bar\u0103, repede se asfaltau str\u0103zile \u0219i se umpleau magazinele. Acuma c\u00e2nd vine pre\u0219edintele Israelului se asfalteaz\u0103 str\u0103zile, se amenajeaz\u0103 spa\u021biile publice \u0219i se scot o gr\u0103mad\u0103 de securi\u0219ti \u0219i militari pe str\u0103zi. Cine conduce Rom\u00e2nia?<\/p>\n<blockquote>\n<p class=\"ds-markdown-paragraph\"><span class=\"skip-quote-patch\">Manifest\u0103rile de la cimitir au durat pu\u021bin peste o or\u0103. Ceremonia a inclus intonarea imnurilor, rug\u0103ciuni de pomenire, re\u00eenhumarea unor victime descoperite recent \u00eentr-o groap\u0103 comun\u0103 \u0219i depuneri de coroane. \u201eEste datoria noastr\u0103 ca fiecare genera\u021bie s\u0103 cunoasc\u0103 aceast\u0103 istorie, s\u0103 viziteze acest loc \u0219i s\u0103 \u00een\u021beleag\u0103 semnifica\u021bia lui moral\u0103. Nu este o coinciden\u021b\u0103 c\u0103 tocmai la Ia\u0219i Naftali Herz Imber a scris prima versiune a imnului na\u021bional al Israelului, Hatikvah \u2013 Speran\u021ba. Evreii din Rom\u00e2nia au avut un rol esen\u021bial \u00een \u00eentemeierea \u0219i dezvoltarea Statului Israel \u0219i reprezint\u0103 p\u00e2n\u0103 ast\u0103zi o punte vie \u00eentre Rom\u00e2nia \u0219i poporul evreu\u201d, a spus, printre altele, pre\u0219edintele Isaac Herzog.<\/span><\/p>\n<p class=\"ds-markdown-paragraph\"><span class=\"skip-quote-patch\">Manifest\u0103rile s-au desf\u0103\u0219urat pe o vreme canicular\u0103, iar mai multe persoane, inclusiv militari din Brigada 30 Gard\u0103 \u201eMihai Viteazul\u201d, au avut nevoie de \u00eengrijiri medicale.<\/span><\/p>\n<\/blockquote>\n<p><strong>\u0218i-au irosit militarii s\u0103n\u0103tatea ap\u0103r\u00e2nd un reprezentant al unui stat-canalie, care nu d\u0103 doi bani pe goyimi, care dispre\u021buie\u0219te dreptul interna\u021bional \u0219i sub regimul c\u0103ruia s-au comis atrocit\u0103\u021bi, s-au violat prizonieri f\u0103r\u0103 ap\u0103rare, s-au violat \u0219i ucis copii.<\/strong><\/p>\n<blockquote>\n<p class=\"ds-markdown-paragraph\"><span class>Cu trei ore \u00eenainte de debutul manifest\u0103rilor \u00een zona Cimitirului Evreiesc au fost mobilizate efective importante de jandarmi, poli\u021bi\u0219ti \u0219i alte structuri de securitate. \u00cen zilele premerg\u0103toare evenimentului, ofi\u021beri ai serviciilor secrete din Rom\u00e2nia \u0219i Israel au verificat \u00een mod am\u0103nun\u021bit \u00eentreaga zon\u0103, efectu\u00e2nd inclusiv zboruri cu drone. Pe singura strad\u0103 de acces spre cimitir (Aleea Cimitir Evreiesc) au fost organizate filtre succesive de acces \u0219i zeci de jandarmi au fost mobiliza\u021bi de-a lungul arterei de circula\u021bie.<\/span><\/p>\n<p class=\"ds-markdown-paragraph\"><span class>Dispozitivul de securitate a fost completat de echipe SPP \u0219i ofi\u021beri israelieni de protec\u021bie. Unii dintre ace\u0219tia din urm\u0103 s-au pozi\u021bionat pe acoperi\u0219ul cl\u0103dirii administrative de unde au putut supraveghea \u00een permanen\u021b\u0103 \u00eemprejurimile. Suplimentar, perimetrul a fost securizat de echipe tactice a c\u00e2te doi-trei ofi\u021beri cu armament greu.<\/span><\/p>\n<p class=\"ds-markdown-paragraph\"><span class>Din punct de vedere al securit\u0103\u021bii, vizita unui oficial de rang \u00eenalt din Israel este considerat\u0103, de regul\u0103, una de risc ridicat, fiind analizat\u0103 prin prisma amenin\u021b\u0103rilor teroriste, protestelor politice \u0219i altor riscuri generate de conflictele din Orientul Mijlociu. De altfel, agenda pre\u0219edintelui nu a fost f\u0103cut\u0103 public\u0103, fiind anun\u021bat\u0103 doar participarea la manifest\u0103rile de la Cimitirul Evreiesc, eveniment care a \u021binut sub 90 de minute. \u00cen schimb, Isaac Herzog a stat la Ia\u0219i circa \u0219ase ore. Potrivit unor surse Libertatea, liderul israelian a mai participat la un dejun oferit de autorit\u0103\u021bile locale la un hotel din centrul ora\u0219ului \u0219i, ulterior, a efectuat o vizit\u0103 la Muzeul Pogromului.<\/span><\/p>\n<p class=\"ds-markdown-paragraph\"><span class>Vizita pre\u0219edintelui Isaac Herzog se \u00eenscrie pe o list\u0103 scurt\u0103 a \u0219efilor de stat care au ajuns la Ia\u0219i dup\u0103 Revolu\u021bie. Cu excep\u021bia pre\u0219edin\u021bilor Republicii Moldova \u0219i a Suveranului Pontif Papa Francisc, Ia\u0219iul a mai g\u0103zduit o singur\u0103 vizit\u0103 oficial\u0103 la nivel de \u0219ef de stat: cea a pre\u0219edintelui francez Fran\u00e7ois Mitterrand, \u00een 1991. Cu acel prilej, el a fost primul lider occidental care a vizitat Rom\u00e2nia dup\u0103 c\u0103derea regimului comunist \u0219i a inaugurat Centrul Cultural Francez din Ia\u0219i<\/span><\/p>\n<\/blockquote>\n<h2>Spectacol grotesc cu steaguri israelite pe str\u0103zile din Ia\u0219i \u0219i plocoane \u00een fa\u021ba \u201cale\u0219ilor\u201d<\/h2>\n<p>Ora\u0219l istoric Ia\u0219i a cunoscut un spectacol grotesc, iar st\u00e2lpii au fost decora\u021bi cu steaguri israeliene, hexagrama mor\u021bii flutur\u00e2nd deasupra str\u0103zilor \u00eentr-o demonstra\u021bie de servilism fa\u021b\u0103 de st\u0103p\u00e2nii care fac legea \u00een Rom\u00e2nia \u0219i \u00een Europa.<\/p>\n<p>V\u0103 avertizez s\u0103 nu privi\u021bi urm\u0103torul clip dac\u0103 a\u021bi m\u00e2ncat, c\u0103ci este absolut vomitiv.<\/p>\n<div class=\"wp-video\"><video class=\"wp-video-shortcode\" id=\"video-81894-1\" width=\"618\" height=\"348\" preload=\"metadata\" controls=\"controls\"><source type=\"video\/mp4\" src=\"https:\/\/www.incorectpolitic.com\/wp-content\/uploads\/2026\/06\/WhatsApp-Video-2026-06-28-at-17.13.31.mp4?_=1\" \/><\/video><\/div>\n<p>\u00a0<\/p>\n<p>Ceva mai sc\u00e2rbos nu \u0219tiu dac\u0103 am v\u0103zut luna asta. Totodat\u0103 este absolut halucinant cum ace\u0219ti clovni pot s\u0103 strige \u201cAducem pace \u00een Rom\u00e2nia\u201d, c\u00e2nd ei stau bra\u021b \u00een bra\u021b cu sus\u021bin\u0103tori ai celui mai criminal regim de pe planet\u0103, reprezentan\u021bi ai statului terorist Israel \u0219i ai curentului supremasist sionist.<\/p>\n<p>Apoi, antirom\u00e2nul purulent Alexandru Muraru a avut \u0219i el o reac\u021bie \u00een stilul \u00een care ne-am a\u0219tepta, laudativ\u0103 la adresa \u201cexcelen\u021bei sale\u201d, uciga\u0219ul de copii. Evident c\u0103 a umflat numerele pogromului de la Ia\u0219i \u0219i nu a pierdut ocazia s\u0103 le aminteasc\u0103 jidanilor c\u00e2t de multe a f\u0103cut pentru a combate antisemitismul \u0219i curentele \u201cneolegionare\u201d.<\/p>\n<p>\u00a0<\/p>\n<p>\u00a0<\/p>\n<h2><a href=\"https:\/\/www.incorectpolitic.com\/vizita-presedintelui-israelului-la-iasi-reprezentantul-statului-terorist-a-fost-primit-cu-osanale-de-autoritatile-tradatoare\/photo_2026-06-28_22-26-19\/\" rel=\"attachment wp-att-81898\"><img loading=\"lazy\" decoding=\"async\" class=\"size-full wp-image-81898 aligncenter lazyload\" src=\"https:\/\/www.incorectpolitic.com\/wp-content\/uploads\/2026\/06\/photo_2026-06-28_22-26-19.jpg\" alt width=\"591\" height=\"1280\"><img loading=\"lazy\" decoding=\"async\" class=\"size-full wp-image-81898 aligncenter\" src=\"https:\/\/www.incorectpolitic.com\/wp-content\/uploads\/2026\/06\/photo_2026-06-28_22-26-19.jpg\" alt width=\"591\" height=\"1280\" data-eio=\"l\"><\/a><strong>Autistul de la Cotroceni afirm\u0103 sprijin necondi\u021bionat pentru terori\u0219ti<\/strong><\/h2>\n<p><a href=\"https:\/\/www.incorectpolitic.com\/vizita-presedintelui-israelului-la-iasi-reprezentantul-statului-terorist-a-fost-primit-cu-osanale-de-autoritatile-tradatoare\/whatsapp-image-2026-06-29-at-12-38-17\/\" rel=\"attachment wp-att-81907\"><img loading=\"lazy\" decoding=\"async\" class=\"size-full wp-image-81907 aligncenter lazyload\" src=\"https:\/\/www.incorectpolitic.com\/wp-content\/uploads\/2026\/06\/WhatsApp-Image-2026-06-29-at-12.38.17.jpeg\" alt width=\"1260\" height=\"658\"><\/a><\/p>\n<p><img loading=\"lazy\" decoding=\"async\" class=\"size-full wp-image-81907 aligncenter\" src=\"https:\/\/www.incorectpolitic.com\/wp-content\/uploads\/2026\/06\/WhatsApp-Image-2026-06-29-at-12.38.17.jpeg\" alt width=\"1260\" height=\"658\" data-eio=\"l\"><\/p>\n<p>Pseudo-pre\u0219edintele Nicu\u0219or Dan a reac\u021bionat ca o marionet\u0103 obedient\u0103, repet\u00e2nd acelea\u0219i texte obosite \u0219i perpetu\u00e2nd acelea\u0219i inexactit\u0103\u021bi istorice care s-au impus Europei dup\u0103 1945.<\/p>\n<p>\u00a0<\/p>\n<blockquote>\n<p class=\"isSelectedEnd\">\u00a0Nicu\u015for Dan afirm\u0103 c\u0103 \u00een contextul \u00een care discursul instigator la ur\u0103 \u00eencepe din nou s\u0103 fie rostit cu voce tare \u00een spa\u0163iul public, at\u00e2t \u00een Rom\u00e2nia, c\u00e2t \u015fi \u00een Europa, comemorarea are \u015fi semnifica\u0163ia unui avertisment, reamintind c\u0103 pericolul nu a disp\u0103rut, c\u0103 extremismul \u015fi revizionismul istoric, adesea mascate \u00een formule aparent legitime de discurs public, r\u0103m\u00e2n tenta\u0163ii reale.<\/p>\n<p class=\"isSelectedEnd\">El subliniaz\u0103 c\u0103 educa\u0163ia r\u0103m\u00e2ne cea mai puternic\u0103 form\u0103 de preven\u0163ie \u00eempotriva repet\u0103rii unor asemenea tragedii.<\/p>\n<p class=\"isSelectedEnd\">\u201eComemor\u0103m ast\u0103zi 85 de ani de la Pogromul de la Ia\u015fi, una dintre cele mai tragice \u015fi dureroase pagini din istoria Rom\u00e2niei. Pogromul din iunie 1941 r\u0103m\u00e2ne o cicatrice ad\u00e2nc\u0103 \u00een istoria \u015fi con\u015ftiin\u0163a na\u0163ional\u0103, o consecin\u0163\u0103 devastatoare a antisemitismului, a intoleran\u0163ei \u015fi a urii \u00eendreptate \u00eempotriva semenilor.<\/p>\n<p class=\"isSelectedEnd\">Eroziunea spiritului civic, abandonarea solidarit\u0103\u0163ii \u015fi a compasiunii \u00een fa\u0163a radicaliz\u0103rii discursului public, a nedrept\u0103\u0163ii \u015fi a crimei l-au determinat pe unul dintre cei mai lucizi martori ai epocii, scriitorul Mihail Sebastian, s\u0103 noteze \u00een Jurnalul s\u0103u c\u0103 \u00abmasacrul de la Ia\u015fi este o obsesie de care nu sc\u0103p\u0103m\u00bb, surprinz\u00e2nd cu durere modul \u00een care violen\u0163a era tolerat\u0103, \u00eencurajat\u0103 \u015fi transformat\u0103 de autorit\u0103\u0163ile vremii \u00eentr-o politic\u0103 sistematic\u0103 de persecu\u0163ie \u00eempotriva evreilor\u201d, a afirmat pre\u015fedintele \u00een mesajul prezentat de Vlad Ionescu, consilier de stat \u2013 Departamentul Politic\u0103 Extern\u0103, Parteneriate Strategice \u015fi Rom\u00e2nii de Pretutindeni, la ceremonia de la Cimitirul Evreiesc din Ia\u015fi, potrivit News.ro.<\/p>\n<p class=\"isSelectedEnd\">\u00cen opinia sa, Pogromul de la Ia\u015fi ne aminte\u015fte c\u00e2t de fragile pot deveni valorile civiliza\u0163iei atunci c\u00e2nd prejudec\u0103\u0163ile, dezinformarea \u015fi discursul urii ajung s\u0103 \u00eenlocuiasc\u0103 respectul pentru via\u0163\u0103 \u015fi pentru semeni.<\/p>\n<p class=\"isSelectedEnd\">\u201eIstoria ne arat\u0103 c\u0103 r\u0103ul nu \u00eencepe prin acte de violen\u0163\u0103 extrem\u0103, ci prin tolerarea discrimin\u0103rii, a stereotipurilor \u015fi a excluderii. Astfel, \u00eentr-un context \u00een care discursul instigator la ur\u0103 \u00eencepe din nou s\u0103 fie rostit cu voce tare \u00een spa\u0163iul public, at\u00e2t \u00een Rom\u00e2nia, c\u00e2t \u015fi \u00een Europa, comemorarea de ast\u0103zi cap\u0103t\u0103 o semnifica\u0163ie suplimentar\u0103.<\/p>\n<p class=\"isSelectedEnd\">Ea nu mai este doar un gest simbolic de reculegere, ci \u015fi un avertisment. Ne reaminte\u015fte c\u0103 pericolul nu a disp\u0103rut, c\u0103 <strong>extremismul \u015fi revizionismul istoric<\/strong>, adesea mascate \u00een formule aparent legitime de discurs public, r\u0103m\u00e2n tenta\u0163ii reale\u201d, consider\u0103 pre\u015fedintele.<\/p>\n<p class=\"isSelectedEnd\">El subliniaz\u0103 c\u0103 educa\u0163ia r\u0103m\u00e2ne cea mai puternic\u0103 form\u0103 de preven\u0163ie \u00eempotriva repet\u0103rii unor asemenea tragedii.<\/p>\n<\/blockquote>\n<p><strong>Extremismul \u0219i revizionismul istoric? S\u0103 ne oprim pu\u021bin asupra acestei scoli pe care o reprezint\u0103 revizionismul istoric.<\/strong><\/p>\n<p><strong>Orice om normal, pe tot parcursul vie\u021bii \u00eenva\u021b\u0103 \u0219i dezva\u021b\u0103. \u00cenva\u021b\u0103 lucruri noi \u0219i dezva\u021b\u0103 lucruri pe care le-a aflat ca fiind false, a\u0219adar, revizuie\u0219te permanent. <\/strong><\/p>\n<p><strong>Adic\u0103 orice om normal este revizionist. <\/strong><\/p>\n<p><strong>Revizioni\u0219tii istorici sunt cei care vor s\u0103 \u0219tie dac\u0103 ceea ce s-a scris \u00een istorie este adev\u0103rat sau nu. <\/strong><\/p>\n<p><strong>Aceast\u0103 \u0219coal\u0103 de g\u00e2ndire a dat valori precum profesorul Robert Faurisson, Ernst Zundel, Vincent Reynouard sau rom\u00e2ni precum colonelul Vasile Z\u0103rnescu.<\/strong><\/p>\n<blockquote>\n<p class=\"isSelectedEnd\">\u201eTinerii trebuie s\u0103 cunoasc\u0103 adev\u0103rul despre Holocaust \u015fi despre responsabilit\u0103\u0163ile care au f\u0103cut posibile aceste crime. Numai prin cunoa\u015ftere, spirit critic \u015fi cultivarea respectului fa\u0163\u0103 de diversitate putem construi o societate rezilient\u0103 \u00een fa\u0163a manipul\u0103rii, a urii \u015fi a extremismului.<\/p>\n<\/blockquote>\n<p>Tocmai c\u0103 tinerii numai prin cunoa\u0219tere \u0219i spirit critic vor afla adev\u0103rul despre holocaust, care nu este acela din manualul de la ora obligatorie de \u201cIstoria Evreilor. Holocaustul \u201c. Manipularea, ura \u0219i extremismul sunt s\u0103v\u00e2r\u0219ite de cei care au declan\u0219at campania de teroare \u00een Rom\u00e2nia, de institutul terorist Elie Wiesel, de Alexandru Florian \u0219i Silviu Vexler, care provoac\u0103 poporul rom\u00e2n \u0219i care profit\u0103 de toleran\u021ba \u0219i r\u0103bdarea pe care am manifestat-o fa\u021b\u0103 de str\u0103ini. O toleran\u021b\u0103 criminal\u0103, care ne-a adus unde suntem azi, \u00een fund\u0103tur\u0103.<\/p>\n<p>Ghinionul acestor manipulatori care toarn\u0103 bani cu gr\u0103mada \u00een propaganda holocaustic\u0103 \u0219i \u00een acapararea opiniei publice este c\u0103\u2026tineretul se treze\u0219te. Tineretul este incorect politic \u0219i indiferent c\u00e2te arest\u0103ri face\u021bi, acest tineret este \u00een plin\u0103 dezvoltare. \u00cen fiecare zi tot mai mul\u021bi se trezesc \u0219i realizeaz\u0103 care este cauza nenororicii noastre.<\/p>\n<p><strong>Avalan\u0219a nu mai poate fi oprit\u0103.<\/strong><\/p>\n<p><strong>Nu v\u0103 fie fric\u0103.<\/strong><\/p>\n\n\n<\/div>\n<div class=\"entry\">\n<p>Vlad Voicu<strong><br \/>\nIncorect Politic<\/strong><br \/>\nIunie 29, 2026<\/p>\n<p><a href=\"https:\/\/www.incorectpolitic.com\/vizita-presedintelui-israelului-la-iasi-reprezentantul-statului-terorist-a-fost-primit-cu-osanale-de-autoritatile-tradatoare\/whatsapp-image-2026-06-29-at-17-32-46\/\" rel=\"attachment wp-att-81909\"><img loading=\"lazy\" decoding=\"async\" class=\"aligncenter wp-image-81909 size-full\" src=\"https:\/\/www.incorectpolitic.com\/wp-content\/uploads\/2026\/06\/WhatsApp-Image-2026-06-29-at-17.32.46.jpeg\" alt=\"Vizita pre\u0219edintelui Israelului la Ia\u0219i - reprezentantul statului terorist a fost primit cu osanale de autorit\u0103\u021bile tr\u0103d\u0103toare\" width=\"673\" height=\"858\"><\/a><\/p>\n<h2><strong>Vizita pre\u0219edintelui Israelului la Ia\u0219i \u2013 reprezentantul statului terorist a fost primit cu osanale de autorit\u0103\u021bile <\/strong><strong>tr\u0103d\u0103toare<\/strong><\/h2>\n<p>\u00cen aceste zile Rom\u00e2nia a g\u0103zduit vizita lui Isaac Herzog, care a poposit la Ia\u0219i pentru a ne aminti de cele trei sute de catralioane de iudei uci\u0219i cu bestialitate \u00een pogromul de la Ia\u0219i, care de fapt nu a fost un pogrom, ci maxim un masacru, lucru explicat de senatorul Dumitru Manea (Miron Manega) \u00een <a href=\"https:\/\/sosro.ro\/senator-dumitru-manea-miron-manega-pogromul-de-la-iasi-cateva-rectificari-istorice-statistice-si-semantice\/\">acest material<\/a>.<\/p>\n<p>Este totu\u0219i important s\u0103 trecem \u00een revist\u0103 spectacolul halucinant organizat la Ia\u0219i, pentru a ne da seama ce a ajuns Rom\u00e2nia \u0219i ce fel de conduc\u0103tori servili avem.<\/p>\n<p><a href=\"https:\/\/www.libertatea.ro\/stiri\/cum-s-a-pregatit-iasul-pentru-vizita-presedintelui-israelului-strada-asfaltata-in-graba-spatii-modernizate-si-securitate-ca-la-vizita-papei-5796959?utm_source=whatsapp&amp;utm_medium=social&amp;utm_campaign=share-button&amp;utm_content=sub_articol\">Libertatea<\/a>:<\/p>\n<blockquote>\n<p class=\"ds-markdown-paragraph\"><span class>\u00a0Vizita pre\u0219edintelui Israelului, Isaac Herzog, la comemorarea a 85 de ani de la Pogromul de la Ia\u0219i, a adus duminic\u0103 un dispozitiv excep\u021bional de securitate \u00een zona Cimitirului Evreiesc \u0219i pe traseul oficial al delega\u021biei. \u00cen paralel, autorit\u0103\u021bile locale au preg\u0103tit evenimentul timp de aproape trei s\u0103pt\u0103m\u00e2ni: au asfaltat strada de acces, au reamenajat spa\u021bii publice \u0219i au montat st\u00e2lpi de iluminat public. M\u0103surile de securitate au fost comparabile cu cele instituite \u00een 2019, cu ocazia vizitei Papei Francisc.<\/span><\/p>\n<p class=\"ds-markdown-paragraph\"><span class=\"skip-quote-patch\">Prim\u0103ria s-a preg\u0103tit pentru vizita de stat cu cel pu\u021bin trei s\u0103pt\u0103m\u00e2ni \u00eenainte. Potrivit mai multor locuitori din zon\u0103, pentru prima dat\u0103 \u201edup\u0103 foarte mul\u021bi ani\u201d, strada de acces a fost asfaltat\u0103 de la un cap\u0103t la cel\u0103lalt. \u00cen anii preceden\u021bi, lucr\u0103torii Prim\u0103riei realizau doar plomb\u0103ri \u00een preajma comemor\u0103rii Pogromului. Mai multe echipe ale companiei municipale Citadin au lucrat \u00een ritm alert pentru asfaltarea \u0219i, pe alocuri, supral\u0103rgirea str\u0103zii \u00een lungime de circa 800 metri. \u201eNu este doar strat de uzur\u0103, s-a lucrat \u0219i la funda\u021bie \u0219i s-a asfaltat foarte rapid\u201d, ne-a spus un ie\u0219ean din zon\u0103. \u00cen schimb, el s-a ar\u0103tat dezam\u0103git c\u0103 nu au fost f\u0103cute \u0219i trotuare.<\/span><\/p>\n<p class=\"ds-markdown-paragraph\"><span class>\u00cen ultimul deceniu, zona din jurul Cimitirului Evreiesc a cunoscut o dezvoltare imobiliar\u0103 accelerat\u0103, cu zeci de blocuri \u0219i vile construite. Cu toate acestea, infrastructura rutier\u0103 a r\u0103mas subdimensionat\u0103, iar unele str\u0103zi au fost amenajate chiar de investitori priva\u021bi. Amplasarea de borduri \u00een unele locuri \u0219i efectuarea de marcaje au fost alte lucr\u0103ri bifate de angaja\u021bii municipalit\u0103\u021bii \u00een cele trei s\u0103pt\u0103m\u00e2ni de preg\u0103tiri. \u00cen acela\u0219i timp, au mai fost f\u0103cute amenaj\u0103ri ale spa\u021biilor verzi (\u00een incinta cimitirului \u0219i \u00een proximitate), iar autocisternele Prim\u0103riei au realizat sp\u0103l\u0103ri multiple ale carosabilului \u00eenainte de eveniment.<\/span><\/p>\n<p class=\"ds-markdown-paragraph\"><span class=\"skip-quote-patch\">Manifest\u0103rile oficiale au avut loc \u00een parcarea din fa\u021ba cimitirului, acolo unde a fost amplasat\u0103 o scen\u0103. Amenaj\u0103rile din aceast\u0103 zon\u0103 au fost de asemenea o provocare pentru angaja\u021bii municipalit\u0103\u021bii: echipamentele montate (corturi, scaune \u0219i altele) au fost aduse de la diverse entit\u0103\u021bi ale Prim\u0103riei, din zone de agrement sau de la institu\u021bii de cultur\u0103. \u201eAm muncit patru zile pentru un eveniment de o or\u0103\u201d, s-a dest\u0103nuit un muncitor al Prim\u0103riei. Acesta a\u0219tepta plecarea delega\u021biilor pentru a putea demonta \u0219i transporta echipamentele, \u00een condi\u021bii de temperaturi caniculare.<\/span><\/p>\n<\/blockquote>\n<p>C\u00e2nd Nicolae Ceau\u0219escu mergea undeva prin \u021bar\u0103, repede se asfaltau str\u0103zile \u0219i se umpleau magazinele. Acuma c\u00e2nd vine pre\u0219edintele Israelului se asfalteaz\u0103 str\u0103zile, se amenajeaz\u0103 spa\u021biile publice \u0219i se scot o gr\u0103mad\u0103 de securi\u0219ti \u0219i militari pe str\u0103zi. Cine conduce Rom\u00e2nia?<\/p>\n<blockquote>\n<p class=\"ds-markdown-paragraph\"><span class=\"skip-quote-patch\">Manifest\u0103rile de la cimitir au durat pu\u021bin peste o or\u0103. Ceremonia a inclus intonarea imnurilor, rug\u0103ciuni de pomenire, re\u00eenhumarea unor victime descoperite recent \u00eentr-o groap\u0103 comun\u0103 \u0219i depuneri de coroane. \u201eEste datoria noastr\u0103 ca fiecare genera\u021bie s\u0103 cunoasc\u0103 aceast\u0103 istorie, s\u0103 viziteze acest loc \u0219i s\u0103 \u00een\u021beleag\u0103 semnifica\u021bia lui moral\u0103. Nu este o coinciden\u021b\u0103 c\u0103 tocmai la Ia\u0219i Naftali Herz Imber a scris prima versiune a imnului na\u021bional al Israelului, Hatikvah \u2013 Speran\u021ba. Evreii din Rom\u00e2nia au avut un rol esen\u021bial \u00een \u00eentemeierea \u0219i dezvoltarea Statului Israel \u0219i reprezint\u0103 p\u00e2n\u0103 ast\u0103zi o punte vie \u00eentre Rom\u00e2nia \u0219i poporul evreu\u201d, a spus, printre altele, pre\u0219edintele Isaac Herzog.<\/span><\/p>\n<p class=\"ds-markdown-paragraph\"><span class=\"skip-quote-patch\">Manifest\u0103rile s-au desf\u0103\u0219urat pe o vreme canicular\u0103, iar mai multe persoane, inclusiv militari din Brigada 30 Gard\u0103 \u201eMihai Viteazul\u201d, au avut nevoie de \u00eengrijiri medicale.<\/span><\/p>\n<\/blockquote>\n<p><strong>\u0218i-au irosit militarii s\u0103n\u0103tatea ap\u0103r\u00e2nd un reprezentant al unui stat-canalie, care nu d\u0103 doi bani pe goyimi, care dispre\u021buie\u0219te dreptul interna\u021bional \u0219i sub regimul c\u0103ruia s-au comis atrocit\u0103\u021bi, s-au violat prizonieri f\u0103r\u0103 ap\u0103rare, s-au violat \u0219i ucis copii.<\/strong><\/p>\n<blockquote>\n<p class=\"ds-markdown-paragraph\"><span class>Cu trei ore \u00eenainte de debutul manifest\u0103rilor \u00een zona Cimitirului Evreiesc au fost mobilizate efective importante de jandarmi, poli\u021bi\u0219ti \u0219i alte structuri de securitate. \u00cen zilele premerg\u0103toare evenimentului, ofi\u021beri ai serviciilor secrete din Rom\u00e2nia \u0219i Israel au verificat \u00een mod am\u0103nun\u021bit \u00eentreaga zon\u0103, efectu\u00e2nd inclusiv zboruri cu drone. Pe singura strad\u0103 de acces spre cimitir (Aleea Cimitir Evreiesc) au fost organizate filtre succesive de acces \u0219i zeci de jandarmi au fost mobiliza\u021bi de-a lungul arterei de circula\u021bie.<\/span><\/p>\n<p class=\"ds-markdown-paragraph\"><span class>Dispozitivul de securitate a fost completat de echipe SPP \u0219i ofi\u021beri israelieni de protec\u021bie. Unii dintre ace\u0219tia din urm\u0103 s-au pozi\u021bionat pe acoperi\u0219ul cl\u0103dirii administrative de unde au putut supraveghea \u00een permanen\u021b\u0103 \u00eemprejurimile. Suplimentar, perimetrul a fost securizat de echipe tactice a c\u00e2te doi-trei ofi\u021beri cu armament greu.<\/span><\/p>\n<p class=\"ds-markdown-paragraph\"><span class>Din punct de vedere al securit\u0103\u021bii, vizita unui oficial de rang \u00eenalt din Israel este considerat\u0103, de regul\u0103, una de risc ridicat, fiind analizat\u0103 prin prisma amenin\u021b\u0103rilor teroriste, protestelor politice \u0219i altor riscuri generate de conflictele din Orientul Mijlociu. De altfel, agenda pre\u0219edintelui nu a fost f\u0103cut\u0103 public\u0103, fiind anun\u021bat\u0103 doar participarea la manifest\u0103rile de la Cimitirul Evreiesc, eveniment care a \u021binut sub 90 de minute. \u00cen schimb, Isaac Herzog a stat la Ia\u0219i circa \u0219ase ore. Potrivit unor surse Libertatea, liderul israelian a mai participat la un dejun oferit de autorit\u0103\u021bile locale la un hotel din centrul ora\u0219ului \u0219i, ulterior, a efectuat o vizit\u0103 la Muzeul Pogromului.<\/span><\/p>\n<p class=\"ds-markdown-paragraph\"><span class>Vizita pre\u0219edintelui Isaac Herzog se \u00eenscrie pe o list\u0103 scurt\u0103 a \u0219efilor de stat care au ajuns la Ia\u0219i dup\u0103 Revolu\u021bie. Cu excep\u021bia pre\u0219edin\u021bilor Republicii Moldova \u0219i a Suveranului Pontif Papa Francisc, Ia\u0219iul a mai g\u0103zduit o singur\u0103 vizit\u0103 oficial\u0103 la nivel de \u0219ef de stat: cea a pre\u0219edintelui francez Fran\u00e7ois Mitterrand, \u00een 1991. Cu acel prilej, el a fost primul lider occidental care a vizitat Rom\u00e2nia dup\u0103 c\u0103derea regimului comunist \u0219i a inaugurat Centrul Cultural Francez din Ia\u0219i<\/span><\/p>\n<\/blockquote>\n<h2>Spectacol grotesc cu steaguri israelite pe str\u0103zile din Ia\u0219i \u0219i plocoane \u00een fa\u021ba \u201cale\u0219ilor\u201d<\/h2>\n<p>Ora\u0219l istoric Ia\u0219i a cunoscut un spectacol grotesc, iar st\u00e2lpii au fost decora\u021bi cu steaguri israeliene, hexagrama mor\u021bii flutur\u00e2nd deasupra str\u0103zilor \u00eentr-o demonstra\u021bie de servilism fa\u021b\u0103 de st\u0103p\u00e2nii care fac legea \u00een Rom\u00e2nia \u0219i \u00een Europa.<\/p>\n<p>V\u0103 avertizez s\u0103 nu privi\u021bi urm\u0103torul clip dac\u0103 a\u021bi m\u00e2ncat, c\u0103ci este absolut vomitiv.<\/p>\n<div class=\"wp-video\"><video class=\"wp-video-shortcode\" id=\"video-81894-1\" width=\"618\" height=\"348\" preload=\"metadata\" controls=\"controls\"><source type=\"video\/mp4\" src=\"https:\/\/www.incorectpolitic.com\/wp-content\/uploads\/2026\/06\/WhatsApp-Video-2026-06-28-at-17.13.31.mp4?_=1\" \/><\/video><\/div>\n<p>\u00a0<\/p>\n<p>Ceva mai sc\u00e2rbos nu \u0219tiu dac\u0103 am v\u0103zut luna asta. Totodat\u0103 este absolut halucinant cum ace\u0219ti clovni pot s\u0103 strige \u201cAducem pace \u00een Rom\u00e2nia\u201d, c\u00e2nd ei stau bra\u021b \u00een bra\u021b cu sus\u021bin\u0103tori ai celui mai criminal regim de pe planet\u0103, reprezentan\u021bi ai statului terorist Israel \u0219i ai curentului supremasist sionist.<\/p>\n<p>Apoi, antirom\u00e2nul purulent Alexandru Muraru a avut \u0219i el o reac\u021bie \u00een stilul \u00een care ne-am a\u0219tepta, laudativ\u0103 la adresa \u201cexcelen\u021bei sale\u201d, uciga\u0219ul de copii. Evident c\u0103 a umflat numerele pogromului de la Ia\u0219i \u0219i nu a pierdut ocazia s\u0103 le aminteasc\u0103 jidanilor c\u00e2t de multe a f\u0103cut pentru a combate antisemitismul \u0219i curentele \u201cneolegionare\u201d.<\/p>\n<p>\u00a0<\/p>\n<p>\u00a0<\/p>\n<h2><a href=\"https:\/\/www.incorectpolitic.com\/vizita-presedintelui-israelului-la-iasi-reprezentantul-statului-terorist-a-fost-primit-cu-osanale-de-autoritatile-tradatoare\/photo_2026-06-28_22-26-19\/\" rel=\"attachment wp-att-81898\"><img loading=\"lazy\" decoding=\"async\" class=\"size-full wp-image-81898 aligncenter lazyload\" src=\"https:\/\/www.incorectpolitic.com\/wp-content\/uploads\/2026\/06\/photo_2026-06-28_22-26-19.jpg\" alt width=\"591\" height=\"1280\"><img loading=\"lazy\" decoding=\"async\" class=\"size-full wp-image-81898 aligncenter\" src=\"https:\/\/www.incorectpolitic.com\/wp-content\/uploads\/2026\/06\/photo_2026-06-28_22-26-19.jpg\" alt width=\"591\" height=\"1280\" data-eio=\"l\"><\/a><strong>Autistul de la Cotroceni afirm\u0103 sprijin necondi\u021bionat pentru terori\u0219ti<\/strong><\/h2>\n<p><a href=\"https:\/\/www.incorectpolitic.com\/vizita-presedintelui-israelului-la-iasi-reprezentantul-statului-terorist-a-fost-primit-cu-osanale-de-autoritatile-tradatoare\/whatsapp-image-2026-06-29-at-12-38-17\/\" rel=\"attachment wp-att-81907\"><img loading=\"lazy\" decoding=\"async\" class=\"size-full wp-image-81907 aligncenter lazyload\" src=\"https:\/\/www.incorectpolitic.com\/wp-content\/uploads\/2026\/06\/WhatsApp-Image-2026-06-29-at-12.38.17.jpeg\" alt width=\"1260\" height=\"658\"><\/a><\/p>\n<p><img loading=\"lazy\" decoding=\"async\" class=\"size-full wp-image-81907 aligncenter\" src=\"https:\/\/www.incorectpolitic.com\/wp-content\/uploads\/2026\/06\/WhatsApp-Image-2026-06-29-at-12.38.17.jpeg\" alt width=\"1260\" height=\"658\" data-eio=\"l\"><\/p>\n<p>Pseudo-pre\u0219edintele Nicu\u0219or Dan a reac\u021bionat ca o marionet\u0103 obedient\u0103, repet\u00e2nd acelea\u0219i texte obosite \u0219i perpetu\u00e2nd acelea\u0219i inexactit\u0103\u021bi istorice care s-au impus Europei dup\u0103 1945.<\/p>\n<p>\u00a0<\/p>\n<blockquote>\n<p class=\"isSelectedEnd\">\u00a0Nicu\u015for Dan afirm\u0103 c\u0103 \u00een contextul \u00een care discursul instigator la ur\u0103 \u00eencepe din nou s\u0103 fie rostit cu voce tare \u00een spa\u0163iul public, at\u00e2t \u00een Rom\u00e2nia, c\u00e2t \u015fi \u00een Europa, comemorarea are \u015fi semnifica\u0163ia unui avertisment, reamintind c\u0103 pericolul nu a disp\u0103rut, c\u0103 extremismul \u015fi revizionismul istoric, adesea mascate \u00een formule aparent legitime de discurs public, r\u0103m\u00e2n tenta\u0163ii reale.<\/p>\n<p class=\"isSelectedEnd\">El subliniaz\u0103 c\u0103 educa\u0163ia r\u0103m\u00e2ne cea mai puternic\u0103 form\u0103 de preven\u0163ie \u00eempotriva repet\u0103rii unor asemenea tragedii.<\/p>\n<p class=\"isSelectedEnd\">\u201eComemor\u0103m ast\u0103zi 85 de ani de la Pogromul de la Ia\u015fi, una dintre cele mai tragice \u015fi dureroase pagini din istoria Rom\u00e2niei. Pogromul din iunie 1941 r\u0103m\u00e2ne o cicatrice ad\u00e2nc\u0103 \u00een istoria \u015fi con\u015ftiin\u0163a na\u0163ional\u0103, o consecin\u0163\u0103 devastatoare a antisemitismului, a intoleran\u0163ei \u015fi a urii \u00eendreptate \u00eempotriva semenilor.<\/p>\n<p class=\"isSelectedEnd\">Eroziunea spiritului civic, abandonarea solidarit\u0103\u0163ii \u015fi a compasiunii \u00een fa\u0163a radicaliz\u0103rii discursului public, a nedrept\u0103\u0163ii \u015fi a crimei l-au determinat pe unul dintre cei mai lucizi martori ai epocii, scriitorul Mihail Sebastian, s\u0103 noteze \u00een Jurnalul s\u0103u c\u0103 \u00abmasacrul de la Ia\u015fi este o obsesie de care nu sc\u0103p\u0103m\u00bb, surprinz\u00e2nd cu durere modul \u00een care violen\u0163a era tolerat\u0103, \u00eencurajat\u0103 \u015fi transformat\u0103 de autorit\u0103\u0163ile vremii \u00eentr-o politic\u0103 sistematic\u0103 de persecu\u0163ie \u00eempotriva evreilor\u201d, a afirmat pre\u015fedintele \u00een mesajul prezentat de Vlad Ionescu, consilier de stat \u2013 Departamentul Politic\u0103 Extern\u0103, Parteneriate Strategice \u015fi Rom\u00e2nii de Pretutindeni, la ceremonia de la Cimitirul Evreiesc din Ia\u015fi, potrivit News.ro.<\/p>\n<p class=\"isSelectedEnd\">\u00cen opinia sa, Pogromul de la Ia\u015fi ne aminte\u015fte c\u00e2t de fragile pot deveni valorile civiliza\u0163iei atunci c\u00e2nd prejudec\u0103\u0163ile, dezinformarea \u015fi discursul urii ajung s\u0103 \u00eenlocuiasc\u0103 respectul pentru via\u0163\u0103 \u015fi pentru semeni.<\/p>\n<p class=\"isSelectedEnd\">\u201eIstoria ne arat\u0103 c\u0103 r\u0103ul nu \u00eencepe prin acte de violen\u0163\u0103 extrem\u0103, ci prin tolerarea discrimin\u0103rii, a stereotipurilor \u015fi a excluderii. Astfel, \u00eentr-un context \u00een care discursul instigator la ur\u0103 \u00eencepe din nou s\u0103 fie rostit cu voce tare \u00een spa\u0163iul public, at\u00e2t \u00een Rom\u00e2nia, c\u00e2t \u015fi \u00een Europa, comemorarea de ast\u0103zi cap\u0103t\u0103 o semnifica\u0163ie suplimentar\u0103.<\/p>\n<p class=\"isSelectedEnd\">Ea nu mai este doar un gest simbolic de reculegere, ci \u015fi un avertisment. Ne reaminte\u015fte c\u0103 pericolul nu a disp\u0103rut, c\u0103 <strong>extremismul \u015fi revizionismul istoric<\/strong>, adesea mascate \u00een formule aparent legitime de discurs public, r\u0103m\u00e2n tenta\u0163ii reale\u201d, consider\u0103 pre\u015fedintele.<\/p>\n<p class=\"isSelectedEnd\">El subliniaz\u0103 c\u0103 educa\u0163ia r\u0103m\u00e2ne cea mai puternic\u0103 form\u0103 de preven\u0163ie \u00eempotriva repet\u0103rii unor asemenea tragedii.<\/p>\n<\/blockquote>\n<p><strong>Extremismul \u0219i revizionismul istoric? S\u0103 ne oprim pu\u021bin asupra acestei scoli pe care o reprezint\u0103 revizionismul istoric.<\/strong><\/p>\n<p><strong>Orice om normal, pe tot parcursul vie\u021bii \u00eenva\u021b\u0103 \u0219i dezva\u021b\u0103. \u00cenva\u021b\u0103 lucruri noi \u0219i dezva\u021b\u0103 lucruri pe care le-a aflat ca fiind false, a\u0219adar, revizuie\u0219te permanent. <\/strong><\/p>\n<p><strong>Adic\u0103 orice om normal este revizionist. <\/strong><\/p>\n<p><strong>Revizioni\u0219tii istorici sunt cei care vor s\u0103 \u0219tie dac\u0103 ceea ce s-a scris \u00een istorie este adev\u0103rat sau nu. <\/strong><\/p>\n<p><strong>Aceast\u0103 \u0219coal\u0103 de g\u00e2ndire a dat valori precum profesorul Robert Faurisson, Ernst Zundel, Vincent Reynouard sau rom\u00e2ni precum colonelul Vasile Z\u0103rnescu.<\/strong><\/p>\n<blockquote>\n<p class=\"isSelectedEnd\">\u201eTinerii trebuie s\u0103 cunoasc\u0103 adev\u0103rul despre Holocaust \u015fi despre responsabilit\u0103\u0163ile care au f\u0103cut posibile aceste crime. Numai prin cunoa\u015ftere, spirit critic \u015fi cultivarea respectului fa\u0163\u0103 de diversitate putem construi o societate rezilient\u0103 \u00een fa\u0163a manipul\u0103rii, a urii \u015fi a extremismului.<\/p>\n<\/blockquote>\n<p>Tocmai c\u0103 tinerii numai prin cunoa\u0219tere \u0219i spirit critic vor afla adev\u0103rul despre holocaust, care nu este acela din manualul de la ora obligatorie de \u201cIstoria Evreilor. Holocaustul \u201c. Manipularea, ura \u0219i extremismul sunt s\u0103v\u00e2r\u0219ite de cei care au declan\u0219at campania de teroare \u00een Rom\u00e2nia, de institutul terorist Elie Wiesel, de Alexandru Florian \u0219i Silviu Vexler, care provoac\u0103 poporul rom\u00e2n \u0219i care profit\u0103 de toleran\u021ba \u0219i r\u0103bdarea pe care am manifestat-o fa\u021b\u0103 de str\u0103ini. O toleran\u021b\u0103 criminal\u0103, care ne-a adus unde suntem azi, \u00een fund\u0103tur\u0103.<\/p>\n<p>Ghinionul acestor manipulatori care toarn\u0103 bani cu gr\u0103mada \u00een propaganda holocaustic\u0103 \u0219i \u00een acapararea opiniei publice este c\u0103\u2026tineretul se treze\u0219te. Tineretul este incorect politic \u0219i indiferent c\u00e2te arest\u0103ri face\u021bi, acest tineret este \u00een plin\u0103 dezvoltare. \u00cen fiecare zi tot mai mul\u021bi se trezesc \u0219i realizeaz\u0103 care este cauza nenororicii noastre.<\/p>\n<p><strong>Avalan\u0219a nu mai poate fi oprit\u0103.<\/strong><\/p>\n<p><strong>Nu v\u0103 fie fric\u0103.<\/strong><\/p>\n\n\n<\/div>\n<article class=\"post-80361 post type-post status-publish entry includes-feat-image\">\n<div class=\"featured-image alignleft\"><a class=\"featured_post_link\" href=\"https:\/\/www.incorectpolitic.com\/ultimul-fiu-al-daciei\/\" title=\"Ultimul Fiu al Daciei\"><img loading=\"lazy\" decoding=\"async\" width=\"100\" height=\"150\" src=\"https:\/\/www.incorectpolitic.com\/wp-content\/uploads\/2025\/10\/dac.jpeg\" class=\"attachment-thumbnail size-thumbnail wp-post-image lazyload\" alt><img loading=\"lazy\" decoding=\"async\" width=\"100\" height=\"150\" src=\"https:\/\/www.incorectpolitic.com\/wp-content\/uploads\/2025\/10\/dac.jpeg\" class=\"attachment-thumbnail size-thumbnail wp-post-image\" alt data-eio=\"l\"><\/a><\/div>\n<div class=\"entry-title\"><a class=\"featured_post_link\" href=\"https:\/\/www.incorectpolitic.com\/ultimul-fiu-al-daciei\/\" title=\"Ultimul Fiu al Daciei\">Ultimul Fiu al Daciei<\/a><\/div>\n<\/article>\n<article class=\"post-73927 post type-post status-publish entry includes-feat-image\">\n<div class=\"featured-image alignleft\"><a class=\"featured_post_link\" href=\"https:\/\/www.incorectpolitic.com\/cauzele-si-dinamica-antisemitismului\/\" title=\"Cauzele \u0219i Dinamica Antisemitismului\"><img loading=\"lazy\" decoding=\"async\" width=\"150\" height=\"150\" src=\"https:\/\/www.incorectpolitic.com\/wp-content\/uploads\/2018\/09\/bolshevik-jews-150x150.jpg\" class=\"attachment-thumbnail size-thumbnail wp-post-image lazyload\" alt><img loading=\"lazy\" decoding=\"async\" width=\"150\" height=\"150\" src=\"https:\/\/www.incorectpolitic.com\/wp-content\/uploads\/2018\/09\/bolshevik-jews-150x150.jpg\" class=\"attachment-thumbnail size-thumbnail wp-post-image\" alt data-eio=\"l\"><\/a><\/div>\n<div class=\"entry-title\"><a class=\"featured_post_link\" href=\"https:\/\/www.incorectpolitic.com\/cauzele-si-dinamica-antisemitismului\/\" title=\"Cauzele \u0219i Dinamica Antisemitismului\">Cauzele \u0219i Dinamica Antisemitismului<\/a><\/div>\n<\/article>\n<article class=\"post-72974 post type-post status-publish entry includes-feat-image\">\n<div class=\"featured-image alignleft\"><a class=\"featured_post_link\" href=\"https:\/\/www.incorectpolitic.com\/navalirea-jidanilor-de-vasile-alecsandri-piesa-interzisa\/\" title=\"N\u0103v\u0103lirea Jidanilor \u2013 de Vasile Alecsandri (Pies\u0103 interzis\u0103)\"><img loading=\"lazy\" decoding=\"async\" width=\"150\" height=\"150\" src=\"https:\/\/www.incorectpolitic.com\/wp-content\/uploads\/2024\/02\/jidani-navalire-2.png\" class=\"attachment-thumbnail size-thumbnail wp-post-image lazyload\" alt><img loading=\"lazy\" decoding=\"async\" width=\"150\" height=\"150\" src=\"https:\/\/www.incorectpolitic.com\/wp-content\/uploads\/2024\/02\/jidani-navalire-2.png\" class=\"attachment-thumbnail size-thumbnail wp-post-image\" alt data-eio=\"l\"><\/a><\/div>\n<div class=\"entry-title\"><a class=\"featured_post_link\" href=\"https:\/\/www.incorectpolitic.com\/navalirea-jidanilor-de-vasile-alecsandri-piesa-interzisa\/\" title=\"N\u0103v\u0103lirea Jidanilor \u2013 de Vasile Alecsandri (Pies\u0103 interzis\u0103)\">N\u0103v\u0103lirea Jidanilor \u2013 de Vasile Alecsandri (Pies\u0103 interzis\u0103)<\/a><\/div>\n<\/article>\n<article class=\"post-71879 post type-post status-publish entry includes-feat-image\">\n<div class=\"featured-image alignleft\"><a class=\"featured_post_link\" href=\"https:\/\/www.incorectpolitic.com\/europa-si-romania-in-anul-2050\/\" title=\"Europa \u0219i Rom\u00e2nia \u00een anul 2050\"><img loading=\"lazy\" decoding=\"async\" width=\"147\" height=\"150\" src=\"https:\/\/www.incorectpolitic.com\/wp-content\/uploads\/2024\/01\/Romania-2050-2.png\" class=\"attachment-thumbnail size-thumbnail wp-post-image lazyload\" alt><img loading=\"lazy\" decoding=\"async\" width=\"147\" height=\"150\" src=\"https:\/\/www.incorectpolitic.com\/wp-content\/uploads\/2024\/01\/Romania-2050-2.png\" class=\"attachment-thumbnail size-thumbnail wp-post-image\" alt data-eio=\"l\"><\/a><\/div>\n<div class=\"entry-title\"><a class=\"featured_post_link\" href=\"https:\/\/www.incorectpolitic.com\/europa-si-romania-in-anul-2050\/\" title=\"Europa \u0219i Rom\u00e2nia \u00een anul 2050\">Europa \u0219i Rom\u00e2nia \u00een anul 2050<\/a><\/div>\n<\/article>\n<article class=\"post-23854 post type-post status-publish entry includes-feat-image\">\n<div class=\"featured-image alignleft\"><a class=\"featured_post_link\" href=\"https:\/\/www.incorectpolitic.com\/vizita-papei-autonomie-alternativa\/\" title=\"Vizita Papei \u2013 Autonomie Alternativ\u0103\"><img loading=\"lazy\" decoding=\"async\" width=\"150\" height=\"150\" class=\"attachment-thumbnail size-thumbnail wp-post-image lazyload\" alt src=\"https:\/\/www.incorectpolitic.com\/wp-content\/uploads\/2019\/06\/uI2HFtR-150x150.jpg\"><img loading=\"lazy\" decoding=\"async\" width=\"150\" height=\"150\" src=\"https:\/\/www.incorectpolitic.com\/wp-content\/uploads\/2019\/06\/uI2HFtR-150x150.jpg\" class=\"attachment-thumbnail size-thumbnail wp-post-image\" alt data-eio=\"l\"><\/a><\/div>\n<div class=\"entry-title\"><a class=\"featured_post_link\" href=\"https:\/\/www.incorectpolitic.com\/vizita-papei-autonomie-alternativa\/\" title=\"Vizita Papei \u2013 Autonomie Alternativ\u0103\">Vizita Papei \u2013 Autonomie Alternativ\u0103<\/a><\/div>\n<\/article>\n<article class=\"post-72111 post type-post status-publish entry includes-feat-image\">\n<div class=\"featured-image alignleft\"><a class=\"featured_post_link\" href=\"https:\/\/www.incorectpolitic.com\/revelion-2023-2024-vine-anul-biruintei\/\" title=\"Revelion 2023 \u2013 2024 vine ANUL BIRUIN\u021aEI\"><img loading=\"lazy\" decoding=\"async\" width=\"150\" height=\"150\" src=\"https:\/\/www.incorectpolitic.com\/wp-content\/uploads\/2023\/12\/anul-biruintei.png\" class=\"attachment-thumbnail size-thumbnail wp-post-image lazyload\" alt><img loading=\"lazy\" decoding=\"async\" width=\"150\" height=\"150\" src=\"https:\/\/www.incorectpolitic.com\/wp-content\/uploads\/2023\/12\/anul-biruintei.png\" class=\"attachment-thumbnail size-thumbnail wp-post-image\" alt data-eio=\"l\"><\/a><\/div>\n<div class=\"entry-title\"><a class=\"featured_post_link\" href=\"https:\/\/www.incorectpolitic.com\/revelion-2023-2024-vine-anul-biruintei\/\" title=\"Revelion 2023 \u2013 2024 vine ANUL BIRUIN\u021aEI\">Revelion 2023 \u2013 2024 vine ANUL BIRUIN\u021aEI<\/a><\/div>\n<\/article>\n<article class=\"post-50139 post type-post status-publish entry includes-feat-image\">\n<div class=\"featured-image alignleft\"><a class=\"featured_post_link\" href=\"https:\/\/www.incorectpolitic.com\/analiza-strategiei-adoptata-de-guvern-pentru-combaterea-antisemitismului-xenofobiei-si-discursului-instigator-la-ura-2021-2023\/\" title=\"Analiza Strategiei Adoptat\u0103 de Guvern Pentru Combaterea \u201cantisemitismului, xenofobiei \u0219i discursului instigator la ur\u0103 2021-2023\u201d\"><img loading=\"lazy\" decoding=\"async\" width=\"150\" height=\"150\" src=\"https:\/\/www.incorectpolitic.com\/wp-content\/uploads\/2019\/08\/Jewish-censorship-e1421273251759-2-150x150.jpg\" class=\"attachment-thumbnail size-thumbnail wp-post-image lazyload\" alt><img loading=\"lazy\" decoding=\"async\" width=\"150\" height=\"150\" src=\"https:\/\/www.incorectpolitic.com\/wp-content\/uploads\/2019\/08\/Jewish-censorship-e1421273251759-2-150x150.jpg\" class=\"attachment-thumbnail size-thumbnail wp-post-image\" alt data-eio=\"l\"><\/a><\/div>\n<div class=\"entry-title\"><a class=\"featured_post_link\" href=\"https:\/\/www.incorectpolitic.com\/analiza-strategiei-adoptata-de-guvern-pentru-combaterea-antisemitismului-xenofobiei-si-discursului-instigator-la-ura-2021-2023\/\" title=\"Analiza Strategiei Adoptat\u0103 de Guvern Pentru Combaterea \u201cantisemitismului, xenofobiei \u0219i discursului instigator la ur\u0103 2021-2023\u201d\">Analiza Strategiei Adoptat\u0103 de Guvern Pentru Combaterea \u201cantisemitismului, xenofobiei \u0219i discursului instigator la ur\u0103 2021-2023\u201d<\/a><\/div>\n<\/article>\n<article class=\"post-70829 post type-post status-publish entry includes-feat-image\">\n<div class=\"featured-image alignleft\"><a class=\"featured_post_link\" href=\"https:\/\/www.incorectpolitic.com\/pozitia-unilaterala-a-pseudo-politicienilor-din-romania-si-a-bor-in-sustinerea-israelului-singurul-stat-terorist-din-lume-arata-ca-acestia-nu-au-o-fibra-cu-adevarat-nationala\/\" title=\"Pozi\u021bia unilateral\u0103 a pseudo politicienilor din Rom\u00e2nia \u0219i a BOR \u00een sus\u021binerea Israelului, singurul stat terorist din lume, arat\u0103 c\u0103 ace\u0219tia nu au o fibr\u0103 cu adev\u0103rat na\u021bional\u0103\"><img loading=\"lazy\" decoding=\"async\" width=\"150\" height=\"89\" src=\"https:\/\/www.incorectpolitic.com\/wp-content\/uploads\/2023\/08\/circumcision.png\" class=\"attachment-thumbnail size-thumbnail wp-post-image lazyload\" alt><img loading=\"lazy\" decoding=\"async\" width=\"150\" height=\"89\" src=\"https:\/\/www.incorectpolitic.com\/wp-content\/uploads\/2023\/08\/circumcision.png\" class=\"attachment-thumbnail size-thumbnail wp-post-image\" alt data-eio=\"l\"><\/a><\/div>\n<div class=\"entry-title\"><a class=\"featured_post_link\" href=\"https:\/\/www.incorectpolitic.com\/pozitia-unilaterala-a-pseudo-politicienilor-din-romania-si-a-bor-in-sustinerea-israelului-singurul-stat-terorist-din-lume-arata-ca-acestia-nu-au-o-fibra-cu-adevarat-nationala\/\" title=\"Pozi\u021bia unilateral\u0103 a pseudo politicienilor din Rom\u00e2nia \u0219i a BOR \u00een sus\u021binerea Israelului, singurul stat terorist din lume, arat\u0103 c\u0103 ace\u0219tia nu au o fibr\u0103 cu adev\u0103rat na\u021bional\u0103\">Pozi\u021bia unilateral\u0103 a pseudo politicienilor din Rom\u00e2nia \u0219i a BOR \u00een sus\u021binerea Israelului, singurul stat terorist din lume, arat\u0103 c\u0103 ace\u0219tia nu au o fibr\u0103 cu adev\u0103rat na\u021bional\u0103<\/a><\/div>\n<\/article>\n<article class=\"post-66937 post type-post status-publish entry includes-feat-image\">\n<div class=\"featured-image alignleft\"><a class=\"featured_post_link\" href=\"https:\/\/www.incorectpolitic.com\/agresiunea-impotriva-revizionistilor-istorici-si-efectele-linsajului-judiciar-de-la-nuremberg\/\" title=\"Agresiunea \u00eempotriva Revizioni\u0219tilor Istorici \u0219i efectele lin\u0219ajului judiciar de la Nurnberg\"><img loading=\"lazy\" decoding=\"async\" width=\"150\" height=\"100\" src=\"https:\/\/www.incorectpolitic.com\/wp-content\/uploads\/2023\/04\/image_2023-04-30_134634134.png\" class=\"attachment-thumbnail size-thumbnail wp-post-image lazyload\" alt><img loading=\"lazy\" decoding=\"async\" width=\"150\" height=\"100\" src=\"https:\/\/www.incorectpolitic.com\/wp-content\/uploads\/2023\/04\/image_2023-04-30_134634134.png\" class=\"attachment-thumbnail size-thumbnail wp-post-image\" alt data-eio=\"l\"><\/a><\/div>\n<div class=\"entry-title\"><a class=\"featured_post_link\" href=\"https:\/\/www.incorectpolitic.com\/agresiunea-impotriva-revizionistilor-istorici-si-efectele-linsajului-judiciar-de-la-nuremberg\/\" title=\"Agresiunea \u00eempotriva Revizioni\u0219tilor Istorici \u0219i efectele lin\u0219ajului judiciar de la Nurnberg\">Agresiunea \u00eempotriva Revizioni\u0219tilor Istorici \u0219i efectele lin\u0219ajului judiciar de la Nurnberg<\/a><\/div>\n<\/article>\n<article class=\"post-19111 post type-post status-publish entry includes-feat-image\">\n<div class=\"featured-image alignleft\"><a class=\"featured_post_link\" href=\"https:\/\/www.incorectpolitic.com\/despre-adevar\/\" title=\"Despre Adev\u0103r\"><img loading=\"lazy\" decoding=\"async\" width=\"150\" height=\"150\" src=\"https:\/\/www.incorectpolitic.com\/wp-content\/uploads\/2019\/02\/freedomfromchain-150x150.jpg\" class=\"attachment-thumbnail size-thumbnail wp-post-image lazyload\" alt><img loading=\"lazy\" decoding=\"async\" width=\"150\" height=\"150\" src=\"https:\/\/www.incorectpolitic.com\/wp-content\/uploads\/2019\/02\/freedomfromchain-150x150.jpg\" class=\"attachment-thumbnail size-thumbnail wp-post-image\" alt data-eio=\"l\"><\/a><\/div>\n<div class=\"entry-title\"><a class=\"featured_post_link\" href=\"https:\/\/www.incorectpolitic.com\/despre-adevar\/\" title=\"Despre Adev\u0103r\">Despre Adev\u0103r<\/a><\/div>\n<\/article>\n<article class=\"post-53767 post type-post status-publish entry includes-feat-image\">\n<div class=\"featured-image alignleft\"><a class=\"featured_post_link\" href=\"https:\/\/www.incorectpolitic.com\/dictionarul-coincidentelor-cine-sunt-iudeii-care-ne-au-influentat-tara-in-istoria-recenta\/\" title=\"DIC\u021aIONARUL COINCIDEN\u021aELOR  \u2013 Cine sunt iudeii care ne-au influen\u021bat \u021bara \u00een istoria recent\u0103\"><img loading=\"lazy\" decoding=\"async\" width=\"150\" height=\"150\" src=\"https:\/\/www.incorectpolitic.com\/wp-content\/uploads\/2021\/09\/coinc-150x150.png\" class=\"attachment-thumbnail size-thumbnail wp-post-image lazyload\" alt><img loading=\"lazy\" decoding=\"async\" width=\"150\" height=\"150\" src=\"https:\/\/www.incorectpolitic.com\/wp-content\/uploads\/2021\/09\/coinc-150x150.png\" class=\"attachment-thumbnail size-thumbnail wp-post-image\" alt data-eio=\"l\"><\/a><\/div>\n<div class=\"entry-title\"><a class=\"featured_post_link\" href=\"https:\/\/www.incorectpolitic.com\/dictionarul-coincidentelor-cine-sunt-iudeii-care-ne-au-influentat-tara-in-istoria-recenta\/\" title=\"DIC\u021aIONARUL COINCIDEN\u021aELOR  \u2013 Cine sunt iudeii care ne-au influen\u021bat \u021bara \u00een istoria recent\u0103\">DIC\u021aIONARUL COINCIDEN\u021aELOR  \u2013 Cine sunt iudeii care ne-au influen\u021bat \u021bara \u00een istoria recent\u0103<\/a><\/div>\n<\/article>\n<article class=\"post-51156 post type-post status-publish entry includes-feat-image\">\n<div class=\"featured-image alignleft\"><a class=\"featured_post_link\" href=\"https:\/\/www.incorectpolitic.com\/desertaciune-nu-aparare\/\" title=\"DE\u0218ERT\u0102CIUNE?! Nu, AP\u0102RARE!\"><img loading=\"lazy\" decoding=\"async\" width=\"150\" height=\"150\" class=\"attachment-thumbnail size-thumbnail wp-post-image lazyload\" alt src=\"https:\/\/www.incorectpolitic.com\/wp-content\/uploads\/2021\/06\/desertaciune-nu-aparare-150x150.jpg\"><img loading=\"lazy\" decoding=\"async\" width=\"150\" height=\"150\" src=\"https:\/\/www.incorectpolitic.com\/wp-content\/uploads\/2021\/06\/desertaciune-nu-aparare-150x150.jpg\" class=\"attachment-thumbnail size-thumbnail wp-post-image\" alt data-eio=\"l\"><\/a><\/div>\n<div class=\"entry-title\"><a class=\"featured_post_link\" href=\"https:\/\/www.incorectpolitic.com\/desertaciune-nu-aparare\/\" title=\"DE\u0218ERT\u0102CIUNE?! Nu, AP\u0102RARE!\">DE\u0218ERT\u0102CIUNE?! Nu, AP\u0102RARE!<\/a><\/div>\n<\/article>\n<article class=\"post-44728 post type-post status-publish entry includes-feat-image\">\n<div class=\"featured-image alignleft\"><a class=\"featured_post_link\" href=\"https:\/\/www.incorectpolitic.com\/resetarea-medicinei-sau-resetarea-omenirii-prin-nanotehnologie\/\" title=\"Resetarea Medicinei sau Resetarea Omenirii prin Nanotehnologie\"><img loading=\"lazy\" decoding=\"async\" width=\"150\" height=\"150\" src=\"https:\/\/www.incorectpolitic.com\/wp-content\/uploads\/2020\/12\/ed8a914d6d236c9d231903a8b2e79f63-150x150.gif\" class=\"attachment-thumbnail size-thumbnail wp-post-image lazyload\" alt><img loading=\"lazy\" decoding=\"async\" width=\"150\" height=\"150\" src=\"https:\/\/www.incorectpolitic.com\/wp-content\/uploads\/2020\/12\/ed8a914d6d236c9d231903a8b2e79f63-150x150.gif\" class=\"attachment-thumbnail size-thumbnail wp-post-image\" alt data-eio=\"l\"><\/a><\/div>\n<div class=\"entry-title\"><a class=\"featured_post_link\" href=\"https:\/\/www.incorectpolitic.com\/resetarea-medicinei-sau-resetarea-omenirii-prin-nanotehnologie\/\" title=\"Resetarea Medicinei sau Resetarea Omenirii prin Nanotehnologie\">Resetarea Medicinei sau Resetarea Omenirii prin Nanotehnologie<\/a><\/div>\n<\/article>\n<article class=\"post-43837 post type-post status-publish entry includes-feat-image\">\n<div class=\"featured-image alignleft\"><a class=\"featured_post_link\" href=\"https:\/\/www.incorectpolitic.com\/noul-legamant\/\" title=\"Noul Leg\u0103m\u00e2nt\"><img loading=\"lazy\" decoding=\"async\" width=\"150\" height=\"150\" src=\"https:\/\/www.incorectpolitic.com\/wp-content\/uploads\/2020\/12\/NL-150x150.jpg\" class=\"attachment-thumbnail size-thumbnail wp-post-image lazyload\" alt><img loading=\"lazy\" decoding=\"async\" width=\"150\" height=\"150\" src=\"https:\/\/www.incorectpolitic.com\/wp-content\/uploads\/2020\/12\/NL-150x150.jpg\" class=\"attachment-thumbnail size-thumbnail wp-post-image\" alt data-eio=\"l\"><\/a><\/div>\n<div class=\"entry-title\"><a class=\"featured_post_link\" href=\"https:\/\/www.incorectpolitic.com\/noul-legamant\/\" title=\"Noul Leg\u0103m\u00e2nt\">Noul Leg\u0103m\u00e2nt<\/a><\/div>\n<\/article>\n<article class=\"post-42525 post type-post status-publish entry includes-feat-image\">\n<div class=\"featured-image alignleft\"><a class=\"featured_post_link\" href=\"https:\/\/www.incorectpolitic.com\/vaccinarea-inseamna-crima-un-atentat-la-sanatatea-personala-la-integritatea-corporala-si-intimitatea-oricarui-om-liber-medicul-ce-vaccineaza-cu-forta-un-om-liber-merita-sa-fie-pedepsit-de-acesta\/\" title=\"Vaccinarea \u00eenseamn\u0103 crim\u0103, un atentat la s\u0103n\u0103tatea personal\u0103, la integritatea corporal\u0103 \u0219i intimitatea oric\u0103rui om liber. Medicul ce vaccineaz\u0103 cu for\u021ba un om liber merit\u0103 s\u0103 fie pedepsit de acesta\"><img loading=\"lazy\" decoding=\"async\" width=\"150\" height=\"150\" src=\"https:\/\/www.incorectpolitic.com\/wp-content\/uploads\/2020\/11\/syringe_0-150x150.jpg\" class=\"attachment-thumbnail size-thumbnail wp-post-image lazyload\" alt><img loading=\"lazy\" decoding=\"async\" width=\"150\" height=\"150\" src=\"https:\/\/www.incorectpolitic.com\/wp-content\/uploads\/2020\/11\/syringe_0-150x150.jpg\" class=\"attachment-thumbnail size-thumbnail wp-post-image\" alt data-eio=\"l\"><\/a><\/div>\n<div class=\"entry-title\"><a class=\"featured_post_link\" href=\"https:\/\/www.incorectpolitic.com\/vaccinarea-inseamna-crima-un-atentat-la-sanatatea-personala-la-integritatea-corporala-si-intimitatea-oricarui-om-liber-medicul-ce-vaccineaza-cu-forta-un-om-liber-merita-sa-fie-pedepsit-de-acesta\/\" title=\"Vaccinarea \u00eenseamn\u0103 crim\u0103, un atentat la s\u0103n\u0103tatea personal\u0103, la integritatea corporal\u0103 \u0219i intimitatea oric\u0103rui om liber. Medicul ce vaccineaz\u0103 cu for\u021ba un om liber merit\u0103 s\u0103 fie pedepsit de acesta\">Vaccinarea \u00eenseamn\u0103 crim\u0103, un atentat la s\u0103n\u0103tatea personal\u0103, la integritatea corporal\u0103 \u0219i intimitatea oric\u0103rui om liber. Medicul ce vaccineaz\u0103 cu for\u021ba un om liber merit\u0103 s\u0103 fie pedepsit de acesta<\/a><\/div>\n<\/article>\n<article class=\"post-38338 post type-post status-publish entry includes-feat-image\">\n<div class=\"featured-image alignleft\"><a class=\"featured_post_link\" href=\"https:\/\/www.incorectpolitic.com\/trebuie-sa-distrugem-suprematia-jidoveasca\/\" title=\"Trebuie s\u0103 distrugem superma\u021bia jidoveasc\u0103!\"><img loading=\"lazy\" decoding=\"async\" width=\"150\" height=\"150\" src=\"https:\/\/www.incorectpolitic.com\/wp-content\/uploads\/2018\/11\/GunoiOPS-150x150.png\" class=\"attachment-thumbnail size-thumbnail wp-post-image lazyload\" alt><img loading=\"lazy\" decoding=\"async\" width=\"150\" height=\"150\" src=\"https:\/\/www.incorectpolitic.com\/wp-content\/uploads\/2018\/11\/GunoiOPS-150x150.png\" class=\"attachment-thumbnail size-thumbnail wp-post-image\" alt data-eio=\"l\"><\/a><\/div>\n<div class=\"entry-title\"><a class=\"featured_post_link\" href=\"https:\/\/www.incorectpolitic.com\/trebuie-sa-distrugem-suprematia-jidoveasca\/\" title=\"Trebuie s\u0103 distrugem superma\u021bia jidoveasc\u0103!\">Trebuie s\u0103 distrugem superma\u021bia jidoveasc\u0103!<\/a><\/div>\n<\/article>\n<article class=\"post-30776 post type-post status-publish entry includes-feat-image\">\n<div class=\"featured-image alignleft\"><a class=\"featured_post_link\" href=\"https:\/\/www.incorectpolitic.com\/da-ti-doua-palme-si-ridica-te\/\" title=\"D\u0103-\u021bi Dou\u0103 Palme \u0219i Ridic\u0103-te\"><img loading=\"lazy\" decoding=\"async\" width=\"150\" height=\"150\" src=\"https:\/\/www.incorectpolitic.com\/wp-content\/uploads\/2019\/11\/1-mai-620x350-150x150.jpg\" class=\"attachment-thumbnail size-thumbnail wp-post-image lazyload\" alt><img loading=\"lazy\" decoding=\"async\" width=\"150\" height=\"150\" src=\"https:\/\/www.incorectpolitic.com\/wp-content\/uploads\/2019\/11\/1-mai-620x350-150x150.jpg\" class=\"attachment-thumbnail size-thumbnail wp-post-image\" alt data-eio=\"l\"><\/a><\/div>\n<div class=\"entry-title\"><a class=\"featured_post_link\" href=\"https:\/\/www.incorectpolitic.com\/da-ti-doua-palme-si-ridica-te\/\" title=\"D\u0103-\u021bi Dou\u0103 Palme \u0219i Ridic\u0103-te\">D\u0103-\u021bi Dou\u0103 Palme \u0219i Ridic\u0103-te<\/a><\/div>\n<\/article>\n<article class=\"post-27862 post type-post status-publish entry includes-feat-image\">\n<div class=\"featured-image alignleft\"><a class=\"featured_post_link\" href=\"https:\/\/www.incorectpolitic.com\/scrisoare-deschisa-catre-neamul-romanesc\/\" title=\"Scrisoare Deschis\u0103 C\u0103tre Neamul Rom\u00e2nesc\"><img loading=\"lazy\" decoding=\"async\" width=\"150\" height=\"150\" src=\"https:\/\/www.incorectpolitic.com\/wp-content\/uploads\/2019\/09\/videoblocks-male-hand-reload-a-revolver-magnum-gun-without-bullets-magnum-revolver-and-empty-bullet-magnum-lead-round-nose-45-auto-rim-revolver-rounds_ha1focujz_thumbnail-full01-150x150.jpg\" class=\"attachment-thumbnail size-thumbnail wp-post-image lazyload\" alt><img loading=\"lazy\" decoding=\"async\" width=\"150\" height=\"150\" src=\"https:\/\/www.incorectpolitic.com\/wp-content\/uploads\/2019\/09\/videoblocks-male-hand-reload-a-revolver-magnum-gun-without-bullets-magnum-revolver-and-empty-bullet-magnum-lead-round-nose-45-auto-rim-revolver-rounds_ha1focujz_thumbnail-full01-150x150.jpg\" class=\"attachment-thumbnail size-thumbnail wp-post-image\" alt data-eio=\"l\"><\/a><\/div>\n<div class=\"entry-title\"><a class=\"featured_post_link\" href=\"https:\/\/www.incorectpolitic.com\/scrisoare-deschisa-catre-neamul-romanesc\/\" title=\"Scrisoare Deschis\u0103 C\u0103tre Neamul Rom\u00e2nesc\">Scrisoare Deschis\u0103 C\u0103tre Neamul Rom\u00e2nesc<\/a><\/div>\n<\/article>\n<article class=\"post-26255 post type-post status-publish entry includes-feat-image\">\n<div class=\"featured-image alignleft\"><a class=\"featured_post_link\" href=\"https:\/\/www.incorectpolitic.com\/sociologia-eliberarii-si-curentele-laterale-de-sedimentare-revolutionara\/\" title=\"Sociologia Eliber\u0103rii \u0219i Curentele Laterale de Sedimentare Revolu\u021bionar\u0103\"><img loading=\"lazy\" decoding=\"async\" width=\"150\" height=\"150\" src=\"https:\/\/www.incorectpolitic.com\/wp-content\/uploads\/2020\/12\/nm3-150x150.png\" class=\"attachment-thumbnail size-thumbnail wp-post-image lazyload\" alt><img loading=\"lazy\" decoding=\"async\" width=\"150\" height=\"150\" src=\"https:\/\/www.incorectpolitic.com\/wp-content\/uploads\/2020\/12\/nm3-150x150.png\" class=\"attachment-thumbnail size-thumbnail wp-post-image\" alt data-eio=\"l\"><\/a><\/div>\n<div class=\"entry-title\"><a class=\"featured_post_link\" href=\"https:\/\/www.incorectpolitic.com\/sociologia-eliberarii-si-curentele-laterale-de-sedimentare-revolutionara\/\" title=\"Sociologia Eliber\u0103rii \u0219i Curentele Laterale de Sedimentare Revolu\u021bionar\u0103\">Sociologia Eliber\u0103rii \u0219i Curentele Laterale de Sedimentare Revolu\u021bionar\u0103<\/a><\/div>\n<\/article>\n<article class=\"post-21977 post type-post status-publish entry includes-feat-image\">\n<div class=\"featured-image alignleft\"><a class=\"featured_post_link\" href=\"https:\/\/www.incorectpolitic.com\/impotriva-fatalismului\/\" title=\"\u00cempotriva Fatalismului\"><img loading=\"lazy\" decoding=\"async\" width=\"150\" height=\"150\" src=\"https:\/\/www.incorectpolitic.com\/wp-content\/uploads\/2019\/04\/thumb-150x150.jpg\" class=\"attachment-thumbnail size-thumbnail wp-post-image lazyload\" alt><img loading=\"lazy\" decoding=\"async\" width=\"150\" height=\"150\" src=\"https:\/\/www.incorectpolitic.com\/wp-content\/uploads\/2019\/04\/thumb-150x150.jpg\" class=\"attachment-thumbnail size-thumbnail wp-post-image\" alt data-eio=\"l\"><\/a><\/div>\n<div class=\"entry-title\"><a class=\"featured_post_link\" href=\"https:\/\/www.incorectpolitic.com\/impotriva-fatalismului\/\" title=\"\u00cempotriva Fatalismului\">\u00cempotriva Fatalismului<\/a><\/div>\n<\/article>\n<article class=\"post-20844 post type-post status-publish entry includes-feat-image\">\n<div class=\"featured-image alignleft\"><a class=\"featured_post_link\" href=\"https:\/\/www.incorectpolitic.com\/inceputul-etapei-post-globaliste-mass-media-ultimul-obstacol\/\" title=\"\u00cenceputul Etapei Post-Globaliste \u2013  Mass Media Ultimul Obstacol\"><img loading=\"lazy\" decoding=\"async\" width=\"150\" height=\"150\" src=\"https:\/\/www.incorectpolitic.com\/wp-content\/uploads\/2019\/03\/https___cdn.cnn_.com_cnnnext_dam_assets_181202123002-yellow-vest-protest-150x150.jpg\" class=\"attachment-thumbnail size-thumbnail wp-post-image lazyload\" alt><img loading=\"lazy\" decoding=\"async\" width=\"150\" height=\"150\" src=\"https:\/\/www.incorectpolitic.com\/wp-content\/uploads\/2019\/03\/https___cdn.cnn_.com_cnnnext_dam_assets_181202123002-yellow-vest-protest-150x150.jpg\" class=\"attachment-thumbnail size-thumbnail wp-post-image\" alt data-eio=\"l\"><\/a><\/div>\n<div class=\"entry-title\"><a class=\"featured_post_link\" href=\"https:\/\/www.incorectpolitic.com\/inceputul-etapei-post-globaliste-mass-media-ultimul-obstacol\/\" title=\"\u00cenceputul Etapei Post-Globaliste \u2013  Mass Media Ultimul Obstacol\">\u00cenceputul Etapei Post-Globaliste \u2013  Mass Media Ultimul Obstacol<\/a><\/div>\n<\/article>\n<article class=\"post-19704 post type-post status-publish entry includes-feat-image\">\n<div class=\"featured-image alignleft\"><a class=\"featured_post_link\" href=\"https:\/\/www.incorectpolitic.com\/mlastina-mass-media-serial-complet\/\" title=\"Mla\u0219tina Mass Media  \u2013 Serial Complet\"><img loading=\"lazy\" decoding=\"async\" width=\"150\" height=\"150\" src=\"https:\/\/www.incorectpolitic.com\/wp-content\/uploads\/2018\/06\/colaj-modificat-1-768x278-150x150.jpg\" class=\"attachment-thumbnail size-thumbnail wp-post-image lazyload\" alt><img loading=\"lazy\" decoding=\"async\" width=\"150\" height=\"150\" src=\"https:\/\/www.incorectpolitic.com\/wp-content\/uploads\/2018\/06\/colaj-modificat-1-768x278-150x150.jpg\" class=\"attachment-thumbnail size-thumbnail wp-post-image\" alt data-eio=\"l\"><\/a><\/div>\n<div class=\"entry-title\"><a class=\"featured_post_link\" href=\"https:\/\/www.incorectpolitic.com\/mlastina-mass-media-serial-complet\/\" title=\"Mla\u0219tina Mass Media  \u2013 Serial Complet\">Mla\u0219tina Mass Media  \u2013 Serial Complet<\/a><\/div>\n<\/article>\n<article class=\"post-5104 post type-post status-publish entry includes-feat-image\">\n<div class=\"featured-image alignleft\"><a class=\"featured_post_link\" href=\"https:\/\/www.incorectpolitic.com\/momentul-1937\/\" title=\"Momentul 1937\"><img loading=\"lazy\" decoding=\"async\" width=\"150\" height=\"150\" src=\"https:\/\/www.incorectpolitic.com\/wp-content\/uploads\/2018\/03\/capitanul-codreanu2003a-150x150.jpg\" class=\"attachment-thumbnail size-thumbnail wp-post-image lazyload\" alt><img loading=\"lazy\" decoding=\"async\" width=\"150\" height=\"150\" src=\"https:\/\/www.incorectpolitic.com\/wp-content\/uploads\/2018\/03\/capitanul-codreanu2003a-150x150.jpg\" class=\"attachment-thumbnail size-thumbnail wp-post-image\" alt data-eio=\"l\"><\/a><\/div>\n<div class=\"entry-title\"><a class=\"featured_post_link\" href=\"https:\/\/www.incorectpolitic.com\/momentul-1937\/\" title=\"Momentul 1937\">Momentul 1937<\/a><\/div>\n<\/article>\n<article class=\"post-16914 post type-post status-publish entry includes-feat-image\">\n<div class=\"featured-image alignleft\"><a class=\"featured_post_link\" href=\"https:\/\/www.incorectpolitic.com\/portretul-romanului-iudeo-crestin\/\" title=\"Portretul Rom\u00e2nului Iudeo-Cre\u0219tin Iubitor de Infanticid\"><img loading=\"lazy\" decoding=\"async\" width=\"150\" height=\"150\" src=\"https:\/\/www.incorectpolitic.com\/wp-content\/uploads\/2019\/01\/venn-150x150.jpg\" class=\"attachment-thumbnail size-thumbnail wp-post-image lazyload\" alt><img loading=\"lazy\" decoding=\"async\" width=\"150\" height=\"150\" src=\"https:\/\/www.incorectpolitic.com\/wp-content\/uploads\/2019\/01\/venn-150x150.jpg\" class=\"attachment-thumbnail size-thumbnail wp-post-image\" alt data-eio=\"l\"><\/a><\/div>\n<div class=\"entry-title\"><a class=\"featured_post_link\" href=\"https:\/\/www.incorectpolitic.com\/portretul-romanului-iudeo-crestin\/\" title=\"Portretul Rom\u00e2nului Iudeo-Cre\u0219tin Iubitor de Infanticid\">Portretul Rom\u00e2nului Iudeo-Cre\u0219tin Iubitor de Infanticid<\/a><\/div>\n<\/article>\n<article class=\"post-13899 post type-post status-publish entry includes-feat-image\">\n<div class=\"featured-image alignleft\"><a class=\"featured_post_link\" href=\"https:\/\/www.incorectpolitic.com\/manifest-impotriva-national-sionismului\/\" title=\"Manifest \u00cempotriva Na\u021bional-Sionismului din Rom\u00e2nia\"><img loading=\"lazy\" decoding=\"async\" width=\"150\" height=\"150\" src=\"https:\/\/www.incorectpolitic.com\/wp-content\/uploads\/2018\/10\/z1-150x150.png\" class=\"attachment-thumbnail size-thumbnail wp-post-image lazyload\" alt><img loading=\"lazy\" decoding=\"async\" width=\"150\" height=\"150\" src=\"https:\/\/www.incorectpolitic.com\/wp-content\/uploads\/2018\/10\/z1-150x150.png\" class=\"attachment-thumbnail size-thumbnail wp-post-image\" alt data-eio=\"l\"><\/a><\/div>\n<div class=\"entry-title\"><a class=\"featured_post_link\" href=\"https:\/\/www.incorectpolitic.com\/manifest-impotriva-national-sionismului\/\" title=\"Manifest \u00cempotriva Na\u021bional-Sionismului din Rom\u00e2nia\">Manifest \u00cempotriva Na\u021bional-Sionismului din Rom\u00e2nia<\/a><\/div>\n<\/article>\n<article class=\"post-7498 post type-post status-publish entry includes-feat-image\">\n<div class=\"featured-image alignleft\"><a class=\"featured_post_link\" href=\"https:\/\/www.incorectpolitic.com\/istorie-zydokomuna-cea-mai-completa-lista-a-nomenclaturii-iudeo-bolsevice-din-romania\/\" title=\"Istorie: \u017bYDOKOMUNA, Cea Mai Complet\u0103 List\u0103 a Nomenclaturii Iudeo-Bol\u0219evice din Rom\u00e2nia\"><img loading=\"lazy\" decoding=\"async\" width=\"150\" height=\"150\" src=\"https:\/\/www.incorectpolitic.com\/wp-content\/uploads\/2018\/06\/holocaustul-rosu-150x150.jpg\" class=\"attachment-thumbnail size-thumbnail wp-post-image lazyload\" alt><img loading=\"lazy\" decoding=\"async\" width=\"150\" height=\"150\" src=\"https:\/\/www.incorectpolitic.com\/wp-content\/uploads\/2018\/06\/holocaustul-rosu-150x150.jpg\" class=\"attachment-thumbnail size-thumbnail wp-post-image\" alt data-eio=\"l\"><\/a><\/div>\n<div class=\"entry-title\"><a class=\"featured_post_link\" href=\"https:\/\/www.incorectpolitic.com\/istorie-zydokomuna-cea-mai-completa-lista-a-nomenclaturii-iudeo-bolsevice-din-romania\/\" title=\"Istorie: \u017bYDOKOMUNA, Cea Mai Complet\u0103 List\u0103 a Nomenclaturii Iudeo-Bol\u0219evice din Rom\u00e2nia\">Istorie: \u017bYDOKOMUNA, Cea Mai Complet\u0103 List\u0103 a Nomenclaturii Iudeo-Bol\u0219evice din Rom\u00e2nia<\/a><\/div>\n<\/article>\n<article class=\"post-6413 post type-post status-publish entry includes-feat-image\">\n<div class=\"featured-image alignleft\"><a class=\"featured_post_link\" href=\"https:\/\/www.incorectpolitic.com\/iudaismul-este-un-proiect-politic\/\" title=\"Iudaismul Este Un Proiect Politic\"><img loading=\"lazy\" decoding=\"async\" width=\"150\" height=\"150\" src=\"https:\/\/www.incorectpolitic.com\/wp-content\/uploads\/2018\/05\/israelzionismjudaism5-150x150.jpeg\" class=\"attachment-thumbnail size-thumbnail wp-post-image lazyload\" alt><img loading=\"lazy\" decoding=\"async\" width=\"150\" height=\"150\" src=\"https:\/\/www.incorectpolitic.com\/wp-content\/uploads\/2018\/05\/israelzionismjudaism5-150x150.jpeg\" class=\"attachment-thumbnail size-thumbnail wp-post-image\" alt data-eio=\"l\"><\/a><\/div>\n<div class=\"entry-title\"><a class=\"featured_post_link\" href=\"https:\/\/www.incorectpolitic.com\/iudaismul-este-un-proiect-politic\/\" title=\"Iudaismul Este Un Proiect Politic\">Iudaismul Este Un Proiect Politic<\/a><\/div>\n<\/article>\n<article class=\"post-5089 post type-post status-publish entry includes-feat-image\">\n<div class=\"featured-image alignleft\"><a class=\"featured_post_link\" href=\"https:\/\/www.incorectpolitic.com\/exploziv-si-excluziv-interviul-interzis-in-presa-romaneasca\/\" title=\"EXPLOZIV \u0218I EXCLUSIV: Interviul INTERZIS \u00een Presa Rom\u00e2neasc\u0103\"><img loading=\"lazy\" decoding=\"async\" width=\"150\" height=\"150\" src=\"https:\/\/www.incorectpolitic.com\/wp-content\/uploads\/2018\/03\/gscz6z-150x150.gif\" class=\"attachment-thumbnail size-thumbnail wp-post-image lazyload\" alt><img loading=\"lazy\" decoding=\"async\" width=\"150\" height=\"150\" src=\"https:\/\/www.incorectpolitic.com\/wp-content\/uploads\/2018\/03\/gscz6z-150x150.gif\" class=\"attachment-thumbnail size-thumbnail wp-post-image\" alt data-eio=\"l\"><\/a><\/div>\n<div class=\"entry-title\"><a class=\"featured_post_link\" href=\"https:\/\/www.incorectpolitic.com\/exploziv-si-excluziv-interviul-interzis-in-presa-romaneasca\/\" title=\"EXPLOZIV \u0218I EXCLUSIV: Interviul INTERZIS \u00een Presa Rom\u00e2neasc\u0103\">EXPLOZIV \u0218I EXCLUSIV: Interviul INTERZIS \u00een Presa Rom\u00e2neasc\u0103<\/a><\/div>\n<\/article>\n<article class=\"post-1109 post type-post status-publish entry includes-feat-image\">\n<div class=\"featured-image alignleft\"><a class=\"featured_post_link\" href=\"https:\/\/www.incorectpolitic.com\/ofensiva-spirituala-poloniei\/\" title=\"Ofensiva Spiritual\u0103 a Poloniei\"><img loading=\"lazy\" decoding=\"async\" width=\"150\" height=\"150\" src=\"https:\/\/www.incorectpolitic.com\/wp-content\/uploads\/2017\/10\/jesus-with-whip3-150x150.jpg\" class=\"attachment-thumbnail size-thumbnail wp-post-image lazyload\" alt><img loading=\"lazy\" decoding=\"async\" width=\"150\" height=\"150\" src=\"https:\/\/www.incorectpolitic.com\/wp-content\/uploads\/2017\/10\/jesus-with-whip3-150x150.jpg\" class=\"attachment-thumbnail size-thumbnail wp-post-image\" alt data-eio=\"l\"><\/a><\/div>\n<div class=\"entry-title\"><a class=\"featured_post_link\" href=\"https:\/\/www.incorectpolitic.com\/ofensiva-spirituala-poloniei\/\" title=\"Ofensiva Spiritual\u0103 a Poloniei\">Ofensiva Spiritual\u0103 a Poloniei<\/a><\/div>\n<\/article>\n<article class=\"post-5673 post type-post status-publish entry includes-feat-image\">\n<div class=\"featured-image alignleft\"><a class=\"featured_post_link\" href=\"https:\/\/www.incorectpolitic.com\/biciul-prigonirii-romanilor-este-in-mana-jidanilor\/\" title=\"Biciul Prigonirii Rom\u00e2nilor Este \u00een M\u00e2na Jidanilor!\"><img loading=\"lazy\" decoding=\"async\" width=\"150\" height=\"150\" src=\"https:\/\/www.incorectpolitic.com\/wp-content\/uploads\/2018\/04\/S.-Vexler-si-B.-Netanyahu-150x150.jpg\" class=\"attachment-thumbnail size-thumbnail wp-post-image lazyload\" alt><img loading=\"lazy\" decoding=\"async\" width=\"150\" height=\"150\" src=\"https:\/\/www.incorectpolitic.com\/wp-content\/uploads\/2018\/04\/S.-Vexler-si-B.-Netanyahu-150x150.jpg\" class=\"attachment-thumbnail size-thumbnail wp-post-image\" alt data-eio=\"l\"><\/a><\/div>\n<div class=\"entry-title\"><a class=\"featured_post_link\" href=\"https:\/\/www.incorectpolitic.com\/biciul-prigonirii-romanilor-este-in-mana-jidanilor\/\" title=\"Biciul Prigonirii Rom\u00e2nilor Este \u00een M\u00e2na Jidanilor!\">Biciul Prigonirii Rom\u00e2nilor Este \u00een M\u00e2na Jidanilor!<\/a><\/div>\n<\/article>\n<article class=\"post-80464 post type-post status-publish entry includes-feat-image\">\n<div class=\"featured-image alignleft\"><a class=\"featured_post_link\" href=\"https:\/\/www.incorectpolitic.com\/talmudismul-este-esenta-satanismului\/\" title=\"TALMUDISMUL ESTE ESEN\u021aA SATANISMULUI\"><img loading=\"lazy\" decoding=\"async\" width=\"150\" height=\"150\" src=\"https:\/\/www.incorectpolitic.com\/wp-content\/uploads\/2020\/02\/vasile-zarnescu-150x150.png\" class=\"attachment-thumbnail size-thumbnail wp-post-image lazyload\" alt><img loading=\"lazy\" decoding=\"async\" width=\"150\" height=\"150\" src=\"https:\/\/www.incorectpolitic.com\/wp-content\/uploads\/2020\/02\/vasile-zarnescu-150x150.png\" class=\"attachment-thumbnail size-thumbnail wp-post-image\" alt data-eio=\"l\"><\/a><\/div>\n<div class=\"entry-title\"><a class=\"featured_post_link\" href=\"https:\/\/www.incorectpolitic.com\/talmudismul-este-esenta-satanismului\/\" title=\"TALMUDISMUL ESTE ESEN\u021aA SATANISMULUI\">TALMUDISMUL ESTE ESEN\u021aA SATANISMULUI<\/a><\/div>\n<\/article>\n<article class=\"post-20005 post type-post status-publish entry includes-feat-image\">\n<div class=\"featured-image alignleft\"><a class=\"featured_post_link\" href=\"https:\/\/www.incorectpolitic.com\/viciul-matematic-elementar-v-m-e-2\/\" title=\"Viciul Matematic Elementar (V.M.E.)\"><img loading=\"lazy\" decoding=\"async\" width=\"150\" height=\"150\" src=\"https:\/\/www.incorectpolitic.com\/wp-content\/uploads\/2017\/12\/tell-lie-vision-150x150.jpg\" class=\"attachment-thumbnail size-thumbnail wp-post-image lazyload\" alt><img loading=\"lazy\" decoding=\"async\" width=\"150\" height=\"150\" src=\"https:\/\/www.incorectpolitic.com\/wp-content\/uploads\/2017\/12\/tell-lie-vision-150x150.jpg\" class=\"attachment-thumbnail size-thumbnail wp-post-image\" alt data-eio=\"l\"><\/a><\/div>\n<div class=\"entry-title\"><a class=\"featured_post_link\" href=\"https:\/\/www.incorectpolitic.com\/viciul-matematic-elementar-v-m-e-2\/\" title=\"Viciul Matematic Elementar (V.M.E.)\">Viciul Matematic Elementar (V.M.E.)<\/a><\/div>\n<\/article>\n<p>[analyse_source url=&#8221;https:\/\/www.incorectpolitic.com\/vizita-presedintelui-israelului-la-iasi-reprezentantul-statului-terorist-a-fost-primit-cu-osanale-de-autoritatile-tradatoare\/&#8221;]<\/p>\n","protected":false},"excerpt":{"rendered":"<p>[analyse_image type=&#8221;featured&#8221; src=&#8221;https:\/\/www.incorectpolitic.com\/wp-content\/uploads\/2026\/06\/abject.png&#8221;] Vlad Voicu Incorect Politic Iunie 29, 2026 Vizita pre\u0219edintelui Israelului la Ia\u0219i \u2013 reprezentantul statului terorist a fost primit cu osanale de autorit\u0103\u021bile tr\u0103d\u0103toare \u00cen aceste zile Rom\u00e2nia a g\u0103zduit vizita lui Isaac Herzog, care a poposit la Ia\u0219i pentru a ne aminti de cele trei sute de catralioane de iudei uci\u0219i [&hellip;]<\/p>\n","protected":false},"author":1,"featured_media":0,"comment_status":"open","ping_status":"","sticky":false,"template":"","format":"standard","meta":{"footnotes":""},"categories":[89],"tags":[226,95],"class_list":["post-2019556","post","type-post","status-publish","format-standard","hentry","category-romania","tag-crawlmanager","tag-incorectpolitic-com"],"_links":{"self":[{"href":"https:\/\/analyse.optim.biz\/index.php?rest_route=\/wp\/v2\/posts\/2019556","targetHints":{"allow":["GET"]}}],"collection":[{"href":"https:\/\/analyse.optim.biz\/index.php?rest_route=\/wp\/v2\/posts"}],"about":[{"href":"https:\/\/analyse.optim.biz\/index.php?rest_route=\/wp\/v2\/types\/post"}],"author":[{"embeddable":true,"href":"https:\/\/analyse.optim.biz\/index.php?rest_route=\/wp\/v2\/users\/1"}],"replies":[{"embeddable":true,"href":"https:\/\/analyse.optim.biz\/index.php?rest_route=%2Fwp%2Fv2%2Fcomments&post=2019556"}],"version-history":[{"count":0,"href":"https:\/\/analyse.optim.biz\/index.php?rest_route=\/wp\/v2\/posts\/2019556\/revisions"}],"wp:attachment":[{"href":"https:\/\/analyse.optim.biz\/index.php?rest_route=%2Fwp%2Fv2%2Fmedia&parent=2019556"}],"wp:term":[{"taxonomy":"category","embeddable":true,"href":"https:\/\/analyse.optim.biz\/index.php?rest_route=%2Fwp%2Fv2%2Fcategories&post=2019556"},{"taxonomy":"post_tag","embeddable":true,"href":"https:\/\/analyse.optim.biz\/index.php?rest_route=%2Fwp%2Fv2%2Ftags&post=2019556"}],"curies":[{"name":"wp","href":"https:\/\/api.w.org\/{rel}","templated":true}]}}