{"id":201936,"date":"2014-06-27T13:52:40","date_gmt":"2014-06-27T10:52:40","guid":{"rendered":"https:\/\/analyse.optim.biz\/?p=201936"},"modified":"2014-06-27T13:52:40","modified_gmt":"2014-06-27T10:52:40","slug":"calin-popescu-tariceanu-candideaza-la-prezidentiale","status":"publish","type":"post","link":"https:\/\/analyse.optim.biz\/?p=201936","title":{"rendered":"C\u0103lin Popescu T\u0103riceanu candideaz\u0103 la preziden\u0163iale"},"content":{"rendered":"<div class=\"entry data-app-meta data-app-meta-article\" data-embed-base-url-canonical=\"https:\/\/www.digi24.ro\/embed\/stiri\/actualitate\/politica\/calin-popescu-tariceanu-candideaza-la-prezidentiale-261909\">\n<p data-index=\"1\"><img decoding=\"async\" src=\"https:\/\/analyse.optim.biz\/wp-content\/uploads\/2024\/09\/mdamagfzad1hntg3ytrmzdq0nmuwmjgzywqzzjc5mwvizwe0mgi3zg-thumb_.jpg\" data-skip-htmlfix=\"1\" title=\"mdamagfzad1hntg3ytrmzdq0nmuwmjgzywqzzjc5mwvizwe0mgi3zg-thumb_\"><\/p>\n<p data-index=\"2\">T\u0103riceanu a f\u0103cut acest anun\u0163<a href=\"http:\/\/issuu.com\/calin.popescu-tariceanu\/docs\/mesaj_c__tre_liberali_27_iunie\/1?e=11400826\/8417433\" target=\"_blank\" data-skip-linkfix=\"1\" rel=\"noopener\"><strong>\u00eentr-o scrisoare pe care a adresat-o liberalilor.<\/strong><\/a><\/p>\n<p data-index=\"3\">\u201e<span>Al fi preferat s\u0103 v\u0103 adresez acest mesaj ca participant la congresul PNL, \u00een calitate de delegat, de candidat la pre\u015fedin\u0163ia partidului, aflat pe lista celor care solicit\u0103 onoarea de a reprezenta PNL la alegerile preziden\u0163iale\u201d, <a href=\"https:\/\/www.facebook.com\/tariceanu?fref=ts\" target=\"_blank\" data-skip-linkfix=\"1\" rel=\"noopener\"><strong>a scris<\/strong><\/a> T\u0103riceanu.<\/span><\/p>\n<p data-index=\"4\">El le-a transmis liberalilor c\u0103 proiectul de fuziune dintre PNL \u015fi PDL trebuie respins, \u00eentruc\u00e2t ar reprezenta &#8220;o gre\u015feal\u0103 capital\u0103&#8221;.<\/p>\n<p data-index=\"5\">Totodat\u0103, el le-a spus c\u0103 grupul de europarlamentari PNL trebuie s\u0103 revin\u0103 \u00een Grupul ALDE.<\/p>\n<p data-index=\"6\">\u201e<span>Vom ini\u0163ia imediat toate procedurile necesare \u00eenfiin\u0163\u0103rii legale a unui nou partid liberal, inclusiv str\u00e2ngerea de semn\u0103turi \u015fi adeziuni. Noi vom \u0163ine vie flac\u0103ra liberalismului \u00een Rom\u00e2nia.<\/span><\/p>\n<p data-index=\"7\">Simultan, vom ini\u0163ia str\u00e2ngerea de semn\u0103turi necesare \u00eenscrierii legale a candidaturii la pre\u015fedin\u0163ia Rom\u00e2niei a subsemnatului, C\u0103lin Popescu T\u0103riceanu&#8221;, potrivit documentului.<\/p>\n<\/div>\n<p> Source URL: https:\/\/www.digi24.ro\/stiri\/actualitate\/politica\/calin-popescu-tariceanu-candideaza-la-prezidentiale-261909<\/p>\n","protected":false},"excerpt":{"rendered":"<p>T\u0103riceanu a f\u0103cut acest anun\u0163\u00eentr-o scrisoare pe care a adresat-o liberalilor. \u201eAl fi preferat s\u0103 v\u0103 adresez acest mesaj ca participant la congresul PNL, \u00een calitate de delegat, de candidat la pre\u015fedin\u0163ia partidului, aflat pe lista celor care solicit\u0103 onoarea de a reprezenta PNL la alegerile preziden\u0163iale\u201d, a scris T\u0103riceanu. El le-a transmis liberalilor c\u0103 [&hellip;]<\/p>\n","protected":false},"author":1,"featured_media":201937,"comment_status":"open","ping_status":"","sticky":false,"template":"","format":"standard","meta":{"footnotes":""},"categories":[2],"tags":[11],"class_list":["post-201936","post","type-post","status-publish","format-standard","has-post-thumbnail","hentry","category-politics","tag-digi24"],"_links":{"self":[{"href":"https:\/\/analyse.optim.biz\/index.php?rest_route=\/wp\/v2\/posts\/201936","targetHints":{"allow":["GET"]}}],"collection":[{"href":"https:\/\/analyse.optim.biz\/index.php?rest_route=\/wp\/v2\/posts"}],"about":[{"href":"https:\/\/analyse.optim.biz\/index.php?rest_route=\/wp\/v2\/types\/post"}],"author":[{"embeddable":true,"href":"https:\/\/analyse.optim.biz\/index.php?rest_route=\/wp\/v2\/users\/1"}],"replies":[{"embeddable":true,"href":"https:\/\/analyse.optim.biz\/index.php?rest_route=%2Fwp%2Fv2%2Fcomments&post=201936"}],"version-history":[{"count":0,"href":"https:\/\/analyse.optim.biz\/index.php?rest_route=\/wp\/v2\/posts\/201936\/revisions"}],"wp:featuredmedia":[{"embeddable":true,"href":"https:\/\/analyse.optim.biz\/index.php?rest_route=\/wp\/v2\/media\/201937"}],"wp:attachment":[{"href":"https:\/\/analyse.optim.biz\/index.php?rest_route=%2Fwp%2Fv2%2Fmedia&parent=201936"}],"wp:term":[{"taxonomy":"category","embeddable":true,"href":"https:\/\/analyse.optim.biz\/index.php?rest_route=%2Fwp%2Fv2%2Fcategories&post=201936"},{"taxonomy":"post_tag","embeddable":true,"href":"https:\/\/analyse.optim.biz\/index.php?rest_route=%2Fwp%2Fv2%2Ftags&post=201936"}],"curies":[{"name":"wp","href":"https:\/\/api.w.org\/{rel}","templated":true}]}}