{"id":201925,"date":"2014-06-27T15:32:08","date_gmt":"2014-06-27T12:32:08","guid":{"rendered":"https:\/\/analyse.optim.biz\/?p=201925"},"modified":"2014-06-27T15:32:08","modified_gmt":"2014-06-27T12:32:08","slug":"c-antonescu-despre-candidatura-lui-calin-popescu-tariceanu-nu-are-nicio-sansa","status":"publish","type":"post","link":"https:\/\/analyse.optim.biz\/?p=201925","title":{"rendered":"C. Antonescu, despre candidatura lui C\u0103lin Popescu T\u0103riceanu:\u00a0Nu are nicio\u00a0\u0219ans\u0103"},"content":{"rendered":"<div class=\"entry data-app-meta data-app-meta-article\" data-embed-base-url-canonical=\"https:\/\/www.digi24.ro\/embed\/stiri\/actualitate\/politica\/c-antonescu-despre-candidatura-lui-calin-popescu-tariceanu-nu-are-nicio-sansa-261965\">\n<p data-index=\"1\">\u201e<span>Nu v\u0103d cu ce m\u0103 prive\u0219te asta (n.r. candidatura lui C\u0103lin Popescu T\u0103riceanu) pe mine sau pe Partidul Na\u021bional Liberal\u201d, <\/span><span lang=\"en-US\">a spus Crin Antonescu. \u00cen opinia sa, fostul liberal C\u0103lin Popescu T\u0103riceanu are \u015fi dreptul s\u0103 \u00ee\u015fi fac\u0103 un nou partid de orientare liberal\u0103.<\/span><\/p>\n<p data-index=\"2\">\u00centrebat ce \u0219anse crede c\u0103 are C\u0103lin Popescu T\u0103riceanu la alegerile preziden\u021biale, Crin Antonescu a r\u0103spuns: \u201e<span lang=\"en-US\">Nici una<\/span><span>\u201d<\/span><span lang=\"en-US\">.<\/span><\/p>\n<p data-index=\"3\"><span lang=\"en-US\">Cu toate acestea, fostul <\/span><span>pre\u0219edinte<\/span><span lang=\"en-US\"> al liberalilor <\/span><span>a<\/span><span lang=\"en-US\"> admis c<\/span><span>\u0103 cei care au \u00eentotdeauna r\u0103spunsul la aceste \u00eentreb\u0103ri sunt aleg\u0103torii.<\/span><\/p>\n<\/div>\n<p> Source URL: https:\/\/www.digi24.ro\/stiri\/actualitate\/politica\/c-antonescu-despre-candidatura-lui-calin-popescu-tariceanu-nu-are-nicio-sansa-261965<\/p>\n","protected":false},"excerpt":{"rendered":"<p>\u201eNu v\u0103d cu ce m\u0103 prive\u0219te asta (n.r. candidatura lui C\u0103lin Popescu T\u0103riceanu) pe mine sau pe Partidul Na\u021bional Liberal\u201d, a spus Crin Antonescu. \u00cen opinia sa, fostul liberal C\u0103lin Popescu T\u0103riceanu are \u015fi dreptul s\u0103 \u00ee\u015fi fac\u0103 un nou partid de orientare liberal\u0103. \u00centrebat ce \u0219anse crede c\u0103 are C\u0103lin Popescu T\u0103riceanu la alegerile [&hellip;]<\/p>\n","protected":false},"author":1,"featured_media":201926,"comment_status":"open","ping_status":"","sticky":false,"template":"","format":"standard","meta":{"footnotes":""},"categories":[2],"tags":[11],"class_list":["post-201925","post","type-post","status-publish","format-standard","has-post-thumbnail","hentry","category-politics","tag-digi24"],"_links":{"self":[{"href":"https:\/\/analyse.optim.biz\/index.php?rest_route=\/wp\/v2\/posts\/201925","targetHints":{"allow":["GET"]}}],"collection":[{"href":"https:\/\/analyse.optim.biz\/index.php?rest_route=\/wp\/v2\/posts"}],"about":[{"href":"https:\/\/analyse.optim.biz\/index.php?rest_route=\/wp\/v2\/types\/post"}],"author":[{"embeddable":true,"href":"https:\/\/analyse.optim.biz\/index.php?rest_route=\/wp\/v2\/users\/1"}],"replies":[{"embeddable":true,"href":"https:\/\/analyse.optim.biz\/index.php?rest_route=%2Fwp%2Fv2%2Fcomments&post=201925"}],"version-history":[{"count":0,"href":"https:\/\/analyse.optim.biz\/index.php?rest_route=\/wp\/v2\/posts\/201925\/revisions"}],"wp:featuredmedia":[{"embeddable":true,"href":"https:\/\/analyse.optim.biz\/index.php?rest_route=\/wp\/v2\/media\/201926"}],"wp:attachment":[{"href":"https:\/\/analyse.optim.biz\/index.php?rest_route=%2Fwp%2Fv2%2Fmedia&parent=201925"}],"wp:term":[{"taxonomy":"category","embeddable":true,"href":"https:\/\/analyse.optim.biz\/index.php?rest_route=%2Fwp%2Fv2%2Fcategories&post=201925"},{"taxonomy":"post_tag","embeddable":true,"href":"https:\/\/analyse.optim.biz\/index.php?rest_route=%2Fwp%2Fv2%2Ftags&post=201925"}],"curies":[{"name":"wp","href":"https:\/\/api.w.org\/{rel}","templated":true}]}}