{"id":201914,"date":"2014-06-27T16:26:48","date_gmt":"2014-06-27T13:26:48","guid":{"rendered":"https:\/\/analyse.optim.biz\/?p=201914"},"modified":"2014-06-27T16:26:48","modified_gmt":"2014-06-27T13:26:48","slug":"crin-antonescu-neaga-ca-i-ar-fi-propus-lui-guy-verhofstadt-sa-o-nominalizeze-pe-adina-valean-la-functia-de-vicepresedinte-al-pe","status":"publish","type":"post","link":"https:\/\/analyse.optim.biz\/?p=201914","title":{"rendered":"Crin Antonescu neag\u0103 c\u0103 i-ar fi propus lui\u00a0Guy Verhofstadt s\u0103 o nominalizeze pe Adina V\u0103lean la func\u0163ia de vicepre\u015fedinte al PE"},"content":{"rendered":"<div class=\"entry data-app-meta data-app-meta-article\" data-embed-base-url-canonical=\"https:\/\/www.digi24.ro\/embed\/stiri\/actualitate\/politica\/crin-antonescu-neaga-ca-i-ar-fi-propus-lui-guy-verhofstadt-sa-o-nominalizeze-pe-adina-valean-la-functia-de-vicepresedinte-al-pe-261993\">\n<p data-index=\"1\">\u201e<span>Domnul Verhofstadt a fost \u00een Rom\u00e2nia, am avut o discu\u021bie \u00een care eu, ca pre\u0219edinte al partidului, f\u0103r\u0103 s\u0103 nominalizez pe cineva, am pus problema dac\u0103 Partidul Na\u021bional Liberal, printr-un reprezentant al s\u0103u, grupul liberal, grupul rom\u00e2nesc, din delega\u021bia liberal\u0103 \u0219i, \u00een general, grupul ALDE, ar putea accesa o func\u021bie de vicepre\u0219edinte la nivelul Parlamentului European, av\u00e2nd \u0219anse de a fi chiar cel mai mare grup din delega\u021bia ALDE\u201d,\u00a0<\/span><span lang=\"en-US\">a spus Crin Antonescu.<\/span><\/p>\n<p data-index=\"2\">Potrivit fostului pre\u0219edinte al PNL, Guy Verhofstadt ar fi spus c\u0103 sper\u0103 ca pozi\u021bia de vicepre\u0219edinte al PE s\u0103 fie disponibil\u0103.<\/p>\n<p data-index=\"3\">\u201eDomnul Verhofstadt a f\u0103cut o referire explicit\u0103 la candidatul natural al grupului ALDE, pentru c\u0103 (n.r. Adina V\u0103lean) era liderul la nivelul grupului, la o posibil\u0103 candidatur\u0103 a ei acolo\u201d, a spus Crin Antonescu.<\/p>\n<p data-index=\"4\">\u201e<span lang=\"en-US\">Eu nu vreau s<\/span><span>\u0103<\/span><span lang=\"en-US\">\u00a0alimentez\u00a0<\/span><span>o polemic\u0103 cu Guy Verhofstadt, dup\u0103 cum n-am r\u0103spuns atacului perfect iresponsabil al domnului Watson (n.r. Sir Graham Watson, liderul Alian\u021bei Liberalilor \u0219i Democra\u021bilor Europeni<\/span><span lang=\"en-US\">), (\u2026) pentru c<\/span><span>\u0103<\/span><span lang=\"en-US\">\u00a0sunt oameni c<\/span><span>\u0103rora le-am purtat respect<\/span><span lang=\"en-US\">\u201d, a mai spus Crin Antonescu.<\/span><\/p>\n<\/div>\n<p> Source URL: https:\/\/www.digi24.ro\/stiri\/actualitate\/politica\/crin-antonescu-neaga-ca-i-ar-fi-propus-lui-guy-verhofstadt-sa-o-nominalizeze-pe-adina-valean-la-functia-de-vicepresedinte-al-pe-261993<\/p>\n","protected":false},"excerpt":{"rendered":"<p>\u201eDomnul Verhofstadt a fost \u00een Rom\u00e2nia, am avut o discu\u021bie \u00een care eu, ca pre\u0219edinte al partidului, f\u0103r\u0103 s\u0103 nominalizez pe cineva, am pus problema dac\u0103 Partidul Na\u021bional Liberal, printr-un reprezentant al s\u0103u, grupul liberal, grupul rom\u00e2nesc, din delega\u021bia liberal\u0103 \u0219i, \u00een general, grupul ALDE, ar putea accesa o func\u021bie de vicepre\u0219edinte la nivelul Parlamentului [&hellip;]<\/p>\n","protected":false},"author":1,"featured_media":201915,"comment_status":"open","ping_status":"","sticky":false,"template":"","format":"standard","meta":{"footnotes":""},"categories":[2],"tags":[11],"class_list":["post-201914","post","type-post","status-publish","format-standard","has-post-thumbnail","hentry","category-politics","tag-digi24"],"_links":{"self":[{"href":"https:\/\/analyse.optim.biz\/index.php?rest_route=\/wp\/v2\/posts\/201914","targetHints":{"allow":["GET"]}}],"collection":[{"href":"https:\/\/analyse.optim.biz\/index.php?rest_route=\/wp\/v2\/posts"}],"about":[{"href":"https:\/\/analyse.optim.biz\/index.php?rest_route=\/wp\/v2\/types\/post"}],"author":[{"embeddable":true,"href":"https:\/\/analyse.optim.biz\/index.php?rest_route=\/wp\/v2\/users\/1"}],"replies":[{"embeddable":true,"href":"https:\/\/analyse.optim.biz\/index.php?rest_route=%2Fwp%2Fv2%2Fcomments&post=201914"}],"version-history":[{"count":0,"href":"https:\/\/analyse.optim.biz\/index.php?rest_route=\/wp\/v2\/posts\/201914\/revisions"}],"wp:featuredmedia":[{"embeddable":true,"href":"https:\/\/analyse.optim.biz\/index.php?rest_route=\/wp\/v2\/media\/201915"}],"wp:attachment":[{"href":"https:\/\/analyse.optim.biz\/index.php?rest_route=%2Fwp%2Fv2%2Fmedia&parent=201914"}],"wp:term":[{"taxonomy":"category","embeddable":true,"href":"https:\/\/analyse.optim.biz\/index.php?rest_route=%2Fwp%2Fv2%2Fcategories&post=201914"},{"taxonomy":"post_tag","embeddable":true,"href":"https:\/\/analyse.optim.biz\/index.php?rest_route=%2Fwp%2Fv2%2Ftags&post=201914"}],"curies":[{"name":"wp","href":"https:\/\/api.w.org\/{rel}","templated":true}]}}