{"id":201903,"date":"2014-06-27T20:11:34","date_gmt":"2014-06-27T17:11:34","guid":{"rendered":"https:\/\/analyse.optim.biz\/?p=201903"},"modified":"2014-06-27T20:11:34","modified_gmt":"2014-06-27T17:11:34","slug":"traian-basescu-sustine-ca-liderii-europeni-il-considera-artizanul-functionarii-justitiei","status":"publish","type":"post","link":"https:\/\/analyse.optim.biz\/?p=201903","title":{"rendered":"Traian B\u0103sescu sus\u021bine c\u0103 liderii europeni \u00eel consider\u0103 artizanul func\u0163ion\u0103rii justi\u0163iei"},"content":{"rendered":"<div class=\"entry data-app-meta data-app-meta-article\" data-embed-base-url-canonical=\"https:\/\/www.digi24.ro\/embed\/stiri\/actualitate\/politica\/traian-basescu-sustine-ca-liderii-europeni-il-considera-artizanul-functionarii-justitiei-262080\">\n<p data-index=\"1\">\u00centrebat dac\u0103 a discutat cu liderii europeni despre <a href=\"https:\/\/www.digi24.ro\/Stiri\/Digi24\/Actualitate\/Politica\/Traian+Basescu+Parlamentul+a+fraternizat+cu+clanul+Bercea\" target=\"_blank\" data-skip-linkfix=\"1\" rel=\"noopener\">declara\u0163ia Parlamentului privind demisia sa<\/a>, Traian B\u0103sescu a r\u0103spuns:<em><strong> \u201eLumea r\u00e2de&#8221;<\/strong><\/em>.<\/p>\n<p data-index=\"2\">\u201e<em><strong>Ce nu \u0163in cont oamenii \u0103\u015ftia este c\u0103 eu \u00eei cunosc de 10 ani, au \u00eencredere \u00een mine, c\u0103 sunt considerat artizanul func\u0163ion\u0103rii Justi\u0163iei \u00een Rom\u00e2nia \u015fi un Parlament care prejudec\u0103 \u015fi acuz\u0103 \u00eenainte s\u0103 judece justi\u0163ia este un Parlament care are o problem\u0103, din punct de vedere democratic<\/strong><\/em>\u201d, a ad\u0103ugat <strong>Traian B\u0103sescu.<\/strong><\/p>\n<p data-index=\"3\">\u0218eful statului a mai spus c\u0103 \u201elucrurile au devenit clare pentru to\u0163i\u201d atunci c\u00e2nd liderii europeni au \u00een\u0163eles c\u0103 este vorba despre acelea\u015fi partide de la suspendarea sa din func\u0163ie.<\/p>\n<p data-index=\"4\">\u201e<em><strong>Mai ales c\u00e2nd au \u00een\u0163eles c\u0103 sunt acelea\u015fi partide de la suspendare, lucrurile au devenit clare la to\u0163i. Au \u00een\u0163eles \u015fi obiectivul<\/strong><\/em>\u201d, a spus Traian B\u0103sescu, citat de Mediafax.<\/p>\n<p data-index=\"5\">El a mai ar\u0103tat c\u0103 nu ar fi abordat aceast\u0103 problem\u0103, dac\u0103 o problem\u0103 intern\u0103 nu ar fi fost mutat\u0103 \u00een exterior.<\/p>\n<p data-index=\"6\">\u201e<em><strong>S\u0103 \u015fti\u0163i c\u0103 nu a\u015f fi abordat aceast\u0103 problem\u0103 dac\u0103 documentul, declara\u0163ia Parlamentului, nu era trimis\u0103 la extern, deci, am abordat-o pentru c\u0103 a venit de pe extern. \u00cens\u0103, trebuie s\u0103 \u0163ii cont \u015fi de prestigul pe care \u00eel are eventual un politician c\u00e2nd vrei s\u0103 mu\u0163i politica intern\u0103 \u00een exterior<\/strong><\/em>&#8220;, a mai spus Traian B\u0103sescu.<\/p>\n<p data-index=\"7\">\u00centrebat dac\u0103 i s-au cerut am\u0103nunte, pre\u0219edintele a r\u0103spuns: \u201eNu, s-a r\u00e2s direct\u201d.<\/p>\n<p data-index=\"8\">Parlamentul a anun\u0163at miercuri c\u0103 a trimis membrilor Consiliului European declara\u021bia adoptat\u0103 \u00een aceea\u015fi zi de plenul reunit prin care se cere demisia pre\u0219edintelui Traian B\u0103sescu.<\/p>\n<p data-index=\"9\">\u201eDeclara\u021bia adoptat\u0103 a fost transmis\u0103 membrilor Consiliului European, \u015fefi de stat \u0219i de Guvern ai statelor membre ale Uniunii Europene, prin intermediul misiunilor diplomatice ale Rom\u00e2niei \u00een statele respective\u201d, a informat un comunicat al Camerei Deputa\u021bilor.<\/p>\n<p data-index=\"10\"><a href=\"https:\/\/www.digi24.ro\/Stiri\/Digi24\/Actualitate\/Politica\/Parlament+vot+declaratie+politica+demisie+Traian+Basescu\" target=\"_blank\" data-skip-linkfix=\"1\" rel=\"noopener\">Parlamentul a adoptat, miercuri, declara\u021bia prin care se cere demisia pre\u0219edintelui Traian B\u0103sescu<\/a>, urmare a scandalului \u00een care e implicat fratele s\u0103u. Plenul comun al celor dou\u0103 Camere a adoptat declara\u021bia cu 344 voturi &#8220;pentru&#8221;, niciun vot &#8220;\u00eempotriv\u0103&#8221; \u015fi 17 ab\u0163ineri, \u00een condi\u021biile \u00een care parlamentarii PDL \u0219i PMP au absentat. UDMR s-a ab\u021binut de la vot.<\/p>\n<p data-index=\"11\">Declara\u0163ia politic\u0103 a fost citit\u0103 \u00een plen de c\u0103tre senatorul PSD <strong>Gabriela Firea<\/strong>.<\/p>\n<\/div>\n<p> Source URL: https:\/\/www.digi24.ro\/stiri\/actualitate\/politica\/traian-basescu-sustine-ca-liderii-europeni-il-considera-artizanul-functionarii-justitiei-262080<\/p>\n","protected":false},"excerpt":{"rendered":"<p>\u00centrebat dac\u0103 a discutat cu liderii europeni despre declara\u0163ia Parlamentului privind demisia sa, Traian B\u0103sescu a r\u0103spuns: \u201eLumea r\u00e2de&#8221;. \u201eCe nu \u0163in cont oamenii \u0103\u015ftia este c\u0103 eu \u00eei cunosc de 10 ani, au \u00eencredere \u00een mine, c\u0103 sunt considerat artizanul func\u0163ion\u0103rii Justi\u0163iei \u00een Rom\u00e2nia \u015fi un Parlament care prejudec\u0103 \u015fi acuz\u0103 \u00eenainte s\u0103 judece [&hellip;]<\/p>\n","protected":false},"author":1,"featured_media":201904,"comment_status":"open","ping_status":"","sticky":false,"template":"","format":"standard","meta":{"footnotes":""},"categories":[2],"tags":[11],"class_list":["post-201903","post","type-post","status-publish","format-standard","has-post-thumbnail","hentry","category-politics","tag-digi24"],"_links":{"self":[{"href":"https:\/\/analyse.optim.biz\/index.php?rest_route=\/wp\/v2\/posts\/201903","targetHints":{"allow":["GET"]}}],"collection":[{"href":"https:\/\/analyse.optim.biz\/index.php?rest_route=\/wp\/v2\/posts"}],"about":[{"href":"https:\/\/analyse.optim.biz\/index.php?rest_route=\/wp\/v2\/types\/post"}],"author":[{"embeddable":true,"href":"https:\/\/analyse.optim.biz\/index.php?rest_route=\/wp\/v2\/users\/1"}],"replies":[{"embeddable":true,"href":"https:\/\/analyse.optim.biz\/index.php?rest_route=%2Fwp%2Fv2%2Fcomments&post=201903"}],"version-history":[{"count":0,"href":"https:\/\/analyse.optim.biz\/index.php?rest_route=\/wp\/v2\/posts\/201903\/revisions"}],"wp:featuredmedia":[{"embeddable":true,"href":"https:\/\/analyse.optim.biz\/index.php?rest_route=\/wp\/v2\/media\/201904"}],"wp:attachment":[{"href":"https:\/\/analyse.optim.biz\/index.php?rest_route=%2Fwp%2Fv2%2Fmedia&parent=201903"}],"wp:term":[{"taxonomy":"category","embeddable":true,"href":"https:\/\/analyse.optim.biz\/index.php?rest_route=%2Fwp%2Fv2%2Fcategories&post=201903"},{"taxonomy":"post_tag","embeddable":true,"href":"https:\/\/analyse.optim.biz\/index.php?rest_route=%2Fwp%2Fv2%2Ftags&post=201903"}],"curies":[{"name":"wp","href":"https:\/\/api.w.org\/{rel}","templated":true}]}}