{"id":2018944,"date":"2026-06-30T10:47:55","date_gmt":"2026-06-30T07:47:55","guid":{"rendered":"https:\/\/analyse.optim.biz\/?p=2018944"},"modified":"2026-06-30T10:47:55","modified_gmt":"2026-06-30T07:47:55","slug":"masina-in-sant-si-doua-femei-ranite-dupa-ce-un-sofer-a-adormit-la-volan-foto-stiri-suceava","status":"publish","type":"post","link":"https:\/\/analyse.optim.biz\/?p=2018944","title":{"rendered":"Ma\u0219in\u0103 \u00een \u0219an\u021b \u0219i dou\u0103 femei r\u0103nite dup\u0103 ce un \u0219ofer a adormit la volan FOTO &#8211; Stiri Suceava"},"content":{"rendered":"<p>[analyse_image type=&#8221;featured&#8221; src=&#8221;https:\/\/www.informatiata.ro\/wp-content\/uploads\/2026\/06\/accident-ardomit-la-volan-1024&#215;825.jpg&#8221;]<\/p>\n<div class=\"td-post-content tagdiv-type\">\n<div class=\"td-post-featured-image\"><a href=\"https:\/\/www.informatiata.ro\/wp-content\/uploads\/2026\/06\/accident-ardomit-la-volan-scaled.jpg\" data-caption><img loading=\"lazy\" decoding=\"async\" width=\"696\" height=\"561\" class=\"entry-thumb td-modal-image\" src=\"https:\/\/www.informatiata.ro\/wp-content\/uploads\/2026\/06\/accident-ardomit-la-volan-696x561.jpg\" alt title=\"accident ardomit la volan\"><img loading=\"lazy\" decoding=\"async\" width=\"696\" height=\"561\" class=\"entry-thumb td-modal-image\" src=\"https:\/\/www.informatiata.ro\/wp-content\/uploads\/2026\/06\/accident-ardomit-la-volan-696x561.jpg\" alt title=\"accident ardomit la volan\"><\/a><\/div>\n<p>Ma\u0219in\u0103 \u00een \u0219an\u021b \u0219i dou\u0103 femei r\u0103nite dup\u0103 ce un \u0219ofer a adormit la volan. Accidentul rutier s-a petrecut luni, la Cump\u0103r\u0103tura, \u00een jude\u021bul Suceava. <\/p>\n<p>Conform IPJ Suceava, un b\u0103rbat de 57 de ani din Mangalia, care conducea un autoturism Volkswagen Golf Variant din direc\u021bia F\u0103lticeni spre Suceava, a adormit la volan pe fondul oboselii. <\/p>\n<div class=\"td-a-rec td-a-rec-id-content_inlineright  tdi_7 td_block_template_1\"><img loading=\"lazy\" decoding=\"async\" class=\"aligncenter size-full wp-image-65495\" src=\"https:\/\/www.informatiata.ro\/wp-content\/uploads\/2026\/06\/SAVCOM-29.06-05.07.gif\" alt width=\"299\" height=\"250\"><img loading=\"lazy\" decoding=\"async\" class=\"aligncenter size-full wp-image-65495\" src=\"https:\/\/www.informatiata.ro\/wp-content\/uploads\/2026\/06\/SAVCOM-29.06-05.07.gif\" alt width=\"299\" height=\"250\"><img loading=\"lazy\" decoding=\"async\" class=\"aligncenter size-full wp-image-65494\" src=\"https:\/\/www.informatiata.ro\/wp-content\/uploads\/2026\/06\/FACOS-29.06-05.07.gif\" alt width=\"300\" height=\"250\"><img loading=\"lazy\" decoding=\"async\" class=\"aligncenter size-full wp-image-65494\" src=\"https:\/\/www.informatiata.ro\/wp-content\/uploads\/2026\/06\/FACOS-29.06-05.07.gif\" alt width=\"300\" height=\"250\"><\/div>\n<p>Autoturismul a ie\u0219it de pe carosabil \u0219i a ajuns \u00een \u0219an\u021b. <\/p>\n<p>\u00cen urma impactului, au fost r\u0103nite dou\u0103 pasagere: o femeie de 44 de ani \u0219i uns de 88 de ani. <\/p>\n<p>Ambele au fost transportate de ambulan\u021b\u0103 la Spitalul Jude\u021bean Suceava, unde li s-au acordat \u00eengrijiri medicale. <\/p>\n<p>Conduc\u0103torul auto a fost testat cu aparatul etilometru, rezultatul fiind negativ.<\/p>\n<p>Poli\u021bi\u0219tii continu\u0103 cercet\u0103rile sub aspectul s\u0103v\u00e2r\u0219irii infrac\u021biunii de v\u0103t\u0103mare corporal\u0103 din culp\u0103.<\/p>\n<\/div>\n<p>[analyse_source url=&#8221;https:\/\/www.informatiata.ro\/accident-rutier-sofer-adormit-la-volan-2\/&#8221;]<\/p>\n","protected":false},"excerpt":{"rendered":"<p>[analyse_image type=&#8221;featured&#8221; src=&#8221;https:\/\/www.informatiata.ro\/wp-content\/uploads\/2026\/06\/accident-ardomit-la-volan-1024&#215;825.jpg&#8221;] Ma\u0219in\u0103 \u00een \u0219an\u021b \u0219i dou\u0103 femei r\u0103nite dup\u0103 ce un \u0219ofer a adormit la volan. Accidentul rutier s-a petrecut luni, la Cump\u0103r\u0103tura, \u00een jude\u021bul Suceava. Conform IPJ Suceava, un b\u0103rbat de 57 de ani din Mangalia, care conducea un autoturism Volkswagen Golf Variant din direc\u021bia F\u0103lticeni spre Suceava, a adormit la volan [&hellip;]<\/p>\n","protected":false},"author":1,"featured_media":0,"comment_status":"open","ping_status":"","sticky":false,"template":"","format":"standard","meta":{"footnotes":""},"categories":[89],"tags":[226,167],"class_list":["post-2018944","post","type-post","status-publish","format-standard","hentry","category-romania","tag-crawlmanager","tag-informatiata-ro"],"_links":{"self":[{"href":"https:\/\/analyse.optim.biz\/index.php?rest_route=\/wp\/v2\/posts\/2018944","targetHints":{"allow":["GET"]}}],"collection":[{"href":"https:\/\/analyse.optim.biz\/index.php?rest_route=\/wp\/v2\/posts"}],"about":[{"href":"https:\/\/analyse.optim.biz\/index.php?rest_route=\/wp\/v2\/types\/post"}],"author":[{"embeddable":true,"href":"https:\/\/analyse.optim.biz\/index.php?rest_route=\/wp\/v2\/users\/1"}],"replies":[{"embeddable":true,"href":"https:\/\/analyse.optim.biz\/index.php?rest_route=%2Fwp%2Fv2%2Fcomments&post=2018944"}],"version-history":[{"count":0,"href":"https:\/\/analyse.optim.biz\/index.php?rest_route=\/wp\/v2\/posts\/2018944\/revisions"}],"wp:attachment":[{"href":"https:\/\/analyse.optim.biz\/index.php?rest_route=%2Fwp%2Fv2%2Fmedia&parent=2018944"}],"wp:term":[{"taxonomy":"category","embeddable":true,"href":"https:\/\/analyse.optim.biz\/index.php?rest_route=%2Fwp%2Fv2%2Fcategories&post=2018944"},{"taxonomy":"post_tag","embeddable":true,"href":"https:\/\/analyse.optim.biz\/index.php?rest_route=%2Fwp%2Fv2%2Ftags&post=2018944"}],"curies":[{"name":"wp","href":"https:\/\/api.w.org\/{rel}","templated":true}]}}