{"id":201888,"date":"2014-06-28T08:08:06","date_gmt":"2014-06-28T05:08:06","guid":{"rendered":"https:\/\/analyse.optim.biz\/?p=201888"},"modified":"2014-06-28T08:08:06","modified_gmt":"2014-06-28T05:08:06","slug":"congres-pnl-liberalii-au-doi-prezidentiabili-delegatia-permanenta-a-partidului-va-alege-intre-klaus-iohannis-si-crin-antonescu","status":"publish","type":"post","link":"https:\/\/analyse.optim.biz\/?p=201888","title":{"rendered":"CONGRES PNL. Liberalii au doi preziden\u0163iabili. Delega\u0163ia Permanent\u0103 a partidului va alege \u00eentre Klaus Iohannis \u015fi Crin Antonescu"},"content":{"rendered":"<div class=\"entry data-app-meta data-app-meta-article\" data-embed-base-url-canonical=\"https:\/\/www.digi24.ro\/embed\/stiri\/actualitate\/politica\/congres-pnl-liberalii-au-doi-prezidentiabili-delegatia-permanenta-a-partidului-va-alege-intre-klaus-iohannis-si-crin-antonescu-262151\">\n<p data-index=\"1\"><span><strong>Liberalii \u015fi-au ales s\u00e2mb\u0103t\u0103 noua conducere, la Congresul PNL care s-a desf\u0103\u015furat la Palatul Parlamentului. Klaus Iohannis, edilul Sibiului creditat cu cele mai multe \u015fanse de c\u00e2\u015ftig, a ob\u0163inut, previzibil, 1334 de voturi, un scor cov\u00e2r\u015fitor \u00een fa\u0163a contracandidatului Ioan Ghi\u015fe, liberal de 21 de ani. Forma\u0163iunea ar fi trebuit s\u0103 \u00ee\u015fi desemneze tot s\u00e2mb\u0103t\u0103 \u015fi candidatul la preziden\u0163iale. \u00cen schimb, \u015fi-au anun\u0163at inten\u0163ia de a ajunge la Cotroceni doi candida\u0163i &#8211; Crin Antonescu \u015fi Klaus Iohannis, a\u015fa c\u0103 deciden\u0163ii vor fi liderii din Delega\u0163ia Permanent\u0103. \u00cen cadrul congresului s-au aprobat \u015fi rezolu\u0163iile privind intrarea partidului \u00een r\u00e2ndul Partidului Popular European \u015fi <a href=\"https:\/\/www.digi24.ro\/Stiri\/Digi24\/Actualitate\/Politica\/Disputa+intre+PNL+si+PDL+C+Predoiu+Nu+e+corect+sa+aflam+de+la+te\" target=\"_blank\" data-skip-linkfix=\"1\" rel=\"noopener\">fuziunea cu Partidul Democrat Liberal<\/a>.<\/strong><\/span><\/p>\n<p data-index=\"2\"><span><strong><img decoding=\"async\" src=\"https:\/\/analyse.optim.biz\/wp-content\/uploads\/2024\/09\/ad1imdrkyji0zjy0mgi4zjy2ztrlmmmyzjc3ote5zdgyzq-thumb_.jpg\" data-skip-htmlfix=\"1\" title=\"ad1imdrkyji0zjy0mgi4zjy2ztrlmmmyzjc3ote5zdgyzq-thumb_\"><br \/><\/strong><\/span><\/p>\n<p data-index=\"3\"><span><strong>ACTUALIZARE ora 23:30\u00a0<\/strong><span>Dup\u0103 o zi lung\u0103, <\/span><span><a href=\"https:\/\/www.digi24.ro\/Stiri\/Digi24\/Actualitate\/Politica\/PNL+are+31+de+vicepresedinti+Cele+mai+multe+voturi+-+Ludovic+Orb\" target=\"_blank\" data-skip-linkfix=\"1\" rel=\"noopener\"><strong>liberalii \u015fi-au ales cei 31 de vicepre\u015fedin\u0163i<\/strong><\/a>. \u00cen e\u015falonul 1 se reg\u0103sesc\u00a0<span><strong>Ludovic Orban<\/strong>, urmat de <strong>Teodor Atanasiu<\/strong>, <strong>Dan Motreanu<\/strong> \u0219i <strong>Alina Gorghiu<\/strong>.<\/span><\/span><\/span><\/p>\n<p data-index=\"4\">Dup\u0103 \u00eencheierea votului, Klaus Iohannis, noul pre\u0219edinte al partidului, a f\u0103cut o declara\u021bie de pres\u0103, av\u00e2ndu-i al\u0103turi pe vicepre\u0219edin\u021bii care au c\u00e2\u0219tigat cele mai multe voturi:<\/p>\n<p data-index=\"5\">\u201e<span><em><strong>PNL \u015ftie ce vrea \u00een politica rom\u00e2neasc\u0103 \u015fi lupt\u0103 pentru asta: vrea zece ani de guvernare liberal\u0103<\/strong><\/em>\u201d, a spus el.\u00a0<\/span>\u201e<em><strong>Pentru mine personal, competi\u0163ia pentru pre\u015fedin\u0163ia partidului a fost cea mai mare provocare din cariera politic\u0103 \u015fi sunt onorat c\u0103 am fost ales<\/strong><\/em>\u201d, a ad\u0103ugat noul pre\u015fedinte al forma\u0163iunii.\u00a0<\/p>\n<p data-index=\"6\"><span><span><span><span><strong>ACTUALIZARE ora 17:00<\/strong><\/span>\u00a0<\/span><\/span><\/span>Prim-vicepre\u015fedintele PDL C\u0103t\u0103lin Predoiu <a href=\"https:\/\/www.digi24.ro\/Stiri\/Digi24\/Actualitate\/Politica\/Disputa+intre+PNL+si+PDL+C+Predoiu+Nu+e+corect+sa+aflam+de+la+te\" target=\"_blank\" data-skip-linkfix=\"1\" rel=\"noopener\"><strong>se arat\u0103 surprins de anun\u0163ul f\u0103cut de noul pre\u015fedinte PNL &#8211; \u015fi anume c\u0103 noua forma\u0163iune de dreapta va p\u0103stra denumirea Partidului Na\u0163ional Liberal<\/strong><\/a>. Mai mult, acuz\u0103 PNL de lips\u0103 de respect pentru partenerii de negocieri: \u201e<span><em><strong>Doresc s\u0103 \u00eel anun\u0163 pe domnul Iohannis c\u0103 nu \u015ftiu ce mandat are, dar al meu nu. (&#8230;) Aceast\u0103 manier\u0103 de a purta discu\u0163iile este incorect\u0103. S-a stabilit c\u0103 orice chestiune se va discuta \u015fi negocia institu\u0163ional \u00een comisie. Nu e corect s\u0103 afl\u0103m de la televizor lucruri care se doresc a ne fi impuse. Regret \u015fi dezavuez aceast\u0103 manier\u0103 care denot\u0103 lips\u0103 de respect pentru parteneri<\/strong><\/em>\u201d, scrie el pe Facebook.<\/span><\/p>\n<p data-index=\"7\">Ulterior, \u015fi <a href=\"https:\/\/www.digi24.ro\/Stiri\/Digi24\/Actualitate\/Politica\/Ioan+Oltean+PDL+nu+a+acceptat+denumirea+PNL+Declaratia+lui+Klaus\" target=\"_blank\" data-skip-linkfix=\"1\" rel=\"noopener\"><strong>democrat-liberalul Ioan Oltean a comentat \u00een aceea\u015fi manier\u0103 demersul liberalilor<\/strong><\/a>.<\/p>\n<p data-index=\"8\"><span><strong>ACTUALIZARE ora 15:20\u00a0<\/strong><span><strong>Crin Antonescu \u015fi Klaus Iohannis sunt oficial \u00een cursa pentru alegerea candidatului la preziden\u0163ialele din noiembrie. <\/strong>Ca urmare,\u00a0Klaus Iohannis a retras rezolu\u0163ia privind desemnarea candidatului la pre\u015fedin\u0163ie al Partidului Na\u0163ional Liberal.<\/span><\/span><\/p>\n<p data-index=\"9\"><span><strong>Consecin\u0163a este c\u0103 Delega\u0163ia Permanent\u0103 a PNL este cea care va alege candidatul la alegerile preziden\u0163iale:<\/strong><\/span><\/p>\n<p data-index=\"10\"><span><strong>***<\/strong><\/span><\/p>\n<p data-index=\"11\"><span><strong>A<span><strong>CTUALIZARE ora 15:05<\/strong><\/span><span>\u00a0<\/span><\/strong><\/span><span>A fost adoptat\u0103 de asemenea <strong>rezolu\u0163ia privind aderarea la Partidul Popularilor Europeni<\/strong>.<\/span><\/p>\n<p data-index=\"12\"><span><strong>ACTUALIZARE ora 15:05<\/strong><\/span> Noul pre\u015fedinte al PNL supune la vot <strong>fuziunea cu PDL, propunere adoptat\u0103 cu majoritatea delega\u0163ilor prezen\u0163i \u00een sal\u0103<\/strong>. <a href=\"https:\/\/www.digi24.ro\/Stiri\/Digi24\/Actualitate\/Politica\/Klaus+Iohannis+este+noul+presedinte+al+PNL\" target=\"_blank\" data-skip-linkfix=\"1\" rel=\"noopener\"><strong>Noua forma\u0163iune se va numi Partidul Na\u0163ional Liberal<\/strong><\/a>, spune Klaus Iohannis. Ulterior, mai mul\u0163i lideri PDL &#8211; inclusiv <a href=\"https:\/\/www.digi24.ro\/Stiri\/Digi24\/Actualitate\/Politica\/Ioan+Oltean+PDL+nu+a+acceptat+denumirea+PNL+Declaratia+lui+Klaus\" target=\"_blank\" data-skip-linkfix=\"1\" rel=\"noopener\"><strong>Ioan Oltean<\/strong><\/a> \u015fi <a href=\"https:\/\/www.digi24.ro\/Stiri\/Digi24\/Actualitate\/Politica\/Disputa+intre+PNL+si+PDL+C+Predoiu+Nu+e+corect+sa+aflam+de+la+te\" target=\"_blank\" data-skip-linkfix=\"1\" rel=\"noopener\"><strong>C\u0103t\u0103lin Predoiu<\/strong><\/a> \u015fi-au exprimat dezaprobarea, ar\u0103t\u00e2nd c\u0103 la negocierile purtate nu s-a luat \u00een discu\u0163ie acest aspect al numelui noii forma\u0163iuni de dreapta.<\/p>\n<p data-index=\"13\"><span><span><strong><span><span><span><span>ACTUALIZARE ora 14:55\u00a0<\/span><\/span><\/span><\/span><\/strong><strong><span><span><span><span>Klaus Iohannis a fost ales \u00een func\u0163ia de pre\u015fedinte al Partidului Na\u0163ional Liberal, cu 1334 de voturi. Ioan Ghi\u015fe ob\u0163ine 144 de voturi, iar 41 de buletine au fost anulate.<\/span><\/span><\/span><\/span><\/strong><\/span><\/span><\/p>\n<p data-index=\"14\"><strong><span>ACTUALIZARE ora 10:20<\/span><span>Klaus Iohannis<\/span><\/strong><span>\u00a0deschide seria discursurilor \u00een a doua zi de Congres PDL. Introducerea sa:\u00a0<\/span><span>\u201e<\/span><em><strong>\u00cel salut cu mult\u0103 prietenie pe domnul pre\u015fedinte Antonescu<\/strong><\/em><span>\u201d. El i-a invitat apoi pe <strong>Vasile Blaga<\/strong>, pre\u015fedintele Partidului Democrat Liberal, \u015fi pe <strong>Mihai R\u0103zvan Ungureanu<\/strong>, liderul For\u0163ei Civice, s\u0103 \u00ee\u015fi sus\u0163in\u0103 propriile discursuri, \u00eenchinate reconcilierii \u015fi unific\u0103rii dreptei.<\/span><\/p>\n<p data-index=\"15\">\u201e<strong><em><strong>\u00cel salut cu mult\u0103 prietenie pe domnul pre\u015fedinte Antonescu<\/strong><span>. \u00cei salut\u00a0<\/span><\/em><\/strong><em><strong>cu mult drag pe to\u0163i liberalii din sal\u0103. Bine a\u0163i venit!\u00a0Acest congres va dovedi c\u0103 PNL este unit, c\u0103 este o echip\u0103, o singur\u0103 echip\u0103 puternic\u0103<\/strong><\/em>\u201d, a spus\u00a0<strong>Klaus Iohannis<\/strong>, invit\u00e2ndu-l apoi pe Vasile Blaga la tribun\u0103.<\/p>\n<p data-index=\"16\"><span><strong>Vasile Blaga: \u201e<em>Puterea nu o s\u0103 n<\/em><\/strong><\/span><strong><em>e cad\u0103 din cer<\/em>\u201d<\/strong><\/p>\n<p data-index=\"17\"><span><strong>Vasile Blaga<\/strong><\/span> a venit cu un mesaj ferm de \u00eemp\u0103care &#8211; \u201e<em><strong>Partenerul natural al PDL este PNL-ul<\/strong><\/em>\u201d\u00a0-, amintind totu\u015fi momentele rupturii Alian\u0163ei Dreptate \u015fi Adev\u0103r \u015fi cel al asocierii liberalilor cu Partidul Social Democrat.<\/p>\n<p data-index=\"18\">\u201e<em><strong>Aduc un\u00a0<\/strong><\/em><em><strong>mesaj de respect, solidaritate \u015fi \u00eencredere din partea PDL. Cu respect pentru numele PNL, blazonul istoric, meritele excelente \u00een f\u0103urirea Rom\u00e2niei moderne, reconstruc\u0163ia democra\u0163iei \u00een Rom\u00e2nia de dup\u0103 1989, solidaritatea fa\u0163\u0103 de valorile democratice, capitaliste \u015fi euroatlantice<\/strong><\/em>\u201d, a declamat \u015feful democrat-liberal la tribuna congresului liberal.<\/p>\n<p data-index=\"19\">El a \u0163inut s\u0103 precizeze c\u0103 s-a opus rupturii Alian\u0163ei Dreptate \u015fi Adev\u0103r, produs\u0103 \u00een 2007, apoi asocierii PNL cu PSD \u00een 2007, subliniind c\u0103\u00a0<span>\u201e<\/span><em><strong>Partenerul natural al PDL este PNL-ul<\/strong><\/em><span>\u201d.\u00a0<span>\u201e<\/span><em><strong>Nu am venit s\u0103 ofer PDL-ul pe tav\u0103 PNL-ului, nu am venit s\u0103 ofer PDL nici altcuiva. Am venit cu mesajul c\u0103 PDL este al\u0103turi, preg\u0103tit pentru o construc\u0163ie comun\u0103 solid\u0103. (&#8230;)<\/strong><\/em><\/span><\/p>\n<p data-index=\"20\"><em><strong>Trebuie s\u0103 ne respect\u0103m trecutul, dar s\u0103 ne dovedim capabili s\u0103 \u00eenv\u0103\u0163\u0103m din lec\u0163iile prezentului. (&#8230;) Alegerile europarlamentare au demonstrat c\u0103, f\u0103r\u0103 o dreapt\u0103 unit\u0103, nu putem construi o alternativ\u0103 c\u00e2\u015ftig\u0103toare \u00een fa\u0163a PSD , partid-stat \u00een continu\u0103 ofensiv\u0103 \u00eempotriva statului de drept, a democra\u0163iei, a libert\u0103\u0163ilor oamenilor<\/strong><\/em><span>\u201d, a urmat Vasile Blaga.<\/span><\/p>\n<p data-index=\"21\">\u201e<em><strong>Puterea nu o s\u0103 ne cad\u0103 din cer \u015fi nu ne va fi adus\u0103 nici de un om providen\u0163ial. E vremea muncii \u00een echip\u0103<\/strong><\/em><span>\u201d, a conchis liderul PDL.<\/span><\/p>\n<p data-index=\"22\"><span><strong>MRU: \u201e<em>Exist\u0103 &#8216;acas\u0103&#8217; \u015fi \u00een politic\u0103<\/em><\/strong><strong>\u201d<\/strong><\/span><\/p>\n<p data-index=\"23\"><span><span><strong>Mihai R\u0103zvan Ungureanu<\/strong><\/span> sus\u0163ine aceea\u015fi idee de coalizare a dreptei \u00a0\u201e<\/span><em><strong>E foarte pl\u0103cut s\u0103 \u015ftii c\u0103 exist\u0103 &#8216;acas\u0103&#8217; \u015fi \u00een politic\u0103<\/strong><\/em><span>\u201d, a spus liderul For\u0163ei Civice la Congresul PNL.<\/span><\/p>\n<p data-index=\"24\"><span><strong>Ioan Ghi\u015fe: \u201e<em>\u00cel invidiez pe Iohannis. Prin derogare, prim-vicepre\u015fedinte, pre\u015fedinte PNL \u015fi pre\u015fedinte al Rom\u00e2niei<\/em><\/strong><strong>\u201d<\/strong><\/span><\/p>\n<p data-index=\"25\">\u201e<em><strong>Eu, ca simplu membru de partid, \u00eel \u00eenvidiez foarte mult pe domnul profesor Iohannis, din punct de vedere politic. Din \u00eentreaga mea fiin\u0163\u0103 de membru liberal. \u015eti\u0163i de ce? P\u0103i noi \u0103\u015ftia din \u0163ar\u0103, care de zece ani ne-am b\u0103tut cu PSD, PDL, p\u0103i am fost ni\u015fte fraieri, domnule. Solu\u0163ia este derogarea. Prin derogare, prim-vicepre\u015fedinte, prin derogare, pre\u015fedinte, prin derogare pre\u015fedinte al Rom\u00e2niei. E o solu\u0163ie scurt\u0103, la obiect<\/strong><\/em>\u201d, <a href=\"https:\/\/www.digi24.ro\/Stiri\/Digi24\/Actualitate\/Politica\/Ioan+Ghise+candidat+la+presedintia+PNL+Il+invidiez+pe+Iohannis+P\" target=\"_blank\" data-skip-linkfix=\"1\" rel=\"noopener\"><strong>a spus\u00a0Ioan Ghi\u015fe<\/strong><\/a>, contracandidatul lui Klaus Iohannis la pre\u015fedin\u0163ia partidului, cotat cu minimum de \u015fanse.<\/p>\n<p data-index=\"26\"><img decoding=\"async\" src=\"https:\/\/analyse.optim.biz\/wp-content\/uploads\/2024\/09\/mdamagfzad1jztk4nzzjndzhytk4odywntaxnmzkoty2mzqzzjm2nw-thumb_.jpg\" data-skip-htmlfix=\"1\" title=\"mdamagfzad1jztk4nzzjndzhytk4odywntaxnmzkoty2mzqzzjm2nw-thumb_\"><\/p>\n<p data-index=\"27\"><span>&#8212;&#8212;&#8212;&#8212;&#8212;&#8212;&#8212;&#8212;<\/span><\/p>\n<p data-index=\"28\"><strong><span>Analiza pre-eveniment: Harta influen\u0163elor \u015fi jocurile de culise. Cum s-a lucrat pentru \u00eendep\u0103rtarea lui Ludovic Orban<\/span><\/strong><\/p>\n<p data-index=\"29\"><span><span>\u00a0<\/span><\/span><\/p>\n<p data-index=\"30\">Mai-marii Partidului Na\u0163ional Liberal \u00ee\u015fi aleg \u015fi cei 31 de vicepre\u015fedin\u0163i care \u00eei vor reprezenta la nivel central. La aceste func\u0163ii aspir\u0103 57 de parlamentari, ale\u015fi locali, eurodeputa\u0163i \u015fi \u015fefi de filiale.<\/p>\n<p data-index=\"31\"><span><span>Congresul PNL a fost precedat de negocieri intense \u00een teritoriu pentru func\u0163iile de la centru. Iar pentru a-\u015fi p\u0103stra influen\u0163a \u00een viitoarea conducere, \u015fefii de organiza\u0163ii s-au aliat \u015fi <\/span><\/span><span><span><strong>i-au blocat drumul lui Ludovic Orban la toate func\u0163iile la care acesta aspir\u0103<\/strong><\/span><\/span><span><span>.<\/span><\/span><\/p>\n<p data-index=\"32\"><img decoding=\"async\" src=\"https:\/\/analyse.optim.biz\/wp-content\/uploads\/2024\/09\/owe3zgewnjjizdnjnznlndzizjq3zte5mtu4yji-thumb_.jpg\" data-skip-htmlfix=\"1\" title=\"owe3zgewnjjizdnjnznlndzizjq3zte5mtu4yji-thumb_\"><\/p>\n<p data-index=\"33\"><span>Liderii de filiale au prins aripi dup\u0103 ce pre<\/span>\u015fedintele interimar al PNL, Klaus Iohannis, \u015fi-a dat acordul ca <strong>vicepre\u015fedin\u0163ii s\u0103 nu mai fie ale\u015fi \u00eempreun\u0103 cu cel care va c\u00e2\u015ftiga \u015fefia partidului<\/strong>. La \u00eent\u00e2lnirile de tain\u0103 din ultima perioad\u0103, \u015fefii de organiza\u0163ii au negociat voturile delega\u0163ilor. Cel pu\u0163in 24 din cei 31 de vicepre\u015fedin\u0163i au fost deja \u201eantama\u0163i\u201d, sus\u0163in surse liberale.<\/p>\n<p data-index=\"34\"><span>\u201e<\/span><span><span><em><strong>Mi se pare enorm men\u0163inerea a 31 de func\u0163ii de vicepre\u015fedin\u0163i. Eu propuneam 15 vicepre\u015fedin\u0163i<\/strong><\/em><\/span><\/span><span><span>\u201d, a comentat veteranul <\/span><\/span><span><span><strong>Mircea Ionescu Quintus<\/strong><\/span><\/span><span><span>, pre\u015fedintele de onoare al PNL.<\/span><\/span><\/p>\n<p data-index=\"35\"><span><span><span><img decoding=\"async\" src=\"https:\/\/analyse.optim.biz\/wp-content\/uploads\/2024\/09\/otljngrhzjawmwi4ote4ogezzge5zgi3mdq4zgu4-thumb_.jpg\" data-skip-htmlfix=\"1\" title=\"otljngrhzjawmwi4ote4ogezzge5zgi3mdq4zgu4-thumb_\"><br \/><\/span><\/span><\/span><\/p>\n<p data-index=\"36\"><span><strong>Delegatul, moned\u0103 de schimb pentru \u015feful de filial\u0103 PNL:<\/strong><\/span><\/p>\n<p data-index=\"37\">R\u0103ducu Filipescu &#8211; C\u0103l\u0103ra\u015fi &#8211; 52 delega\u021bi<\/p>\n<p data-index=\"38\">Marian Petrache &#8211; Ilfov &#8211; 46 delega\u021bi<\/p>\n<p data-index=\"39\">Cornel Popa &#8211; Bihor &#8211; 44 delega\u021bi<\/p>\n<p data-index=\"40\">Mircea Molo\u0163 &#8211; Hunedoara &#8211; 44 delega\u021bi<\/p>\n<p data-index=\"41\">Mircea Ro\u015fca &#8211; Prahova &#8211; 43 delega\u021bi<\/p>\n<p data-index=\"42\">Romeo Stavarache &#8211; Bac\u0103u &#8211; 42 delega\u0163i<\/p>\n<p data-index=\"43\">Florin \u0162urcanu &#8211; Boto\u015fani &#8211; 41 delega\u021bi<\/p>\n<p data-index=\"44\">Sorin Frunz\u0103verde &#8211; Cara\u015f-Severin &#8211; 40 delega\u021bi<\/p>\n<p data-index=\"45\">Cristian Buican &#8211; V\u00e2lcea &#8211; 40 delega\u021bi<\/p>\n<p data-index=\"46\"><span><strong>Cine se bate pe cele 31 de func\u0163ii de vicepre\u015fedinte<\/strong><\/span><\/p>\n<p data-index=\"47\">Miza este ridicat\u0103. Potrivit unor surse din PNL, viitorii vicepre\u015fedin\u0163i vor putea, dup\u0103 fuziunea cu PDL, s\u0103 \u00ee\u015fi consolideze influen\u0163a \u00een teritoriu pentru a avea prima \u015fans\u0103 pentru o pozi\u0163ie \u00een viitoarea conducere. Toate ambi\u0163iile lor depind \u00eens\u0103 de \u00een\u0163elegerile din culise de ultim moment.<\/p>\n<p data-index=\"48\">Din cei <strong>1542 de delega\u0163i<\/strong> care vor fi prezen\u0163i la Congres, <strong>filialele moldovene au 271 de voturi \u015fi \u0163intesc patru locuri<\/strong> de vicepre\u015fedinte. <strong>Ardealul<\/strong>, cu <strong>512 delega\u0163i<\/strong>, vrea cel pu\u0163in <strong>opt func\u0163ii<\/strong>. \u00cen fa\u0163a acestui asalt, <strong>sudi\u015ftii<\/strong> sper\u0103 ca cele <strong>569 de voturi<\/strong> de care dispun s\u0103 le asigure <strong>zece vicepre\u015fedin\u0163i<\/strong>.<\/p>\n<p data-index=\"49\"><span><strong>Grupuri de influen\u0163\u0103 la Congresul PNL<\/strong><\/span><\/p>\n<p data-index=\"50\">MOLDOVA &#8211; 8 filiale jude\u0163ene, 271 voturi<\/p>\n<p data-index=\"51\">ARDEAL \u015fi BANAT &#8211; 10 filiale, 512 voturi<\/p>\n<p data-index=\"52\">MUNTENIA &#8211; 10 filiale, 356 de voturi<\/p>\n<p data-index=\"53\">OLTENIA &#8211; 5 filiale, 151 voturi<\/p>\n<p data-index=\"54\">DOBROGEA &#8211; 2 filiale, 62 voturi<\/p>\n<p data-index=\"55\"><span><span>BUCURE\u015eTI &#8211; 6 filiale de sector, 190 voturi<\/span><\/span><\/p>\n<p data-index=\"56\"><span><span><strong>Strategia anti-Orban<\/strong><\/span><\/span><\/p>\n<p data-index=\"57\">\u00cen paralel, \u015fefii de filiale vor s\u0103 controleze \u015fi desemnarea num\u0103rului doi \u00een partid: loc\u0163iitorul pre\u015fedintelui. Ei s-au asigurat deja c\u0103 <strong>Ludovic Orban<\/strong>, v\u0103zut ini\u0163ial drept favorit, nu va mai ob\u0163ine pozi\u0163ia de secretar general al partidului, reu\u015find s\u0103 ob\u0163in\u0103 schimbarea sistemului prin care e desemnat secretarul general. Orban are \u00eens\u0103 un nou obiectiv: un loc de vicepre\u015fedinte, care s-ar putea dovedi foarte important: ar urma s\u0103 de\u0163in\u0103 cele mai multe voturi \u00een Congres.<\/p>\n<p data-index=\"58\">Comisia de Statut, care va pune la punct regulile dup\u0103 care va func\u0163iona forma\u0163iunea \u00een urm\u0103torii ani, a respins \u00eens\u0103 propunerea vcepre\u015fedintelui frunta\u015f. Pre\u015fedintele de onoare al PNL protesteaz\u0103. \u201e<em><strong>Secretarul general nu poate trece \u00eenaintea vicepre\u015fedin\u0163ilor la conducerea \u015fedin\u0163ei. El \u00eel poate ajuta pe cel care conduce \u015fedin\u0163a<\/strong><\/em>\u201d, a explicat <strong>Mircea Ionescu Quintus<\/strong>.<\/p>\n<p data-index=\"59\"><span><span>Modific\u0103rile Statutului sunt cu b\u0103taie mai lung\u0103. Ele ar preg\u0103ti <\/span><\/span><span><span><strong>revenirea lui Crin Antonescu la conducerea PNL\u00a0<\/strong><\/span><\/span><span><span>dup\u0103 preziden\u0163iale \u015fi diminuarea oric\u0103ror \u015fanse pentru Ludovic Orban la prima func\u0163ie \u00een partid, sus\u0163in sursele citate.<\/span><\/span><\/p>\n<\/div>\n<p> Source URL: https:\/\/www.digi24.ro\/stiri\/actualitate\/politica\/congres-pnl-liberalii-au-doi-prezidentiabili-delegatia-permanenta-a-partidului-va-alege-intre-klaus-iohannis-si-crin-antonescu-262151<\/p>\n","protected":false},"excerpt":{"rendered":"<p>Liberalii \u015fi-au ales s\u00e2mb\u0103t\u0103 noua conducere, la Congresul PNL care s-a desf\u0103\u015furat la Palatul Parlamentului. Klaus Iohannis, edilul Sibiului creditat cu cele mai multe \u015fanse de c\u00e2\u015ftig, a ob\u0163inut, previzibil, 1334 de voturi, un scor cov\u00e2r\u015fitor \u00een fa\u0163a contracandidatului Ioan Ghi\u015fe, liberal de 21 de ani. Forma\u0163iunea ar fi trebuit s\u0103 \u00ee\u015fi desemneze tot s\u00e2mb\u0103t\u0103 [&hellip;]<\/p>\n","protected":false},"author":1,"featured_media":201889,"comment_status":"open","ping_status":"","sticky":false,"template":"","format":"standard","meta":{"footnotes":""},"categories":[2],"tags":[11],"class_list":["post-201888","post","type-post","status-publish","format-standard","has-post-thumbnail","hentry","category-politics","tag-digi24"],"_links":{"self":[{"href":"https:\/\/analyse.optim.biz\/index.php?rest_route=\/wp\/v2\/posts\/201888","targetHints":{"allow":["GET"]}}],"collection":[{"href":"https:\/\/analyse.optim.biz\/index.php?rest_route=\/wp\/v2\/posts"}],"about":[{"href":"https:\/\/analyse.optim.biz\/index.php?rest_route=\/wp\/v2\/types\/post"}],"author":[{"embeddable":true,"href":"https:\/\/analyse.optim.biz\/index.php?rest_route=\/wp\/v2\/users\/1"}],"replies":[{"embeddable":true,"href":"https:\/\/analyse.optim.biz\/index.php?rest_route=%2Fwp%2Fv2%2Fcomments&post=201888"}],"version-history":[{"count":0,"href":"https:\/\/analyse.optim.biz\/index.php?rest_route=\/wp\/v2\/posts\/201888\/revisions"}],"wp:featuredmedia":[{"embeddable":true,"href":"https:\/\/analyse.optim.biz\/index.php?rest_route=\/wp\/v2\/media\/201889"}],"wp:attachment":[{"href":"https:\/\/analyse.optim.biz\/index.php?rest_route=%2Fwp%2Fv2%2Fmedia&parent=201888"}],"wp:term":[{"taxonomy":"category","embeddable":true,"href":"https:\/\/analyse.optim.biz\/index.php?rest_route=%2Fwp%2Fv2%2Fcategories&post=201888"},{"taxonomy":"post_tag","embeddable":true,"href":"https:\/\/analyse.optim.biz\/index.php?rest_route=%2Fwp%2Fv2%2Ftags&post=201888"}],"curies":[{"name":"wp","href":"https:\/\/api.w.org\/{rel}","templated":true}]}}