{"id":201876,"date":"2014-06-28T11:52:12","date_gmt":"2014-06-28T08:52:12","guid":{"rendered":"https:\/\/analyse.optim.biz\/?p=201876"},"modified":"2014-06-28T11:52:12","modified_gmt":"2014-06-28T08:52:12","slug":"colaborarea-pe-gazoductul-iasi-ungheni-si-acordul-de-asociere-cu-ue-al-republicii-moldova-parafate-la-guvern-in-sedinta-extraordinara","status":"publish","type":"post","link":"https:\/\/analyse.optim.biz\/?p=201876","title":{"rendered":"Colaborarea pe gazoductul Ia\u015fi \u2013 Ungheni \u015fi Acordul de Asociere cu UE al Republicii Moldova, parafate la Guvern \u00een \u015fedin\u0163\u0103 extraordinar\u0103"},"content":{"rendered":"<div class=\"entry data-app-meta data-app-meta-article\" data-embed-base-url-canonical=\"https:\/\/www.digi24.ro\/embed\/stiri\/actualitate\/politica\/colaborarea-pe-gazoductul-iasi-ungheni-si-acordul-de-asociere-cu-ue-al-republicii-moldova-parafate-la-guvern-in-sedinta-extraordinara-262169\">\n<p data-index=\"1\"><span><strong><span><span>Guvernul se \u00eent\u00e2lne\u015fte s\u00e2mb\u0103t\u0103 \u00een \u015fedin\u0163\u0103 extraordinar\u0103 la Palatul Victoria pentru a adopta o serie de documente ce privesc colaborarea cu Republica Moldova \u00een domeniul energetic. De asemenea, Executivul aprob\u0103 proiectul de lege privind ratificarea Acordului de asociere a Republicii Moldova la Uniunea European\u0103.<\/span><\/span><\/strong><\/span><\/p>\n<p data-index=\"2\"><span><strong><span><img decoding=\"async\" src=\"https:\/\/analyse.optim.biz\/wp-content\/uploads\/2024\/09\/ptnknzq1mwi1mdm5otrhnjk0ndkynwyxmtg3mjy3ndzi-thumb_.jpg\" data-skip-htmlfix=\"1\" title=\"ptnknzq1mwi1mdm5otrhnjk0ndkynwyxmtg3mjy3ndzi-thumb_\"><br \/><\/span><\/strong><\/span><\/p>\n<p data-index=\"3\"><span><strong><span>Colaborarea \u00een domeniul energetic<\/span><\/strong><\/span><\/p>\n<p data-index=\"4\"><span><span>Actul normativ adoptat s\u00e2mb\u0103t\u0103 de Guvern reglementeaz\u0103 <\/span><\/span><span><span><strong>exportul de gaze naturale din Rom\u00e2nia c\u0103tre Republica Moldova prin gazoductul Ia\u015fi &#8211; Ungheni<\/strong><\/span><\/span><span><span>. Exportul de resurse este de altfel o cerin\u0163\u0103 a Uniunii Europene, care a criticat Rom\u00e2nia pentru c\u0103 nu are re\u0163ele de interconectare de gaze naturale cu statele din vecin\u0103tate.<\/span><\/span><\/p>\n<p data-index=\"5\"><span><span>Discu\u0163ii la nivel politic pentru astfel de re\u0163ele au loc \u00eens\u0103 de mul\u0163i ani de zile. <\/span><\/span><span><span><strong>Proiectul Nabucco<\/strong><\/span><\/span><span><span> este unul dintre obiectivele strategice \u00een acest sens, <strong><a href=\"https:\/\/www.digi24.ro\/Stiri\/Digi24\/Extern\/Stiri\/Traian+Basescu+despre+Nabucco+Nimeni+nu+a+renuntat+la+batalie+pa\" target=\"_blank\" data-skip-linkfix=\"1\" rel=\"noopener\">r\u0103mas pe h\u00e2rtie \u015fi tras pe linie moart\u0103<\/a><\/strong>.<\/span><\/span><\/p>\n<p data-index=\"6\"><span><span>\u00cen acest timp, Rom\u00e2nia dispune de astfel de re\u0163ele doar c\u0103tre Ungaria.<\/span><\/span><\/p>\n<p data-index=\"7\"><span><span>Construc\u0163iile la gazoduct au \u00eenceput anut trecut, dup\u0103 ce s-au \u00eencheiat acorduri energetice la nivelul Ministerelor Economiei din cele dou\u0103 state. Urmeaz\u0103 acum ca exportul de gaze naturale s\u0103 se concretizeze, \u00een urm\u0103torii doi ani, pe baza proiectului comun \u00een valoare de 26,5 de milioane de euro. Conducta ar urma s\u0103 transporte gaz c\u0103tre <\/span><\/span><span><span><strong>Republica Moldova<\/strong><\/span><\/span><span><span>, dar \u015fi c\u0103tre <\/span><\/span><span><span><strong>Ungaria<\/strong><\/span><\/span><span><span> \u015fi <\/span><\/span><span><span><strong>Bulgaria<\/strong><\/span><\/span><span><span>, \u00een urm\u0103torii doi-trei ani, potrivit oficialilor Autorit\u0103\u0163ii Na\u0163ionale de Reglementare \u00een Domeniul Energiei.<\/span><\/span><\/p>\n<p data-index=\"8\"><strong><br \/><\/strong><\/p>\n<p data-index=\"9\"><span><strong>Lucr\u0103ri \u00eent\u00e2rziate<\/strong><\/span><\/p>\n<p data-index=\"10\">Lucr\u0103rile la gazoduct au \u00eenceput \u00een luna august a anului trecut. La inaugurare au participat premierul <strong>Victor Ponta<\/strong>, omologul s\u0103u moldovean, <strong>Iurie Leanc\u0103<\/strong>, dar \u015fi comisarul european pentru energie, <strong>Gunther Oettinger<\/strong>.<\/p>\n<p data-index=\"11\">\u201e<em><strong>Vreau s\u0103 cred c\u0103, la anul, atunci c\u00e2nd oamenii de aici vor avea acces la un gaz la pre\u0163 mai mic, acel moment va fi mai important dec\u00e2t 1000 de vorbe<\/strong><\/em>\u201d, spunea Victor Ponta pe 27 august 2013.<\/p>\n<p data-index=\"12\">Pentru lansarea oficial\u0103 a lucr\u0103rilor, constructorii au adus pe \u015fantierul din comuna\u00a0<strong>Rediu\u00a0<\/strong>utilaje \u015fi conducte la care muncitorii au lucrat de zor, chiar \u00een timpul vizitei premierului. Odat\u0103 ce delega\u0163ia Guvernului a plecat \u00eens\u0103, totul a disp\u0103rut.<\/p>\n<p data-index=\"13\">\u201e<em><strong>Am v\u0103zut un paznic care era acolo, cabanele alea care sunt acolo \u015fi at\u00e2t. \u00cen rest, nu am v\u0103zut nimic<\/strong><\/em>\u201d, spunea un localnic <a href=\"https:\/\/www.digi24.ro\/Stiri\/Digi24\/Actualitate\/Politica\/Gazoduct+Iasi+Ungheni+Victor+Ponta+Iurie+Leanca+vizita+santier\" target=\"_blank\" data-skip-linkfix=\"1\" rel=\"noopener\"><strong>intervievat de Digi24 \u00een aprilie<\/strong><\/a>. \u201e<em><strong>Au fost la \u00eenceput, atunci c\u00e2nd era vorba s\u0103 vin\u0103 prim-ministrul. Dup\u0103 aceea nu am mai v\u0103zut nimic. Au adus atunci, \u00een prima zi, c\u00e2teva utilaje \u015fi apoi au oprit<\/strong><\/em>\u201d, confirma altul.<\/p>\n<p data-index=\"14\">Tot gol era \u015fantierul \u015fi dup\u0103 aproape o lun\u0103 de la inaugurare, c\u00e2nd a fost vizitat de pre\u015fedintele\u00a0<strong>Traian B\u0103sescu<\/strong>. A reu\u015fit s\u0103 stea de vorb\u0103 doar cu un paznic \u015fi cu un \u015fef de lucr\u0103ri, singurele persoane pe care le-a g\u0103sit pe \u015fantier. De la ei a aflat c\u0103 proiectul avea deja \u00eent\u00e2rzieri. \u201e<em><strong>Omul \u0103sta e onest, spune c\u0103 nu e gata \u00een decembrie, ci \u00een februarie&#8230; Aici nu avem voie s\u0103 min\u0163im, pentru c\u0103 de asta depinde \u015fi prestigiul nostru \u015fi Bruxelles-ul sus\u0163ine financiar acest proiect de interconectare pe gaze<\/strong><\/em>\u201d, declara pre\u015fedintele pe 20 septembrie.<\/p>\n<p data-index=\"15\">Pe 21 februarie 2014, premierul Victor Ponta anun\u0163a \u00eens\u0103 c\u0103 Rom\u00e2nia \u015fi-a respectat partea din \u00een\u0163elegere. \u201e<span><em><strong>C\u00e2nd se \u00eencheie pe teritoriul moldovean v\u0103 poate spune doar Guvernul Moldovei. Eu v\u0103 pot spune pe teritoriul Rom\u00e2niei, acolo unde s-a \u00eencheiat lucrarea, iar subtraversarea este licitat\u0103 \u015fi se \u00eencheie \u00een mod normal pe 15 aprilie &#8211; subtraversarea Prutului<\/strong><\/em><\/span><span>\u201d, declara premierul.<\/span><\/p>\n<p data-index=\"16\"><span>Conducta de 42 de kilometri, din care 32 de kilometri pe teritoriul Rom\u00e2niei, a costat statul rom\u00e2n 26,5 milioane de euro, din care un sfert provin de la Uniunea European\u0103.<\/span><\/p>\n<p data-index=\"17\"><span>Dup\u0103 finalizarea gazoductului,\u00a0<strong>Rom\u00e2nia va exporta 500 de milioane de metri cubi de gaze \u00een Moldova<\/strong>. Ulterior, cantitatea va cre\u015fte la <strong>1,5 miliarde de metri cubi<\/strong>, adic\u0103 13% din produc\u021bia autohton\u0103. Moldovenii vor avea numai de c\u00e2\u015ftigat, pentru c\u0103 nu vor mai depinde de gazele ruse\u015fti, iar pre\u0163ul pl\u0103tit va fi mai mic.<\/span><\/p>\n<p data-index=\"18\"><span><br \/><\/span><\/p>\n<\/div>\n<p> Source URL: https:\/\/www.digi24.ro\/stiri\/actualitate\/politica\/colaborarea-pe-gazoductul-iasi-ungheni-si-acordul-de-asociere-cu-ue-al-republicii-moldova-parafate-la-guvern-in-sedinta-extraordinara-262169<\/p>\n","protected":false},"excerpt":{"rendered":"<p>Guvernul se \u00eent\u00e2lne\u015fte s\u00e2mb\u0103t\u0103 \u00een \u015fedin\u0163\u0103 extraordinar\u0103 la Palatul Victoria pentru a adopta o serie de documente ce privesc colaborarea cu Republica Moldova \u00een domeniul energetic. De asemenea, Executivul aprob\u0103 proiectul de lege privind ratificarea Acordului de asociere a Republicii Moldova la Uniunea European\u0103. Colaborarea \u00een domeniul energetic Actul normativ adoptat s\u00e2mb\u0103t\u0103 de Guvern reglementeaz\u0103 [&hellip;]<\/p>\n","protected":false},"author":1,"featured_media":201877,"comment_status":"open","ping_status":"","sticky":false,"template":"","format":"standard","meta":{"footnotes":""},"categories":[2],"tags":[11],"class_list":["post-201876","post","type-post","status-publish","format-standard","has-post-thumbnail","hentry","category-politics","tag-digi24"],"_links":{"self":[{"href":"https:\/\/analyse.optim.biz\/index.php?rest_route=\/wp\/v2\/posts\/201876","targetHints":{"allow":["GET"]}}],"collection":[{"href":"https:\/\/analyse.optim.biz\/index.php?rest_route=\/wp\/v2\/posts"}],"about":[{"href":"https:\/\/analyse.optim.biz\/index.php?rest_route=\/wp\/v2\/types\/post"}],"author":[{"embeddable":true,"href":"https:\/\/analyse.optim.biz\/index.php?rest_route=\/wp\/v2\/users\/1"}],"replies":[{"embeddable":true,"href":"https:\/\/analyse.optim.biz\/index.php?rest_route=%2Fwp%2Fv2%2Fcomments&post=201876"}],"version-history":[{"count":0,"href":"https:\/\/analyse.optim.biz\/index.php?rest_route=\/wp\/v2\/posts\/201876\/revisions"}],"wp:featuredmedia":[{"embeddable":true,"href":"https:\/\/analyse.optim.biz\/index.php?rest_route=\/wp\/v2\/media\/201877"}],"wp:attachment":[{"href":"https:\/\/analyse.optim.biz\/index.php?rest_route=%2Fwp%2Fv2%2Fmedia&parent=201876"}],"wp:term":[{"taxonomy":"category","embeddable":true,"href":"https:\/\/analyse.optim.biz\/index.php?rest_route=%2Fwp%2Fv2%2Fcategories&post=201876"},{"taxonomy":"post_tag","embeddable":true,"href":"https:\/\/analyse.optim.biz\/index.php?rest_route=%2Fwp%2Fv2%2Ftags&post=201876"}],"curies":[{"name":"wp","href":"https:\/\/api.w.org\/{rel}","templated":true}]}}