{"id":2018722,"date":"2026-06-30T06:37:39","date_gmt":"2026-06-30T03:37:39","guid":{"rendered":"https:\/\/analyse.optim.biz\/?p=2018722"},"modified":"2026-06-30T06:37:39","modified_gmt":"2026-06-30T03:37:39","slug":"la-baia-formarea-si-educatia-suplimentara-a-copiilor-si-a-tinerilor-este-o-prioritate","status":"publish","type":"post","link":"https:\/\/analyse.optim.biz\/?p=2018722","title":{"rendered":"La Baia, formarea \u0219i educa\u021bia suplimentar\u0103 a copiilor \u0219i a tinerilor este o prioritate"},"content":{"rendered":"<p>[analyse_image type=&#8221;featured&#8221; src=&#8221;https:\/\/dobrogeanews.b-cdn.net\/wp-content\/uploads\/2025\/12\/liliana-marinescu-primar-baia.jpg&#8221;]<\/p>\n<div id=\"post-71574\" class=\"entry single-default post-71574 post type-post status-publish format-standard has-post-thumbnail hentry category-info\">\n<p>\u201ePentru noi, la Baia, formarea \u0219i educa\u021bia suplimentar\u0103 a copiilor \u0219i a tinerilor este o prioritate. Proiectele pentru tinerii comunit\u0103\u021bilor noastre sunt de interes pentru c\u0103 trebuie ca decalajul dintre copilul sau t\u00e2n\u0103rul din mediul rural comparativ cu cei din urban s\u0103 scad\u0103 tot mai mult. <\/p>\n<figure class=\"wp-block-image size-full is-resized\">\n<source type=\"image\/webp\" data-lazy-srcset=\"https:\/\/dobrogeanews.b-cdn.net\/wp-content\/uploads\/2025\/12\/liliana-marinescu-primar-baia.jpg.webp 2560w, https:\/\/dobrogeanews.b-cdn.net\/wp-content\/uploads\/2025\/12\/liliana-marinescu-primar-baia-300x246.jpg.webp 300w, https:\/\/dobrogeanews.b-cdn.net\/wp-content\/uploads\/2025\/12\/liliana-marinescu-primar-baia-1024x840.jpg.webp 1024w, https:\/\/dobrogeanews.b-cdn.net\/wp-content\/uploads\/2025\/12\/liliana-marinescu-primar-baia-768x630.jpg.webp 768w, https:\/\/dobrogeanews.b-cdn.net\/wp-content\/uploads\/2025\/12\/liliana-marinescu-primar-baia-1536x1260.jpg.webp 1536w, https:\/\/dobrogeanews.b-cdn.net\/wp-content\/uploads\/2025\/12\/liliana-marinescu-primar-baia-2048x1680.jpg.webp 2048w\" sizes=\"(max-width: 640px) 100vw, 640px\" \/><br \/>\n<img loading=\"lazy\" decoding=\"async\" src=\"https:\/\/dobrogeanews.b-cdn.net\/wp-content\/uploads\/2025\/12\/liliana-marinescu-primar-baia.jpg\" alt=\"Liliana Marinescu primar al Comunei Baia\" width=\"640\" height=\"525\"><\/figure>\n<p>\u0218i apoi, dac\u0103 ne dorim ca viitorul, care, evident, apar\u021bine lor s\u0103 aib\u0103 toate \u0219ansele de modernizare. De aceea, ne dorim tineri implica\u021bi, tineri cu competen\u021be digitale dezvoltate, adapta\u021bi la cerin\u021bele pie\u021bei muncii. <\/p>\n<p>Astfel, administra\u021bia public\u0103 local\u0103 \u00eempreun\u0103 cu \u0219coala, cu societatea civil\u0103 acces\u0103m orice oportunitate, mentorat sau micro-granturi. Pe aceast\u0103 linie se \u00eenscriu programele care se deruleaz\u0103 \u00een aceast\u0103 perioad\u0103 \u0219i m\u0103 refer la \u201eFormare pentru Viitorul Profesional\u201d\u0219i \u00eenscrierea la cursuri \u0219i examene Cambridge \u0219i, s\u0103 nu uit\u0103m proiectele culturale sau cele socio-educative pe care le derul\u0103m pe tot parcursul anului \u201d ne-a m\u0103rturisit Liliana Marinescu, primar al Comunei Baia.<\/p>\n<figure class=\"wp-block-image size-full is-resized\">\n<source type=\"image\/webp\" data-lazy-srcset=\"https:\/\/dobrogeanews.b-cdn.net\/wp-content\/uploads\/2026\/06\/proiect-tineri-baia.jpg.webp 2560w, https:\/\/dobrogeanews.b-cdn.net\/wp-content\/uploads\/2026\/06\/proiect-tineri-baia-300x246.jpg.webp 300w, https:\/\/dobrogeanews.b-cdn.net\/wp-content\/uploads\/2026\/06\/proiect-tineri-baia-1024x840.jpg.webp 1024w, https:\/\/dobrogeanews.b-cdn.net\/wp-content\/uploads\/2026\/06\/proiect-tineri-baia-768x630.jpg.webp 768w, https:\/\/dobrogeanews.b-cdn.net\/wp-content\/uploads\/2026\/06\/proiect-tineri-baia-1536x1260.jpg.webp 1536w, https:\/\/dobrogeanews.b-cdn.net\/wp-content\/uploads\/2026\/06\/proiect-tineri-baia-2048x1680.jpg.webp 2048w\" sizes=\"(max-width: 640px) 100vw, 640px\" \/><br \/>\n<img loading=\"lazy\" decoding=\"async\" src=\"https:\/\/dobrogeanews.b-cdn.net\/wp-content\/uploads\/2026\/06\/proiect-tineri-baia.jpg\" alt=\"\" width=\"640\" height=\"525\"><\/figure>\n<p>\u00cen cadrul proiectului \u201eFormare pentru Viitorul Profesional\u201d \u2013 Cod SMIS 339777, se organizeaz\u0103 o serie de \u00eent\u00e2lniri dedicate oportunit\u0103\u021bilor de dezvoltare profesional\u0103 \u0219i integr\u0103rii pe pia\u021ba muncii. La aceste \u00eent\u00e2lniri-dezbateri sunt invita\u021bi tineri, autorit\u0103\u021bi locale, reprezentan\u021bi ai mediului de afaceri pentru a identifica solu\u021bii \u0219i oportunit\u0103\u021bi de dezvoltare profesional\u0103. Proictul ofer\u0103 activit\u0103\u021bi de informare \u0219i promovare, orientare \u0219i consiliere profesional\u0103.<\/p>\n<p>Perioada de \u00eenscriere este 1 iulie-1 septembrie 2026, se va completa o cerere la Centrul Comunitar Multifunc\u021bional Baia. Sunt a\u0219tepta\u021bi tinerii din Comuna Baia \u0219i din \u00eemprejurimi. <\/p>\n<p>O alt\u0103 activitate unde copiii au \u0219ansa de a fi mai preg\u0103ti\u021bi sunt cursurile \u0219i examenele Cambridge care aduc numeroase beneficii:<\/p>\n<p>-dezvoltarea timpurie a limbii engleze<\/p>\n<p>-copiii \u00eenva\u021b\u0103 s\u0103 comunice natural \u00eentr-o limb\u0103 str\u0103in\u0103 de circula\u021bie interna\u021bional\u0103<\/p>\n<p>-evaluare adaptat\u0103 v\u00e2rstei<\/p>\n<p>-preg\u0103tire pentru viitor-competen\u021bele de limba englez\u0103 sunt utile pentru studii pentru studii, c\u0103l\u0103torii \u0219i viitoarea carier\u0103<\/p>\n<p>-\u00eenv\u0103\u021bare interactiv\u0103<\/p>\n<p>-recunoa\u0219tere interna\u021bional\u0103 (certificatele Cambridge sunt cunoscute \u0219i apreciate la nivel interna\u021bional).<\/p>\n<\/div>\n<div id=\"post-71574\" class=\"entry single-default post-71574 post type-post status-publish format-standard has-post-thumbnail hentry category-info\">\n<p>\u201ePentru noi, la Baia, formarea \u0219i educa\u021bia suplimentar\u0103 a copiilor \u0219i a tinerilor este o prioritate. Proiectele pentru tinerii comunit\u0103\u021bilor noastre sunt de interes pentru c\u0103 trebuie ca decalajul dintre copilul sau t\u00e2n\u0103rul din mediul rural comparativ cu cei din urban s\u0103 scad\u0103 tot mai mult. <\/p>\n<figure class=\"wp-block-image size-full is-resized\">\n<source type=\"image\/webp\" data-lazy-srcset=\"https:\/\/dobrogeanews.b-cdn.net\/wp-content\/uploads\/2025\/12\/liliana-marinescu-primar-baia.jpg.webp 2560w, https:\/\/dobrogeanews.b-cdn.net\/wp-content\/uploads\/2025\/12\/liliana-marinescu-primar-baia-300x246.jpg.webp 300w, https:\/\/dobrogeanews.b-cdn.net\/wp-content\/uploads\/2025\/12\/liliana-marinescu-primar-baia-1024x840.jpg.webp 1024w, https:\/\/dobrogeanews.b-cdn.net\/wp-content\/uploads\/2025\/12\/liliana-marinescu-primar-baia-768x630.jpg.webp 768w, https:\/\/dobrogeanews.b-cdn.net\/wp-content\/uploads\/2025\/12\/liliana-marinescu-primar-baia-1536x1260.jpg.webp 1536w, https:\/\/dobrogeanews.b-cdn.net\/wp-content\/uploads\/2025\/12\/liliana-marinescu-primar-baia-2048x1680.jpg.webp 2048w\" sizes=\"(max-width: 640px) 100vw, 640px\" \/><br \/>\n<img loading=\"lazy\" decoding=\"async\" src=\"https:\/\/dobrogeanews.b-cdn.net\/wp-content\/uploads\/2025\/12\/liliana-marinescu-primar-baia.jpg\" alt=\"Liliana Marinescu primar al Comunei Baia\" width=\"640\" height=\"525\"><\/figure>\n<p>\u0218i apoi, dac\u0103 ne dorim ca viitorul, care, evident, apar\u021bine lor s\u0103 aib\u0103 toate \u0219ansele de modernizare. De aceea, ne dorim tineri implica\u021bi, tineri cu competen\u021be digitale dezvoltate, adapta\u021bi la cerin\u021bele pie\u021bei muncii. <\/p>\n<p>Astfel, administra\u021bia public\u0103 local\u0103 \u00eempreun\u0103 cu \u0219coala, cu societatea civil\u0103 acces\u0103m orice oportunitate, mentorat sau micro-granturi. Pe aceast\u0103 linie se \u00eenscriu programele care se deruleaz\u0103 \u00een aceast\u0103 perioad\u0103 \u0219i m\u0103 refer la \u201eFormare pentru Viitorul Profesional\u201d\u0219i \u00eenscrierea la cursuri \u0219i examene Cambridge \u0219i, s\u0103 nu uit\u0103m proiectele culturale sau cele socio-educative pe care le derul\u0103m pe tot parcursul anului \u201d ne-a m\u0103rturisit Liliana Marinescu, primar al Comunei Baia.<\/p>\n<figure class=\"wp-block-image size-full is-resized\">\n<source type=\"image\/webp\" data-lazy-srcset=\"https:\/\/dobrogeanews.b-cdn.net\/wp-content\/uploads\/2026\/06\/proiect-tineri-baia.jpg.webp 2560w, https:\/\/dobrogeanews.b-cdn.net\/wp-content\/uploads\/2026\/06\/proiect-tineri-baia-300x246.jpg.webp 300w, https:\/\/dobrogeanews.b-cdn.net\/wp-content\/uploads\/2026\/06\/proiect-tineri-baia-1024x840.jpg.webp 1024w, https:\/\/dobrogeanews.b-cdn.net\/wp-content\/uploads\/2026\/06\/proiect-tineri-baia-768x630.jpg.webp 768w, https:\/\/dobrogeanews.b-cdn.net\/wp-content\/uploads\/2026\/06\/proiect-tineri-baia-1536x1260.jpg.webp 1536w, https:\/\/dobrogeanews.b-cdn.net\/wp-content\/uploads\/2026\/06\/proiect-tineri-baia-2048x1680.jpg.webp 2048w\" sizes=\"(max-width: 640px) 100vw, 640px\" \/><br \/>\n<img loading=\"lazy\" decoding=\"async\" src=\"https:\/\/dobrogeanews.b-cdn.net\/wp-content\/uploads\/2026\/06\/proiect-tineri-baia.jpg\" alt=\"\" width=\"640\" height=\"525\"><\/figure>\n<p>\u00cen cadrul proiectului \u201eFormare pentru Viitorul Profesional\u201d \u2013 Cod SMIS 339777, se organizeaz\u0103 o serie de \u00eent\u00e2lniri dedicate oportunit\u0103\u021bilor de dezvoltare profesional\u0103 \u0219i integr\u0103rii pe pia\u021ba muncii. La aceste \u00eent\u00e2lniri-dezbateri sunt invita\u021bi tineri, autorit\u0103\u021bi locale, reprezentan\u021bi ai mediului de afaceri pentru a identifica solu\u021bii \u0219i oportunit\u0103\u021bi de dezvoltare profesional\u0103. Proictul ofer\u0103 activit\u0103\u021bi de informare \u0219i promovare, orientare \u0219i consiliere profesional\u0103.<\/p>\n<p>Perioada de \u00eenscriere este 1 iulie-1 septembrie 2026, se va completa o cerere la Centrul Comunitar Multifunc\u021bional Baia. Sunt a\u0219tepta\u021bi tinerii din Comuna Baia \u0219i din \u00eemprejurimi. <\/p>\n<p>O alt\u0103 activitate unde copiii au \u0219ansa de a fi mai preg\u0103ti\u021bi sunt cursurile \u0219i examenele Cambridge care aduc numeroase beneficii:<\/p>\n<p>-dezvoltarea timpurie a limbii engleze<\/p>\n<p>-copiii \u00eenva\u021b\u0103 s\u0103 comunice natural \u00eentr-o limb\u0103 str\u0103in\u0103 de circula\u021bie interna\u021bional\u0103<\/p>\n<p>-evaluare adaptat\u0103 v\u00e2rstei<\/p>\n<p>-preg\u0103tire pentru viitor-competen\u021bele de limba englez\u0103 sunt utile pentru studii pentru studii, c\u0103l\u0103torii \u0219i viitoarea carier\u0103<\/p>\n<p>-\u00eenv\u0103\u021bare interactiv\u0103<\/p>\n<p>-recunoa\u0219tere interna\u021bional\u0103 (certificatele Cambridge sunt cunoscute \u0219i apreciate la nivel interna\u021bional).<\/p>\n<\/div>\n<p>[analyse_source url=&#8221;https:\/\/www.dobrogeanews.ro\/la-baia-formarea-si-educatia-suplimentara-a-copiilor-si-a-tinerilor-este-o-prioritate\/&#8221;]<\/p>\n","protected":false},"excerpt":{"rendered":"<p>[analyse_image type=&#8221;featured&#8221; src=&#8221;https:\/\/dobrogeanews.b-cdn.net\/wp-content\/uploads\/2025\/12\/liliana-marinescu-primar-baia.jpg&#8221;] \u201ePentru noi, la Baia, formarea \u0219i educa\u021bia suplimentar\u0103 a copiilor \u0219i a tinerilor este o prioritate. Proiectele pentru tinerii comunit\u0103\u021bilor noastre sunt de interes pentru c\u0103 trebuie ca decalajul dintre copilul sau t\u00e2n\u0103rul din mediul rural comparativ cu cei din urban s\u0103 scad\u0103 tot mai mult. \u0218i apoi, dac\u0103 ne dorim ca [&hellip;]<\/p>\n","protected":false},"author":1,"featured_media":0,"comment_status":"open","ping_status":"","sticky":false,"template":"","format":"standard","meta":{"footnotes":""},"categories":[89],"tags":[226,223],"class_list":["post-2018722","post","type-post","status-publish","format-standard","hentry","category-romania","tag-crawlmanager","tag-dobrogeanews-ro"],"_links":{"self":[{"href":"https:\/\/analyse.optim.biz\/index.php?rest_route=\/wp\/v2\/posts\/2018722","targetHints":{"allow":["GET"]}}],"collection":[{"href":"https:\/\/analyse.optim.biz\/index.php?rest_route=\/wp\/v2\/posts"}],"about":[{"href":"https:\/\/analyse.optim.biz\/index.php?rest_route=\/wp\/v2\/types\/post"}],"author":[{"embeddable":true,"href":"https:\/\/analyse.optim.biz\/index.php?rest_route=\/wp\/v2\/users\/1"}],"replies":[{"embeddable":true,"href":"https:\/\/analyse.optim.biz\/index.php?rest_route=%2Fwp%2Fv2%2Fcomments&post=2018722"}],"version-history":[{"count":0,"href":"https:\/\/analyse.optim.biz\/index.php?rest_route=\/wp\/v2\/posts\/2018722\/revisions"}],"wp:attachment":[{"href":"https:\/\/analyse.optim.biz\/index.php?rest_route=%2Fwp%2Fv2%2Fmedia&parent=2018722"}],"wp:term":[{"taxonomy":"category","embeddable":true,"href":"https:\/\/analyse.optim.biz\/index.php?rest_route=%2Fwp%2Fv2%2Fcategories&post=2018722"},{"taxonomy":"post_tag","embeddable":true,"href":"https:\/\/analyse.optim.biz\/index.php?rest_route=%2Fwp%2Fv2%2Ftags&post=2018722"}],"curies":[{"name":"wp","href":"https:\/\/api.w.org\/{rel}","templated":true}]}}