{"id":2018554,"date":"2026-06-26T09:31:48","date_gmt":"2026-06-26T06:31:48","guid":{"rendered":"https:\/\/analyse.optim.biz\/?p=2018554"},"modified":"2026-06-26T09:31:48","modified_gmt":"2026-06-26T06:31:48","slug":"sfantu-gheorghe-drapelul-national-este-trecutul-prezentul-si-viitorul-tarii-intreaga-istorie-a-romaniei","status":"publish","type":"post","link":"https:\/\/analyse.optim.biz\/?p=2018554","title":{"rendered":"Sf\u00e2ntu Gheorghe: \u201eDrapelul na\u021bional este trecutul, prezentul \u015fi viitorul \u0163\u0103rii. \u00centreaga istorie a Rom\u00e2niei!\u201d"},"content":{"rendered":"<p>[analyse_image type=&#8221;featured&#8221; src=&#8221;https:\/\/dobrogeanews.b-cdn.net\/wp-content\/uploads\/2026\/06\/cladiade-sf-ghe-ziua-drapelului-scaled.jpg&#8221;]<\/p>\n<div id=\"post-71469\" class=\"entry single-default post-71469 post type-post status-publish format-standard has-post-thumbnail hentry category-mesaje\">\n<div>\n<div class=\"ss-follow-wrapper ss-clearfix ss-regular-buttons ss-columns-1 ss-default-style\">\n<div class=\"ss-follow-column\" data-ss-sf-network-id=\"&quot;facebook&quot;\"><a href=\"https:\/\/www.facebook.com\/dobrogeanews\" class=\"ss-follow-network ss-facebook-color\" rel=\"nofollow noopener\" aria-label=\"facebook\" target=\"_blank\"><span class=\"ss-follow-network-label\">Urm\u0103re\u015fte-ne \u015fi pe Facebook!<\/span><span class=\"ss-follow-network-count\"><span class=\"ss-follow-network-count-number\">57K<\/span><span class=\"ss-follow-network-count-label\">Followers<\/span><\/span><\/a><\/div>\n<\/div>\n<\/div>\n<p>\u201eDrapelul na\u021bional este trecutul, prezentul \u015fi viitorul \u0163\u0103rii. \u00centreaga istorie a Rom\u00e2niei! Steagul nostru reprezint\u0103 toate datoriile \u015fi toate virtu\u0163ile militare care se cuprind \u00een acele dou\u0103 cuvinte s\u0103pate pe vulturii rom\u00e2ni: Onoare \u015fi Patrie!\u201d, spunea domnitorul Alexandru Ioan Cuza, \u00een 1863, la \u00eenm\u00e2narea primelor drapele de lupt\u0103 unit\u0103\u0163ilor militare ale Principatelor Unite.<\/p>\n<figure class=\"wp-block-image size-full is-resized\">\n<source type=\"image\/webp\" data-lazy-srcset=\"https:\/\/dobrogeanews.b-cdn.net\/wp-content\/uploads\/2026\/06\/cladiade-sf-ghe-ziua-drapelului-scaled.jpg.webp 2560w, https:\/\/dobrogeanews.b-cdn.net\/wp-content\/uploads\/2026\/06\/cladiade-sf-ghe-ziua-drapelului-300x182.jpg.webp 300w, https:\/\/dobrogeanews.b-cdn.net\/wp-content\/uploads\/2026\/06\/cladiade-sf-ghe-ziua-drapelului-1024x621.jpg.webp 1024w, https:\/\/dobrogeanews.b-cdn.net\/wp-content\/uploads\/2026\/06\/cladiade-sf-ghe-ziua-drapelului-768x466.jpg.webp 768w, https:\/\/dobrogeanews.b-cdn.net\/wp-content\/uploads\/2026\/06\/cladiade-sf-ghe-ziua-drapelului-1536x932.jpg.webp 1536w, https:\/\/dobrogeanews.b-cdn.net\/wp-content\/uploads\/2026\/06\/cladiade-sf-ghe-ziua-drapelului-2048x1242.jpg.webp 2048w\" sizes=\"(max-width: 640px) 100vw, 640px\" \/><br \/>\n<img loading=\"lazy\" decoding=\"async\" src=\"https:\/\/dobrogeanews.b-cdn.net\/wp-content\/uploads\/2026\/06\/cladiade-sf-ghe-ziua-drapelului-scaled.jpg\" alt=\"Sf\u00e2ntu Gheorghe Drago\u0219 Cladiade Ziua Drapelului\" width=\"640\" height=\"388\"><\/figure>\n<p>Se cuvine ca \u00een fiecare an de Ziua Drapelului na\u021bional s\u0103 omagiem to\u021bi eroii c\u0103zu\u0163i sub faldurile drapelului tricolor, \u015ftiu\u0163i ori ne\u015ftiu\u0163i, care \u00ee\u015fi dorm somnul de veci \u00een p\u0103m\u00e2nt rom\u00e2nesc sau \u00een alte col\u0163uri ale lumii unde s-au purtat b\u0103t\u0103lii, le dator\u0103m respect \u015fi ve\u015fnic\u0103 amintire. <\/p>\n<h3>Respect pentru eroii de ieri \u0219i de azi!<\/h3>\n<p>La mul\u021bi ani, Rom\u00e2nia! La mul\u021bi ani, rom\u00e2ni, oriunde v-a\u021bi afla! (Drago\u0219-Claudiu Cladiade, primarul Comunei Sf\u00e2ntu Gheorghe)<\/p>\n<div class=\"monsterinsights-inline-popular-posts monsterinsights-inline-popular-posts-charlie monsterinsights-popular-posts-styled\">\n<div class=\"monsterinsights-inline-popular-posts-text\"><span class=\"monsterinsights-inline-popular-posts-label\">Vezi \u0219i:<\/span><\/p>\n<div class=\"monsterinsights-inline-popular-posts-post\"><a class=\"monsterinsights-inline-popular-posts-title\" href=\"https:\/\/www.dobrogeanews.ro\/a-fost-emis-avizul-pentru-centura-municipiului-tulcea-drumuri-de-legatura-cu-conexiune-la-drumul-expres-constanta-tulcea-braila\/\">A fost emis Avizul pentru Centura Municipiului Tulcea \u2013 \u201eDrumuri de leg\u0103tur\u0103 cu conexiune la Drumul Expres Constan\u021ba-Tulcea-Br\u0103ila\u201d<\/a><\/div>\n<div class=\"monsterinsights-inline-popular-posts-post\"><a class=\"monsterinsights-inline-popular-posts-title\" href=\"https:\/\/www.dobrogeanews.ro\/santierul-naval-vard-shipyards-tulcea-nkt-eleonora-prima-nava-din-lume-de-pozare-a-cablurilor-care-functioneaza-cu-e-metanol-la-standardele-moderne-de-mediu\/\">\u0218antierul Naval Vard Shipyards Tulcea: NKT Eleonora, prima nav\u0103 din lume (de pozare a cablurilor) care func\u021bioneaz\u0103 cu e-metanol, la standardele moderne de mediu<\/a><\/div>\n<div class=\"monsterinsights-inline-popular-posts-post\"><a class=\"monsterinsights-inline-popular-posts-title\" href=\"https:\/\/www.dobrogeanews.ro\/eveniment-medical-de-exceptie-la-spitalul-judetean-de-urgenta-tulcea-alaturi-de-clubul-de-chirurgie-oncoplastica-a-sanului\/\">Eveniment medical de excep\u021bie la Spitalul Jude\u021bean de Urgen\u021b\u0103 Tulcea al\u0103turi de Clubul de Chirurgie Oncoplastic\u0103 a S\u00e2nului<\/a><\/div>\n<\/div>\n<\/div>\n<p class=\"has-text-align-center has-white-color has-text-color has-background\"><span><a href=\"https:\/\/news.google.com\/publications\/CAAqBwgKMIu5pgsw88O-Aw?ceid=RO:ro&amp;oc=3\">Urm\u0103ri\u0163i \u015etirile Dobrogeanews \u015fi pe Google News<\/a><\/span><\/p>\n<\/div>\n<div id=\"post-71469\" class=\"entry single-default post-71469 post type-post status-publish format-standard has-post-thumbnail hentry category-mesaje\">\n<div>\n<div class=\"ss-follow-wrapper ss-clearfix ss-regular-buttons ss-columns-1 ss-default-style\">\n<div class=\"ss-follow-column\" data-ss-sf-network-id=\"&quot;facebook&quot;\"><a href=\"https:\/\/www.facebook.com\/dobrogeanews\" class=\"ss-follow-network ss-facebook-color\" rel=\"nofollow noopener\" aria-label=\"facebook\" target=\"_blank\"><span class=\"ss-follow-network-label\">Urm\u0103re\u015fte-ne \u015fi pe Facebook!<\/span><span class=\"ss-follow-network-count\"><span class=\"ss-follow-network-count-number\">57K<\/span><span class=\"ss-follow-network-count-label\">Followers<\/span><\/span><\/a><\/div>\n<\/div>\n<\/div>\n<p>\u201eDrapelul na\u021bional este trecutul, prezentul \u015fi viitorul \u0163\u0103rii. \u00centreaga istorie a Rom\u00e2niei! Steagul nostru reprezint\u0103 toate datoriile \u015fi toate virtu\u0163ile militare care se cuprind \u00een acele dou\u0103 cuvinte s\u0103pate pe vulturii rom\u00e2ni: Onoare \u015fi Patrie!\u201d, spunea domnitorul Alexandru Ioan Cuza, \u00een 1863, la \u00eenm\u00e2narea primelor drapele de lupt\u0103 unit\u0103\u0163ilor militare ale Principatelor Unite.<\/p>\n<figure class=\"wp-block-image size-full is-resized\">\n<source type=\"image\/webp\" data-lazy-srcset=\"https:\/\/dobrogeanews.b-cdn.net\/wp-content\/uploads\/2026\/06\/cladiade-sf-ghe-ziua-drapelului-scaled.jpg.webp 2560w, https:\/\/dobrogeanews.b-cdn.net\/wp-content\/uploads\/2026\/06\/cladiade-sf-ghe-ziua-drapelului-300x182.jpg.webp 300w, https:\/\/dobrogeanews.b-cdn.net\/wp-content\/uploads\/2026\/06\/cladiade-sf-ghe-ziua-drapelului-1024x621.jpg.webp 1024w, https:\/\/dobrogeanews.b-cdn.net\/wp-content\/uploads\/2026\/06\/cladiade-sf-ghe-ziua-drapelului-768x466.jpg.webp 768w, https:\/\/dobrogeanews.b-cdn.net\/wp-content\/uploads\/2026\/06\/cladiade-sf-ghe-ziua-drapelului-1536x932.jpg.webp 1536w, https:\/\/dobrogeanews.b-cdn.net\/wp-content\/uploads\/2026\/06\/cladiade-sf-ghe-ziua-drapelului-2048x1242.jpg.webp 2048w\" sizes=\"(max-width: 640px) 100vw, 640px\" \/><br \/>\n<img loading=\"lazy\" decoding=\"async\" src=\"https:\/\/dobrogeanews.b-cdn.net\/wp-content\/uploads\/2026\/06\/cladiade-sf-ghe-ziua-drapelului-scaled.jpg\" alt=\"Sf\u00e2ntu Gheorghe Drago\u0219 Cladiade Ziua Drapelului\" width=\"640\" height=\"388\"><\/figure>\n<p>Se cuvine ca \u00een fiecare an de Ziua Drapelului na\u021bional s\u0103 omagiem to\u021bi eroii c\u0103zu\u0163i sub faldurile drapelului tricolor, \u015ftiu\u0163i ori ne\u015ftiu\u0163i, care \u00ee\u015fi dorm somnul de veci \u00een p\u0103m\u00e2nt rom\u00e2nesc sau \u00een alte col\u0163uri ale lumii unde s-au purtat b\u0103t\u0103lii, le dator\u0103m respect \u015fi ve\u015fnic\u0103 amintire. <\/p>\n<h3>Respect pentru eroii de ieri \u0219i de azi!<\/h3>\n<p>La mul\u021bi ani, Rom\u00e2nia! La mul\u021bi ani, rom\u00e2ni, oriunde v-a\u021bi afla! (Drago\u0219-Claudiu Cladiade, primarul Comunei Sf\u00e2ntu Gheorghe)<\/p>\n<div class=\"monsterinsights-inline-popular-posts monsterinsights-inline-popular-posts-charlie monsterinsights-popular-posts-styled\">\n<div class=\"monsterinsights-inline-popular-posts-text\"><span class=\"monsterinsights-inline-popular-posts-label\">Vezi \u0219i:<\/span><\/p>\n<div class=\"monsterinsights-inline-popular-posts-post\"><a class=\"monsterinsights-inline-popular-posts-title\" href=\"https:\/\/www.dobrogeanews.ro\/a-fost-emis-avizul-pentru-centura-municipiului-tulcea-drumuri-de-legatura-cu-conexiune-la-drumul-expres-constanta-tulcea-braila\/\">A fost emis Avizul pentru Centura Municipiului Tulcea \u2013 \u201eDrumuri de leg\u0103tur\u0103 cu conexiune la Drumul Expres Constan\u021ba-Tulcea-Br\u0103ila\u201d<\/a><\/div>\n<div class=\"monsterinsights-inline-popular-posts-post\"><a class=\"monsterinsights-inline-popular-posts-title\" href=\"https:\/\/www.dobrogeanews.ro\/santierul-naval-vard-shipyards-tulcea-nkt-eleonora-prima-nava-din-lume-de-pozare-a-cablurilor-care-functioneaza-cu-e-metanol-la-standardele-moderne-de-mediu\/\">\u0218antierul Naval Vard Shipyards Tulcea: NKT Eleonora, prima nav\u0103 din lume (de pozare a cablurilor) care func\u021bioneaz\u0103 cu e-metanol, la standardele moderne de mediu<\/a><\/div>\n<div class=\"monsterinsights-inline-popular-posts-post\"><a class=\"monsterinsights-inline-popular-posts-title\" href=\"https:\/\/www.dobrogeanews.ro\/eveniment-medical-de-exceptie-la-spitalul-judetean-de-urgenta-tulcea-alaturi-de-clubul-de-chirurgie-oncoplastica-a-sanului\/\">Eveniment medical de excep\u021bie la Spitalul Jude\u021bean de Urgen\u021b\u0103 Tulcea al\u0103turi de Clubul de Chirurgie Oncoplastic\u0103 a S\u00e2nului<\/a><\/div>\n<\/div>\n<\/div>\n<p class=\"has-text-align-center has-white-color has-text-color has-background\"><span><a href=\"https:\/\/news.google.com\/publications\/CAAqBwgKMIu5pgsw88O-Aw?ceid=RO:ro&amp;oc=3\">Urm\u0103ri\u0163i \u015etirile Dobrogeanews \u015fi pe Google News<\/a><\/span><\/p>\n<\/div>\n<p>[analyse_source url=&#8221;https:\/\/www.dobrogeanews.ro\/sfantu-gheorghe-drapelul-national-este-trecutul-prezentul-si-viitorul-tarii-intreaga-istorie-a-romaniei\/&#8221;]<\/p>\n","protected":false},"excerpt":{"rendered":"<p>[analyse_image type=&#8221;featured&#8221; src=&#8221;https:\/\/dobrogeanews.b-cdn.net\/wp-content\/uploads\/2026\/06\/cladiade-sf-ghe-ziua-drapelului-scaled.jpg&#8221;] Urm\u0103re\u015fte-ne \u015fi pe Facebook!57KFollowers \u201eDrapelul na\u021bional este trecutul, prezentul \u015fi viitorul \u0163\u0103rii. \u00centreaga istorie a Rom\u00e2niei! Steagul nostru reprezint\u0103 toate datoriile \u015fi toate virtu\u0163ile militare care se cuprind \u00een acele dou\u0103 cuvinte s\u0103pate pe vulturii rom\u00e2ni: Onoare \u015fi Patrie!\u201d, spunea domnitorul Alexandru Ioan Cuza, \u00een 1863, la \u00eenm\u00e2narea primelor drapele de lupt\u0103 [&hellip;]<\/p>\n","protected":false},"author":1,"featured_media":0,"comment_status":"open","ping_status":"","sticky":false,"template":"","format":"standard","meta":{"footnotes":""},"categories":[89],"tags":[226,223],"class_list":["post-2018554","post","type-post","status-publish","format-standard","hentry","category-romania","tag-crawlmanager","tag-dobrogeanews-ro"],"_links":{"self":[{"href":"https:\/\/analyse.optim.biz\/index.php?rest_route=\/wp\/v2\/posts\/2018554","targetHints":{"allow":["GET"]}}],"collection":[{"href":"https:\/\/analyse.optim.biz\/index.php?rest_route=\/wp\/v2\/posts"}],"about":[{"href":"https:\/\/analyse.optim.biz\/index.php?rest_route=\/wp\/v2\/types\/post"}],"author":[{"embeddable":true,"href":"https:\/\/analyse.optim.biz\/index.php?rest_route=\/wp\/v2\/users\/1"}],"replies":[{"embeddable":true,"href":"https:\/\/analyse.optim.biz\/index.php?rest_route=%2Fwp%2Fv2%2Fcomments&post=2018554"}],"version-history":[{"count":0,"href":"https:\/\/analyse.optim.biz\/index.php?rest_route=\/wp\/v2\/posts\/2018554\/revisions"}],"wp:attachment":[{"href":"https:\/\/analyse.optim.biz\/index.php?rest_route=%2Fwp%2Fv2%2Fmedia&parent=2018554"}],"wp:term":[{"taxonomy":"category","embeddable":true,"href":"https:\/\/analyse.optim.biz\/index.php?rest_route=%2Fwp%2Fv2%2Fcategories&post=2018554"},{"taxonomy":"post_tag","embeddable":true,"href":"https:\/\/analyse.optim.biz\/index.php?rest_route=%2Fwp%2Fv2%2Ftags&post=2018554"}],"curies":[{"name":"wp","href":"https:\/\/api.w.org\/{rel}","templated":true}]}}