{"id":2018552,"date":"2026-06-26T08:51:37","date_gmt":"2026-06-26T05:51:37","guid":{"rendered":"https:\/\/analyse.optim.biz\/?p=2018552"},"modified":"2026-06-26T08:51:37","modified_gmt":"2026-06-26T05:51:37","slug":"valea-nucarilor-de-ziua-drapelului-national-ii-indemn-pe-toti-romanii-oriunde-s-ar-afla-sa-arboreze-cu-mandrie-tricolorul-romanesc","status":"publish","type":"post","link":"https:\/\/analyse.optim.biz\/?p=2018552","title":{"rendered":"Valea Nucarilor: De Ziua Drapelului Na\u0163ional, \u00eei \u00eendemn pe to\u0163i rom\u00e2nii, oriunde s-ar afla, s\u0103 arboreze cu m\u00e2ndrie tricolorul rom\u00e2nesc!"},"content":{"rendered":"<p>[analyse_image type=&#8221;featured&#8221; src=&#8221;https:\/\/dobrogeanews.b-cdn.net\/wp-content\/uploads\/2026\/06\/Valea-Nucarilor-ziua-drapelului-2026.jpg&#8221;]<\/p>\n<div id=\"post-71461\" class=\"entry single-default post-71461 post type-post status-publish format-standard has-post-thumbnail hentry category-mesaje\">\n<div>\n<div class=\"ss-follow-wrapper ss-clearfix ss-regular-buttons ss-columns-1 ss-default-style\">\n<div class=\"ss-follow-column\" data-ss-sf-network-id=\"&quot;facebook&quot;\"><a href=\"https:\/\/www.facebook.com\/dobrogeanews\" class=\"ss-follow-network ss-facebook-color\" rel=\"nofollow noopener\" aria-label=\"facebook\" target=\"_blank\"><span class=\"ss-follow-network-label\">Urm\u0103re\u015fte-ne \u015fi pe Facebook!<\/span><span class=\"ss-follow-network-count\"><span class=\"ss-follow-network-count-number\">57K<\/span><span class=\"ss-follow-network-count-label\">Followers<\/span><\/span><\/a><\/div>\n<\/div>\n<\/div>\n<p>Adoptat ca simbol al na\u0163iunii \u00een timpul Revolu\u0163iei de la 1848, Drapelul tricolor este parte a identit\u0103\u0163ii noastre na\u0163ionale, al\u0103turi de Stema Rom\u00e2niei \u015fi de Imnul Na\u0163ional.<\/p>\n<figure class=\"wp-block-image size-full is-resized\">\n<source type=\"image\/webp\" data-lazy-srcset=\"https:\/\/dobrogeanews.b-cdn.net\/wp-content\/uploads\/2026\/06\/Valea-Nucarilor-ziua-drapelului-2026.jpg.webp\" \/><br \/>\n<img loading=\"lazy\" decoding=\"async\" src=\"https:\/\/dobrogeanews.b-cdn.net\/wp-content\/uploads\/2026\/06\/Valea-Nucarilor-ziua-drapelului-2026.jpg\" alt=\"\" width=\"640\" height=\"413\"><\/figure>\n<p>Martor al form\u0103rii \u015fi transform\u0103rii Rom\u00e2niei \u00een statul democratic european de ast\u0103zi, Drapelul Na\u0163ional simbolizeaz\u0103 unitatea \u015fi continuitatea noastr\u0103 ca popor, prin prezen\u0163a perpetu\u0103 a celor trei culori \u2013 ro\u015fu, galben \u015fi albastru \u2013 pe steagul purtat de rom\u00e2ni cu prilejul unor momente importante ale istoriei. Tricolorul este, totodat\u0103, un simbol al rezisten\u0163ei noastre na\u0163ionale, fiind purtat \u00een lupt\u0103 de eroii care au ap\u0103rat cu pre\u0163ul vie\u0163ii p\u0103m\u00e2ntul \u0163\u0103rii.<\/p>\n<p>Drapelul Na\u021bional este unul dintre simbolurile na\u021bionale ale Rom\u00e2niei,<br \/>al\u0103turi de imnul na\u021bional, stema, sigiliul \u0219i Ziua Na\u021bional\u0103 (1 decembrie), \u0219i reprezint\u0103 un puternic \u0219i viu atribut care ne identific\u0103 pretutindeni ca popor.<\/p>\n<p>De Ziua Drapelului Na\u0163ional, care este o s\u0103rb\u0103toare a noastr\u0103, a tuturor, \u00eei \u00eendemn pe to\u0163i compatrio\u0163ii no\u015ftri care simt \u015fi tr\u0103iesc rom\u00e2ne\u015fte, oriunde s-ar afla, s\u0103 arboreze cu m\u00e2ndrie tricolorul rom\u00e2nesc!<\/p>\n<p>Datoria noastr\u0103 este s\u0103 cinstim simbolurile na\u0163ionale, s\u0103 transmitem noilor genera\u0163ii respectul pentru ele \u015fi s\u0103 \u00een\u0103l\u0163\u0103m Tricolorul pe cele mai selecte catarge ale lumii!<\/p>\n<div class=\"monsterinsights-inline-popular-posts monsterinsights-inline-popular-posts-charlie monsterinsights-popular-posts-styled\">\n<div class=\"monsterinsights-inline-popular-posts-text\"><span class=\"monsterinsights-inline-popular-posts-label\">Vezi \u0219i:<\/span><\/p>\n<div class=\"monsterinsights-inline-popular-posts-post\"><a class=\"monsterinsights-inline-popular-posts-title\" href=\"https:\/\/www.dobrogeanews.ro\/a-fost-emis-avizul-pentru-centura-municipiului-tulcea-drumuri-de-legatura-cu-conexiune-la-drumul-expres-constanta-tulcea-braila\/\">A fost emis Avizul pentru Centura Municipiului Tulcea \u2013 \u201eDrumuri de leg\u0103tur\u0103 cu conexiune la Drumul Expres Constan\u021ba-Tulcea-Br\u0103ila\u201d<\/a><\/div>\n<div class=\"monsterinsights-inline-popular-posts-post\"><a class=\"monsterinsights-inline-popular-posts-title\" href=\"https:\/\/www.dobrogeanews.ro\/stefan-ilie-primar-tulcea-avem-buget-mai-mare-si-mai-multe-investitii-modernizarea-strazilor-si-a-retelelor-de-utilitati-de-sub-carosabil-continua-tulcea-va-fi-un-oras-european\/\">\u0218tefan Ilie, primar Tulcea: Avem buget mai mare \u0219i mai multe investi\u021bii. Modernizarea str\u0103zilor \u0219i a re\u021belelor de utilit\u0103\u021bi de sub carosabil, continu\u0103. Tulcea va fi un ora\u0219 european(!)<\/a><\/div>\n<div class=\"monsterinsights-inline-popular-posts-post\"><a class=\"monsterinsights-inline-popular-posts-title\" href=\"https:\/\/www.dobrogeanews.ro\/eveniment-medical-de-exceptie-la-spitalul-judetean-de-urgenta-tulcea-alaturi-de-clubul-de-chirurgie-oncoplastica-a-sanului\/\">Eveniment medical de excep\u021bie la Spitalul Jude\u021bean de Urgen\u021b\u0103 Tulcea al\u0103turi de Clubul de Chirurgie Oncoplastic\u0103 a S\u00e2nului<\/a><\/div>\n<\/div>\n<\/div>\n<p class=\"has-text-align-center has-white-color has-text-color has-background\"><span><a href=\"https:\/\/news.google.com\/publications\/CAAqBwgKMIu5pgsw88O-Aw?ceid=RO:ro&amp;oc=3\">Urm\u0103ri\u0163i \u015etirile Dobrogeanews \u015fi pe Google News<\/a><\/span><\/p>\n<\/div>\n<div id=\"post-71461\" class=\"entry single-default post-71461 post type-post status-publish format-standard has-post-thumbnail hentry category-mesaje\">\n<div>\n<div class=\"ss-follow-wrapper ss-clearfix ss-regular-buttons ss-columns-1 ss-default-style\">\n<div class=\"ss-follow-column\" data-ss-sf-network-id=\"&quot;facebook&quot;\"><a href=\"https:\/\/www.facebook.com\/dobrogeanews\" class=\"ss-follow-network ss-facebook-color\" rel=\"nofollow noopener\" aria-label=\"facebook\" target=\"_blank\"><span class=\"ss-follow-network-label\">Urm\u0103re\u015fte-ne \u015fi pe Facebook!<\/span><span class=\"ss-follow-network-count\"><span class=\"ss-follow-network-count-number\">57K<\/span><span class=\"ss-follow-network-count-label\">Followers<\/span><\/span><\/a><\/div>\n<\/div>\n<\/div>\n<p>Adoptat ca simbol al na\u0163iunii \u00een timpul Revolu\u0163iei de la 1848, Drapelul tricolor este parte a identit\u0103\u0163ii noastre na\u0163ionale, al\u0103turi de Stema Rom\u00e2niei \u015fi de Imnul Na\u0163ional.<\/p>\n<figure class=\"wp-block-image size-full is-resized\">\n<source type=\"image\/webp\" data-lazy-srcset=\"https:\/\/dobrogeanews.b-cdn.net\/wp-content\/uploads\/2026\/06\/Valea-Nucarilor-ziua-drapelului-2026.jpg.webp\" \/><br \/>\n<img loading=\"lazy\" decoding=\"async\" src=\"https:\/\/dobrogeanews.b-cdn.net\/wp-content\/uploads\/2026\/06\/Valea-Nucarilor-ziua-drapelului-2026.jpg\" alt=\"\" width=\"640\" height=\"413\"><\/figure>\n<p>Martor al form\u0103rii \u015fi transform\u0103rii Rom\u00e2niei \u00een statul democratic european de ast\u0103zi, Drapelul Na\u0163ional simbolizeaz\u0103 unitatea \u015fi continuitatea noastr\u0103 ca popor, prin prezen\u0163a perpetu\u0103 a celor trei culori \u2013 ro\u015fu, galben \u015fi albastru \u2013 pe steagul purtat de rom\u00e2ni cu prilejul unor momente importante ale istoriei. Tricolorul este, totodat\u0103, un simbol al rezisten\u0163ei noastre na\u0163ionale, fiind purtat \u00een lupt\u0103 de eroii care au ap\u0103rat cu pre\u0163ul vie\u0163ii p\u0103m\u00e2ntul \u0163\u0103rii.<\/p>\n<p>Drapelul Na\u021bional este unul dintre simbolurile na\u021bionale ale Rom\u00e2niei,<br \/>al\u0103turi de imnul na\u021bional, stema, sigiliul \u0219i Ziua Na\u021bional\u0103 (1 decembrie), \u0219i reprezint\u0103 un puternic \u0219i viu atribut care ne identific\u0103 pretutindeni ca popor.<\/p>\n<p>De Ziua Drapelului Na\u0163ional, care este o s\u0103rb\u0103toare a noastr\u0103, a tuturor, \u00eei \u00eendemn pe to\u0163i compatrio\u0163ii no\u015ftri care simt \u015fi tr\u0103iesc rom\u00e2ne\u015fte, oriunde s-ar afla, s\u0103 arboreze cu m\u00e2ndrie tricolorul rom\u00e2nesc!<\/p>\n<p>Datoria noastr\u0103 este s\u0103 cinstim simbolurile na\u0163ionale, s\u0103 transmitem noilor genera\u0163ii respectul pentru ele \u015fi s\u0103 \u00een\u0103l\u0163\u0103m Tricolorul pe cele mai selecte catarge ale lumii!<\/p>\n<div class=\"monsterinsights-inline-popular-posts monsterinsights-inline-popular-posts-charlie monsterinsights-popular-posts-styled\">\n<div class=\"monsterinsights-inline-popular-posts-text\"><span class=\"monsterinsights-inline-popular-posts-label\">Vezi \u0219i:<\/span><\/p>\n<div class=\"monsterinsights-inline-popular-posts-post\"><a class=\"monsterinsights-inline-popular-posts-title\" href=\"https:\/\/www.dobrogeanews.ro\/a-fost-emis-avizul-pentru-centura-municipiului-tulcea-drumuri-de-legatura-cu-conexiune-la-drumul-expres-constanta-tulcea-braila\/\">A fost emis Avizul pentru Centura Municipiului Tulcea \u2013 \u201eDrumuri de leg\u0103tur\u0103 cu conexiune la Drumul Expres Constan\u021ba-Tulcea-Br\u0103ila\u201d<\/a><\/div>\n<div class=\"monsterinsights-inline-popular-posts-post\"><a class=\"monsterinsights-inline-popular-posts-title\" href=\"https:\/\/www.dobrogeanews.ro\/stefan-ilie-primar-tulcea-avem-buget-mai-mare-si-mai-multe-investitii-modernizarea-strazilor-si-a-retelelor-de-utilitati-de-sub-carosabil-continua-tulcea-va-fi-un-oras-european\/\">\u0218tefan Ilie, primar Tulcea: Avem buget mai mare \u0219i mai multe investi\u021bii. Modernizarea str\u0103zilor \u0219i a re\u021belelor de utilit\u0103\u021bi de sub carosabil, continu\u0103. Tulcea va fi un ora\u0219 european(!)<\/a><\/div>\n<div class=\"monsterinsights-inline-popular-posts-post\"><a class=\"monsterinsights-inline-popular-posts-title\" href=\"https:\/\/www.dobrogeanews.ro\/eveniment-medical-de-exceptie-la-spitalul-judetean-de-urgenta-tulcea-alaturi-de-clubul-de-chirurgie-oncoplastica-a-sanului\/\">Eveniment medical de excep\u021bie la Spitalul Jude\u021bean de Urgen\u021b\u0103 Tulcea al\u0103turi de Clubul de Chirurgie Oncoplastic\u0103 a S\u00e2nului<\/a><\/div>\n<\/div>\n<\/div>\n<p class=\"has-text-align-center has-white-color has-text-color has-background\"><span><a href=\"https:\/\/news.google.com\/publications\/CAAqBwgKMIu5pgsw88O-Aw?ceid=RO:ro&amp;oc=3\">Urm\u0103ri\u0163i \u015etirile Dobrogeanews \u015fi pe Google News<\/a><\/span><\/p>\n<\/div>\n<p>[analyse_source url=&#8221;https:\/\/www.dobrogeanews.ro\/baia-sa-cinstim-simbolurile-nationale-sa-transmitem-respectul-pentru-ele-si-sa-inaltam-tricolorul-pe-cele-nalte-catarge-ale-lumii\/&#8221;]<\/p>\n","protected":false},"excerpt":{"rendered":"<p>[analyse_image type=&#8221;featured&#8221; src=&#8221;https:\/\/dobrogeanews.b-cdn.net\/wp-content\/uploads\/2026\/06\/Valea-Nucarilor-ziua-drapelului-2026.jpg&#8221;] Urm\u0103re\u015fte-ne \u015fi pe Facebook!57KFollowers Adoptat ca simbol al na\u0163iunii \u00een timpul Revolu\u0163iei de la 1848, Drapelul tricolor este parte a identit\u0103\u0163ii noastre na\u0163ionale, al\u0103turi de Stema Rom\u00e2niei \u015fi de Imnul Na\u0163ional. Martor al form\u0103rii \u015fi transform\u0103rii Rom\u00e2niei \u00een statul democratic european de ast\u0103zi, Drapelul Na\u0163ional simbolizeaz\u0103 unitatea \u015fi continuitatea noastr\u0103 ca popor, [&hellip;]<\/p>\n","protected":false},"author":1,"featured_media":0,"comment_status":"open","ping_status":"","sticky":false,"template":"","format":"standard","meta":{"footnotes":""},"categories":[89],"tags":[226,223],"class_list":["post-2018552","post","type-post","status-publish","format-standard","hentry","category-romania","tag-crawlmanager","tag-dobrogeanews-ro"],"_links":{"self":[{"href":"https:\/\/analyse.optim.biz\/index.php?rest_route=\/wp\/v2\/posts\/2018552","targetHints":{"allow":["GET"]}}],"collection":[{"href":"https:\/\/analyse.optim.biz\/index.php?rest_route=\/wp\/v2\/posts"}],"about":[{"href":"https:\/\/analyse.optim.biz\/index.php?rest_route=\/wp\/v2\/types\/post"}],"author":[{"embeddable":true,"href":"https:\/\/analyse.optim.biz\/index.php?rest_route=\/wp\/v2\/users\/1"}],"replies":[{"embeddable":true,"href":"https:\/\/analyse.optim.biz\/index.php?rest_route=%2Fwp%2Fv2%2Fcomments&post=2018552"}],"version-history":[{"count":0,"href":"https:\/\/analyse.optim.biz\/index.php?rest_route=\/wp\/v2\/posts\/2018552\/revisions"}],"wp:attachment":[{"href":"https:\/\/analyse.optim.biz\/index.php?rest_route=%2Fwp%2Fv2%2Fmedia&parent=2018552"}],"wp:term":[{"taxonomy":"category","embeddable":true,"href":"https:\/\/analyse.optim.biz\/index.php?rest_route=%2Fwp%2Fv2%2Fcategories&post=2018552"},{"taxonomy":"post_tag","embeddable":true,"href":"https:\/\/analyse.optim.biz\/index.php?rest_route=%2Fwp%2Fv2%2Ftags&post=2018552"}],"curies":[{"name":"wp","href":"https:\/\/api.w.org\/{rel}","templated":true}]}}