{"id":2018476,"date":"2026-06-30T04:04:25","date_gmt":"2026-06-30T01:04:25","guid":{"rendered":"https:\/\/analyse.optim.biz\/?p=2018476"},"modified":"2026-06-30T04:04:25","modified_gmt":"2026-06-30T01:04:25","slug":"deputatul-ioan-balan-face-demersuri-pentru-constructia-de-crese-noi-in-judetul-suceava-stiri-suceava","status":"publish","type":"post","link":"https:\/\/analyse.optim.biz\/?p=2018476","title":{"rendered":"Deputatul Ioan Balan face demersuri pentru construc\u021bia de cre\u0219e noi \u00een jude\u021bul Suceava &#8211; Stiri Suceava"},"content":{"rendered":"<p>[analyse_image type=&#8221;featured&#8221; src=&#8221;https:\/\/www.informatiata.ro\/wp-content\/uploads\/2023\/05\/Ioan-Balan-deputat-PNL-de-Suceava.png&#8221;]<\/p>\n<div class=\"td-post-content tagdiv-type\">\n<div class=\"td-post-featured-image\"><a href=\"https:\/\/www.informatiata.ro\/wp-content\/uploads\/2023\/05\/Ioan-Balan-deputat-PNL-de-Suceava.png\" data-caption><img loading=\"lazy\" decoding=\"async\" width=\"696\" height=\"512\" class=\"entry-thumb td-modal-image\" src=\"https:\/\/www.informatiata.ro\/wp-content\/uploads\/2023\/05\/Ioan-Balan-deputat-PNL-de-Suceava-696x512.png\" alt title=\"Ioan B\u0103lan, deputat PNL de Suceava\"><img loading=\"lazy\" decoding=\"async\" width=\"696\" height=\"512\" class=\"entry-thumb td-modal-image\" src=\"https:\/\/www.informatiata.ro\/wp-content\/uploads\/2023\/05\/Ioan-Balan-deputat-PNL-de-Suceava-696x512.png\" alt title=\"Ioan B\u0103lan, deputat PNL de Suceava\"><\/a><\/div>\n<p>Deputatul Ioan Balan, interpelare la Ministerul Dezvolt\u0103rii pentru construc\u021bia de cre\u0219e noi \u00een jude\u021bul Suceava. Acesta spune c\u0103 sunt prea pu\u021bine cre\u0219e de stat \u00een compara\u021bie cu num\u0103rul de copii \u0219i p\u0103rin\u021bii sunt pu\u0219i \u00een dificultate. <\/p>\n<p>Deputatul PNL de Suceava a solicitat informa\u021bii despre planurile de extindere a re\u0163elei de unit\u0103\u0163i de \u00eenv\u0103\u0163\u0103m\u00e2nt antepre\u015fcolar \u00een urm\u0103torii ani.<\/p>\n<div class=\"td-a-rec td-a-rec-id-content_inlineright  tdi_7 td_block_template_1\"><img loading=\"lazy\" decoding=\"async\" class=\"aligncenter size-full wp-image-65495\" src=\"https:\/\/www.informatiata.ro\/wp-content\/uploads\/2026\/06\/SAVCOM-29.06-05.07.gif\" alt width=\"299\" height=\"250\"><img loading=\"lazy\" decoding=\"async\" class=\"aligncenter size-full wp-image-65495\" src=\"https:\/\/www.informatiata.ro\/wp-content\/uploads\/2026\/06\/SAVCOM-29.06-05.07.gif\" alt width=\"299\" height=\"250\"><img loading=\"lazy\" decoding=\"async\" class=\"aligncenter size-full wp-image-65494\" src=\"https:\/\/www.informatiata.ro\/wp-content\/uploads\/2026\/06\/FACOS-29.06-05.07.gif\" alt width=\"300\" height=\"250\"><img loading=\"lazy\" decoding=\"async\" class=\"aligncenter size-full wp-image-65494\" src=\"https:\/\/www.informatiata.ro\/wp-content\/uploads\/2026\/06\/FACOS-29.06-05.07.gif\" alt width=\"300\" height=\"250\"><\/div>\n<p>Guvernul Rom\u00e2niei, at\u00e2t prin Programul guvernamental de construire de cre\u015fe \u201eSf\u00e2nta Ana\u201d, finan\u0163at prin Planul Na\u0163ional de Redresare \u015fi Rezilien\u0163\u0103, c\u00e2t \u015fi prin Programul na\u0163ional de construc\u0163ii de interes public sau social, a avut \u00een vedere acest obiectiv, fiind inaugurate 70 de cre\u015fe prin Programul \u201eSf\u00e2nta Ana\u201d. <\/p>\n<p>Cererea pentru locuri \u00een sistemul public continu\u0103 \u00eens\u0103 s\u0103 dep\u0103\u015feasc\u0103 semnificativ capacitatea existent\u0103 \u0219i de aceea, crede Ioan Balan, trebuie s\u0103 se \u00eenfiin\u021beze mai multe cre\u0219e de stat. Num\u0103rul solicit\u0103rilor este mult mai mare dec\u00e2t num\u0103rul locurilor disponibile \u00een unit\u0103\u0163ile publice, fapt pentru care deputatul s-a adresat \u00een scris Ministerului Dezvolt\u0103rii. <\/p>\n<p> Ioan Balan solicit\u0103 ministrului Dezvolt\u0103rii s\u0103 precizeze c\u00e2te cre\u015fe vor fi finalizate \u00een jude\u0163ul Suceava \u00een perioada 2026-2027 prin cele dou\u0103 programe guvernamentale aflate \u00een derulare. De asemenea, parlamentarul cere informa\u0163ii privind num\u0103rul de noi cre\u015fe \u015fi gr\u0103dini\u0163e care urmeaz\u0103 s\u0103 fie propuse spre realizare \u00een urm\u0103torii cinci ani, at\u00e2t la nivelul jude\u0163ului Suceava, c\u00e2t \u015fi la nivel na\u0163ional.<\/p>\n<\/div>\n<p>[analyse_source url=&#8221;https:\/\/www.informatiata.ro\/ioan-balan-demersuri-constructie-crese-noi\/&#8221;]<\/p>\n","protected":false},"excerpt":{"rendered":"<p>[analyse_image type=&#8221;featured&#8221; src=&#8221;https:\/\/www.informatiata.ro\/wp-content\/uploads\/2023\/05\/Ioan-Balan-deputat-PNL-de-Suceava.png&#8221;] Deputatul Ioan Balan, interpelare la Ministerul Dezvolt\u0103rii pentru construc\u021bia de cre\u0219e noi \u00een jude\u021bul Suceava. Acesta spune c\u0103 sunt prea pu\u021bine cre\u0219e de stat \u00een compara\u021bie cu num\u0103rul de copii \u0219i p\u0103rin\u021bii sunt pu\u0219i \u00een dificultate. Deputatul PNL de Suceava a solicitat informa\u021bii despre planurile de extindere a re\u0163elei de unit\u0103\u0163i de [&hellip;]<\/p>\n","protected":false},"author":1,"featured_media":0,"comment_status":"open","ping_status":"","sticky":false,"template":"","format":"standard","meta":{"footnotes":""},"categories":[89],"tags":[226,167],"class_list":["post-2018476","post","type-post","status-publish","format-standard","hentry","category-romania","tag-crawlmanager","tag-informatiata-ro"],"_links":{"self":[{"href":"https:\/\/analyse.optim.biz\/index.php?rest_route=\/wp\/v2\/posts\/2018476","targetHints":{"allow":["GET"]}}],"collection":[{"href":"https:\/\/analyse.optim.biz\/index.php?rest_route=\/wp\/v2\/posts"}],"about":[{"href":"https:\/\/analyse.optim.biz\/index.php?rest_route=\/wp\/v2\/types\/post"}],"author":[{"embeddable":true,"href":"https:\/\/analyse.optim.biz\/index.php?rest_route=\/wp\/v2\/users\/1"}],"replies":[{"embeddable":true,"href":"https:\/\/analyse.optim.biz\/index.php?rest_route=%2Fwp%2Fv2%2Fcomments&post=2018476"}],"version-history":[{"count":0,"href":"https:\/\/analyse.optim.biz\/index.php?rest_route=\/wp\/v2\/posts\/2018476\/revisions"}],"wp:attachment":[{"href":"https:\/\/analyse.optim.biz\/index.php?rest_route=%2Fwp%2Fv2%2Fmedia&parent=2018476"}],"wp:term":[{"taxonomy":"category","embeddable":true,"href":"https:\/\/analyse.optim.biz\/index.php?rest_route=%2Fwp%2Fv2%2Fcategories&post=2018476"},{"taxonomy":"post_tag","embeddable":true,"href":"https:\/\/analyse.optim.biz\/index.php?rest_route=%2Fwp%2Fv2%2Ftags&post=2018476"}],"curies":[{"name":"wp","href":"https:\/\/api.w.org\/{rel}","templated":true}]}}