{"id":2018340,"date":"2026-06-29T22:00:24","date_gmt":"2026-06-29T19:00:24","guid":{"rendered":"https:\/\/analyse.optim.biz\/?p=2018340"},"modified":"2026-06-29T22:00:24","modified_gmt":"2026-06-29T19:00:24","slug":"tulcea-detinutul-care-a-evadat-de-la-un-punct-de-lucru-a-fost-prins-in-gara-de-marfuri","status":"publish","type":"post","link":"https:\/\/analyse.optim.biz\/?p=2018340","title":{"rendered":"Tulcea: De\u021binutul care a evadat de la un punct de lucru, a fost prins \u00een Gara de M\u0103rfuri"},"content":{"rendered":"<p>[analyse_image type=&#8221;featured&#8221; src=&#8221;https:\/\/dobrogeanews.b-cdn.net\/wp-content\/uploads\/2026\/06\/detinutul-evadat-tulcea.jpg&#8221;]<\/p>\n<div id=\"post-71569\" class=\"entry single-default post-71569 post type-post status-publish format-standard has-post-thumbnail hentry category-info\">\n<p>De\u021binutul care a evadat de la un punct de lucru a fost prins \u00een Gara de M\u0103rfuri Tulcea. B\u0103rbatul de 34 ani era de\u021binut la Penitenciarul din Tulcea \u0219i a evadat din locul \u00een care se afla la lucru. Acesta s-a deplasat spre Gara de M\u0103rfuri unde s-a ascuns \u00eencerc\u00e2nd s\u0103 g\u0103seasc\u0103 o cale de a p\u0103r\u0103si ora\u0219ul. <\/p>\n<figure class=\"wp-block-image size-full is-resized\">\n<source type=\"image\/webp\" data-lazy-srcset=\"https:\/\/dobrogeanews.b-cdn.net\/wp-content\/uploads\/2026\/06\/detinutul-evadat-tulcea.jpg.webp 2560w, https:\/\/dobrogeanews.b-cdn.net\/wp-content\/uploads\/2026\/06\/detinutul-evadat-tulcea-300x246.jpg.webp 300w, https:\/\/dobrogeanews.b-cdn.net\/wp-content\/uploads\/2026\/06\/detinutul-evadat-tulcea-1024x840.jpg.webp 1024w, https:\/\/dobrogeanews.b-cdn.net\/wp-content\/uploads\/2026\/06\/detinutul-evadat-tulcea-768x630.jpg.webp 768w, https:\/\/dobrogeanews.b-cdn.net\/wp-content\/uploads\/2026\/06\/detinutul-evadat-tulcea-1536x1260.jpg.webp 1536w, https:\/\/dobrogeanews.b-cdn.net\/wp-content\/uploads\/2026\/06\/detinutul-evadat-tulcea-2048x1680.jpg.webp 2048w\" sizes=\"(max-width: 640px) 100vw, 640px\" \/><br \/>\n<img loading=\"lazy\" decoding=\"async\" src=\"https:\/\/dobrogeanews.b-cdn.net\/wp-content\/uploads\/2026\/06\/detinutul-evadat-tulcea.jpg\" alt=\"\" width=\"640\" height=\"525\"><\/figure>\n<p>De\u021binutul fugar a fost recuperat \u00een urma unei ample ac\u021biuni de c\u0103utare, \u0219i readus \u00een penitenciar unde urmeaz\u0103 procedurile legale \u00een astfel de situa\u021bii risc\u00e2nd o pedeaps\u0103 suplimentar\u0103 de p\u00e2n\u0103 la 3 ani pentru evadare.<\/p>\n<p>La opera\u021biunile de c\u0103utare \u0219i capturare au participat poli\u021bi\u0219tii din cadrul Penitenciarului Tulcea \u0219i Inspectoratul de Poli\u021bie Jude\u021bean Tulcea, cu sprijinul Inspectoratul de Jandarmi Jude\u021bean Tulcea, Inspectoratul Teritorial al Poli\u021biei de Frontier\u0103 Tulcea \u0219i Inspectoratul General de Avia\u021bie.<\/p>\n<p>Persoana \u00een cauz\u0103, un b\u0103rbat \u00een v\u00e2rst\u0103 de 34 de ani, din municipiul Tecuci, jude\u021bul Gala\u021bi, a fost imobilizat\u0103, preluat\u0103 sub escort\u0103 \u0219i reintrodus\u0103 \u00een Penitenciarul Tulcea.<\/p>\n<p>\u00cen continuare, sunt desf\u0103\u0219urate activit\u0103\u021bile procedurale \u0219i cercet\u0103rile necesare pentru stabilirea tuturor \u00eemprejur\u0103rilor \u00een care s-a produs evadarea, urm\u00e2nd a fi dispuse m\u0103surile legale care se impun.<\/p>\n<\/div>\n<div id=\"post-71569\" class=\"entry single-default post-71569 post type-post status-publish format-standard has-post-thumbnail hentry category-info\">\n<p>De\u021binutul care a evadat de la un punct de lucru a fost prins \u00een Gara de M\u0103rfuri Tulcea. B\u0103rbatul de 34 ani era de\u021binut la Penitenciarul din Tulcea \u0219i a evadat din locul \u00een care se afla la lucru. Acesta s-a deplasat spre Gara de M\u0103rfuri unde s-a ascuns \u00eencerc\u00e2nd s\u0103 g\u0103seasc\u0103 o cale de a p\u0103r\u0103si ora\u0219ul. <\/p>\n<figure class=\"wp-block-image size-full is-resized\">\n<source type=\"image\/webp\" data-lazy-srcset=\"https:\/\/dobrogeanews.b-cdn.net\/wp-content\/uploads\/2026\/06\/detinutul-evadat-tulcea.jpg.webp 2560w, https:\/\/dobrogeanews.b-cdn.net\/wp-content\/uploads\/2026\/06\/detinutul-evadat-tulcea-300x246.jpg.webp 300w, https:\/\/dobrogeanews.b-cdn.net\/wp-content\/uploads\/2026\/06\/detinutul-evadat-tulcea-1024x840.jpg.webp 1024w, https:\/\/dobrogeanews.b-cdn.net\/wp-content\/uploads\/2026\/06\/detinutul-evadat-tulcea-768x630.jpg.webp 768w, https:\/\/dobrogeanews.b-cdn.net\/wp-content\/uploads\/2026\/06\/detinutul-evadat-tulcea-1536x1260.jpg.webp 1536w, https:\/\/dobrogeanews.b-cdn.net\/wp-content\/uploads\/2026\/06\/detinutul-evadat-tulcea-2048x1680.jpg.webp 2048w\" sizes=\"(max-width: 640px) 100vw, 640px\" \/><br \/>\n<img loading=\"lazy\" decoding=\"async\" src=\"https:\/\/dobrogeanews.b-cdn.net\/wp-content\/uploads\/2026\/06\/detinutul-evadat-tulcea.jpg\" alt=\"\" width=\"640\" height=\"525\"><\/figure>\n<p>De\u021binutul fugar a fost recuperat \u00een urma unei ample ac\u021biuni de c\u0103utare, \u0219i readus \u00een penitenciar unde urmeaz\u0103 procedurile legale \u00een astfel de situa\u021bii risc\u00e2nd o pedeaps\u0103 suplimentar\u0103 de p\u00e2n\u0103 la 3 ani pentru evadare.<\/p>\n<p>La opera\u021biunile de c\u0103utare \u0219i capturare au participat poli\u021bi\u0219tii din cadrul Penitenciarului Tulcea \u0219i Inspectoratul de Poli\u021bie Jude\u021bean Tulcea, cu sprijinul Inspectoratul de Jandarmi Jude\u021bean Tulcea, Inspectoratul Teritorial al Poli\u021biei de Frontier\u0103 Tulcea \u0219i Inspectoratul General de Avia\u021bie.<\/p>\n<p>Persoana \u00een cauz\u0103, un b\u0103rbat \u00een v\u00e2rst\u0103 de 34 de ani, din municipiul Tecuci, jude\u021bul Gala\u021bi, a fost imobilizat\u0103, preluat\u0103 sub escort\u0103 \u0219i reintrodus\u0103 \u00een Penitenciarul Tulcea.<\/p>\n<p>\u00cen continuare, sunt desf\u0103\u0219urate activit\u0103\u021bile procedurale \u0219i cercet\u0103rile necesare pentru stabilirea tuturor \u00eemprejur\u0103rilor \u00een care s-a produs evadarea, urm\u00e2nd a fi dispuse m\u0103surile legale care se impun.<\/p>\n<\/div>\n<p>[analyse_source url=&#8221;https:\/\/www.dobrogeanews.ro\/tulcea-detinutul-care-a-evadat-de-la-un-punct-de-lucru-a-fost-prins-in-gara-de-marfuri\/&#8221;]<\/p>\n","protected":false},"excerpt":{"rendered":"<p>[analyse_image type=&#8221;featured&#8221; src=&#8221;https:\/\/dobrogeanews.b-cdn.net\/wp-content\/uploads\/2026\/06\/detinutul-evadat-tulcea.jpg&#8221;] De\u021binutul care a evadat de la un punct de lucru a fost prins \u00een Gara de M\u0103rfuri Tulcea. B\u0103rbatul de 34 ani era de\u021binut la Penitenciarul din Tulcea \u0219i a evadat din locul \u00een care se afla la lucru. Acesta s-a deplasat spre Gara de M\u0103rfuri unde s-a ascuns \u00eencerc\u00e2nd s\u0103 g\u0103seasc\u0103 [&hellip;]<\/p>\n","protected":false},"author":1,"featured_media":0,"comment_status":"open","ping_status":"","sticky":false,"template":"","format":"standard","meta":{"footnotes":""},"categories":[89],"tags":[226,223],"class_list":["post-2018340","post","type-post","status-publish","format-standard","hentry","category-romania","tag-crawlmanager","tag-dobrogeanews-ro"],"_links":{"self":[{"href":"https:\/\/analyse.optim.biz\/index.php?rest_route=\/wp\/v2\/posts\/2018340","targetHints":{"allow":["GET"]}}],"collection":[{"href":"https:\/\/analyse.optim.biz\/index.php?rest_route=\/wp\/v2\/posts"}],"about":[{"href":"https:\/\/analyse.optim.biz\/index.php?rest_route=\/wp\/v2\/types\/post"}],"author":[{"embeddable":true,"href":"https:\/\/analyse.optim.biz\/index.php?rest_route=\/wp\/v2\/users\/1"}],"replies":[{"embeddable":true,"href":"https:\/\/analyse.optim.biz\/index.php?rest_route=%2Fwp%2Fv2%2Fcomments&post=2018340"}],"version-history":[{"count":0,"href":"https:\/\/analyse.optim.biz\/index.php?rest_route=\/wp\/v2\/posts\/2018340\/revisions"}],"wp:attachment":[{"href":"https:\/\/analyse.optim.biz\/index.php?rest_route=%2Fwp%2Fv2%2Fmedia&parent=2018340"}],"wp:term":[{"taxonomy":"category","embeddable":true,"href":"https:\/\/analyse.optim.biz\/index.php?rest_route=%2Fwp%2Fv2%2Fcategories&post=2018340"},{"taxonomy":"post_tag","embeddable":true,"href":"https:\/\/analyse.optim.biz\/index.php?rest_route=%2Fwp%2Fv2%2Ftags&post=2018340"}],"curies":[{"name":"wp","href":"https:\/\/api.w.org\/{rel}","templated":true}]}}