{"id":2017781,"date":"2026-06-29T12:33:26","date_gmt":"2026-06-29T09:33:26","guid":{"rendered":"https:\/\/analyse.optim.biz\/?p=2017781"},"modified":"2026-06-29T12:33:26","modified_gmt":"2026-06-29T09:33:26","slug":"alerta-in-tulcea-detinut-evadat-in-timp-ce-se-afla-la-munca-in-cataloi-ziarul-delta-tulcea","status":"publish","type":"post","link":"https:\/\/analyse.optim.biz\/?p=2017781","title":{"rendered":"Alert\u0103 \u00een Tulcea! De\u0163inut evadat \u00een timp ce se afla la munc\u0103 \u00een Cataloi &#8211; Ziarul Delta Tulcea"},"content":{"rendered":"<p>[analyse_image type=&#8221;featured&#8221; src=&#8221;https:\/\/ziaruldelta.ro\/wp-content\/uploads\/2026\/06\/Alerta.jpg&#8221;]<\/p>\n<article id=\"post-37223\" class=\"module single-post-module post-37223 post type-post status-publish format-standard has-post-thumbnail hentry category-stirea-zilei et-has-post-format-content et_post_format-et-post-format-standard\">\n<div class=\"post-header\">\n<h1 class=\"entry-title\">Alert\u0103 \u00een Tulcea! De\u0163inut evadat \u00een timp ce se afla la munc\u0103 \u00een Cataloi<\/h1>\n<div class=\"post-meta vcard\">\n<p>Posted by <a href=\"https:\/\/ziaruldelta.ro\/author\/claudia-ionescu\/\" class=\"url fn\" title=\"Posts by Claudia Ionescu\" rel=\"author\">Claudia Ionescu<\/a> | <span class=\"updated\">Jun 29, 2026<\/span> | <a href=\"https:\/\/ziaruldelta.ro\/category\/stirea-zilei\/\" rel=\"tag\">Stirea Zilei<\/a> | <\/p>\n<\/div>\n<\/div>\n<div class=\"post-thumbnail header\"><img decoding=\"async\" src=\"https:\/\/ziaruldelta.ro\/wp-content\/uploads\/2026\/06\/Alerta.jpg\" alt=\"Alert\u0103 \u00een Tulcea! De\u0163inut evadat \u00een timp ce se afla la munc\u0103 \u00een Cataloi\"><\/div>\n<div class=\"post-wrap\">\n<div class=\"post-content entry-content\">\n<p>Un de\u0163inut de la Penitenciarul Tulcea, aflat la munc\u0103 \u00eentr-o livad\u0103 din apropierea localit\u0103\u0163ii Cataloi, a evadat ast\u0103zi, \u00een jurul orei 13.20, a anun\u0163at Inspectoratul de Poli\u0163ie Jude\u0163ean (IPJ) Tulcea. B\u0103rbatul de 34 de ani, din Tecuci, era \u00eencarcerat \u00een regim semideschis.<\/p>\n<p>La momentul evad\u0103rii, b\u0103rbatul era \u00eembr\u0103cat \u00een tricou verde decolorat \u015fi pantaloni scur\u0163i de tip blug.<\/p>\n<blockquote>\n<p>\u201eLa acest moment, poli\u0163i\u015ftii cu sprijinul structurilor specializate \u00een astfel de situa\u0163ii desf\u0103\u015foar\u0103 activit\u0103\u0163i de c\u0103utare \u015fi depistare a persoanei evadate\u201d, a transmis \u00een urm\u0103 cu c\u00e2teva momente IPJ Tulcea.<\/p>\n<\/blockquote>\n<p>Persoanele care de\u0163in informa\u0163ii utile cu privire la depistarea b\u0103rbatului sunt rugate s\u0103 anun\u0163e de urgen\u0163\u0103 cea mai apropiat\u0103 unitate de poli\u0163ie sau s\u0103 sune la num\u0103rul de urgen\u0163\u0103 112.<\/p>\n<\/div>\n<\/div>\n<div class=\"post-footer\">\n<div class=\"social-icons ed-social-share-icons\">\n<p class=\"share-title\">Share:<\/p>\n<\/div>\n<div class=\"rating-stars\">\n<p id=\"rate-title\" class=\"rate-title\">Rate:<\/p>\n<\/div>\n<\/div>\n<\/article>\n<div class=\"post-content entry-content\">\n<p>Un de\u0163inut de la Penitenciarul Tulcea, aflat la munc\u0103 \u00eentr-o livad\u0103 din apropierea localit\u0103\u0163ii Cataloi, a evadat ast\u0103zi, \u00een jurul orei 13.20, a anun\u0163at Inspectoratul de Poli\u0163ie Jude\u0163ean (IPJ) Tulcea. B\u0103rbatul de 34 de ani, din Tecuci, era \u00eencarcerat \u00een regim semideschis.<\/p>\n<p>La momentul evad\u0103rii, b\u0103rbatul era \u00eembr\u0103cat \u00een tricou verde decolorat \u015fi pantaloni scur\u0163i de tip blug.<\/p>\n<blockquote>\n<p>\u201eLa acest moment, poli\u0163i\u015ftii cu sprijinul structurilor specializate \u00een astfel de situa\u0163ii desf\u0103\u015foar\u0103 activit\u0103\u0163i de c\u0103utare \u015fi depistare a persoanei evadate\u201d, a transmis \u00een urm\u0103 cu c\u00e2teva momente IPJ Tulcea.<\/p>\n<\/blockquote>\n<p>Persoanele care de\u0163in informa\u0163ii utile cu privire la depistarea b\u0103rbatului sunt rugate s\u0103 anun\u0163e de urgen\u0163\u0103 cea mai apropiat\u0103 unitate de poli\u0163ie sau s\u0103 sune la num\u0103rul de urgen\u0163\u0103 112.<\/p>\n<\/div>\n<div class=\"post-content entry-content\">\n<p>Un de\u0163inut de la Penitenciarul Tulcea, aflat la munc\u0103 \u00eentr-o livad\u0103 din apropierea localit\u0103\u0163ii Cataloi, a evadat ast\u0103zi, \u00een jurul orei 13.20, a anun\u0163at Inspectoratul de Poli\u0163ie Jude\u0163ean (IPJ) Tulcea. B\u0103rbatul de 34 de ani, din Tecuci, era \u00eencarcerat \u00een regim semideschis.<\/p>\n<p>La momentul evad\u0103rii, b\u0103rbatul era \u00eembr\u0103cat \u00een tricou verde decolorat \u015fi pantaloni scur\u0163i de tip blug.<\/p>\n<blockquote>\n<p>\u201eLa acest moment, poli\u0163i\u015ftii cu sprijinul structurilor specializate \u00een astfel de situa\u0163ii desf\u0103\u015foar\u0103 activit\u0103\u0163i de c\u0103utare \u015fi depistare a persoanei evadate\u201d, a transmis \u00een urm\u0103 cu c\u00e2teva momente IPJ Tulcea.<\/p>\n<\/blockquote>\n<p>Persoanele care de\u0163in informa\u0163ii utile cu privire la depistarea b\u0103rbatului sunt rugate s\u0103 anun\u0163e de urgen\u0163\u0103 cea mai apropiat\u0103 unitate de poli\u0163ie sau s\u0103 sune la num\u0103rul de urgen\u0163\u0103 112.<\/p>\n<\/div>\n<p>[analyse_source url=&#8221;https:\/\/ziaruldelta.ro\/2026\/06\/29\/alerta-in-tulcea-detinut-evadat-in-timp-ce-se-afla-la-munca-in-cataloi\/&#8221;]<\/p>\n","protected":false},"excerpt":{"rendered":"<p>[analyse_image type=&#8221;featured&#8221; src=&#8221;https:\/\/ziaruldelta.ro\/wp-content\/uploads\/2026\/06\/Alerta.jpg&#8221;] Alert\u0103 \u00een Tulcea! De\u0163inut evadat \u00een timp ce se afla la munc\u0103 \u00een Cataloi Posted by Claudia Ionescu | Jun 29, 2026 | Stirea Zilei | Un de\u0163inut de la Penitenciarul Tulcea, aflat la munc\u0103 \u00eentr-o livad\u0103 din apropierea localit\u0103\u0163ii Cataloi, a evadat ast\u0103zi, \u00een jurul orei 13.20, a anun\u0163at Inspectoratul de [&hellip;]<\/p>\n","protected":false},"author":1,"featured_media":0,"comment_status":"open","ping_status":"","sticky":false,"template":"","format":"standard","meta":{"footnotes":""},"categories":[89],"tags":[226,206],"class_list":["post-2017781","post","type-post","status-publish","format-standard","hentry","category-romania","tag-crawlmanager","tag-ziaruldelta-ro"],"_links":{"self":[{"href":"https:\/\/analyse.optim.biz\/index.php?rest_route=\/wp\/v2\/posts\/2017781","targetHints":{"allow":["GET"]}}],"collection":[{"href":"https:\/\/analyse.optim.biz\/index.php?rest_route=\/wp\/v2\/posts"}],"about":[{"href":"https:\/\/analyse.optim.biz\/index.php?rest_route=\/wp\/v2\/types\/post"}],"author":[{"embeddable":true,"href":"https:\/\/analyse.optim.biz\/index.php?rest_route=\/wp\/v2\/users\/1"}],"replies":[{"embeddable":true,"href":"https:\/\/analyse.optim.biz\/index.php?rest_route=%2Fwp%2Fv2%2Fcomments&post=2017781"}],"version-history":[{"count":0,"href":"https:\/\/analyse.optim.biz\/index.php?rest_route=\/wp\/v2\/posts\/2017781\/revisions"}],"wp:attachment":[{"href":"https:\/\/analyse.optim.biz\/index.php?rest_route=%2Fwp%2Fv2%2Fmedia&parent=2017781"}],"wp:term":[{"taxonomy":"category","embeddable":true,"href":"https:\/\/analyse.optim.biz\/index.php?rest_route=%2Fwp%2Fv2%2Fcategories&post=2017781"},{"taxonomy":"post_tag","embeddable":true,"href":"https:\/\/analyse.optim.biz\/index.php?rest_route=%2Fwp%2Fv2%2Ftags&post=2017781"}],"curies":[{"name":"wp","href":"https:\/\/api.w.org\/{rel}","templated":true}]}}