{"id":2017773,"date":"2026-06-29T06:00:03","date_gmt":"2026-06-29T03:00:03","guid":{"rendered":"https:\/\/analyse.optim.biz\/?p=2017773"},"modified":"2026-06-29T06:00:03","modified_gmt":"2026-06-29T03:00:03","slug":"incepe-bacalaureatul-peste-1-200-de-candidati-din-tulcea-vor-sustine-examenul-maturitatii-ziarul-delta","status":"publish","type":"post","link":"https:\/\/analyse.optim.biz\/?p=2017773","title":{"rendered":"\u00cencepe Bacalaureatul: peste 1.200 de candida\u0163i din Tulcea vor sus\u0163ine examenul maturit\u0103\u0163ii &#8211; Ziarul Delta"},"content":{"rendered":"<p>[analyse_image type=&#8221;featured&#8221; src=&#8221;https:\/\/ziaruldelta.ro\/wp-content\/uploads\/2026\/06\/Incepe-bacalaureatul.jpg&#8221;]<\/p>\n<article id=\"post-37220\" class=\"module single-post-module post-37220 post type-post status-publish format-standard has-post-thumbnail hentry category-stirea-zilei et-has-post-format-content et_post_format-et-post-format-standard\">\n<div class=\"post-header\">\n<h1 class=\"entry-title\">\u00cencepe Bacalaureatul: peste 1.200 de candida\u0163i din Tulcea vor sus\u0163ine examenul maturit\u0103\u0163ii<\/h1>\n<div class=\"post-meta vcard\">\n<p>Posted by <a href=\"https:\/\/ziaruldelta.ro\/author\/claudia-ionescu\/\" class=\"url fn\" title=\"Posts by Claudia Ionescu\" rel=\"author\">Claudia Ionescu<\/a> | <span class=\"updated\">Jun 29, 2026<\/span> | <a href=\"https:\/\/ziaruldelta.ro\/category\/stirea-zilei\/\" rel=\"tag\">Stirea Zilei<\/a> | <\/p>\n<\/div>\n<\/div>\n<div class=\"post-thumbnail header\"><img decoding=\"async\" src=\"https:\/\/ziaruldelta.ro\/wp-content\/uploads\/2026\/06\/Incepe-bacalaureatul.jpg\" alt=\"\u00cencepe Bacalaureatul: peste 1.200 de candida\u0163i din Tulcea vor sus\u0163ine examenul maturit\u0103\u0163ii\"><\/div>\n<div class=\"post-wrap\">\n<div class=\"post-content entry-content\">\n<p>Ast\u0103zi, elevii din toat\u0103 \u0163ara \u00eencep probele scrise din sesiunea de var\u0103 (iunie-iulie) a examenului na\u0163ional de Bacalaureat. Peste 1.200 de candida\u0163i absolven\u0163i ai claselor a XII-a \u015fi a XIII-a din jude\u0163 s-au \u00eenscris pentru a sus\u0163ine examenul. Dintre cei \u00eenscri\u015fi, 1.114 provin din seria curent\u0103, iar 168 sunt absolven\u0163i din seriile anterioare.<\/p>\n<p>Inspectoratul \u015ecolar Jude\u0163ean Tulcea a ales patru centre de examen, \u00een care elevii din cele 17 licee din jude\u0163 vor putea sus\u0163ine probele.<\/p>\n<p>Astfel, primul centru de examen pe list\u0103 este Colegiul Na\u0163ional \u201eSpiru Haret\u201d Tulcea, la care sunt aronda\u0163i elevii Liceului \u201eDimitrie Cantemir\u201d Babadag, Liceul Teoretic \u201eConstantin Br\u0103tescu\u201d Isaccea \u015fi bine\u00een\u0163eles elevii care \u00eenva\u0163\u0103 la \u201eSpiru Haret\u201d. Al doilea centru de examen este Colegiul Economic \u201eDelta Dun\u0103rii\u201d Tulcea, fiind aronda\u0163i elevii Liceului Tehnologic \u201eIon Mincu\u201d, Liceului Tehnologic \u201eBrad Segal\u201d, Liceului Teoretic \u201eJean Bart\u201d Sulina \u015fi cei ai Colegiului Economic, iar subcomisie va fi Liceul Teoretic \u201eJean Bart\u201d Sulina.<\/p>\n<p>La Liceul Teoretic \u201eIon Creang\u0103\u201d sunt arondate urm\u0103toarele unit\u0103\u0163i de \u00eenv\u0103\u0163\u0103m\u00e2nt: Liceul Teoretic \u201eIon Creang\u0103\u201d, Seminarul Teologic Ortodox \u201eSf. Ioan Casian\u201d, Liceul de Arte \u201eGeorge Georgescu\u201d, Liceul Tehnologic \u201eAnghel Saligny\u201d, Liceul Tehnologic Topolog, Liceul Teoretic \u201eGheorghe Munteanu Murgoci\u201d M\u0103cin \u015fi Liceul Tehnologic \u201eSimion Leonescu\u201d Luncavi\u0163a.<\/p>\n<p>O subcomisie este organizat\u0103 \u015fi la Liceul Teoretic \u201eGheorghe Munteanu Murgoci\u201d M\u0103cin.<\/p>\n<p>Al patrulea centru de examen este Liceul Teoretic \u201eGrigore Moisil\u201d, la care sunt arondate Liceul Tehnologic \u201eHenri Coand\u0103\u201d, Liceul Tehnologic Agricol \u201eNicolae Corn\u0103\u0163eanu\u201d \u015fi elevii moisili\u015fti.<\/p>\n<p>Primele rezultate vor fi afi\u015fate mar\u0163i, 7 iulie 2026, p\u00e2n\u0103 la ora 12:00, \u00een centrele de examen.<\/p>\n<p>Citi\u0163i continuarea \u00een edi\u0163ia tip\u0103rit\u0103 a ziarului Delta.<\/p>\n<\/div>\n<\/div>\n<div class=\"post-footer\">\n<div class=\"social-icons ed-social-share-icons\">\n<p class=\"share-title\">Share:<\/p>\n<\/div>\n<div class=\"rating-stars\">\n<p id=\"rate-title\" class=\"rate-title\">Rate:<\/p>\n<\/div>\n<\/div>\n<\/article>\n<div class=\"post-content entry-content\">\n<p>Ast\u0103zi, elevii din toat\u0103 \u0163ara \u00eencep probele scrise din sesiunea de var\u0103 (iunie-iulie) a examenului na\u0163ional de Bacalaureat. Peste 1.200 de candida\u0163i absolven\u0163i ai claselor a XII-a \u015fi a XIII-a din jude\u0163 s-au \u00eenscris pentru a sus\u0163ine examenul. Dintre cei \u00eenscri\u015fi, 1.114 provin din seria curent\u0103, iar 168 sunt absolven\u0163i din seriile anterioare.<\/p>\n<p>Inspectoratul \u015ecolar Jude\u0163ean Tulcea a ales patru centre de examen, \u00een care elevii din cele 17 licee din jude\u0163 vor putea sus\u0163ine probele.<\/p>\n<p>Astfel, primul centru de examen pe list\u0103 este Colegiul Na\u0163ional \u201eSpiru Haret\u201d Tulcea, la care sunt aronda\u0163i elevii Liceului \u201eDimitrie Cantemir\u201d Babadag, Liceul Teoretic \u201eConstantin Br\u0103tescu\u201d Isaccea \u015fi bine\u00een\u0163eles elevii care \u00eenva\u0163\u0103 la \u201eSpiru Haret\u201d. Al doilea centru de examen este Colegiul Economic \u201eDelta Dun\u0103rii\u201d Tulcea, fiind aronda\u0163i elevii Liceului Tehnologic \u201eIon Mincu\u201d, Liceului Tehnologic \u201eBrad Segal\u201d, Liceului Teoretic \u201eJean Bart\u201d Sulina \u015fi cei ai Colegiului Economic, iar subcomisie va fi Liceul Teoretic \u201eJean Bart\u201d Sulina.<\/p>\n<p>La Liceul Teoretic \u201eIon Creang\u0103\u201d sunt arondate urm\u0103toarele unit\u0103\u0163i de \u00eenv\u0103\u0163\u0103m\u00e2nt: Liceul Teoretic \u201eIon Creang\u0103\u201d, Seminarul Teologic Ortodox \u201eSf. Ioan Casian\u201d, Liceul de Arte \u201eGeorge Georgescu\u201d, Liceul Tehnologic \u201eAnghel Saligny\u201d, Liceul Tehnologic Topolog, Liceul Teoretic \u201eGheorghe Munteanu Murgoci\u201d M\u0103cin \u015fi Liceul Tehnologic \u201eSimion Leonescu\u201d Luncavi\u0163a.<\/p>\n<p>O subcomisie este organizat\u0103 \u015fi la Liceul Teoretic \u201eGheorghe Munteanu Murgoci\u201d M\u0103cin.<\/p>\n<p>Al patrulea centru de examen este Liceul Teoretic \u201eGrigore Moisil\u201d, la care sunt arondate Liceul Tehnologic \u201eHenri Coand\u0103\u201d, Liceul Tehnologic Agricol \u201eNicolae Corn\u0103\u0163eanu\u201d \u015fi elevii moisili\u015fti.<\/p>\n<p>Primele rezultate vor fi afi\u015fate mar\u0163i, 7 iulie 2026, p\u00e2n\u0103 la ora 12:00, \u00een centrele de examen.<\/p>\n<p>Citi\u0163i continuarea \u00een edi\u0163ia tip\u0103rit\u0103 a ziarului Delta.<\/p>\n<\/div>\n<div class=\"post-content entry-content\">\n<p>Ast\u0103zi, elevii din toat\u0103 \u0163ara \u00eencep probele scrise din sesiunea de var\u0103 (iunie-iulie) a examenului na\u0163ional de Bacalaureat. Peste 1.200 de candida\u0163i absolven\u0163i ai claselor a XII-a \u015fi a XIII-a din jude\u0163 s-au \u00eenscris pentru a sus\u0163ine examenul. Dintre cei \u00eenscri\u015fi, 1.114 provin din seria curent\u0103, iar 168 sunt absolven\u0163i din seriile anterioare.<\/p>\n<p>Inspectoratul \u015ecolar Jude\u0163ean Tulcea a ales patru centre de examen, \u00een care elevii din cele 17 licee din jude\u0163 vor putea sus\u0163ine probele.<\/p>\n<p>Astfel, primul centru de examen pe list\u0103 este Colegiul Na\u0163ional \u201eSpiru Haret\u201d Tulcea, la care sunt aronda\u0163i elevii Liceului \u201eDimitrie Cantemir\u201d Babadag, Liceul Teoretic \u201eConstantin Br\u0103tescu\u201d Isaccea \u015fi bine\u00een\u0163eles elevii care \u00eenva\u0163\u0103 la \u201eSpiru Haret\u201d. Al doilea centru de examen este Colegiul Economic \u201eDelta Dun\u0103rii\u201d Tulcea, fiind aronda\u0163i elevii Liceului Tehnologic \u201eIon Mincu\u201d, Liceului Tehnologic \u201eBrad Segal\u201d, Liceului Teoretic \u201eJean Bart\u201d Sulina \u015fi cei ai Colegiului Economic, iar subcomisie va fi Liceul Teoretic \u201eJean Bart\u201d Sulina.<\/p>\n<p>La Liceul Teoretic \u201eIon Creang\u0103\u201d sunt arondate urm\u0103toarele unit\u0103\u0163i de \u00eenv\u0103\u0163\u0103m\u00e2nt: Liceul Teoretic \u201eIon Creang\u0103\u201d, Seminarul Teologic Ortodox \u201eSf. Ioan Casian\u201d, Liceul de Arte \u201eGeorge Georgescu\u201d, Liceul Tehnologic \u201eAnghel Saligny\u201d, Liceul Tehnologic Topolog, Liceul Teoretic \u201eGheorghe Munteanu Murgoci\u201d M\u0103cin \u015fi Liceul Tehnologic \u201eSimion Leonescu\u201d Luncavi\u0163a.<\/p>\n<p>O subcomisie este organizat\u0103 \u015fi la Liceul Teoretic \u201eGheorghe Munteanu Murgoci\u201d M\u0103cin.<\/p>\n<p>Al patrulea centru de examen este Liceul Teoretic \u201eGrigore Moisil\u201d, la care sunt arondate Liceul Tehnologic \u201eHenri Coand\u0103\u201d, Liceul Tehnologic Agricol \u201eNicolae Corn\u0103\u0163eanu\u201d \u015fi elevii moisili\u015fti.<\/p>\n<p>Primele rezultate vor fi afi\u015fate mar\u0163i, 7 iulie 2026, p\u00e2n\u0103 la ora 12:00, \u00een centrele de examen.<\/p>\n<p>Citi\u0163i continuarea \u00een edi\u0163ia tip\u0103rit\u0103 a ziarului Delta.<\/p>\n<\/div>\n<p>[analyse_source url=&#8221;https:\/\/ziaruldelta.ro\/2026\/06\/29\/incepe-bacalaureatul-peste-1-200-de-candidati-din-tulcea-vor-sustine-examenul-maturitatii\/&#8221;]<\/p>\n","protected":false},"excerpt":{"rendered":"<p>[analyse_image type=&#8221;featured&#8221; src=&#8221;https:\/\/ziaruldelta.ro\/wp-content\/uploads\/2026\/06\/Incepe-bacalaureatul.jpg&#8221;] \u00cencepe Bacalaureatul: peste 1.200 de candida\u0163i din Tulcea vor sus\u0163ine examenul maturit\u0103\u0163ii Posted by Claudia Ionescu | Jun 29, 2026 | Stirea Zilei | Ast\u0103zi, elevii din toat\u0103 \u0163ara \u00eencep probele scrise din sesiunea de var\u0103 (iunie-iulie) a examenului na\u0163ional de Bacalaureat. Peste 1.200 de candida\u0163i absolven\u0163i ai claselor a XII-a \u015fi [&hellip;]<\/p>\n","protected":false},"author":1,"featured_media":0,"comment_status":"open","ping_status":"","sticky":false,"template":"","format":"standard","meta":{"footnotes":""},"categories":[89],"tags":[226,206],"class_list":["post-2017773","post","type-post","status-publish","format-standard","hentry","category-romania","tag-crawlmanager","tag-ziaruldelta-ro"],"_links":{"self":[{"href":"https:\/\/analyse.optim.biz\/index.php?rest_route=\/wp\/v2\/posts\/2017773","targetHints":{"allow":["GET"]}}],"collection":[{"href":"https:\/\/analyse.optim.biz\/index.php?rest_route=\/wp\/v2\/posts"}],"about":[{"href":"https:\/\/analyse.optim.biz\/index.php?rest_route=\/wp\/v2\/types\/post"}],"author":[{"embeddable":true,"href":"https:\/\/analyse.optim.biz\/index.php?rest_route=\/wp\/v2\/users\/1"}],"replies":[{"embeddable":true,"href":"https:\/\/analyse.optim.biz\/index.php?rest_route=%2Fwp%2Fv2%2Fcomments&post=2017773"}],"version-history":[{"count":0,"href":"https:\/\/analyse.optim.biz\/index.php?rest_route=\/wp\/v2\/posts\/2017773\/revisions"}],"wp:attachment":[{"href":"https:\/\/analyse.optim.biz\/index.php?rest_route=%2Fwp%2Fv2%2Fmedia&parent=2017773"}],"wp:term":[{"taxonomy":"category","embeddable":true,"href":"https:\/\/analyse.optim.biz\/index.php?rest_route=%2Fwp%2Fv2%2Fcategories&post=2017773"},{"taxonomy":"post_tag","embeddable":true,"href":"https:\/\/analyse.optim.biz\/index.php?rest_route=%2Fwp%2Fv2%2Ftags&post=2017773"}],"curies":[{"name":"wp","href":"https:\/\/api.w.org\/{rel}","templated":true}]}}