{"id":2017433,"date":"2026-06-29T14:13:36","date_gmt":"2026-06-29T11:13:36","guid":{"rendered":"https:\/\/analyse.optim.biz\/?p=2017433"},"modified":"2026-06-29T14:13:36","modified_gmt":"2026-06-29T11:13:36","slug":"p-bacalaureatul-trebuie-programat-mai-devreme-in-luna-iunie","status":"publish","type":"post","link":"https:\/\/analyse.optim.biz\/?p=2017433","title":{"rendered":"(P) Bacalaureatul trebuie programat mai devreme, \u00een luna iunie"},"content":{"rendered":"<p>[analyse_image type=&#8221;featured&#8221; src=&#8221;https:\/\/buzaulinreportaje.ro\/wp-content\/uploads\/2026\/06\/Oana-3.jpeghttps:\/\/buzaulinreportaje.ro\/wp-content\/uploads\/2026\/06\/Oana-3.jpeg&#8221;]<\/p>\n<div class=\"entry-content herald-entry-content\">\n<p class=\"wp-block-paragraph\"><em>Bacalaureat, din nou sub cod ro\u0219u<\/em>, scrie pe propria pagin\u0103 de socializare deputatul social-democrat Oana Matache leg\u00e2nd subiectul de solicitarea pe care a adresat-o Miniseterului Educa\u021biei, printr-o interven\u021bie parlamentar\u0103.<\/p>\n<p class=\"wp-block-paragraph\">Iat\u0103 mai jos prezentarea integral\u0103 a textului deputatului Matache.<\/p>\n<p class=\"wp-block-paragraph\">\ud835\udc00\ud835\udc2c\ud835\udc2d\ud835\udc1a\u0306\ud835\udc33\ud835\udc22 \ud835\udc1a\ud835\udc26 \ud835\udc1c\ud835\udc1e\ud835\udc2b\ud835\udc2e\ud835\udc2d \ud835\udc26\ud835\udc22\ud835\udc27\ud835\udc22\ud835\udc2c\ud835\udc2d\ud835\udc2b\ud835\udc2e\ud835\udc25\ud835\udc2e\ud835\udc22 \ud835\udc04\ud835\udc1d\ud835\udc2e\ud835\udc1c\ud835\udc1a\ud835\udc2d\u0326\ud835\udc22\ud835\udc1e\ud835\udc22, \ud835\udc29\ud835\udc2b\ud835\udc22\ud835\udc27\ud835\udc2d\ud835\udc2b-\ud835\udc28 \ud835\udc22\ud835\udc27\ud835\udc2d\ud835\udc1e\ud835\udc2b\ud835\udc2f\ud835\udc1e\ud835\udc27\ud835\udc2d\u0326\ud835\udc22\ud835\udc1e \ud835\udc29\ud835\udc1a\ud835\udc2b\ud835\udc25\ud835\udc1a\ud835\udc26\ud835\udc1e\ud835\udc27\ud835\udc2d\ud835\udc1a\ud835\udc2b\ud835\udc1a\u0306, \ud835\udc2b\ud835\udc1e\ud835\udc2f\ud835\udc1e\ud835\udc27\ud835\udc22\ud835\udc2b\ud835\udc1e\ud835\udc1a \ud835\udc25\ud835\udc1a \ud835\udc2e\ud835\udc27 \ud835\udc1c\ud835\udc1a\ud835\udc25\ud835\udc1e\ud835\udc27\ud835\udc1d\ud835\udc1a\ud835\udc2b \ud835\udc1a\ud835\udc25 \ud835\udc01\ud835\udc1a\ud835\udc1c\ud835\udc1a\ud835\udc25\ud835\udc1a\ud835\udc2e\ud835\udc2b\ud835\udc1e\ud835\udc1a\ud835\udc2d\ud835\udc2e\ud835\udc25\ud835\udc2e\ud835\udc22 \ud835\udc29\ud835\udc2b\ud835\udc28\ud835\udc20\ud835\udc2b\ud835\udc1a\ud835\udc26\ud835\udc1a\ud835\udc2d \ud835\udc26\ud835\udc1a\ud835\udc22 \ud835\udc1d\ud835\udc1e\ud835\udc2f\ud835\udc2b\ud835\udc1e\ud835\udc26\ud835\udc1e \ud835\udc22\u0302\ud835\udc27 \ud835\udc22\ud835\udc2e\ud835\udc27\ud835\udc22\ud835\udc1e (10 iunie), \ud835\udc1d\ud835\udc2e\ud835\udc29\ud835\udc1a\u0306 \ud835\udc26\ud835\udc28\ud835\udc1d\ud835\udc1e\ud835\udc25\ud835\udc2e\ud835\udc25 \ud835\udc1d\ud835\udc22\ud835\udc27 \ud835\udfd0\ud835\udfce\ud835\udfd0\ud835\udfd3, \ud835\udc25\ud835\udc1a \ud835\udc1c\ud835\udc1a\ud835\udc2b\ud835\udc1e \ud835\udc2c-\ud835\udc1a \ud835\udc2b\ud835\udc1e\ud835\udc27\ud835\udc2e\ud835\udc27\ud835\udc2d\u0326\ud835\udc1a\ud835\udc2d \ud835\udc1d\ud835\udc22\ud835\udc27 \ud835\udc26\ud835\udc28\ud835\udc2d\ud835\udc22\ud835\udc2f\ud835\udc1e \ud835\udc27\ud835\udc1e\ud835\udc23\ud835\udc2e\ud835\udc2c\ud835\udc2d\ud835\udc22\ud835\udc1f\ud835\udc22\ud835\udc1c\ud835\udc1a\ud835\udc2d\ud835\udc1e \ud835\udc22\u0302\ud835\udc27\ud835\udc1c\ud835\udc1a\u0306.<\/p>\n<div class=\"wp-block-image\">\n<figure class=\"aligncenter size-full\"><img loading=\"lazy\" decoding=\"async\" width=\"780\" height=\"960\" src=\"https:\/\/buzaulinreportaje.ro\/wp-content\/uploads\/2026\/06\/Oana-1.jpeg\" alt class=\"wp-image-28596\"><figcaption class=\"wp-element-caption\">Screenshot<\/figcaption><\/figure>\n<\/div>\n<p class=\"wp-block-paragraph\">Ast\u0103zi, 29 iunie, Ministerul a anun\u021bat c\u0103 proba obligatorie a profilului , de matematic\u0103\/istorie , se am\u00e2n\u0103 de mar\u021bi, 30 iunie, pentru miercuri, 1 iulie, ca decizie excep\u021bional\u0103, din cauza codului ro\u0219u de canicul\u0103. O m\u0103sur\u0103 corect\u0103, dar luat\u0103 \u00een ultima clip\u0103 , exact improviza\u021bia care putea fi evitat\u0103 printr-un calendar g\u00e2ndit din timp.<\/p>\n<div class=\"wp-block-image\">\n<figure class=\"aligncenter size-full\"><img decoding=\"async\" loading=\"lazy\" width=\"588\" height=\"360\" src=\"https:\/\/buzaulinreportaje.ro\/wp-content\/uploads\/2026\/06\/Oana-2.jpeg\" alt class=\"wp-image-28597\"><\/figure>\n<\/div>\n<p class=\"wp-block-paragraph\">Temperatura nu e o doar chestiune de confort. Ea scade direct rezultatele:<\/p>\n<p class=\"wp-block-paragraph\"><img decoding=\"async\" loading=\"lazy\" height=\"16\" width=\"16\" alt=\"\ud83c\udf21\ufe0f\" src=\"https:\/\/static.xx.fbcdn.net\/images\/emoji.php\/v9\/tca\/1\/16\/1f321.png\">fiecare grad \u00een plus \u00een timpul probei scade scorul examenului cu aproape 3% (studiu pe examenul na\u021bional din China);<\/p>\n<p class=\"wp-block-paragraph\"><img decoding=\"async\" loading=\"lazy\" height=\"16\" width=\"16\" alt=\"\u2600\ufe0f\" src=\"https:\/\/static.xx.fbcdn.net\/images\/emoji.php\/v9\/t6d\/1\/16\/2600.png\">c\u0103ldura reduce fluxul de s\u00e2nge spre creier \u0219i afecteaz\u0103 aten\u021bia, memoria de lucru \u0219i capacitatea de a procesa informa\u021bia.<\/p>\n<p class=\"wp-block-paragraph\">\u0218i conteaz\u0103 nu doar condi\u021biile din sal\u0103, ci \u0219i ce se \u00eent\u00e2mpl\u0103 \u00eenainte de ea: elevii ajung la centrele de examinare pe canicul\u0103, mul\u021bi dup\u0103 drumuri lungi, \u0219i a\u0219teapt\u0103 accesul \u00eentre orele 7:30 \u0219i 8:30, deseori \u00een soare. Practic, copilul intr\u0103 deja epuizat \u0219i deshidratat \u00een examen, \u00eenainte s\u0103 primeasc\u0103 primul subiect.<\/p>\n<figure class=\"wp-block-image size-large\"><img decoding=\"async\" loading=\"lazy\" width=\"903\" height=\"1024\" src=\"https:\/\/buzaulinreportaje.ro\/wp-content\/uploads\/2026\/06\/Oana-M-903x1024.jpeg\" alt class=\"wp-image-28599\"><\/figure>\n<p class=\"wp-block-paragraph\">Profesorii pl\u0103tesc acela\u0219i pre\u021b: supravegheaz\u0103 ore \u00eentregi \u00een s\u0103li \u00eencinse \u0219i corecteaz\u0103 mii de lucr\u0103ri tot pe canicul\u0103.<\/p>\n<p class=\"wp-block-paragraph\">\u201eDar \u0219i \u00eenainte se d\u0103dea Bacul vara.\u201d<\/p>\n<p class=\"wp-block-paragraph\">Din 1958 p\u00e2n\u0103 \u00een 2024, temperatura medie anual\u0103 a Rom\u00e2niei a crescut cu aproximativ 2,1\u00b0C , mai mult dec\u00e2t media global\u0103 \u0219i dec\u00e2t cea european\u0103. \ufffc Anul 2025 a fost al patrulea cel mai cald din 1901 p\u00e2n\u0103 \u00een prezent, iar intervalul 2012\u20132025 e cea mai cald\u0103 perioad\u0103 de 14 ani consecutivi din istoria m\u0103sur\u0103torilor<\/p>\n<div class=\"wp-block-image\">\n<figure class=\"aligncenter size-full\"><img decoding=\"async\" loading=\"lazy\" width=\"888\" height=\"511\" src=\"https:\/\/buzaulinreportaje.ro\/wp-content\/uploads\/2026\/06\/Oana-3.jpeg\" alt class=\"wp-image-28598\"><\/figure>\n<\/div>\n<p class=\"wp-block-paragraph\">\u00cen iulie 2025 au fost \u0219ase coduri ro\u0219ii \u00eentr-o singur\u0103 lun\u0103. \ufffc<\/p>\n<p class=\"wp-block-paragraph\">\ud835\udc03\ud835\udc1e \ud835\udc1a\ud835\udc1c\ud835\udc1e\ud835\udc1e\ud835\udc1a \ud835\udc1c\ud835\udc1e\ud835\udc2b: \ud835\udc29\ud835\udc2b\ud835\udc28\ud835\udc1b\ud835\udc1e \ud835\udc2c\ud835\udc1c\ud835\udc2b\ud835\udc22\ud835\udc2c\ud835\udc1e \ud835\udc29\ud835\udc2b\ud835\udc28\ud835\udc20\ud835\udc2b\ud835\udc1a\ud835\udc26\ud835\udc1a\ud835\udc2d\ud835\udc1e \ud835\udc26\ud835\udc1a\ud835\udc22 \ud835\udc1d\ud835\udc1e\ud835\udc2f\ud835\udc2b\ud835\udc1e\ud835\udc26\ud835\udc1e \ud835\udc22\u0302\ud835\udc27 \ud835\udc22\ud835\udc2e\ud835\udc27\ud835\udc22\ud835\udc1e, \ud835\udc2e\ud835\udc27 \ud835\udc1c\ud835\udc1a\ud835\udc25\ud835\udc1e\ud835\udc27\ud835\udc1d\ud835\udc1a\ud835\udc2b \ud835\udc1c\ud835\udc28\ud835\udc2b\ud835\udc1e\ud835\udc25\ud835\udc1a\ud835\udc2d \ud835\udc1c\ud835\udc2e \ud835\udc1a\ud835\udc1d\ud835\udc26\ud835\udc22\ud835\udc2d\ud835\udc1e\ud835\udc2b\ud835\udc1e\ud835\udc1a \ud835\udc25\ud835\udc1a \ud835\udc2e\ud835\udc27\ud835\udc22\ud835\udc2f\ud835\udc1e\ud835\udc2b\ud835\udc2c\ud835\udc22\ud835\udc2d\ud835\udc1a\u0306\ud835\udc2d\u0326\ud835\udc22\ud835\udc25\ud835\udc1e \ud835\udc1e\ud835\udc2e\ud835\udc2b\ud835\udc28\ud835\udc29\ud835\udc1e\ud835\udc27\ud835\udc1e \ud835\udc2c\u0326\ud835\udc22 \ud835\udc1a\ud835\udc27\ud835\udc2e\ud835\udc27\ud835\udc2d\u0326\ud835\udc1a\ud835\udc2d \ud835\udc1d\ud835\udc22\ud835\udc27 \ud835\udc2d\ud835\udc22\ud835\udc26\ud835\udc29.<\/p>\n<p class=\"wp-block-paragraph\">S\u0103n\u0103tatea \u0219i \u0219ansele copiilor no\u0219tri nu pot depinde de o prognoz\u0103 de ultim\u0103 or\u0103.<\/p>\n<div class=\"herald-share-content\">\n<div class=\"meks_ess layout-5-1 transparent no-labels solid\"><a href=\"https:\/\/buzaulinreportaje.ro\/p-bacalaureatul-trebuie-programat-mai-devreme-in-luna-iunie\/\" class=\"meks_ess-item socicon-facebook\" data-url=\"http:\/\/www.facebook.com\/sharer\/sharer.php?u=https%3A%2F%2Fbuzaulinreportaje.ro%2Fp-bacalaureatul-trebuie-programat-mai-devreme-in-luna-iunie%2F&amp;t=%28P%29%20Bacalaureatul%20trebuie%20programat%20mai%20devreme%2C%20%C3%AEn%20luna%20iunie\"><span>Facebook<\/span><\/a><a href=\"https:\/\/api.whatsapp.com\/send?text=%28P%29%20Bacalaureatul%20trebuie%20programat%20mai%20devreme%2C%20%C3%AEn%20luna%20iunie%20https%3A%2F%2Fbuzaulinreportaje.ro%2Fp-bacalaureatul-trebuie-programat-mai-devreme-in-luna-iunie%2F\" class=\"meks_ess-item socicon-whatsapp prevent-share-popup\"><span>WhatsApp<\/span><\/a><a href=\"https:\/\/buzaulinreportaje.ro\/p-bacalaureatul-trebuie-programat-mai-devreme-in-luna-iunie\/\" class=\"meks_ess-item socicon-twitter\" data-url=\"http:\/\/twitter.com\/intent\/tweet?url=https%3A%2F%2Fbuzaulinreportaje.ro%2Fp-bacalaureatul-trebuie-programat-mai-devreme-in-luna-iunie%2F&amp;text=%28P%29%20Bacalaureatul%20trebuie%20programat%20mai%20devreme%2C%20%C3%AEn%20luna%20iunie\"><span>X<\/span><\/a><\/div>\n<\/div>\n<\/div>\n<p>[analyse_source url=&#8221;https:\/\/buzaulinreportaje.ro\/p-bacalaureatul-trebuie-programat-mai-devreme-in-luna-iunie\/&#8221;]<\/p>\n","protected":false},"excerpt":{"rendered":"<p>[analyse_image type=&#8221;featured&#8221; src=&#8221;https:\/\/buzaulinreportaje.ro\/wp-content\/uploads\/2026\/06\/Oana-3.jpeghttps:\/\/buzaulinreportaje.ro\/wp-content\/uploads\/2026\/06\/Oana-3.jpeg&#8221;] Bacalaureat, din nou sub cod ro\u0219u, scrie pe propria pagin\u0103 de socializare deputatul social-democrat Oana Matache leg\u00e2nd subiectul de solicitarea pe care a adresat-o Miniseterului Educa\u021biei, printr-o interven\u021bie parlamentar\u0103. Iat\u0103 mai jos prezentarea integral\u0103 a textului deputatului Matache. \ud835\udc00\ud835\udc2c\ud835\udc2d\ud835\udc1a\u0306\ud835\udc33\ud835\udc22 \ud835\udc1a\ud835\udc26 \ud835\udc1c\ud835\udc1e\ud835\udc2b\ud835\udc2e\ud835\udc2d \ud835\udc26\ud835\udc22\ud835\udc27\ud835\udc22\ud835\udc2c\ud835\udc2d\ud835\udc2b\ud835\udc2e\ud835\udc25\ud835\udc2e\ud835\udc22 \ud835\udc04\ud835\udc1d\ud835\udc2e\ud835\udc1c\ud835\udc1a\ud835\udc2d\u0326\ud835\udc22\ud835\udc1e\ud835\udc22, \ud835\udc29\ud835\udc2b\ud835\udc22\ud835\udc27\ud835\udc2d\ud835\udc2b-\ud835\udc28 \ud835\udc22\ud835\udc27\ud835\udc2d\ud835\udc1e\ud835\udc2b\ud835\udc2f\ud835\udc1e\ud835\udc27\ud835\udc2d\u0326\ud835\udc22\ud835\udc1e \ud835\udc29\ud835\udc1a\ud835\udc2b\ud835\udc25\ud835\udc1a\ud835\udc26\ud835\udc1e\ud835\udc27\ud835\udc2d\ud835\udc1a\ud835\udc2b\ud835\udc1a\u0306, \ud835\udc2b\ud835\udc1e\ud835\udc2f\ud835\udc1e\ud835\udc27\ud835\udc22\ud835\udc2b\ud835\udc1e\ud835\udc1a \ud835\udc25\ud835\udc1a \ud835\udc2e\ud835\udc27 \ud835\udc1c\ud835\udc1a\ud835\udc25\ud835\udc1e\ud835\udc27\ud835\udc1d\ud835\udc1a\ud835\udc2b \ud835\udc1a\ud835\udc25 \ud835\udc01\ud835\udc1a\ud835\udc1c\ud835\udc1a\ud835\udc25\ud835\udc1a\ud835\udc2e\ud835\udc2b\ud835\udc1e\ud835\udc1a\ud835\udc2d\ud835\udc2e\ud835\udc25\ud835\udc2e\ud835\udc22 [&hellip;]<\/p>\n","protected":false},"author":1,"featured_media":0,"comment_status":"open","ping_status":"","sticky":false,"template":"","format":"standard","meta":{"footnotes":""},"categories":[2],"tags":[59,226],"class_list":["post-2017433","post","type-post","status-publish","format-standard","hentry","category-politics","tag-buzaulinreportaje-ro","tag-crawlmanager"],"_links":{"self":[{"href":"https:\/\/analyse.optim.biz\/index.php?rest_route=\/wp\/v2\/posts\/2017433","targetHints":{"allow":["GET"]}}],"collection":[{"href":"https:\/\/analyse.optim.biz\/index.php?rest_route=\/wp\/v2\/posts"}],"about":[{"href":"https:\/\/analyse.optim.biz\/index.php?rest_route=\/wp\/v2\/types\/post"}],"author":[{"embeddable":true,"href":"https:\/\/analyse.optim.biz\/index.php?rest_route=\/wp\/v2\/users\/1"}],"replies":[{"embeddable":true,"href":"https:\/\/analyse.optim.biz\/index.php?rest_route=%2Fwp%2Fv2%2Fcomments&post=2017433"}],"version-history":[{"count":0,"href":"https:\/\/analyse.optim.biz\/index.php?rest_route=\/wp\/v2\/posts\/2017433\/revisions"}],"wp:attachment":[{"href":"https:\/\/analyse.optim.biz\/index.php?rest_route=%2Fwp%2Fv2%2Fmedia&parent=2017433"}],"wp:term":[{"taxonomy":"category","embeddable":true,"href":"https:\/\/analyse.optim.biz\/index.php?rest_route=%2Fwp%2Fv2%2Fcategories&post=2017433"},{"taxonomy":"post_tag","embeddable":true,"href":"https:\/\/analyse.optim.biz\/index.php?rest_route=%2Fwp%2Fv2%2Ftags&post=2017433"}],"curies":[{"name":"wp","href":"https:\/\/api.w.org\/{rel}","templated":true}]}}