{"id":2017426,"date":"2026-06-29T12:48:16","date_gmt":"2026-06-29T09:48:16","guid":{"rendered":"https:\/\/analyse.optim.biz\/?p=2017426"},"modified":"2026-06-29T12:48:16","modified_gmt":"2026-06-29T09:48:16","slug":"deliberativul-buzoian-decide-pe-30-iunie-2026-daca-investeste-in-refacerea-spitalului-parscov","status":"publish","type":"post","link":"https:\/\/analyse.optim.biz\/?p=2017426","title":{"rendered":"Deliberativul buzoian decide pe 30 iunie 2026 dac\u0103 investe\u0219te \u00een refacerea Spitalului P\u00e2rscov"},"content":{"rendered":"<p>[analyse_image type=&#8221;featured&#8221; src=&#8221;https:\/\/buzaulinreportaje.ro\/wp-content\/uploads\/2026\/06\/Parscov.jpghttps:\/\/buzaulinreportaje.ro\/wp-content\/uploads\/2026\/06\/Parscov.jpg&#8221;]<\/p>\n<div class=\"entry-content herald-entry-content\">\n<p class=\"has-large-font-size wp-block-paragraph\">17 hot\u0103r\u00e2ri de Consiliu Jude\u021bean sunt  pe simezele <a href=\"https:\/\/cjbuzau.ro\/sedinta-30-06-2026\/\">\u0219edin\u021bei ordinare<\/a> de la mijloc de an, pe 30 iunie 2026. Consilierii jude\u021beni se \u00eentrunesc \u00een sala Gh. Filipescu a CJ Buz\u0103u pentru a discuta mai ales despre bugete, despre o nou\u0103 organigram\u0103, dar \u0219i despre un nou \u00eenceput pentru dou\u0103 institu\u021bii buzoiene. <\/p>\n<figure class=\"wp-block-image size-full\"><img loading=\"lazy\" decoding=\"async\" width=\"1024\" height=\"576\" src=\"https:\/\/buzaulinreportaje.ro\/wp-content\/uploads\/2026\/06\/CJBuzau-1.png\" alt class=\"wp-image-28573\"><\/figure>\n<p class=\"has-large-font-size wp-block-paragraph\">\u00cen primul r\u00e2nd, consilierii jude\u021beni vor lua act de \u00eencetarea \u00eenainte de termen a mandatului consilierului social-democrat <a href=\"https:\/\/buzaulinreportaje.ro\/ionel-dobrita-si-a-dat-demisia-din-postul-de-consilier-judetean-al-consiliului-judetean-buzau\/\">Ionel Dobri\u021ba <\/a>care \u0219i-a anun\u021bat pe 10 iunie 2026 demisia din deliberativ. O suit\u0103 de hot\u0103r\u00e2ri de CJ Buz\u0103u face referire la bugete \u0219i excedent, iar<a href=\"https:\/\/chrome-extension\/\/efaidnbmnnnibpcajpcglclefindmkaj\/https:\/\/cjbuzau.ro\/wp-content\/uploads\/2026\/06\/Proiect-de-hotarare-nr.130-din-2026.pdf\"> o alt\u0103 hot\u0103r\u00e2re<\/a> anun\u021b\u0103 inten\u021bia de consolidare \u0219i eficientizare a unui corp de cl\u0103dire C 16 de la <a href=\"https:\/\/chrome-extension\/\/efaidnbmnnnibpcajpcglclefindmkaj\/https:\/\/cjbuzau.ro\/wp-content\/uploads\/2026\/06\/Proiect-de-hotarare-nr.130-din-2026.pdf\">P\u00e2rscov, spital considerat<\/a> Sec\u021bie Exterioar\u0103 a Spitalului Jude\u021bean de Urgen\u021be Buz\u0103u cu peste 12 milioane de lei. Este poate cea mai a\u0219teptat\u0103 informa\u021bie pentru mare parte dintre locuitorii a minim jum\u0103tate din Valea Buz\u0103ului care ani de-a r\u00e2ndul, imediat dup\u0103 1990, aveau un sprijin medical sigur \u0219i profesionist \u00een corpul medical de la aceast\u0103 unitate. Mai mu\u021bi pre\u0219edin\u021bi de CJ Buz\u0103u au \u00eencercat s\u0103 pun\u0103 pe roate aceast\u0103 sec\u021bie exterioar\u0103, \u00eens\u0103 ori nu au reu\u021bit deloc, ori inten\u021biile au fost realmente de prezentare a ideii \u00een mod public sau reu\u0219ita a durat extrem de pu\u021bin timp \u0219i cu activitate medical\u0103 restr\u00e2ns\u0103. <\/p>\n<figure class=\"wp-block-image size-full\"><img decoding=\"async\" loading=\"lazy\" width=\"960\" height=\"720\" src=\"https:\/\/buzaulinreportaje.ro\/wp-content\/uploads\/2026\/06\/Parscov.jpg\" alt class=\"wp-image-28587\"><\/figure>\n<p class=\"has-text-align-center wp-block-paragraph\"><strong><em>2018 c\u00e2nd cl\u0103direa principal\u0103 a Spitalului de la P\u00e2rscov era Centru de S\u0103n\u0103tate deschis la 1 martie <\/em><\/strong><\/p>\n<div class=\"herald-share-content\">\n<div class=\"meks_ess layout-5-1 transparent no-labels solid\"><a href=\"https:\/\/buzaulinreportaje.ro\/deliberativul-buzoian-decide-pe-30-iunie-2026-daca-investeste-in-refacerea-spitalului-parscov\/\" class=\"meks_ess-item socicon-facebook\" data-url=\"http:\/\/www.facebook.com\/sharer\/sharer.php?u=https%3A%2F%2Fbuzaulinreportaje.ro%2Fdeliberativul-buzoian-decide-pe-30-iunie-2026-daca-investeste-in-refacerea-spitalului-parscov%2F&amp;t=Deliberativul%20buzoian%20decide%20pe%2030%20iunie%202026%20dac%C4%83%20investe%C8%99te%20%C3%AEn%20refacerea%20Spitalului%20P%C3%A2rscov\"><span>Facebook<\/span><\/a><a href=\"https:\/\/api.whatsapp.com\/send?text=Deliberativul%20buzoian%20decide%20pe%2030%20iunie%202026%20dac%C4%83%20investe%C8%99te%20%C3%AEn%20refacerea%20Spitalului%20P%C3%A2rscov%20https%3A%2F%2Fbuzaulinreportaje.ro%2Fdeliberativul-buzoian-decide-pe-30-iunie-2026-daca-investeste-in-refacerea-spitalului-parscov%2F\" class=\"meks_ess-item socicon-whatsapp prevent-share-popup\"><span>WhatsApp<\/span><\/a><a href=\"https:\/\/buzaulinreportaje.ro\/deliberativul-buzoian-decide-pe-30-iunie-2026-daca-investeste-in-refacerea-spitalului-parscov\/\" class=\"meks_ess-item socicon-twitter\" data-url=\"http:\/\/twitter.com\/intent\/tweet?url=https%3A%2F%2Fbuzaulinreportaje.ro%2Fdeliberativul-buzoian-decide-pe-30-iunie-2026-daca-investeste-in-refacerea-spitalului-parscov%2F&amp;text=Deliberativul%20buzoian%20decide%20pe%2030%20iunie%202026%20dac%C4%83%20investe%C8%99te%20%C3%AEn%20refacerea%20Spitalului%20P%C3%A2rscov\"><span>X<\/span><\/a><\/div>\n<\/div>\n<\/div>\n<p>[analyse_source url=&#8221;https:\/\/buzaulinreportaje.ro\/deliberativul-buzoian-decide-pe-30-iunie-2026-daca-investeste-in-refacerea-spitalului-parscov\/&#8221;]<\/p>\n","protected":false},"excerpt":{"rendered":"<p>[analyse_image type=&#8221;featured&#8221; src=&#8221;https:\/\/buzaulinreportaje.ro\/wp-content\/uploads\/2026\/06\/Parscov.jpghttps:\/\/buzaulinreportaje.ro\/wp-content\/uploads\/2026\/06\/Parscov.jpg&#8221;] 17 hot\u0103r\u00e2ri de Consiliu Jude\u021bean sunt pe simezele \u0219edin\u021bei ordinare de la mijloc de an, pe 30 iunie 2026. Consilierii jude\u021beni se \u00eentrunesc \u00een sala Gh. Filipescu a CJ Buz\u0103u pentru a discuta mai ales despre bugete, despre o nou\u0103 organigram\u0103, dar \u0219i despre un nou \u00eenceput pentru dou\u0103 institu\u021bii buzoiene. \u00cen [&hellip;]<\/p>\n","protected":false},"author":1,"featured_media":0,"comment_status":"open","ping_status":"","sticky":false,"template":"","format":"standard","meta":{"footnotes":""},"categories":[2],"tags":[59,226],"class_list":["post-2017426","post","type-post","status-publish","format-standard","hentry","category-politics","tag-buzaulinreportaje-ro","tag-crawlmanager"],"_links":{"self":[{"href":"https:\/\/analyse.optim.biz\/index.php?rest_route=\/wp\/v2\/posts\/2017426","targetHints":{"allow":["GET"]}}],"collection":[{"href":"https:\/\/analyse.optim.biz\/index.php?rest_route=\/wp\/v2\/posts"}],"about":[{"href":"https:\/\/analyse.optim.biz\/index.php?rest_route=\/wp\/v2\/types\/post"}],"author":[{"embeddable":true,"href":"https:\/\/analyse.optim.biz\/index.php?rest_route=\/wp\/v2\/users\/1"}],"replies":[{"embeddable":true,"href":"https:\/\/analyse.optim.biz\/index.php?rest_route=%2Fwp%2Fv2%2Fcomments&post=2017426"}],"version-history":[{"count":0,"href":"https:\/\/analyse.optim.biz\/index.php?rest_route=\/wp\/v2\/posts\/2017426\/revisions"}],"wp:attachment":[{"href":"https:\/\/analyse.optim.biz\/index.php?rest_route=%2Fwp%2Fv2%2Fmedia&parent=2017426"}],"wp:term":[{"taxonomy":"category","embeddable":true,"href":"https:\/\/analyse.optim.biz\/index.php?rest_route=%2Fwp%2Fv2%2Fcategories&post=2017426"},{"taxonomy":"post_tag","embeddable":true,"href":"https:\/\/analyse.optim.biz\/index.php?rest_route=%2Fwp%2Fv2%2Ftags&post=2017426"}],"curies":[{"name":"wp","href":"https:\/\/api.w.org\/{rel}","templated":true}]}}