{"id":201717,"date":"2014-06-30T13:36:51","date_gmt":"2014-06-30T10:36:51","guid":{"rendered":"https:\/\/analyse.optim.biz\/?p=201717"},"modified":"2014-06-30T13:36:51","modified_gmt":"2014-06-30T10:36:51","slug":"v-blaga-despre-declaratiile-lui-k-iohannis-de-sambata-trebuie-sa-tinem-cont-de-emotia-unui-congres","status":"publish","type":"post","link":"https:\/\/analyse.optim.biz\/?p=201717","title":{"rendered":"V. Blaga, despre declara\u021biile lui K. Iohannis de s\u00e2mb\u0103t\u0103: \u201eTrebuie s\u0103 \u021binem cont de emo\u021bia unui congres\u201d"},"content":{"rendered":"<div class=\"entry data-app-meta data-app-meta-article\" data-embed-base-url-canonical=\"https:\/\/www.digi24.ro\/embed\/stiri\/actualitate\/politica\/v-blaga-despre-declaratiile-lui-k-iohannis-de-sambata-trebuie-sa-tinem-cont-de-emotia-unui-congres-262658\">\n<p data-index=\"1\">Noul \u015fef al liberalilor a declarat \u00een timpul Congresului PNL, de acum dou\u0103 zile, <a href=\"https:\/\/www.digi24.ro\/Stiri\/Digi24\/Actualitate\/Politica\/Klaus+Iohannis+este+noul+presedinte+al+PNL\" target=\"_blank\" data-skip-linkfix=\"1\" rel=\"noopener\"><strong>c\u0103 noul partid va purta numele de PNL.<\/strong><\/a> El \u015fi-a nuan\u0163at apoi declara\u0163ia, spun\u00e2nd c\u0103 era vorba, de fapt, de o concluzie personal\u0103.<\/p>\n<p data-index=\"2\">\u201eAm declarat, nu am dat de \u00een\u021beles, c\u0103 numele partidului poate fi PNL, PDL sau un alt nume. Declar lucrurile astea de o luna de zile, dar este ultimul lucru \u2013 important, foarte important \u2013 pe care \u00eel vom limpezi. Sunt lucruri mult mai importante de f\u0103cut\u201d, a declarat, luni, Vasile Blaga.<\/p>\n<p data-index=\"3\">\u201e<span>Explica\u021biile lui Iohannis sunt suficiente. Trebuie s\u0103 \u021binem cont de emo\u021bia unui congres\u201d, a ad\u0103ugat pre\u0219edintele PDL.<\/span><\/p>\n<\/div>\n<p> Source URL: https:\/\/www.digi24.ro\/stiri\/actualitate\/politica\/v-blaga-despre-declaratiile-lui-k-iohannis-de-sambata-trebuie-sa-tinem-cont-de-emotia-unui-congres-262658<\/p>\n","protected":false},"excerpt":{"rendered":"<p>Noul \u015fef al liberalilor a declarat \u00een timpul Congresului PNL, de acum dou\u0103 zile, c\u0103 noul partid va purta numele de PNL. El \u015fi-a nuan\u0163at apoi declara\u0163ia, spun\u00e2nd c\u0103 era vorba, de fapt, de o concluzie personal\u0103. \u201eAm declarat, nu am dat de \u00een\u021beles, c\u0103 numele partidului poate fi PNL, PDL sau un alt nume. [&hellip;]<\/p>\n","protected":false},"author":1,"featured_media":201718,"comment_status":"open","ping_status":"","sticky":false,"template":"","format":"standard","meta":{"footnotes":""},"categories":[2],"tags":[11],"class_list":["post-201717","post","type-post","status-publish","format-standard","has-post-thumbnail","hentry","category-politics","tag-digi24"],"_links":{"self":[{"href":"https:\/\/analyse.optim.biz\/index.php?rest_route=\/wp\/v2\/posts\/201717","targetHints":{"allow":["GET"]}}],"collection":[{"href":"https:\/\/analyse.optim.biz\/index.php?rest_route=\/wp\/v2\/posts"}],"about":[{"href":"https:\/\/analyse.optim.biz\/index.php?rest_route=\/wp\/v2\/types\/post"}],"author":[{"embeddable":true,"href":"https:\/\/analyse.optim.biz\/index.php?rest_route=\/wp\/v2\/users\/1"}],"replies":[{"embeddable":true,"href":"https:\/\/analyse.optim.biz\/index.php?rest_route=%2Fwp%2Fv2%2Fcomments&post=201717"}],"version-history":[{"count":0,"href":"https:\/\/analyse.optim.biz\/index.php?rest_route=\/wp\/v2\/posts\/201717\/revisions"}],"wp:featuredmedia":[{"embeddable":true,"href":"https:\/\/analyse.optim.biz\/index.php?rest_route=\/wp\/v2\/media\/201718"}],"wp:attachment":[{"href":"https:\/\/analyse.optim.biz\/index.php?rest_route=%2Fwp%2Fv2%2Fmedia&parent=201717"}],"wp:term":[{"taxonomy":"category","embeddable":true,"href":"https:\/\/analyse.optim.biz\/index.php?rest_route=%2Fwp%2Fv2%2Fcategories&post=201717"},{"taxonomy":"post_tag","embeddable":true,"href":"https:\/\/analyse.optim.biz\/index.php?rest_route=%2Fwp%2Fv2%2Ftags&post=201717"}],"curies":[{"name":"wp","href":"https:\/\/api.w.org\/{rel}","templated":true}]}}