{"id":2017072,"date":"2026-06-29T08:31:41","date_gmt":"2026-06-29T05:31:41","guid":{"rendered":"https:\/\/analyse.optim.biz\/?p=2017072"},"modified":"2026-06-29T08:31:41","modified_gmt":"2026-06-29T05:31:41","slug":"doua-accidente-cu-motociclisti-raniti-in-decurs-de-cateva-ore-stiri-suceava","status":"publish","type":"post","link":"https:\/\/analyse.optim.biz\/?p=2017072","title":{"rendered":"Dou\u0103 accidente cu motocicli\u0219ti r\u0103ni\u021bi, \u00een decurs de c\u00e2teva ore &#8211; Stiri Suceava"},"content":{"rendered":"<p>[analyse_image type=&#8221;featured&#8221; src=&#8221;https:\/\/www.informatiata.ro\/wp-content\/uploads\/2026\/06\/motocicleta-accid-1024&#215;816.jpg&#8221;]<\/p>\n<div class=\"td-post-content tagdiv-type\">\n<div class=\"td-post-featured-image\"><a href=\"https:\/\/www.informatiata.ro\/wp-content\/uploads\/2026\/06\/motocicleta-accid-scaled.jpg\" data-caption><img loading=\"lazy\" decoding=\"async\" width=\"696\" height=\"555\" class=\"entry-thumb td-modal-image\" src=\"https:\/\/www.informatiata.ro\/wp-content\/uploads\/2026\/06\/motocicleta-accid-696x555.jpg\" alt title=\"motociclet\u0103 accid\"><img loading=\"lazy\" decoding=\"async\" width=\"696\" height=\"555\" class=\"entry-thumb td-modal-image\" src=\"https:\/\/www.informatiata.ro\/wp-content\/uploads\/2026\/06\/motocicleta-accid-696x555.jpg\" alt title=\"motociclet\u0103 accid\"><\/a><\/div>\n<p>Dou\u0103 accidente cu motocicli\u0219ti r\u0103ni\u021bi s-au \u00eenregistrat duminic\u0103, \u00een jude\u021bul Suceava, \u00een decurs de c\u00e2teva ore. <\/p>\n<p>Duminic\u0103, \u00een jurul orei 18.10, un t\u00e2n\u0103r de 24 ani din comuna Baia, \u00een timp de conducea un BMW, \u00een localitatea M\u0103lini, pe DJ 209 A, av\u00e2nd direc\u021bia Cornu Luncii  c\u0103tre M\u0103lini, a intrat \u00een dep\u0103\u0219irea uni autoturism sta\u021bionat pe marginea p\u0103r\u021bii carosabile. <\/p>\n<div class=\"td-a-rec td-a-rec-id-content_inlineright  tdi_7 td_block_template_1\"><img loading=\"lazy\" decoding=\"async\" class=\"aligncenter size-full wp-image-65459\" src=\"https:\/\/www.informatiata.ro\/wp-content\/uploads\/2026\/06\/SAVCOM-18.gif\" alt width=\"299\" height=\"250\"><img loading=\"lazy\" decoding=\"async\" class=\"aligncenter size-full wp-image-65459\" src=\"https:\/\/www.informatiata.ro\/wp-content\/uploads\/2026\/06\/SAVCOM-18.gif\" alt width=\"299\" height=\"250\"><img loading=\"lazy\" decoding=\"async\" class=\"aligncenter size-full wp-image-65460\" src=\"https:\/\/www.informatiata.ro\/wp-content\/uploads\/2026\/06\/FACOS-15.gif\" alt width=\"300\" height=\"250\"><img loading=\"lazy\" decoding=\"async\" class=\"aligncenter size-full wp-image-65460\" src=\"https:\/\/www.informatiata.ro\/wp-content\/uploads\/2026\/06\/FACOS-15.gif\" alt width=\"300\" height=\"250\"><\/div>\n<p>Bolidul a p\u0103truns pe contrasens \u0219i a intrat \u00een coliziune cu o motociclet\u0103 marca Honda, care era condus regulamentar de o t\u00e2n\u0103r\u0103 de 17 ani, din M\u0103lini.<\/p>\n<p>\u00cen urma producerii accidentului, a rezultat r\u0103nirea tinerei, care a suferit leziuni \u0219i a fost transportat\u0103 cu ambulan\u021ba la Spitalul Jude\u021bean Suceava \u00een vederea acord\u0103rii de \u00eengrijiri medicale.<\/p>\n<p>Conduc\u0103torul autoturismului BMW a fost testat cu aparatul etilometru, rezultatul fiind 0,00 mg\/l alcool pur \u00een aerul expirat, la fel \u0219i conduc\u0103toarea motocicletei. <\/p>\n<p>Tot duminic\u0103 sear\u0103, un t\u00e2n\u0103r de 18 ani, din Boroaia, \u00een timp ce conducea motociclet\u0103 marca Yamaha, pe DJ 155B, pe raza localit\u0103\u021bii B\u0103r\u0103\u0219ti, com. Boroaia, pe rela\u021bia Boroaia-Or\u021b\u0103\u0219ti, \u00een dreptul unui imobil, \u00eentr-o curb\u0103 la dreapta, nu a p\u0103strat o distan\u021b\u0103 corespunz\u0103toare \u0219i a intrat \u00een coliziune fa\u021b\u0103 \u2013 spate cu o c\u0103ru\u021b\u0103 condus\u0103 de un b\u0103rbat de 51 ani. <\/p>\n<p>\u00cen urma producerii accidentului a rezultat v\u0103t\u0103marea corporal\u0103 a conduc\u0103torului motociclului, care a fost transportat\u0103 la Spitalul Jude\u021bean Suceava \u0219i a pasagerei motociclului, o fat\u0103 de 16 ani, din com. Vadu Moldovei, care a ajuns la spital.<\/p>\n<p>Nici conduc\u0103torul motocicletei \u0219i nici c\u0103ru\u021ba\u0219ul nu erau b\u0103u\u021bi. <\/p>\n<\/div>\n<p>[analyse_source url=&#8221;https:\/\/www.informatiata.ro\/accidente-motociclisti-raniti-drumuri-suceava\/&#8221;]<\/p>\n","protected":false},"excerpt":{"rendered":"<p>[analyse_image type=&#8221;featured&#8221; src=&#8221;https:\/\/www.informatiata.ro\/wp-content\/uploads\/2026\/06\/motocicleta-accid-1024&#215;816.jpg&#8221;] Dou\u0103 accidente cu motocicli\u0219ti r\u0103ni\u021bi s-au \u00eenregistrat duminic\u0103, \u00een jude\u021bul Suceava, \u00een decurs de c\u00e2teva ore. Duminic\u0103, \u00een jurul orei 18.10, un t\u00e2n\u0103r de 24 ani din comuna Baia, \u00een timp de conducea un BMW, \u00een localitatea M\u0103lini, pe DJ 209 A, av\u00e2nd direc\u021bia Cornu Luncii c\u0103tre M\u0103lini, a intrat \u00een dep\u0103\u0219irea [&hellip;]<\/p>\n","protected":false},"author":1,"featured_media":0,"comment_status":"open","ping_status":"","sticky":false,"template":"","format":"standard","meta":{"footnotes":""},"categories":[89],"tags":[226,167],"class_list":["post-2017072","post","type-post","status-publish","format-standard","hentry","category-romania","tag-crawlmanager","tag-informatiata-ro"],"_links":{"self":[{"href":"https:\/\/analyse.optim.biz\/index.php?rest_route=\/wp\/v2\/posts\/2017072","targetHints":{"allow":["GET"]}}],"collection":[{"href":"https:\/\/analyse.optim.biz\/index.php?rest_route=\/wp\/v2\/posts"}],"about":[{"href":"https:\/\/analyse.optim.biz\/index.php?rest_route=\/wp\/v2\/types\/post"}],"author":[{"embeddable":true,"href":"https:\/\/analyse.optim.biz\/index.php?rest_route=\/wp\/v2\/users\/1"}],"replies":[{"embeddable":true,"href":"https:\/\/analyse.optim.biz\/index.php?rest_route=%2Fwp%2Fv2%2Fcomments&post=2017072"}],"version-history":[{"count":0,"href":"https:\/\/analyse.optim.biz\/index.php?rest_route=\/wp\/v2\/posts\/2017072\/revisions"}],"wp:attachment":[{"href":"https:\/\/analyse.optim.biz\/index.php?rest_route=%2Fwp%2Fv2%2Fmedia&parent=2017072"}],"wp:term":[{"taxonomy":"category","embeddable":true,"href":"https:\/\/analyse.optim.biz\/index.php?rest_route=%2Fwp%2Fv2%2Fcategories&post=2017072"},{"taxonomy":"post_tag","embeddable":true,"href":"https:\/\/analyse.optim.biz\/index.php?rest_route=%2Fwp%2Fv2%2Ftags&post=2017072"}],"curies":[{"name":"wp","href":"https:\/\/api.w.org\/{rel}","templated":true}]}}